{"id":1491678,"date":"2025-05-16T11:35:19","date_gmt":"2025-05-16T09:35:19","guid":{"rendered":"https:\/\/theplayoffs.news\/fr\/uncategorized\/\/"},"modified":"2025-05-16T11:35:25","modified_gmt":"2025-05-16T09:35:25","slug":"big3-lance-stephenson-selectionne-en-n1-cap-sur-miami","status":"publish","type":"post","link":"https:\/\/theplayoffs.news\/fr\/actualite-nba\/big3-lance-stephenson-selectionne-en-n1-cap-sur-miami\/","title":{"rendered":"BIG3 : Lance Stephenson s\u00e9lectionn\u00e9 en n\u00b01, cap sur Miami !"},"content":{"rendered":"<p><strong>Lance Stephenson<\/strong>, ancien joueur des <strong>Pacers<\/strong>, a &eacute;t&eacute; s&eacute;lectionn&eacute; en premi&egrave;re position lors de la draft de la ligue 3 contre 3 &laquo;&nbsp;BIG3&nbsp;&raquo;. L&rsquo;arri&egrave;re rejoint une nouvelle franchise de la ligue, les<strong> Miami 305<\/strong>. D&eacute;sormais, huit &eacute;quipes sont affili&eacute;es &agrave; une ville, chacune recevant un &eacute;v&eacute;nement pendant une semaine durant la saison r&eacute;guli&egrave;re.<\/p><p>Aux c&ocirc;t&eacute;s de v&eacute;t&eacute;rans comme <strong>Dwight Howard, Nick Young ou encore Joe Johnson<\/strong>, <strong>Lance Stephenson<\/strong> fait son entr&eacute;e dans cette comp&eacute;tition alternative. &Agrave; 34 ans, le natif de <strong>Brooklyn<\/strong> totalise dix saisons en NBA, la derni&egrave;re en date avec <strong>Indiana<\/strong> lors de l&rsquo;exercice 2021-2022. S&eacute;lectionn&eacute; en 40e position lors de la draft 2010, <strong>Stephenson<\/strong> a connu une carri&egrave;re solide ponctu&eacute;e de deux finales de conf&eacute;rence en 2013 et 2014. Sa prestation face au <strong>Miami Heat de LeBron James<\/strong> reste m&eacute;morable, notamment ce moment devenu viral o&ugrave; un souffle malicieux a &eacute;t&eacute; dirig&eacute; vers le visage du <strong>King<\/strong>. Lors de la saison 2013-2014, l&rsquo;arri&egrave;re a tourn&eacute; &agrave; 13,8 points, 7,2 rebonds et 4,6 passes d&eacute;cisives de moyenne, contribuant aux 56 victoires d&rsquo;<strong>Indiana<\/strong>.<\/p><blockquote class=\"twitter-tweet\"><p lang=\"en\" dir=\"ltr\">Lance Stephenson is the No. 1 pick in THE BIG3 Draft! <br><br>He joins Michael Beasley, Mario Chalmers and Reggie Evans in Miami <a href=\"https:\/\/t.co\/qqw9MHtaT7\" class=\"trk-cta-link\" data-cta-trk='{\"ctaType\":\"Link\",\"ctaSubType\":\"main\"}'>https:\/\/t.co\/qqw9MHtaT7<\/a> <a href=\"https:\/\/t.co\/4hqhxyFbYW\" class=\"trk-cta-link\" data-cta-trk='{\"ctaType\":\"Link\",\"ctaSubType\":\"main\"}'>pic.twitter.com\/4hqhxyFbYW<\/a><\/p>&mdash; Ballislife.com (@Ballislife) <a href=\"https:\/\/twitter.com\/Ballislife\/status\/1923160395008631025?ref_src=twsrc%5Etfw\" class=\"trk-cta-link\" data-cta-trk='{\"ctaType\":\"Link\",\"ctaSubType\":\"main\"}'>May 15, 2025<\/a><\/blockquote><script async src=\"https:\/\/platform.twitter.com\/widgets.js\" charset=\"utf-8\"><\/script><p><strong>Lire aussi :&nbsp;<\/strong><\/p><p><a href=\"https:\/\/theplayoffs.news\/fr\/actualite-nba\/stephen-curry-persuade-que-les-warriors-auraient-pu-aller-au-bout\/\" class=\"trk-cta-link\" data-cta-trk='{\"ctaType\":\"Link\",\"ctaSubType\":\"main\"}'>L&rsquo;heure des regrets pour Stephen Curry: &laquo;&nbsp;on aurait pu aller au bout&nbsp;&raquo;<\/a><\/p><p><a href=\"https:\/\/theplayoffs.news\/fr\/actualite-nba\/inquietude-a-denver-aaron-gordon-touche-avant-le-game-7\/\" class=\"trk-cta-link\" data-cta-trk='{\"ctaType\":\"Link\",\"ctaSubType\":\"main\"}'>Inqui&eacute;tude &agrave; Denver : Aaron Gordon touch&eacute; avant le Game 7<\/a><\/p><p>Joueur spectaculaire au handle ravageur, <strong>Lance Stephenson<\/strong> incarne un atout de choix pour les <strong>Miami 305.<\/strong> Sa pr&eacute;sence promet un divertissement de haut niveau pour la ligue<strong> BIG3<\/strong>.<strong> Michael Cooper,<\/strong> ancienne l&eacute;gende des <strong>Lakers,<\/strong> dirigera l&rsquo;&eacute;quipe floridienne depuis le banc.<\/p><p>Le coup d&rsquo;envoi de la saison sera donn&eacute; le samedi 14 juin &agrave; <strong>Chicago<\/strong>.<\/p><p><strong>Cr&eacute;dit photo :&nbsp;<\/strong>Wendell Cruz-USA TODAY Sports<\/p>\n","protected":false},"excerpt":{"rendered":"","protected":false},"author":180310268,"featured_media":1491680,"comment_status":"closed","ping_status":"closed","sticky":false,"template":"","format":"standard","meta":{"inline_featured_image":false,"kia_subtitle":"","_mux_skip_reasons":[],"proofreadBy":0,"footnotes":""},"categories":[110,10,8408],"tags":[8461,617,3191,23],"sport":[2783],"saison":[],"class_list":["post-1491678","post","type-post","status-publish","format-standard","has-post-thumbnail","hentry","category-actualite-nba","category-nba","category-sports","tag-big3","tag-indiana-pacers","tag-lance-stephenson","tag-nba-tag","sport-nba"],"acf":[],"yoast_head":"<!-- This site is optimized with the Yoast SEO plugin v24.2 - https:\/\/yoast.com\/wordpress\/plugins\/seo\/ -->\n<title>BIG3 : Lance Stephenson s&eacute;lectionn&eacute; en n&deg;1, cap sur Miami !<\/title>\n<meta name=\"description\" content=\"L&rsquo;ancien joueur des Indiana Pacers, Lance Stephenson, a &eacute;t&eacute; s&eacute;lectionn&eacute; en premi&egrave;re position de la draft BIG3 !\" \/>\n<meta name=\"robots\" content=\"index, follow, max-snippet:-1, max-image-preview:large, max-video-preview:-1\" \/>\n<link rel=\"canonical\" href=\"https:\/\/theplayoffs.news\/fr\/actualite-nba\/big3-lance-stephenson-selectionne-en-n1-cap-sur-miami\/\" \/>\n<meta property=\"og:locale\" content=\"fr_FR\" \/>\n<meta property=\"og:type\" content=\"article\" \/>\n<meta property=\"og:title\" content=\"BIG3 : Lance Stephenson s&eacute;lectionn&eacute; en n&deg;1, cap sur Miami !\" \/>\n<meta property=\"og:description\" content=\"L&rsquo;ancien joueur des Indiana Pacers, Lance Stephenson, a &eacute;t&eacute; s&eacute;lectionn&eacute; en premi&egrave;re position de la draft BIG3 !\" \/>\n<meta property=\"og:url\" content=\"https:\/\/theplayoffs.news\/fr\/actualite-nba\/big3-lance-stephenson-selectionne-en-n1-cap-sur-miami\/\" \/>\n<meta property=\"og:site_name\" content=\"The Playoffs FR\" \/>\n<meta property=\"article:publisher\" content=\"https:\/\/www.facebook.com\/TheFreeAgentFR\/\" \/>\n<meta property=\"article:modified_time\" content=\"2025-05-16T11:35:25+02:00\" \/>\n<meta property=\"og:image\" content=\"https:\/\/theplayoffs.news\/fr\/wp-content\/uploads\/2025\/05\/USATSI_18118966.jpg\" \/>\n\t<meta property=\"og:image:width\" content=\"1920\" \/>\n\t<meta property=\"og:image:height\" content=\"1280\" \/>\n\t<meta property=\"og:image:type\" content=\"image\/jpeg\" \/>\n<meta name=\"author\" content=\"Elian Goethals\" \/>\n<meta name=\"twitter:card\" content=\"summary_large_image\" \/>\n<meta name=\"twitter:creator\" content=\"@x.com\/elidwight\" \/>\n<meta name=\"twitter:site\" content=\"@TheFreeAgentFR\" \/>\n<meta name=\"twitter:label1\" content=\"\u00c9crit par\" \/>\n\t<meta name=\"twitter:data1\" content=\"Elian Goethals\" \/>\n\t<meta name=\"twitter:label2\" content=\"Dur\u00e9e de lecture estim\u00e9e\" \/>\n\t<meta name=\"twitter:data2\" content=\"2 minutes\" \/>\n<script type=\"application\/ld+json\" class=\"yoast-schema-graph\">{\"@context\":\"https:\/\/schema.org\",\"@graph\":[{\"@type\":\"WebPage\",\"@id\":\"https:\/\/theplayoffs.news\/fr\/actualite-nba\/big3-lance-stephenson-selectionne-en-n1-cap-sur-miami\/\",\"url\":\"https:\/\/theplayoffs.news\/fr\/actualite-nba\/big3-lance-stephenson-selectionne-en-n1-cap-sur-miami\/\",\"name\":\"BIG3 : Lance Stephenson s\u00e9lectionn\u00e9 en n\u00b01, cap sur Miami !\",\"isPartOf\":{\"@id\":\"https:\/\/theplayoffs.news\/fr\/#website\"},\"primaryImageOfPage\":{\"@id\":\"https:\/\/theplayoffs.news\/fr\/actualite-nba\/big3-lance-stephenson-selectionne-en-n1-cap-sur-miami\/#primaryimage\"},\"image\":{\"@id\":\"https:\/\/theplayoffs.news\/fr\/actualite-nba\/big3-lance-stephenson-selectionne-en-n1-cap-sur-miami\/#primaryimage\"},\"thumbnailUrl\":\"https:\/\/theplayoffs.news\/fr\/wp-content\/uploads\/2025\/05\/USATSI_18118966.jpg\",\"datePublished\":\"2025-05-16T09:35:19+00:00\",\"dateModified\":\"2025-05-16T09:35:25+00:00\",\"author\":{\"@id\":\"https:\/\/theplayoffs.news\/fr\/#\/schema\/person\/2bc470c6a49f4f6229a67af19c87a732\"},\"description\":\"L\u2019ancien joueur des Indiana Pacers, Lance Stephenson, a \u00e9t\u00e9 s\u00e9lectionn\u00e9 en premi\u00e8re position de la draft BIG3 !\",\"breadcrumb\":{\"@id\":\"https:\/\/theplayoffs.news\/fr\/actualite-nba\/big3-lance-stephenson-selectionne-en-n1-cap-sur-miami\/#breadcrumb\"},\"inLanguage\":\"fr-FR\",\"potentialAction\":[{\"@type\":\"ReadAction\",\"target\":[\"https:\/\/theplayoffs.news\/fr\/actualite-nba\/big3-lance-stephenson-selectionne-en-n1-cap-sur-miami\/\"]}]},{\"@type\":\"ImageObject\",\"inLanguage\":\"fr-FR\",\"@id\":\"https:\/\/theplayoffs.news\/fr\/actualite-nba\/big3-lance-stephenson-selectionne-en-n1-cap-sur-miami\/#primaryimage\",\"url\":\"https:\/\/theplayoffs.news\/fr\/wp-content\/uploads\/2025\/05\/USATSI_18118966.jpg\",\"contentUrl\":\"https:\/\/theplayoffs.news\/fr\/wp-content\/uploads\/2025\/05\/USATSI_18118966.jpg\",\"width\":1920,\"height\":1280,\"caption\":\"Apr 10, 2022; Brooklyn, New York, USA; Indiana Pacers guard Lance Stephenson (6) at Barclays Center. Mandatory Credit: Wendell Cruz-USA TODAY Sports\"},{\"@type\":\"BreadcrumbList\",\"@id\":\"https:\/\/theplayoffs.news\/fr\/actualite-nba\/big3-lance-stephenson-selectionne-en-n1-cap-sur-miami\/#breadcrumb\",\"itemListElement\":[{\"@type\":\"ListItem\",\"position\":1,\"name\":\"Accueil\",\"item\":\"https:\/\/theplayoffs.news\/fr\/\"},{\"@type\":\"ListItem\",\"position\":2,\"name\":\"BIG3 : Lance Stephenson s\u00e9lectionn\u00e9 en n\u00b01, cap sur Miami !\"}]},{\"@type\":\"WebSite\",\"@id\":\"https:\/\/theplayoffs.news\/fr\/#website\",\"url\":\"https:\/\/theplayoffs.news\/fr\/\",\"name\":\"The Playoffs FR\",\"description\":\"NBA-NFL-NHL-MLB\",\"potentialAction\":[{\"@type\":\"SearchAction\",\"target\":{\"@type\":\"EntryPoint\",\"urlTemplate\":\"https:\/\/theplayoffs.news\/fr\/?s={search_term_string}\"},\"query-input\":{\"@type\":\"PropertyValueSpecification\",\"valueRequired\":true,\"valueName\":\"search_term_string\"}}],\"inLanguage\":\"fr-FR\"},{\"@type\":\"Person\",\"@id\":\"https:\/\/theplayoffs.news\/fr\/#\/schema\/person\/2bc470c6a49f4f6229a67af19c87a732\",\"name\":\"Elian Goethals\",\"image\":{\"@type\":\"ImageObject\",\"inLanguage\":\"fr-FR\",\"@id\":\"https:\/\/theplayoffs.news\/fr\/#\/schema\/person\/image\/\",\"url\":\"https:\/\/secure.gravatar.com\/avatar\/293e2e649a094756005b611f6122ac1a95e95d453dbfe74b9d434b39855927f6?s=96&d=mm&r=g\",\"contentUrl\":\"https:\/\/secure.gravatar.com\/avatar\/293e2e649a094756005b611f6122ac1a95e95d453dbfe74b9d434b39855927f6?s=96&d=mm&r=g\",\"caption\":\"Elian Goethals\"},\"description\":\"Je suis sp\u00e9cialis\u00e9 dans la r\u00e9daction d\\\\'articles NBA et je suis un grand fan de basket am\u00e9ricain depuis toujours. Cela fait 20 ans que je joue au basket, et mon exp\u00e9rience sur les terrains me permet d\\\\'avoir une analyse approfondie des matchs. J\u2019ai d\u2019abord fait partie d\u2019autres m\u00e9dias sportifs en tant que b\u00e9n\u00e9vole avant de rejoindre ThePlayoffs en janvier. Je termine \u00e9galement un master en \u00e9tudes internationales. Ce que je pr\u00e9f\u00e8re dans mon travail, c\u2019est de transformer ma passion en m\u00e9tier et de partager avec vous l\u2019information NBA. J\u2019essaie de produire un contenu de qualit\u00e9 en esp\u00e9rant qu\u2019il vous plaise !\",\"sameAs\":[\"https:\/\/www.linkedin.com\/in\/elian-goethals-729b71200\/\",\"https:\/\/x.com\/x.com\/elidwight\"],\"url\":\"https:\/\/theplayoffs.news\/fr\/author\/elian\/\"}]}<\/script>\n<!-- \/ Yoast SEO plugin. -->","yoast_head_json":{"title":"BIG3 : Lance Stephenson s&eacute;lectionn&eacute; en n&deg;1, cap sur Miami !","description":"L&rsquo;ancien joueur des Indiana Pacers, Lance Stephenson, a &eacute;t&eacute; s&eacute;lectionn&eacute; en premi&egrave;re position de la draft BIG3 !","robots":{"index":"index","follow":"follow","max-snippet":"max-snippet:-1","max-image-preview":"max-image-preview:large","max-video-preview":"max-video-preview:-1"},"canonical":"https:\/\/theplayoffs.news\/fr\/actualite-nba\/big3-lance-stephenson-selectionne-en-n1-cap-sur-miami\/","og_locale":"fr_FR","og_type":"article","og_title":"BIG3 : Lance Stephenson s&eacute;lectionn&eacute; en n&deg;1, cap sur Miami !","og_description":"L&rsquo;ancien joueur des Indiana Pacers, Lance Stephenson, a &eacute;t&eacute; s&eacute;lectionn&eacute; en premi&egrave;re position de la draft BIG3 !","og_url":"https:\/\/theplayoffs.news\/fr\/actualite-nba\/big3-lance-stephenson-selectionne-en-n1-cap-sur-miami\/","og_site_name":"The Playoffs FR","article_publisher":"https:\/\/www.facebook.com\/TheFreeAgentFR\/","article_modified_time":"2025-05-16T09:35:25+00:00","og_image":[{"width":1920,"height":1280,"url":"https:\/\/theplayoffs.news\/fr\/wp-content\/uploads\/2025\/05\/USATSI_18118966.jpg","type":"image\/jpeg"}],"author":"Elian Goethals","twitter_card":"summary_large_image","twitter_creator":"@x.com\/elidwight","twitter_site":"@TheFreeAgentFR","twitter_misc":{"\u00c9crit par":"Elian Goethals","Dur\u00e9e de lecture estim\u00e9e":"2 minutes"},"schema":{"@context":"https:\/\/schema.org","@graph":[{"@type":"WebPage","@id":"https:\/\/theplayoffs.news\/fr\/actualite-nba\/big3-lance-stephenson-selectionne-en-n1-cap-sur-miami\/","url":"https:\/\/theplayoffs.news\/fr\/actualite-nba\/big3-lance-stephenson-selectionne-en-n1-cap-sur-miami\/","name":"BIG3 : Lance Stephenson s\u00e9lectionn\u00e9 en n\u00b01, cap sur Miami !","isPartOf":{"@id":"https:\/\/theplayoffs.news\/fr\/#website"},"primaryImageOfPage":{"@id":"https:\/\/theplayoffs.news\/fr\/actualite-nba\/big3-lance-stephenson-selectionne-en-n1-cap-sur-miami\/#primaryimage"},"image":{"@id":"https:\/\/theplayoffs.news\/fr\/actualite-nba\/big3-lance-stephenson-selectionne-en-n1-cap-sur-miami\/#primaryimage"},"thumbnailUrl":"https:\/\/theplayoffs.news\/fr\/wp-content\/uploads\/2025\/05\/USATSI_18118966.jpg","datePublished":"2025-05-16T09:35:19+00:00","dateModified":"2025-05-16T09:35:25+00:00","author":{"@id":"https:\/\/theplayoffs.news\/fr\/#\/schema\/person\/2bc470c6a49f4f6229a67af19c87a732"},"description":"L\u2019ancien joueur des Indiana Pacers, Lance Stephenson, a \u00e9t\u00e9 s\u00e9lectionn\u00e9 en premi\u00e8re position de la draft BIG3 !","breadcrumb":{"@id":"https:\/\/theplayoffs.news\/fr\/actualite-nba\/big3-lance-stephenson-selectionne-en-n1-cap-sur-miami\/#breadcrumb"},"inLanguage":"fr-FR","potentialAction":[{"@type":"ReadAction","target":["https:\/\/theplayoffs.news\/fr\/actualite-nba\/big3-lance-stephenson-selectionne-en-n1-cap-sur-miami\/"]}]},{"@type":"ImageObject","inLanguage":"fr-FR","@id":"https:\/\/theplayoffs.news\/fr\/actualite-nba\/big3-lance-stephenson-selectionne-en-n1-cap-sur-miami\/#primaryimage","url":"https:\/\/theplayoffs.news\/fr\/wp-content\/uploads\/2025\/05\/USATSI_18118966.jpg","contentUrl":"https:\/\/theplayoffs.news\/fr\/wp-content\/uploads\/2025\/05\/USATSI_18118966.jpg","width":1920,"height":1280,"caption":"Apr 10, 2022; Brooklyn, New York, USA; Indiana Pacers guard Lance Stephenson (6) at Barclays Center. Mandatory Credit: Wendell Cruz-USA TODAY Sports"},{"@type":"BreadcrumbList","@id":"https:\/\/theplayoffs.news\/fr\/actualite-nba\/big3-lance-stephenson-selectionne-en-n1-cap-sur-miami\/#breadcrumb","itemListElement":[{"@type":"ListItem","position":1,"name":"Accueil","item":"https:\/\/theplayoffs.news\/fr\/"},{"@type":"ListItem","position":2,"name":"BIG3 : Lance Stephenson s\u00e9lectionn\u00e9 en n\u00b01, cap sur Miami !"}]},{"@type":"WebSite","@id":"https:\/\/theplayoffs.news\/fr\/#website","url":"https:\/\/theplayoffs.news\/fr\/","name":"The Playoffs FR","description":"NBA-NFL-NHL-MLB","potentialAction":[{"@type":"SearchAction","target":{"@type":"EntryPoint","urlTemplate":"https:\/\/theplayoffs.news\/fr\/?s={search_term_string}"},"query-input":{"@type":"PropertyValueSpecification","valueRequired":true,"valueName":"search_term_string"}}],"inLanguage":"fr-FR"},{"@type":"Person","@id":"https:\/\/theplayoffs.news\/fr\/#\/schema\/person\/2bc470c6a49f4f6229a67af19c87a732","name":"Elian Goethals","image":{"@type":"ImageObject","inLanguage":"fr-FR","@id":"https:\/\/theplayoffs.news\/fr\/#\/schema\/person\/image\/","url":"https:\/\/secure.gravatar.com\/avatar\/293e2e649a094756005b611f6122ac1a95e95d453dbfe74b9d434b39855927f6?s=96&d=mm&r=g","contentUrl":"https:\/\/secure.gravatar.com\/avatar\/293e2e649a094756005b611f6122ac1a95e95d453dbfe74b9d434b39855927f6?s=96&d=mm&r=g","caption":"Elian Goethals"},"description":"Je suis sp\u00e9cialis\u00e9 dans la r\u00e9daction d\\'articles NBA et je suis un grand fan de basket am\u00e9ricain depuis toujours. Cela fait 20 ans que je joue au basket, et mon exp\u00e9rience sur les terrains me permet d\\'avoir une analyse approfondie des matchs. J\u2019ai d\u2019abord fait partie d\u2019autres m\u00e9dias sportifs en tant que b\u00e9n\u00e9vole avant de rejoindre ThePlayoffs en janvier. Je termine \u00e9galement un master en \u00e9tudes internationales. Ce que je pr\u00e9f\u00e8re dans mon travail, c\u2019est de transformer ma passion en m\u00e9tier et de partager avec vous l\u2019information NBA. J\u2019essaie de produire un contenu de qualit\u00e9 en esp\u00e9rant qu\u2019il vous plaise !","sameAs":["https:\/\/www.linkedin.com\/in\/elian-goethals-729b71200\/","https:\/\/x.com\/x.com\/elidwight"],"url":"https:\/\/theplayoffs.news\/fr\/author\/elian\/"}]}},"_links":{"self":[{"href":"https:\/\/theplayoffs.news\/fr\/wp-json\/wp\/v2\/posts\/1491678","targetHints":{"allow":["GET"]}}],"collection":[{"href":"https:\/\/theplayoffs.news\/fr\/wp-json\/wp\/v2\/posts"}],"about":[{"href":"https:\/\/theplayoffs.news\/fr\/wp-json\/wp\/v2\/types\/post"}],"author":[{"embeddable":true,"href":"https:\/\/theplayoffs.news\/fr\/wp-json\/wp\/v2\/users\/180310268"}],"replies":[{"embeddable":true,"href":"https:\/\/theplayoffs.news\/fr\/wp-json\/wp\/v2\/comments?post=1491678"}],"version-history":[{"count":1,"href":"https:\/\/theplayoffs.news\/fr\/wp-json\/wp\/v2\/posts\/1491678\/revisions"}],"predecessor-version":[{"id":1491681,"href":"https:\/\/theplayoffs.news\/fr\/wp-json\/wp\/v2\/posts\/1491678\/revisions\/1491681"}],"wp:featuredmedia":[{"embeddable":true,"href":"https:\/\/theplayoffs.news\/fr\/wp-json\/wp\/v2\/media\/1491680"}],"wp:attachment":[{"href":"https:\/\/theplayoffs.news\/fr\/wp-json\/wp\/v2\/media?parent=1491678"}],"wp:term":[{"taxonomy":"category","embeddable":true,"href":"https:\/\/theplayoffs.news\/fr\/wp-json\/wp\/v2\/categories?post=1491678"},{"taxonomy":"post_tag","embeddable":true,"href":"https:\/\/theplayoffs.news\/fr\/wp-json\/wp\/v2\/tags?post=1491678"},{"taxonomy":"sport","embeddable":true,"href":"https:\/\/theplayoffs.news\/fr\/wp-json\/wp\/v2\/sport?post=1491678"},{"taxonomy":"saison","embeddable":true,"href":"https:\/\/theplayoffs.news\/fr\/wp-json\/wp\/v2\/saison?post=1491678"}],"curies":[{"name":"wp","href":"https:\/\/api.w.org\/{rel}","templated":true}]}}