{"id":1491669,"date":"2025-05-16T10:32:56","date_gmt":"2025-05-16T08:32:56","guid":{"rendered":"https:\/\/theplayoffs.news\/fr\/uncategorized\/\/"},"modified":"2025-05-16T10:33:01","modified_gmt":"2025-05-16T08:33:01","slug":"inquietude-a-denver-aaron-gordon-touche-avant-le-game-7","status":"publish","type":"post","link":"https:\/\/theplayoffs.news\/fr\/actualite-nba\/inquietude-a-denver-aaron-gordon-touche-avant-le-game-7\/","title":{"rendered":"Inqui\u00e9tude \u00e0 Denver : Aaron Gordon touch\u00e9 avant le Game 7"},"content":{"rendered":"<p><strong>Les Nuggets<\/strong> se sont impos&eacute;s face au <strong>Thunder<\/strong> et ont arrach&eacute; un Game 7 d&eacute;cisif dans cette demi-finale de conf&eacute;rence. Malgr&eacute; cette victoire pr&eacute;cieuse, la soir&eacute;e a &eacute;t&eacute; assombrie par la sortie inqui&eacute;tante d&rsquo;<strong>Aaron Gordon,<\/strong> aper&ccedil;u en train de boiter sur le parquet en se tenant l&rsquo;arri&egrave;re de la cuisse gauche.<\/p><p><strong>L&rsquo;int&eacute;rieur de Denver <\/strong>aurait &eacute;t&eacute; touch&eacute; aux ischio-jambiers &agrave; deux minutes du terme, lors d&rsquo;une action impliquant Alex Caruso. Apr&egrave;s &ecirc;tre rest&eacute; <strong>35 secondes <\/strong>sur le terrain, le joueur a quitt&eacute; le match &agrave; 1&rsquo;10 de la fin, avant de revenir bri&egrave;vement, puis de sortir d&eacute;finitivement pour le reste de la rencontre.<\/p><p>Dans le vestiaire,<strong> Aaron Gordon<\/strong> a tent&eacute; de rassurer les supporters lors d&rsquo;une interview accord&eacute; &agrave; <em>DNVR Sports<\/em>. Le joueur a indiqu&eacute; se sentir plut&ocirc;t bien et a affirm&eacute; vouloir entamer imm&eacute;diatement les soins afin d&rsquo;&ecirc;tre pr&ecirc;t pour <strong>le match d&eacute;cisif.<\/strong><\/p><blockquote class=\"wp-block-quote is-layout-flow wp-block-quote-is-layout-flow\">\n<p><em>&laquo; Je me sens plut&ocirc;t bien. On verra bien, mais je vais imm&eacute;diatement commencer la proc&eacute;dure de r&eacute;tablissement pour &ecirc;tre s&ucirc;r d&rsquo;&ecirc;tre pr&eacute;sent au Game 7. &raquo;<\/em><\/p>\n<\/blockquote><blockquote class=\"twitter-tweet\"><p lang=\"en\" dir=\"ltr\">Aaron Gordon on his hamstring:<br><br>&ldquo;I feel ok. We&rsquo;ll see. I&rsquo;m going to start the recovery process now and make sure I&rsquo;m getting ready for Game 7.&rdquo;<br><br>Full presser &#11015;&#65039;&#11015;&#65039; <a href=\"https:\/\/t.co\/0QaNEIwsJG\" class=\"trk-cta-link\" data-cta-trk='{\"ctaType\":\"Link\",\"ctaSubType\":\"main\"}'>pic.twitter.com\/0QaNEIwsJG<\/a><\/p>&mdash; DNVR Nuggets (@DNVR_Nuggets) <a href=\"https:\/\/twitter.com\/DNVR_Nuggets\/status\/1923236204469719270?ref_src=twsrc%5Etfw\" class=\"trk-cta-link\" data-cta-trk='{\"ctaType\":\"Link\",\"ctaSubType\":\"main\"}'>May 16, 2025<\/a><\/blockquote><script async src=\"https:\/\/platform.twitter.com\/widgets.js\" charset=\"utf-8\"><\/script><p><strong>Le joueur <\/strong>a &eacute;galement pr&eacute;cis&eacute; que la blessure s&rsquo;&eacute;tait produite durant le match, sans en identifier clairement la cause.<\/p><blockquote class=\"wp-block-quote is-layout-flow wp-block-quote-is-layout-flow\">\n<p><em>&laquo; Oui, je viens juste de le contracter. Je ne suis pas vraiment s&ucirc;r de ce qu&rsquo;il s&rsquo;est pass&eacute;. Je vais simplement r&eacute;cup&eacute;rer et voir ce que je peux faire pour le Game 7. On verra comment je me sens demain matin. &raquo;<\/em><\/p>\n<\/blockquote><p><strong>David Adelman,<\/strong> coach par int&eacute;rim de <strong>Denver,<\/strong> a lui aussi &eacute;t&eacute; interrog&eacute; sur la situation. Aucune information pr&eacute;cise n&rsquo;a &eacute;t&eacute; donn&eacute;e concernant l&rsquo;&eacute;tat de sant&eacute; de l&rsquo;int&eacute;rieur.<\/p><blockquote class=\"wp-block-quote is-layout-flow wp-block-quote-is-layout-flow\">\n<p><em>&laquo; &Agrave; ce stade, je n&rsquo;en ai aucune id&eacute;e. Mais bien s&ucirc;r que je suis inquiet. Aaron est l&rsquo;un de nos gars. Il fait partie des raisons pour lesquelles nous avons gagn&eacute; des matchs, remport&eacute; des s&eacute;ries et accroch&eacute; une banni&egrave;re l&agrave;-haut. &raquo;<\/em><\/p>\n<\/blockquote><p><strong>Lire aussi : <\/strong><\/p><p><a href=\"https:\/\/theplayoffs.news\/fr\/actualite-nba\/resultats-nba-denver-arrache-un-game-7\/\" class=\"trk-cta-link\" data-cta-trk='{\"ctaType\":\"Link\",\"ctaSubType\":\"main\"}'>R&eacute;sultats NBA du 16 Mai : Denver arrache un Game 7 !<\/a><\/p><p><a href=\"https:\/\/theplayoffs.news\/fr\/actualite-nba\/denver-peut-remercier-jamal-murray-pour-sa-forme\/\" class=\"trk-cta-link\" data-cta-trk='{\"ctaType\":\"Link\",\"ctaSubType\":\"main\"}'>Denver peut remercier Jamal Murray pour sa forme &ndash; The Playoffs<\/a><\/p><p>Depuis le d&eacute;but des playoffs, <strong>Aaron Gordon<\/strong> s&rsquo;est impos&eacute; comme un rouage essentiel dans le syst&egrave;me de Denver. Gr&acirc;ce &agrave; sa r&eacute;gularit&eacute; et son impact des deux c&ocirc;t&eacute;s du terrain, <strong>l&rsquo;ancien joueur du Magic<\/strong> a contribu&eacute; aux succ&egrave;s de <strong>la franchise du Colorado<\/strong>. Avant cette alerte physique, ses moyennes s&rsquo;&eacute;levaient &agrave; 17,8 points, 7,3 rebonds et 2,6 passes d&eacute;cisives par match.<\/p><p>Une absence dimanche repr&eacute;senterait un v&eacute;ritable coup dur pour les <strong>champions 2023<\/strong>.<\/p><p>Rendez-vous ce dimanche &agrave; 21h30 sur beIN Sports pour un <strong>Game 7 <\/strong>sous haute tension.<\/p><p><strong>Cr&eacute;dit photo : <\/strong>Ron Chenoy-Imagn Images<\/p>\n","protected":false},"excerpt":{"rendered":"","protected":false},"author":180310268,"featured_media":1491671,"comment_status":"closed","ping_status":"closed","sticky":false,"template":"","format":"standard","meta":{"inline_featured_image":false,"kia_subtitle":"","_mux_skip_reasons":[],"proofreadBy":0,"footnotes":""},"categories":[110,8414,10,8408],"tags":[1660,620,23],"sport":[2783],"saison":[],"class_list":["post-1491669","post","type-post","status-publish","format-standard","has-post-thumbnail","hentry","category-actualite-nba","category-basketball-sports","category-nba","category-sports","tag-aaron-gordon","tag-denver-nuggets","tag-nba-tag","sport-nba"],"acf":[],"yoast_head":"<!-- This site is optimized with the Yoast SEO plugin v24.2 - https:\/\/yoast.com\/wordpress\/plugins\/seo\/ -->\n<title>Inqui&eacute;tude &agrave; Denver : Aaron Gordon touch&eacute; avant le Game 7<\/title>\n<meta name=\"description\" content=\"Les Nuggets arrachent un Game 7 face au Thunder, mais perdent Aaron Gordon sur blessure &agrave; la jambe gauche en fin de match.\" \/>\n<meta name=\"robots\" content=\"index, follow, max-snippet:-1, max-image-preview:large, max-video-preview:-1\" \/>\n<link rel=\"canonical\" href=\"https:\/\/theplayoffs.news\/fr\/actualite-nba\/inquietude-a-denver-aaron-gordon-touche-avant-le-game-7\/\" \/>\n<meta property=\"og:locale\" content=\"fr_FR\" \/>\n<meta property=\"og:type\" content=\"article\" \/>\n<meta property=\"og:title\" content=\"Inqui&eacute;tude &agrave; Denver : Aaron Gordon touch&eacute; avant le Game 7\" \/>\n<meta property=\"og:description\" content=\"Les Nuggets arrachent un Game 7 face au Thunder, mais perdent Aaron Gordon sur blessure &agrave; la jambe gauche en fin de match.\" \/>\n<meta property=\"og:url\" content=\"https:\/\/theplayoffs.news\/fr\/actualite-nba\/inquietude-a-denver-aaron-gordon-touche-avant-le-game-7\/\" \/>\n<meta property=\"og:site_name\" content=\"The Playoffs FR\" \/>\n<meta property=\"article:publisher\" content=\"https:\/\/www.facebook.com\/TheFreeAgentFR\/\" \/>\n<meta property=\"article:modified_time\" content=\"2025-05-16T10:33:01+02:00\" \/>\n<meta property=\"og:image\" content=\"https:\/\/theplayoffs.news\/fr\/wp-content\/uploads\/2025\/05\/USATSI_26086836.jpg\" \/>\n\t<meta property=\"og:image:width\" content=\"1920\" \/>\n\t<meta property=\"og:image:height\" content=\"1280\" \/>\n\t<meta property=\"og:image:type\" content=\"image\/jpeg\" \/>\n<meta name=\"author\" content=\"Elian Goethals\" \/>\n<meta name=\"twitter:card\" content=\"summary_large_image\" \/>\n<meta name=\"twitter:creator\" content=\"@x.com\/elidwight\" \/>\n<meta name=\"twitter:site\" content=\"@TheFreeAgentFR\" \/>\n<meta name=\"twitter:label1\" content=\"\u00c9crit par\" \/>\n\t<meta name=\"twitter:data1\" content=\"Elian Goethals\" \/>\n\t<meta name=\"twitter:label2\" content=\"Dur\u00e9e de lecture estim\u00e9e\" \/>\n\t<meta name=\"twitter:data2\" content=\"2 minutes\" \/>\n<script type=\"application\/ld+json\" class=\"yoast-schema-graph\">{\"@context\":\"https:\/\/schema.org\",\"@graph\":[{\"@type\":\"WebPage\",\"@id\":\"https:\/\/theplayoffs.news\/fr\/actualite-nba\/inquietude-a-denver-aaron-gordon-touche-avant-le-game-7\/\",\"url\":\"https:\/\/theplayoffs.news\/fr\/actualite-nba\/inquietude-a-denver-aaron-gordon-touche-avant-le-game-7\/\",\"name\":\"Inqui\u00e9tude \u00e0 Denver : Aaron Gordon touch\u00e9 avant le Game 7\",\"isPartOf\":{\"@id\":\"https:\/\/theplayoffs.news\/fr\/#website\"},\"primaryImageOfPage\":{\"@id\":\"https:\/\/theplayoffs.news\/fr\/actualite-nba\/inquietude-a-denver-aaron-gordon-touche-avant-le-game-7\/#primaryimage\"},\"image\":{\"@id\":\"https:\/\/theplayoffs.news\/fr\/actualite-nba\/inquietude-a-denver-aaron-gordon-touche-avant-le-game-7\/#primaryimage\"},\"thumbnailUrl\":\"https:\/\/theplayoffs.news\/fr\/wp-content\/uploads\/2025\/05\/USATSI_26086836.jpg\",\"datePublished\":\"2025-05-16T08:32:56+00:00\",\"dateModified\":\"2025-05-16T08:33:01+00:00\",\"author\":{\"@id\":\"https:\/\/theplayoffs.news\/fr\/#\/schema\/person\/2bc470c6a49f4f6229a67af19c87a732\"},\"description\":\"Les Nuggets arrachent un Game 7 face au Thunder, mais perdent Aaron Gordon sur blessure \u00e0 la jambe gauche en fin de match.\",\"breadcrumb\":{\"@id\":\"https:\/\/theplayoffs.news\/fr\/actualite-nba\/inquietude-a-denver-aaron-gordon-touche-avant-le-game-7\/#breadcrumb\"},\"inLanguage\":\"fr-FR\",\"potentialAction\":[{\"@type\":\"ReadAction\",\"target\":[\"https:\/\/theplayoffs.news\/fr\/actualite-nba\/inquietude-a-denver-aaron-gordon-touche-avant-le-game-7\/\"]}]},{\"@type\":\"ImageObject\",\"inLanguage\":\"fr-FR\",\"@id\":\"https:\/\/theplayoffs.news\/fr\/actualite-nba\/inquietude-a-denver-aaron-gordon-touche-avant-le-game-7\/#primaryimage\",\"url\":\"https:\/\/theplayoffs.news\/fr\/wp-content\/uploads\/2025\/05\/USATSI_26086836.jpg\",\"contentUrl\":\"https:\/\/theplayoffs.news\/fr\/wp-content\/uploads\/2025\/05\/USATSI_26086836.jpg\",\"width\":1920,\"height\":1280,\"caption\":\"May 3, 2025; Denver, Colorado, USA; Denver Nuggets forward Aaron Gordon (32) celebrates the win over the LA Clippers following game seven of first round for the 2025 NBA Playoffs at Ball Arena. Mandatory Credit: Ron Chenoy-Imagn Images\"},{\"@type\":\"BreadcrumbList\",\"@id\":\"https:\/\/theplayoffs.news\/fr\/actualite-nba\/inquietude-a-denver-aaron-gordon-touche-avant-le-game-7\/#breadcrumb\",\"itemListElement\":[{\"@type\":\"ListItem\",\"position\":1,\"name\":\"Accueil\",\"item\":\"https:\/\/theplayoffs.news\/fr\/\"},{\"@type\":\"ListItem\",\"position\":2,\"name\":\"Inqui\u00e9tude \u00e0 Denver : Aaron Gordon touch\u00e9 avant le Game 7\"}]},{\"@type\":\"WebSite\",\"@id\":\"https:\/\/theplayoffs.news\/fr\/#website\",\"url\":\"https:\/\/theplayoffs.news\/fr\/\",\"name\":\"The Playoffs FR\",\"description\":\"NBA-NFL-NHL-MLB\",\"potentialAction\":[{\"@type\":\"SearchAction\",\"target\":{\"@type\":\"EntryPoint\",\"urlTemplate\":\"https:\/\/theplayoffs.news\/fr\/?s={search_term_string}\"},\"query-input\":{\"@type\":\"PropertyValueSpecification\",\"valueRequired\":true,\"valueName\":\"search_term_string\"}}],\"inLanguage\":\"fr-FR\"},{\"@type\":\"Person\",\"@id\":\"https:\/\/theplayoffs.news\/fr\/#\/schema\/person\/2bc470c6a49f4f6229a67af19c87a732\",\"name\":\"Elian Goethals\",\"image\":{\"@type\":\"ImageObject\",\"inLanguage\":\"fr-FR\",\"@id\":\"https:\/\/theplayoffs.news\/fr\/#\/schema\/person\/image\/\",\"url\":\"https:\/\/secure.gravatar.com\/avatar\/293e2e649a094756005b611f6122ac1a95e95d453dbfe74b9d434b39855927f6?s=96&d=mm&r=g\",\"contentUrl\":\"https:\/\/secure.gravatar.com\/avatar\/293e2e649a094756005b611f6122ac1a95e95d453dbfe74b9d434b39855927f6?s=96&d=mm&r=g\",\"caption\":\"Elian Goethals\"},\"description\":\"Je suis sp\u00e9cialis\u00e9 dans la r\u00e9daction d\\\\'articles NBA et je suis un grand fan de basket am\u00e9ricain depuis toujours. Cela fait 20 ans que je joue au basket, et mon exp\u00e9rience sur les terrains me permet d\\\\'avoir une analyse approfondie des matchs. J\u2019ai d\u2019abord fait partie d\u2019autres m\u00e9dias sportifs en tant que b\u00e9n\u00e9vole avant de rejoindre ThePlayoffs en janvier. Je termine \u00e9galement un master en \u00e9tudes internationales. Ce que je pr\u00e9f\u00e8re dans mon travail, c\u2019est de transformer ma passion en m\u00e9tier et de partager avec vous l\u2019information NBA. J\u2019essaie de produire un contenu de qualit\u00e9 en esp\u00e9rant qu\u2019il vous plaise !\",\"sameAs\":[\"https:\/\/www.linkedin.com\/in\/elian-goethals-729b71200\/\",\"https:\/\/x.com\/x.com\/elidwight\"],\"url\":\"https:\/\/theplayoffs.news\/fr\/author\/elian\/\"}]}<\/script>\n<!-- \/ Yoast SEO plugin. -->","yoast_head_json":{"title":"Inqui&eacute;tude &agrave; Denver : Aaron Gordon touch&eacute; avant le Game 7","description":"Les Nuggets arrachent un Game 7 face au Thunder, mais perdent Aaron Gordon sur blessure &agrave; la jambe gauche en fin de match.","robots":{"index":"index","follow":"follow","max-snippet":"max-snippet:-1","max-image-preview":"max-image-preview:large","max-video-preview":"max-video-preview:-1"},"canonical":"https:\/\/theplayoffs.news\/fr\/actualite-nba\/inquietude-a-denver-aaron-gordon-touche-avant-le-game-7\/","og_locale":"fr_FR","og_type":"article","og_title":"Inqui&eacute;tude &agrave; Denver : Aaron Gordon touch&eacute; avant le Game 7","og_description":"Les Nuggets arrachent un Game 7 face au Thunder, mais perdent Aaron Gordon sur blessure &agrave; la jambe gauche en fin de match.","og_url":"https:\/\/theplayoffs.news\/fr\/actualite-nba\/inquietude-a-denver-aaron-gordon-touche-avant-le-game-7\/","og_site_name":"The Playoffs FR","article_publisher":"https:\/\/www.facebook.com\/TheFreeAgentFR\/","article_modified_time":"2025-05-16T08:33:01+00:00","og_image":[{"width":1920,"height":1280,"url":"https:\/\/theplayoffs.news\/fr\/wp-content\/uploads\/2025\/05\/USATSI_26086836.jpg","type":"image\/jpeg"}],"author":"Elian Goethals","twitter_card":"summary_large_image","twitter_creator":"@x.com\/elidwight","twitter_site":"@TheFreeAgentFR","twitter_misc":{"\u00c9crit par":"Elian Goethals","Dur\u00e9e de lecture estim\u00e9e":"2 minutes"},"schema":{"@context":"https:\/\/schema.org","@graph":[{"@type":"WebPage","@id":"https:\/\/theplayoffs.news\/fr\/actualite-nba\/inquietude-a-denver-aaron-gordon-touche-avant-le-game-7\/","url":"https:\/\/theplayoffs.news\/fr\/actualite-nba\/inquietude-a-denver-aaron-gordon-touche-avant-le-game-7\/","name":"Inqui\u00e9tude \u00e0 Denver : Aaron Gordon touch\u00e9 avant le Game 7","isPartOf":{"@id":"https:\/\/theplayoffs.news\/fr\/#website"},"primaryImageOfPage":{"@id":"https:\/\/theplayoffs.news\/fr\/actualite-nba\/inquietude-a-denver-aaron-gordon-touche-avant-le-game-7\/#primaryimage"},"image":{"@id":"https:\/\/theplayoffs.news\/fr\/actualite-nba\/inquietude-a-denver-aaron-gordon-touche-avant-le-game-7\/#primaryimage"},"thumbnailUrl":"https:\/\/theplayoffs.news\/fr\/wp-content\/uploads\/2025\/05\/USATSI_26086836.jpg","datePublished":"2025-05-16T08:32:56+00:00","dateModified":"2025-05-16T08:33:01+00:00","author":{"@id":"https:\/\/theplayoffs.news\/fr\/#\/schema\/person\/2bc470c6a49f4f6229a67af19c87a732"},"description":"Les Nuggets arrachent un Game 7 face au Thunder, mais perdent Aaron Gordon sur blessure \u00e0 la jambe gauche en fin de match.","breadcrumb":{"@id":"https:\/\/theplayoffs.news\/fr\/actualite-nba\/inquietude-a-denver-aaron-gordon-touche-avant-le-game-7\/#breadcrumb"},"inLanguage":"fr-FR","potentialAction":[{"@type":"ReadAction","target":["https:\/\/theplayoffs.news\/fr\/actualite-nba\/inquietude-a-denver-aaron-gordon-touche-avant-le-game-7\/"]}]},{"@type":"ImageObject","inLanguage":"fr-FR","@id":"https:\/\/theplayoffs.news\/fr\/actualite-nba\/inquietude-a-denver-aaron-gordon-touche-avant-le-game-7\/#primaryimage","url":"https:\/\/theplayoffs.news\/fr\/wp-content\/uploads\/2025\/05\/USATSI_26086836.jpg","contentUrl":"https:\/\/theplayoffs.news\/fr\/wp-content\/uploads\/2025\/05\/USATSI_26086836.jpg","width":1920,"height":1280,"caption":"May 3, 2025; Denver, Colorado, USA; Denver Nuggets forward Aaron Gordon (32) celebrates the win over the LA Clippers following game seven of first round for the 2025 NBA Playoffs at Ball Arena. Mandatory Credit: Ron Chenoy-Imagn Images"},{"@type":"BreadcrumbList","@id":"https:\/\/theplayoffs.news\/fr\/actualite-nba\/inquietude-a-denver-aaron-gordon-touche-avant-le-game-7\/#breadcrumb","itemListElement":[{"@type":"ListItem","position":1,"name":"Accueil","item":"https:\/\/theplayoffs.news\/fr\/"},{"@type":"ListItem","position":2,"name":"Inqui\u00e9tude \u00e0 Denver : Aaron Gordon touch\u00e9 avant le Game 7"}]},{"@type":"WebSite","@id":"https:\/\/theplayoffs.news\/fr\/#website","url":"https:\/\/theplayoffs.news\/fr\/","name":"The Playoffs FR","description":"NBA-NFL-NHL-MLB","potentialAction":[{"@type":"SearchAction","target":{"@type":"EntryPoint","urlTemplate":"https:\/\/theplayoffs.news\/fr\/?s={search_term_string}"},"query-input":{"@type":"PropertyValueSpecification","valueRequired":true,"valueName":"search_term_string"}}],"inLanguage":"fr-FR"},{"@type":"Person","@id":"https:\/\/theplayoffs.news\/fr\/#\/schema\/person\/2bc470c6a49f4f6229a67af19c87a732","name":"Elian Goethals","image":{"@type":"ImageObject","inLanguage":"fr-FR","@id":"https:\/\/theplayoffs.news\/fr\/#\/schema\/person\/image\/","url":"https:\/\/secure.gravatar.com\/avatar\/293e2e649a094756005b611f6122ac1a95e95d453dbfe74b9d434b39855927f6?s=96&d=mm&r=g","contentUrl":"https:\/\/secure.gravatar.com\/avatar\/293e2e649a094756005b611f6122ac1a95e95d453dbfe74b9d434b39855927f6?s=96&d=mm&r=g","caption":"Elian Goethals"},"description":"Je suis sp\u00e9cialis\u00e9 dans la r\u00e9daction d\\'articles NBA et je suis un grand fan de basket am\u00e9ricain depuis toujours. Cela fait 20 ans que je joue au basket, et mon exp\u00e9rience sur les terrains me permet d\\'avoir une analyse approfondie des matchs. J\u2019ai d\u2019abord fait partie d\u2019autres m\u00e9dias sportifs en tant que b\u00e9n\u00e9vole avant de rejoindre ThePlayoffs en janvier. Je termine \u00e9galement un master en \u00e9tudes internationales. Ce que je pr\u00e9f\u00e8re dans mon travail, c\u2019est de transformer ma passion en m\u00e9tier et de partager avec vous l\u2019information NBA. J\u2019essaie de produire un contenu de qualit\u00e9 en esp\u00e9rant qu\u2019il vous plaise !","sameAs":["https:\/\/www.linkedin.com\/in\/elian-goethals-729b71200\/","https:\/\/x.com\/x.com\/elidwight"],"url":"https:\/\/theplayoffs.news\/fr\/author\/elian\/"}]}},"_links":{"self":[{"href":"https:\/\/theplayoffs.news\/fr\/wp-json\/wp\/v2\/posts\/1491669","targetHints":{"allow":["GET"]}}],"collection":[{"href":"https:\/\/theplayoffs.news\/fr\/wp-json\/wp\/v2\/posts"}],"about":[{"href":"https:\/\/theplayoffs.news\/fr\/wp-json\/wp\/v2\/types\/post"}],"author":[{"embeddable":true,"href":"https:\/\/theplayoffs.news\/fr\/wp-json\/wp\/v2\/users\/180310268"}],"replies":[{"embeddable":true,"href":"https:\/\/theplayoffs.news\/fr\/wp-json\/wp\/v2\/comments?post=1491669"}],"version-history":[{"count":1,"href":"https:\/\/theplayoffs.news\/fr\/wp-json\/wp\/v2\/posts\/1491669\/revisions"}],"predecessor-version":[{"id":1491672,"href":"https:\/\/theplayoffs.news\/fr\/wp-json\/wp\/v2\/posts\/1491669\/revisions\/1491672"}],"wp:featuredmedia":[{"embeddable":true,"href":"https:\/\/theplayoffs.news\/fr\/wp-json\/wp\/v2\/media\/1491671"}],"wp:attachment":[{"href":"https:\/\/theplayoffs.news\/fr\/wp-json\/wp\/v2\/media?parent=1491669"}],"wp:term":[{"taxonomy":"category","embeddable":true,"href":"https:\/\/theplayoffs.news\/fr\/wp-json\/wp\/v2\/categories?post=1491669"},{"taxonomy":"post_tag","embeddable":true,"href":"https:\/\/theplayoffs.news\/fr\/wp-json\/wp\/v2\/tags?post=1491669"},{"taxonomy":"sport","embeddable":true,"href":"https:\/\/theplayoffs.news\/fr\/wp-json\/wp\/v2\/sport?post=1491669"},{"taxonomy":"saison","embeddable":true,"href":"https:\/\/theplayoffs.news\/fr\/wp-json\/wp\/v2\/saison?post=1491669"}],"curies":[{"name":"wp","href":"https:\/\/api.w.org\/{rel}","templated":true}]}}