{"id":1491393,"date":"2025-05-14T12:44:44","date_gmt":"2025-05-14T10:44:44","guid":{"rendered":"https:\/\/theplayoffs.news\/fr\/uncategorized\/\/"},"modified":"2025-05-14T12:44:51","modified_gmt":"2025-05-14T10:44:51","slug":"ashton-jeanty-veut-batir-un-esprit-de-fraternite","status":"publish","type":"post","link":"https:\/\/theplayoffs.news\/fr\/actualite-nfl\/ashton-jeanty-veut-batir-un-esprit-de-fraternite\/","title":{"rendered":"Ashton Jeanty veut b\u00e2tir \u201cun esprit de fraternit\u00e9\u201d"},"content":{"rendered":"<p>Choisi en 6e position lors de la derni&egrave;re draft NFL par les Las Vegas Raiders, Ashton Jeanty aura la lourde t&acirc;che de relancer le jeu au sol de sa franchise d&egrave;s la saison 2025. En 2024, la franchise du Nevada a &eacute;t&eacute; la pire dans ce domaine. Pour changer cela, le running back compte sur un effort collectif nourri par une atmosph&egrave;re positive au sein de l&rsquo;&eacute;quipe.&nbsp;<\/p><h2 class=\"wp-block-heading\">Jeanty veut cr&eacute;er des liens solides avec ses co&eacute;quipiers&nbsp;<\/h2><p>Ashton Jeanty veut devenir plus qu&rsquo;un bon joueur NFL. L&rsquo;ancien de Boise State souhaite aussi &ecirc;tre un bon co&eacute;quipier et un leader pour son &eacute;quipe. Avec 2 601 yards &agrave; la course en 2024, il s&rsquo;est class&eacute; deuxi&egrave;me meilleur coureur de l&rsquo;histoire de la NCAA sur une saison, derri&egrave;re Barry Sanders. R&eacute;p&eacute;ter l&rsquo;exploit de 29 touchdowns pour sa saison rookie en NFL semble improbable. C&rsquo;est pourquoi le running back semble d&eacute;sormais concentr&eacute; sur le message de son nouveau coach, Pete Carroll.&nbsp;<\/p><blockquote class=\"wp-block-quote is-layout-flow wp-block-quote-is-layout-flow\">\n<p>&laquo; C&rsquo;est un nouvel esprit de fraternit&eacute;. On s&rsquo;accueille tous, on apprend &agrave; se conna&icirc;tre &raquo;, a d&eacute;clar&eacute; Jeanty vendredi, via le <a href=\"https:\/\/www.raiders.com\/news\/energy-is-infectious-raiders-rookie-minicamp-2025-ashton-jeanty-jack-bech\" target=\"_blank\" rel=\"noreferrer noopener\" class=\"trk-cta-link\" data-cta-trk='{\"ctaType\":\"Link\",\"ctaSubType\":\"main\"}'>site officiel des Raiders<\/a>. &laquo; Pete Carroll disait hier que nous devons tous &ecirc;tre connect&eacute;s et cr&eacute;er des liens, et c&rsquo;est ce qui fera de nous une meilleure &eacute;quipe et de meilleurs co&eacute;quipiers. &raquo;&nbsp;<\/p>\n<\/blockquote><p>Las Vegas sort d&rsquo;une saison catastrophique, avec un bilan de 4 victoires pour 13 d&eacute;faites, terminant dernier de l&rsquo;AFC Ouest et manquant les playoffs pour la troisi&egrave;me ann&eacute;e cons&eacute;cutive et la septi&egrave;me fois en huit ans. Avec seulement 1 357 yards &agrave; la course l&rsquo;an pass&eacute;, Las Vegas pourrait difficilement faire pire.&nbsp;<\/p><p>Choisi en 6e position, Jeanty est le running back s&eacute;lectionn&eacute; le plus haut par les Raiders depuis Darren McFadden (4e choix en 2008) et le premier RB choisi au premier tour depuis Josh Jacobs en 2019.&nbsp;<\/p><h3 class=\"wp-block-heading\">Le running back savoure son entr&eacute;e en NFL&nbsp;<\/h3><p>Arriver en NFL est un r&ecirc;ve pour beaucoup, et Ashton Jeanty n&rsquo;y fait pas exception. Alors que le camp des rookies a d&eacute;but&eacute; samedi dernier, le jeune homme a avou&eacute; qu&rsquo;il commen&ccedil;ait &agrave; r&eacute;aliser son &laquo; r&ecirc;ve de toujours &raquo;.&nbsp;<\/p><blockquote class=\"wp-block-quote is-layout-flow wp-block-quote-is-layout-flow\">\n<p>&laquo; Je suis juste b&eacute;ni d&rsquo;&ecirc;tre ici. Je suis heureux de continuer ce processus et d&rsquo;apprendre &raquo;, a-t-il d&eacute;clar&eacute;. &laquo; Ce n&rsquo;est que le premier jour, donc je n&rsquo;ai pas encore vraiment d&rsquo;impression, mais je vais tout faire pour apprendre autant que possible. &raquo;&nbsp;<\/p>\n<\/blockquote><ul class=\"wp-block-list\">\n<li><strong>Lire aussi :<\/strong><\/li>\n<\/ul><p><a href=\"https:\/\/theplayoffs.news\/fr\/actualite-nfl\/aaron-rodgers-chez-les-steelers-juste-une-question-de-temps\/\" target=\"_blank\" rel=\"noreferrer noopener\" class=\"trk-cta-link\" data-cta-trk='{\"ctaType\":\"Link\",\"ctaSubType\":\"main\"}'>Aaron Rodgers chez les Steelers : juste une question de temps ?<\/a><\/p><p><a href=\"https:\/\/theplayoffs.news\/fr\/actualite-nfl\/nfl-2025-le-calendrier-des-matchs-internationaux-est-connu\/\" target=\"_blank\" rel=\"noreferrer noopener\" class=\"trk-cta-link\" data-cta-trk='{\"ctaType\":\"Link\",\"ctaSubType\":\"main\"}'>NFL 2025 : Le calendrier des matchs internationaux est connu<\/a><\/p><p>Il reste encore plusieurs mois au rookie pour apprendre les rouages de la NFL et d&eacute;velopper un maximum de complicit&eacute; avec ses co&eacute;quipiers. Annonc&eacute; comme un futur top coureur, il sera &eacute;videmment tr&egrave;s attendu et devra montrer l&rsquo;&eacute;tendue de son talent d&egrave;s les matchs de pr&eacute;-saison au mois d&rsquo;ao&ucirc;t, avant de se lancer dans le grand bain d&eacute;but septembre. Date &agrave; laquelle nous pourrons peut-&ecirc;tre assister &agrave; un renouveau du jeu au sol des Raiders pour la saison 2025.&nbsp;<\/p><p>Une chose est s&ucirc;re en tout cas : dans le football am&eacute;ricain comme dans tous les sports collectifs, l&rsquo;union fait la force. Et c&rsquo;est peut-&ecirc;tre ce qui a manqu&eacute; &agrave; Las Vegas ces derni&egrave;res ann&eacute;es&hellip;<\/p><p>Cr&eacute;dit photo : Candice Ward-Imagn Images<\/p>\n","protected":false},"excerpt":{"rendered":"","protected":false},"author":180310250,"featured_media":1491394,"comment_status":"closed","ping_status":"closed","sticky":false,"template":"","format":"standard","meta":{"inline_featured_image":false,"kia_subtitle":"","_mux_skip_reasons":[],"proofreadBy":0,"footnotes":""},"categories":[118,40,8408],"tags":[8107,796,79],"sport":[2785],"saison":[7475],"class_list":["post-1491393","post","type-post","status-publish","format-standard","has-post-thumbnail","hentry","category-actualite-nfl","category-nfl","category-sports","tag-ashton-jeanty","tag-las-vegas-raiders","tag-nfl","sport-nfl","saison-7475"],"acf":[],"yoast_head":"<!-- This site is optimized with the Yoast SEO plugin v24.2 - https:\/\/yoast.com\/wordpress\/plugins\/seo\/ -->\n<title>Ashton Jeanty veut b&acirc;tir &ldquo;un esprit de fraternit&eacute;&rdquo; - The Playoffs FR<\/title>\n<meta name=\"description\" content=\"Ashton Jeanty aura la lourde t&acirc;che de relancer le jeu au sol des Raiders d&egrave;s la saison 2025 et compte sur l&#039;unit&eacute; collective pour &ccedil;a.\" \/>\n<meta name=\"robots\" content=\"index, follow, max-snippet:-1, max-image-preview:large, max-video-preview:-1\" \/>\n<link rel=\"canonical\" href=\"https:\/\/theplayoffs.news\/fr\/actualite-nfl\/ashton-jeanty-veut-batir-un-esprit-de-fraternite\/\" \/>\n<meta property=\"og:locale\" content=\"fr_FR\" \/>\n<meta property=\"og:type\" content=\"article\" \/>\n<meta property=\"og:title\" content=\"Ashton Jeanty veut b&acirc;tir &ldquo;un esprit de fraternit&eacute;&rdquo; - The Playoffs FR\" \/>\n<meta property=\"og:description\" content=\"Ashton Jeanty aura la lourde t&acirc;che de relancer le jeu au sol des Raiders d&egrave;s la saison 2025 et compte sur l&#039;unit&eacute; collective pour &ccedil;a.\" \/>\n<meta property=\"og:url\" content=\"https:\/\/theplayoffs.news\/fr\/actualite-nfl\/ashton-jeanty-veut-batir-un-esprit-de-fraternite\/\" \/>\n<meta property=\"og:site_name\" content=\"The Playoffs FR\" \/>\n<meta property=\"article:publisher\" content=\"https:\/\/www.facebook.com\/TheFreeAgentFR\/\" \/>\n<meta property=\"article:modified_time\" content=\"2025-05-14T12:44:51+02:00\" \/>\n<meta property=\"og:image\" content=\"https:\/\/theplayoffs.news\/fr\/wp-content\/uploads\/2025\/05\/USATSI_26013507.jpg\" \/>\n\t<meta property=\"og:image:width\" content=\"1920\" \/>\n\t<meta property=\"og:image:height\" content=\"1280\" \/>\n\t<meta property=\"og:image:type\" content=\"image\/jpeg\" \/>\n<meta name=\"author\" content=\"Jean Fabre-Jevanoff\" \/>\n<meta name=\"twitter:card\" content=\"summary_large_image\" \/>\n<meta name=\"twitter:creator\" content=\"@the_jfj_42\" \/>\n<meta name=\"twitter:site\" content=\"@TheFreeAgentFR\" \/>\n<meta name=\"twitter:label1\" content=\"\u00c9crit par\" \/>\n\t<meta name=\"twitter:data1\" content=\"Jean Fabre-Jevanoff\" \/>\n\t<meta name=\"twitter:label2\" content=\"Dur\u00e9e de lecture estim\u00e9e\" \/>\n\t<meta name=\"twitter:data2\" content=\"3 minutes\" \/>\n<script type=\"application\/ld+json\" class=\"yoast-schema-graph\">{\"@context\":\"https:\/\/schema.org\",\"@graph\":[{\"@type\":\"WebPage\",\"@id\":\"https:\/\/theplayoffs.news\/fr\/actualite-nfl\/ashton-jeanty-veut-batir-un-esprit-de-fraternite\/\",\"url\":\"https:\/\/theplayoffs.news\/fr\/actualite-nfl\/ashton-jeanty-veut-batir-un-esprit-de-fraternite\/\",\"name\":\"Ashton Jeanty veut b\u00e2tir \u201cun esprit de fraternit\u00e9\u201d - The Playoffs FR\",\"isPartOf\":{\"@id\":\"https:\/\/theplayoffs.news\/fr\/#website\"},\"primaryImageOfPage\":{\"@id\":\"https:\/\/theplayoffs.news\/fr\/actualite-nfl\/ashton-jeanty-veut-batir-un-esprit-de-fraternite\/#primaryimage\"},\"image\":{\"@id\":\"https:\/\/theplayoffs.news\/fr\/actualite-nfl\/ashton-jeanty-veut-batir-un-esprit-de-fraternite\/#primaryimage\"},\"thumbnailUrl\":\"https:\/\/theplayoffs.news\/fr\/wp-content\/uploads\/2025\/05\/USATSI_26013507.jpg\",\"datePublished\":\"2025-05-14T10:44:44+00:00\",\"dateModified\":\"2025-05-14T10:44:51+00:00\",\"author\":{\"@id\":\"https:\/\/theplayoffs.news\/fr\/#\/schema\/person\/1ea25b88e79fe4fabd657430b0013d3d\"},\"description\":\"Ashton Jeanty aura la lourde t\u00e2che de relancer le jeu au sol des Raiders d\u00e8s la saison 2025 et compte sur l\\\\'unit\u00e9 collective pour \u00e7a.\",\"breadcrumb\":{\"@id\":\"https:\/\/theplayoffs.news\/fr\/actualite-nfl\/ashton-jeanty-veut-batir-un-esprit-de-fraternite\/#breadcrumb\"},\"inLanguage\":\"fr-FR\",\"potentialAction\":[{\"@type\":\"ReadAction\",\"target\":[\"https:\/\/theplayoffs.news\/fr\/actualite-nfl\/ashton-jeanty-veut-batir-un-esprit-de-fraternite\/\"]}]},{\"@type\":\"ImageObject\",\"inLanguage\":\"fr-FR\",\"@id\":\"https:\/\/theplayoffs.news\/fr\/actualite-nfl\/ashton-jeanty-veut-batir-un-esprit-de-fraternite\/#primaryimage\",\"url\":\"https:\/\/theplayoffs.news\/fr\/wp-content\/uploads\/2025\/05\/USATSI_26013507.jpg\",\"contentUrl\":\"https:\/\/theplayoffs.news\/fr\/wp-content\/uploads\/2025\/05\/USATSI_26013507.jpg\",\"width\":1920,\"height\":1280,\"caption\":\"Apr 25, 2025; Henderson, NV, USA; Las Vegas Raiders first round draft pick in the 2025 NFL Draft Ashton Jeanty, speaks to the media at Intermountain Health Performance Center. Mandatory Credit: Candice Ward-Imagn Images\"},{\"@type\":\"BreadcrumbList\",\"@id\":\"https:\/\/theplayoffs.news\/fr\/actualite-nfl\/ashton-jeanty-veut-batir-un-esprit-de-fraternite\/#breadcrumb\",\"itemListElement\":[{\"@type\":\"ListItem\",\"position\":1,\"name\":\"Accueil\",\"item\":\"https:\/\/theplayoffs.news\/fr\/\"},{\"@type\":\"ListItem\",\"position\":2,\"name\":\"Ashton Jeanty veut b\u00e2tir \u201cun esprit de fraternit\u00e9\u201d\"}]},{\"@type\":\"WebSite\",\"@id\":\"https:\/\/theplayoffs.news\/fr\/#website\",\"url\":\"https:\/\/theplayoffs.news\/fr\/\",\"name\":\"The Playoffs FR\",\"description\":\"NBA-NFL-NHL-MLB\",\"potentialAction\":[{\"@type\":\"SearchAction\",\"target\":{\"@type\":\"EntryPoint\",\"urlTemplate\":\"https:\/\/theplayoffs.news\/fr\/?s={search_term_string}\"},\"query-input\":{\"@type\":\"PropertyValueSpecification\",\"valueRequired\":true,\"valueName\":\"search_term_string\"}}],\"inLanguage\":\"fr-FR\"},{\"@type\":\"Person\",\"@id\":\"https:\/\/theplayoffs.news\/fr\/#\/schema\/person\/1ea25b88e79fe4fabd657430b0013d3d\",\"name\":\"Jean Fabre-Jevanoff\",\"image\":{\"@type\":\"ImageObject\",\"inLanguage\":\"fr-FR\",\"@id\":\"https:\/\/theplayoffs.news\/fr\/#\/schema\/person\/image\/\",\"url\":\"https:\/\/secure.gravatar.com\/avatar\/18b28dab1159eebc6a17b9787eb8cbbe3242c3d0e8b53b89332f6dc1133aa361?s=96&d=mm&r=g\",\"contentUrl\":\"https:\/\/secure.gravatar.com\/avatar\/18b28dab1159eebc6a17b9787eb8cbbe3242c3d0e8b53b89332f6dc1133aa361?s=96&d=mm&r=g\",\"caption\":\"Jean Fabre-Jevanoff\"},\"description\":\"Journaliste polyvalent sur le football am\u00e9ricain, j\u2019\u00e9cris aussi des articles sur le basket. Commentateur sur Twitch et sur YouTube. Pass\u00e9 par Eurosport notamment. Un mix d\u2019Eminem et de OBJ, fan inconditionnel de Patrick Mahomes et Lebron James\",\"sameAs\":[\"https:\/\/www.instagram.com\/_juaniitooo_\",\"https:\/\/www.linkedin.com\/in\/jean-fabre-jevanoff-84bb9b1a9\/\",\"https:\/\/x.com\/the_jfj_42\"],\"url\":\"https:\/\/theplayoffs.news\/fr\/author\/jeanfj42gmail-com\/\"}]}<\/script>\n<!-- \/ Yoast SEO plugin. -->","yoast_head_json":{"title":"Ashton Jeanty veut b&acirc;tir &ldquo;un esprit de fraternit&eacute;&rdquo; - The Playoffs FR","description":"Ashton Jeanty aura la lourde t&acirc;che de relancer le jeu au sol des Raiders d&egrave;s la saison 2025 et compte sur l&#039;unit&eacute; collective pour &ccedil;a.","robots":{"index":"index","follow":"follow","max-snippet":"max-snippet:-1","max-image-preview":"max-image-preview:large","max-video-preview":"max-video-preview:-1"},"canonical":"https:\/\/theplayoffs.news\/fr\/actualite-nfl\/ashton-jeanty-veut-batir-un-esprit-de-fraternite\/","og_locale":"fr_FR","og_type":"article","og_title":"Ashton Jeanty veut b&acirc;tir &ldquo;un esprit de fraternit&eacute;&rdquo; - The Playoffs FR","og_description":"Ashton Jeanty aura la lourde t&acirc;che de relancer le jeu au sol des Raiders d&egrave;s la saison 2025 et compte sur l&#039;unit&eacute; collective pour &ccedil;a.","og_url":"https:\/\/theplayoffs.news\/fr\/actualite-nfl\/ashton-jeanty-veut-batir-un-esprit-de-fraternite\/","og_site_name":"The Playoffs FR","article_publisher":"https:\/\/www.facebook.com\/TheFreeAgentFR\/","article_modified_time":"2025-05-14T10:44:51+00:00","og_image":[{"width":1920,"height":1280,"url":"https:\/\/theplayoffs.news\/fr\/wp-content\/uploads\/2025\/05\/USATSI_26013507.jpg","type":"image\/jpeg"}],"author":"Jean Fabre-Jevanoff","twitter_card":"summary_large_image","twitter_creator":"@the_jfj_42","twitter_site":"@TheFreeAgentFR","twitter_misc":{"\u00c9crit par":"Jean Fabre-Jevanoff","Dur\u00e9e de lecture estim\u00e9e":"3 minutes"},"schema":{"@context":"https:\/\/schema.org","@graph":[{"@type":"WebPage","@id":"https:\/\/theplayoffs.news\/fr\/actualite-nfl\/ashton-jeanty-veut-batir-un-esprit-de-fraternite\/","url":"https:\/\/theplayoffs.news\/fr\/actualite-nfl\/ashton-jeanty-veut-batir-un-esprit-de-fraternite\/","name":"Ashton Jeanty veut b\u00e2tir \u201cun esprit de fraternit\u00e9\u201d - The Playoffs FR","isPartOf":{"@id":"https:\/\/theplayoffs.news\/fr\/#website"},"primaryImageOfPage":{"@id":"https:\/\/theplayoffs.news\/fr\/actualite-nfl\/ashton-jeanty-veut-batir-un-esprit-de-fraternite\/#primaryimage"},"image":{"@id":"https:\/\/theplayoffs.news\/fr\/actualite-nfl\/ashton-jeanty-veut-batir-un-esprit-de-fraternite\/#primaryimage"},"thumbnailUrl":"https:\/\/theplayoffs.news\/fr\/wp-content\/uploads\/2025\/05\/USATSI_26013507.jpg","datePublished":"2025-05-14T10:44:44+00:00","dateModified":"2025-05-14T10:44:51+00:00","author":{"@id":"https:\/\/theplayoffs.news\/fr\/#\/schema\/person\/1ea25b88e79fe4fabd657430b0013d3d"},"description":"Ashton Jeanty aura la lourde t\u00e2che de relancer le jeu au sol des Raiders d\u00e8s la saison 2025 et compte sur l\\'unit\u00e9 collective pour \u00e7a.","breadcrumb":{"@id":"https:\/\/theplayoffs.news\/fr\/actualite-nfl\/ashton-jeanty-veut-batir-un-esprit-de-fraternite\/#breadcrumb"},"inLanguage":"fr-FR","potentialAction":[{"@type":"ReadAction","target":["https:\/\/theplayoffs.news\/fr\/actualite-nfl\/ashton-jeanty-veut-batir-un-esprit-de-fraternite\/"]}]},{"@type":"ImageObject","inLanguage":"fr-FR","@id":"https:\/\/theplayoffs.news\/fr\/actualite-nfl\/ashton-jeanty-veut-batir-un-esprit-de-fraternite\/#primaryimage","url":"https:\/\/theplayoffs.news\/fr\/wp-content\/uploads\/2025\/05\/USATSI_26013507.jpg","contentUrl":"https:\/\/theplayoffs.news\/fr\/wp-content\/uploads\/2025\/05\/USATSI_26013507.jpg","width":1920,"height":1280,"caption":"Apr 25, 2025; Henderson, NV, USA; Las Vegas Raiders first round draft pick in the 2025 NFL Draft Ashton Jeanty, speaks to the media at Intermountain Health Performance Center. Mandatory Credit: Candice Ward-Imagn Images"},{"@type":"BreadcrumbList","@id":"https:\/\/theplayoffs.news\/fr\/actualite-nfl\/ashton-jeanty-veut-batir-un-esprit-de-fraternite\/#breadcrumb","itemListElement":[{"@type":"ListItem","position":1,"name":"Accueil","item":"https:\/\/theplayoffs.news\/fr\/"},{"@type":"ListItem","position":2,"name":"Ashton Jeanty veut b\u00e2tir \u201cun esprit de fraternit\u00e9\u201d"}]},{"@type":"WebSite","@id":"https:\/\/theplayoffs.news\/fr\/#website","url":"https:\/\/theplayoffs.news\/fr\/","name":"The Playoffs FR","description":"NBA-NFL-NHL-MLB","potentialAction":[{"@type":"SearchAction","target":{"@type":"EntryPoint","urlTemplate":"https:\/\/theplayoffs.news\/fr\/?s={search_term_string}"},"query-input":{"@type":"PropertyValueSpecification","valueRequired":true,"valueName":"search_term_string"}}],"inLanguage":"fr-FR"},{"@type":"Person","@id":"https:\/\/theplayoffs.news\/fr\/#\/schema\/person\/1ea25b88e79fe4fabd657430b0013d3d","name":"Jean Fabre-Jevanoff","image":{"@type":"ImageObject","inLanguage":"fr-FR","@id":"https:\/\/theplayoffs.news\/fr\/#\/schema\/person\/image\/","url":"https:\/\/secure.gravatar.com\/avatar\/18b28dab1159eebc6a17b9787eb8cbbe3242c3d0e8b53b89332f6dc1133aa361?s=96&d=mm&r=g","contentUrl":"https:\/\/secure.gravatar.com\/avatar\/18b28dab1159eebc6a17b9787eb8cbbe3242c3d0e8b53b89332f6dc1133aa361?s=96&d=mm&r=g","caption":"Jean Fabre-Jevanoff"},"description":"Journaliste polyvalent sur le football am\u00e9ricain, j\u2019\u00e9cris aussi des articles sur le basket. Commentateur sur Twitch et sur YouTube. Pass\u00e9 par Eurosport notamment. Un mix d\u2019Eminem et de OBJ, fan inconditionnel de Patrick Mahomes et Lebron James","sameAs":["https:\/\/www.instagram.com\/_juaniitooo_","https:\/\/www.linkedin.com\/in\/jean-fabre-jevanoff-84bb9b1a9\/","https:\/\/x.com\/the_jfj_42"],"url":"https:\/\/theplayoffs.news\/fr\/author\/jeanfj42gmail-com\/"}]}},"_links":{"self":[{"href":"https:\/\/theplayoffs.news\/fr\/wp-json\/wp\/v2\/posts\/1491393","targetHints":{"allow":["GET"]}}],"collection":[{"href":"https:\/\/theplayoffs.news\/fr\/wp-json\/wp\/v2\/posts"}],"about":[{"href":"https:\/\/theplayoffs.news\/fr\/wp-json\/wp\/v2\/types\/post"}],"author":[{"embeddable":true,"href":"https:\/\/theplayoffs.news\/fr\/wp-json\/wp\/v2\/users\/180310250"}],"replies":[{"embeddable":true,"href":"https:\/\/theplayoffs.news\/fr\/wp-json\/wp\/v2\/comments?post=1491393"}],"version-history":[{"count":1,"href":"https:\/\/theplayoffs.news\/fr\/wp-json\/wp\/v2\/posts\/1491393\/revisions"}],"predecessor-version":[{"id":1491395,"href":"https:\/\/theplayoffs.news\/fr\/wp-json\/wp\/v2\/posts\/1491393\/revisions\/1491395"}],"wp:featuredmedia":[{"embeddable":true,"href":"https:\/\/theplayoffs.news\/fr\/wp-json\/wp\/v2\/media\/1491394"}],"wp:attachment":[{"href":"https:\/\/theplayoffs.news\/fr\/wp-json\/wp\/v2\/media?parent=1491393"}],"wp:term":[{"taxonomy":"category","embeddable":true,"href":"https:\/\/theplayoffs.news\/fr\/wp-json\/wp\/v2\/categories?post=1491393"},{"taxonomy":"post_tag","embeddable":true,"href":"https:\/\/theplayoffs.news\/fr\/wp-json\/wp\/v2\/tags?post=1491393"},{"taxonomy":"sport","embeddable":true,"href":"https:\/\/theplayoffs.news\/fr\/wp-json\/wp\/v2\/sport?post=1491393"},{"taxonomy":"saison","embeddable":true,"href":"https:\/\/theplayoffs.news\/fr\/wp-json\/wp\/v2\/saison?post=1491393"}],"curies":[{"name":"wp","href":"https:\/\/api.w.org\/{rel}","templated":true}]}}