{"id":1491216,"date":"2025-05-12T19:04:53","date_gmt":"2025-05-12T17:04:53","guid":{"rendered":"https:\/\/theplayoffs.news\/fr\/uncategorized\/\/"},"modified":"2025-05-12T19:05:00","modified_gmt":"2025-05-12T17:05:00","slug":"michael-jordan-va-rejoindre-nbc-en-tant-que-contributeur-special-pour-la-nba","status":"publish","type":"post","link":"https:\/\/theplayoffs.news\/fr\/actualite-nba\/michael-jordan-va-rejoindre-nbc-en-tant-que-contributeur-special-pour-la-nba\/","title":{"rendered":"Michael Jordan va rejoindre NBC en tant que \u00ab contributeur sp\u00e9cial \u00bb pour la NBA"},"content":{"rendered":"<p>Consid&eacute;r&eacute; comme le GOAT (plus grand joueur de basketball de tous les temps), bien que LeBron James lui soit parfois oppos&eacute;, la l&eacute;gende des Chicago Bulls et de la NBA, Michael Jordan, s&rsquo;appr&ecirc;te &agrave; reprendre du service.<\/p><p><a href=\"https:\/\/ca.sports.yahoo.com\/news\/michael-jordan-will-be-a-special-contributor-to-nbcs-coverage-of-the-nba-151803007.html?guccounter=1&amp;guce_referrer=aHR0cHM6Ly9iYXNrZXRuZXdzLmNvbS8&amp;guce_referrer_sig=AQAAAAOi2yD6FkwPDNmYUPrOsc8P_KGqxiVNnoevk7ISlZmZfWxu5nfmO-PmerwLwsVZsYNkfvQ_SftSIwVTY4Tk8APvCzUQ7bVvwORqeEMPShTGZhgqnRlXixTgO1oJo71jtsTvn8RBuiHlCB5bynEkKiSypADyBecrX-9F8UKCLMzw\" target=\"_blank\" rel=\"noreferrer noopener\" class=\"trk-cta-link\" data-cta-trk='{\"ctaType\":\"Link\",\"ctaSubType\":\"main\"}'>Yahoo Sports<\/a> rapporte que Jordan rejoindra NBC et Peacock en tant que &laquo;&nbsp;contributeur sp&eacute;cial&nbsp;&raquo; NBA d&egrave;s la saison prochaine. Un nouveau r&ocirc;le pour lui, apr&egrave;s avoir brill&eacute; en tant que joueur puis dirig&eacute; une franchise (les Hornets).<\/p><figure class=\"wp-block-embed is-type-rich is-provider-twitter wp-block-embed-twitter\"><div class=\"wp-block-embed__wrapper\">\n<blockquote class=\"twitter-tweet\" data-width=\"500\" data-dnt=\"true\"><p lang=\"en\" dir=\"ltr\">A legendary addition to our team!<br><br>We&rsquo;re thrilled to welcome Michael Jordan as a special contributor to the NBA on NBC and Peacock. <a href=\"https:\/\/t.co\/Pjsq8tokfi\" class=\"trk-cta-link\" data-cta-trk='{\"ctaType\":\"Link\",\"ctaSubType\":\"main\"}'>pic.twitter.com\/Pjsq8tokfi<\/a><\/p>&mdash; NBA on NBC and Peacock (@NBAonNBC) <a href=\"https:\/\/twitter.com\/NBAonNBC\/status\/1921944482917806384?ref_src=twsrc%5Etfw\" class=\"trk-cta-link\" data-cta-trk='{\"ctaType\":\"Link\",\"ctaSubType\":\"main\"}'>May 12, 2025<\/a><\/blockquote><script async src=\"https:\/\/platform.twitter.com\/widgets.js\" charset=\"utf-8\"><\/script>\n<\/div><\/figure><p>Ce retour marque un &eacute;v&eacute;nement majeur pour NBC, qui n&rsquo;avait plus diffus&eacute; de matchs NBA depuis plus de vingt ans. La cha&icirc;ne avait notamment couvert la ligue durant l&rsquo;&egrave;re Jordan, entre 1990 et 2002.<\/p><ul class=\"wp-block-list\">\n<li><strong>Lire aussi :<\/strong><\/li>\n<\/ul><p><a href=\"https:\/\/theplayoffs.news\/fr\/actualite-nba\/quarrive-t-il-a-nikola-jokic\/\" target=\"_blank\" rel=\"noreferrer noopener\" class=\"trk-cta-link\" data-cta-trk='{\"ctaType\":\"Link\",\"ctaSubType\":\"main\"}'>Qu&rsquo;arrive-t-il &agrave; Nikola Jokic, m&eacute;connaissable face au Thunder ?<\/a><\/p><p><a href=\"https:\/\/theplayoffs.news\/fr\/actualite-nba\/les-sixers-esperent-re-signer-yabusele\/\" target=\"_blank\" rel=\"noreferrer noopener\" class=\"trk-cta-link\" data-cta-trk='{\"ctaType\":\"Link\",\"ctaSubType\":\"main\"}'>Les Sixers esp&egrave;rent re-signer Guerschon Yabusele<\/a><\/p><p>NBC revient comme diffuseur de la NBA aux c&ocirc;t&eacute;s d&rsquo;Amazon Prime Video, rejoignant ainsi ESPN dans le cadre du nouveau contrat de droits t&eacute;l&eacute;vis&eacute;s de 11 ans et 76 milliards de dollars, qui d&eacute;butera la saison prochaine.<\/p><p>Le r&ocirc;le exact de Michael Jordan au sein de NBC n&rsquo;a pas encore &eacute;t&eacute; pr&eacute;cis&eacute;. Pour l&rsquo;instant, on sait simplement qu&rsquo;il rejoindra la cha&icirc;ne en tant que &laquo; contributeur sp&eacute;cial &raquo;, selon les termes employ&eacute;s par le m&eacute;dia am&eacute;ricain. H&acirc;te de voir &ccedil;a !<\/p><p>Cr&eacute;dit photo : Gary A. Vasquez-Imagn Images<\/p><p><\/p>\n","protected":false},"excerpt":{"rendered":"","protected":false},"author":180310250,"featured_media":1491220,"comment_status":"closed","ping_status":"closed","sticky":false,"template":"","format":"standard","meta":{"inline_featured_image":false,"kia_subtitle":"","_mux_skip_reasons":[],"proofreadBy":0,"footnotes":""},"categories":[110,8414,10,8408],"tags":[886,23,2558],"sport":[2783],"saison":[7475],"class_list":["post-1491216","post","type-post","status-publish","format-standard","has-post-thumbnail","hentry","category-actualite-nba","category-basketball-sports","category-nba","category-sports","tag-michael-jordan","tag-nba-tag","tag-nbc","sport-nba","saison-7475"],"acf":[],"yoast_head":"<!-- This site is optimized with the Yoast SEO plugin v24.2 - https:\/\/yoast.com\/wordpress\/plugins\/seo\/ -->\n<title>Michael Jordan va rejoindre NBC pour la NBA<\/title>\n<meta name=\"description\" content=\"Michael Jordan va rejoindre NBC et Peacock en tant que &quot;contributeur sp&eacute;cial&quot; pour la NBA d&egrave;s la saison prochaine.\" \/>\n<meta name=\"robots\" content=\"index, follow, max-snippet:-1, max-image-preview:large, max-video-preview:-1\" \/>\n<link rel=\"canonical\" href=\"https:\/\/theplayoffs.news\/fr\/actualite-nba\/michael-jordan-va-rejoindre-nbc-en-tant-que-contributeur-special-pour-la-nba\/\" \/>\n<meta property=\"og:locale\" content=\"fr_FR\" \/>\n<meta property=\"og:type\" content=\"article\" \/>\n<meta property=\"og:title\" content=\"Michael Jordan va rejoindre NBC pour la NBA\" \/>\n<meta property=\"og:description\" content=\"Michael Jordan va rejoindre NBC et Peacock en tant que &quot;contributeur sp&eacute;cial&quot; pour la NBA d&egrave;s la saison prochaine.\" \/>\n<meta property=\"og:url\" content=\"https:\/\/theplayoffs.news\/fr\/actualite-nba\/michael-jordan-va-rejoindre-nbc-en-tant-que-contributeur-special-pour-la-nba\/\" \/>\n<meta property=\"og:site_name\" content=\"The Playoffs FR\" \/>\n<meta property=\"article:publisher\" content=\"https:\/\/www.facebook.com\/TheFreeAgentFR\/\" \/>\n<meta property=\"article:modified_time\" content=\"2025-05-12T19:05:00+02:00\" \/>\n<meta property=\"og:image\" content=\"https:\/\/theplayoffs.news\/fr\/wp-content\/uploads\/2025\/05\/USATSI_24721389.jpg\" \/>\n\t<meta property=\"og:image:width\" content=\"1920\" \/>\n\t<meta property=\"og:image:height\" content=\"1280\" \/>\n\t<meta property=\"og:image:type\" content=\"image\/jpeg\" \/>\n<meta name=\"author\" content=\"Jean Fabre-Jevanoff\" \/>\n<meta name=\"twitter:card\" content=\"summary_large_image\" \/>\n<meta name=\"twitter:creator\" content=\"@the_jfj_42\" \/>\n<meta name=\"twitter:site\" content=\"@TheFreeAgentFR\" \/>\n<meta name=\"twitter:label1\" content=\"\u00c9crit par\" \/>\n\t<meta name=\"twitter:data1\" content=\"Jean Fabre-Jevanoff\" \/>\n\t<meta name=\"twitter:label2\" content=\"Dur\u00e9e de lecture estim\u00e9e\" \/>\n\t<meta name=\"twitter:data2\" content=\"2 minutes\" \/>\n<script type=\"application\/ld+json\" class=\"yoast-schema-graph\">{\"@context\":\"https:\/\/schema.org\",\"@graph\":[{\"@type\":\"WebPage\",\"@id\":\"https:\/\/theplayoffs.news\/fr\/actualite-nba\/michael-jordan-va-rejoindre-nbc-en-tant-que-contributeur-special-pour-la-nba\/\",\"url\":\"https:\/\/theplayoffs.news\/fr\/actualite-nba\/michael-jordan-va-rejoindre-nbc-en-tant-que-contributeur-special-pour-la-nba\/\",\"name\":\"Michael Jordan va rejoindre NBC pour la NBA\",\"isPartOf\":{\"@id\":\"https:\/\/theplayoffs.news\/fr\/#website\"},\"primaryImageOfPage\":{\"@id\":\"https:\/\/theplayoffs.news\/fr\/actualite-nba\/michael-jordan-va-rejoindre-nbc-en-tant-que-contributeur-special-pour-la-nba\/#primaryimage\"},\"image\":{\"@id\":\"https:\/\/theplayoffs.news\/fr\/actualite-nba\/michael-jordan-va-rejoindre-nbc-en-tant-que-contributeur-special-pour-la-nba\/#primaryimage\"},\"thumbnailUrl\":\"https:\/\/theplayoffs.news\/fr\/wp-content\/uploads\/2025\/05\/USATSI_24721389.jpg\",\"datePublished\":\"2025-05-12T17:04:53+00:00\",\"dateModified\":\"2025-05-12T17:05:00+00:00\",\"author\":{\"@id\":\"https:\/\/theplayoffs.news\/fr\/#\/schema\/person\/1ea25b88e79fe4fabd657430b0013d3d\"},\"description\":\"Michael Jordan va rejoindre NBC et Peacock en tant que \\\\\\\"contributeur sp\u00e9cial\\\\\\\" pour la NBA d\u00e8s la saison prochaine.\",\"breadcrumb\":{\"@id\":\"https:\/\/theplayoffs.news\/fr\/actualite-nba\/michael-jordan-va-rejoindre-nbc-en-tant-que-contributeur-special-pour-la-nba\/#breadcrumb\"},\"inLanguage\":\"fr-FR\",\"potentialAction\":[{\"@type\":\"ReadAction\",\"target\":[\"https:\/\/theplayoffs.news\/fr\/actualite-nba\/michael-jordan-va-rejoindre-nbc-en-tant-que-contributeur-special-pour-la-nba\/\"]}]},{\"@type\":\"ImageObject\",\"inLanguage\":\"fr-FR\",\"@id\":\"https:\/\/theplayoffs.news\/fr\/actualite-nba\/michael-jordan-va-rejoindre-nbc-en-tant-que-contributeur-special-pour-la-nba\/#primaryimage\",\"url\":\"https:\/\/theplayoffs.news\/fr\/wp-content\/uploads\/2025\/05\/USATSI_24721389.jpg\",\"contentUrl\":\"https:\/\/theplayoffs.news\/fr\/wp-content\/uploads\/2025\/05\/USATSI_24721389.jpg\",\"width\":1920,\"height\":1280,\"caption\":\"Nov 9, 2024; Avondale, Arizona, USA; 23XI Racing team owner Michael Jordan during qualifying for the Cup Series championship race at Phoenix Raceway. Mandatory Credit: Gary A. Vasquez-Imagn Images\"},{\"@type\":\"BreadcrumbList\",\"@id\":\"https:\/\/theplayoffs.news\/fr\/actualite-nba\/michael-jordan-va-rejoindre-nbc-en-tant-que-contributeur-special-pour-la-nba\/#breadcrumb\",\"itemListElement\":[{\"@type\":\"ListItem\",\"position\":1,\"name\":\"Accueil\",\"item\":\"https:\/\/theplayoffs.news\/fr\/\"},{\"@type\":\"ListItem\",\"position\":2,\"name\":\"Michael Jordan va rejoindre NBC en tant que \u00ab contributeur sp\u00e9cial \u00bb pour la NBA\"}]},{\"@type\":\"WebSite\",\"@id\":\"https:\/\/theplayoffs.news\/fr\/#website\",\"url\":\"https:\/\/theplayoffs.news\/fr\/\",\"name\":\"The Playoffs FR\",\"description\":\"NBA-NFL-NHL-MLB\",\"potentialAction\":[{\"@type\":\"SearchAction\",\"target\":{\"@type\":\"EntryPoint\",\"urlTemplate\":\"https:\/\/theplayoffs.news\/fr\/?s={search_term_string}\"},\"query-input\":{\"@type\":\"PropertyValueSpecification\",\"valueRequired\":true,\"valueName\":\"search_term_string\"}}],\"inLanguage\":\"fr-FR\"},{\"@type\":\"Person\",\"@id\":\"https:\/\/theplayoffs.news\/fr\/#\/schema\/person\/1ea25b88e79fe4fabd657430b0013d3d\",\"name\":\"Jean Fabre-Jevanoff\",\"image\":{\"@type\":\"ImageObject\",\"inLanguage\":\"fr-FR\",\"@id\":\"https:\/\/theplayoffs.news\/fr\/#\/schema\/person\/image\/\",\"url\":\"https:\/\/secure.gravatar.com\/avatar\/18b28dab1159eebc6a17b9787eb8cbbe3242c3d0e8b53b89332f6dc1133aa361?s=96&d=mm&r=g\",\"contentUrl\":\"https:\/\/secure.gravatar.com\/avatar\/18b28dab1159eebc6a17b9787eb8cbbe3242c3d0e8b53b89332f6dc1133aa361?s=96&d=mm&r=g\",\"caption\":\"Jean Fabre-Jevanoff\"},\"description\":\"Journaliste polyvalent sur le football am\u00e9ricain, j\u2019\u00e9cris aussi des articles sur le basket. Commentateur sur Twitch et sur YouTube. Pass\u00e9 par Eurosport notamment. Un mix d\u2019Eminem et de OBJ, fan inconditionnel de Patrick Mahomes et Lebron James\",\"sameAs\":[\"https:\/\/www.instagram.com\/_juaniitooo_\",\"https:\/\/www.linkedin.com\/in\/jean-fabre-jevanoff-84bb9b1a9\/\",\"https:\/\/x.com\/the_jfj_42\"],\"url\":\"https:\/\/theplayoffs.news\/fr\/author\/jeanfj42gmail-com\/\"}]}<\/script>\n<!-- \/ Yoast SEO plugin. -->","yoast_head_json":{"title":"Michael Jordan va rejoindre NBC pour la NBA","description":"Michael Jordan va rejoindre NBC et Peacock en tant que &quot;contributeur sp&eacute;cial&quot; pour la NBA d&egrave;s la saison prochaine.","robots":{"index":"index","follow":"follow","max-snippet":"max-snippet:-1","max-image-preview":"max-image-preview:large","max-video-preview":"max-video-preview:-1"},"canonical":"https:\/\/theplayoffs.news\/fr\/actualite-nba\/michael-jordan-va-rejoindre-nbc-en-tant-que-contributeur-special-pour-la-nba\/","og_locale":"fr_FR","og_type":"article","og_title":"Michael Jordan va rejoindre NBC pour la NBA","og_description":"Michael Jordan va rejoindre NBC et Peacock en tant que &quot;contributeur sp&eacute;cial&quot; pour la NBA d&egrave;s la saison prochaine.","og_url":"https:\/\/theplayoffs.news\/fr\/actualite-nba\/michael-jordan-va-rejoindre-nbc-en-tant-que-contributeur-special-pour-la-nba\/","og_site_name":"The Playoffs FR","article_publisher":"https:\/\/www.facebook.com\/TheFreeAgentFR\/","article_modified_time":"2025-05-12T17:05:00+00:00","og_image":[{"width":1920,"height":1280,"url":"https:\/\/theplayoffs.news\/fr\/wp-content\/uploads\/2025\/05\/USATSI_24721389.jpg","type":"image\/jpeg"}],"author":"Jean Fabre-Jevanoff","twitter_card":"summary_large_image","twitter_creator":"@the_jfj_42","twitter_site":"@TheFreeAgentFR","twitter_misc":{"\u00c9crit par":"Jean Fabre-Jevanoff","Dur\u00e9e de lecture estim\u00e9e":"2 minutes"},"schema":{"@context":"https:\/\/schema.org","@graph":[{"@type":"WebPage","@id":"https:\/\/theplayoffs.news\/fr\/actualite-nba\/michael-jordan-va-rejoindre-nbc-en-tant-que-contributeur-special-pour-la-nba\/","url":"https:\/\/theplayoffs.news\/fr\/actualite-nba\/michael-jordan-va-rejoindre-nbc-en-tant-que-contributeur-special-pour-la-nba\/","name":"Michael Jordan va rejoindre NBC pour la NBA","isPartOf":{"@id":"https:\/\/theplayoffs.news\/fr\/#website"},"primaryImageOfPage":{"@id":"https:\/\/theplayoffs.news\/fr\/actualite-nba\/michael-jordan-va-rejoindre-nbc-en-tant-que-contributeur-special-pour-la-nba\/#primaryimage"},"image":{"@id":"https:\/\/theplayoffs.news\/fr\/actualite-nba\/michael-jordan-va-rejoindre-nbc-en-tant-que-contributeur-special-pour-la-nba\/#primaryimage"},"thumbnailUrl":"https:\/\/theplayoffs.news\/fr\/wp-content\/uploads\/2025\/05\/USATSI_24721389.jpg","datePublished":"2025-05-12T17:04:53+00:00","dateModified":"2025-05-12T17:05:00+00:00","author":{"@id":"https:\/\/theplayoffs.news\/fr\/#\/schema\/person\/1ea25b88e79fe4fabd657430b0013d3d"},"description":"Michael Jordan va rejoindre NBC et Peacock en tant que \\\"contributeur sp\u00e9cial\\\" pour la NBA d\u00e8s la saison prochaine.","breadcrumb":{"@id":"https:\/\/theplayoffs.news\/fr\/actualite-nba\/michael-jordan-va-rejoindre-nbc-en-tant-que-contributeur-special-pour-la-nba\/#breadcrumb"},"inLanguage":"fr-FR","potentialAction":[{"@type":"ReadAction","target":["https:\/\/theplayoffs.news\/fr\/actualite-nba\/michael-jordan-va-rejoindre-nbc-en-tant-que-contributeur-special-pour-la-nba\/"]}]},{"@type":"ImageObject","inLanguage":"fr-FR","@id":"https:\/\/theplayoffs.news\/fr\/actualite-nba\/michael-jordan-va-rejoindre-nbc-en-tant-que-contributeur-special-pour-la-nba\/#primaryimage","url":"https:\/\/theplayoffs.news\/fr\/wp-content\/uploads\/2025\/05\/USATSI_24721389.jpg","contentUrl":"https:\/\/theplayoffs.news\/fr\/wp-content\/uploads\/2025\/05\/USATSI_24721389.jpg","width":1920,"height":1280,"caption":"Nov 9, 2024; Avondale, Arizona, USA; 23XI Racing team owner Michael Jordan during qualifying for the Cup Series championship race at Phoenix Raceway. Mandatory Credit: Gary A. Vasquez-Imagn Images"},{"@type":"BreadcrumbList","@id":"https:\/\/theplayoffs.news\/fr\/actualite-nba\/michael-jordan-va-rejoindre-nbc-en-tant-que-contributeur-special-pour-la-nba\/#breadcrumb","itemListElement":[{"@type":"ListItem","position":1,"name":"Accueil","item":"https:\/\/theplayoffs.news\/fr\/"},{"@type":"ListItem","position":2,"name":"Michael Jordan va rejoindre NBC en tant que \u00ab contributeur sp\u00e9cial \u00bb pour la NBA"}]},{"@type":"WebSite","@id":"https:\/\/theplayoffs.news\/fr\/#website","url":"https:\/\/theplayoffs.news\/fr\/","name":"The Playoffs FR","description":"NBA-NFL-NHL-MLB","potentialAction":[{"@type":"SearchAction","target":{"@type":"EntryPoint","urlTemplate":"https:\/\/theplayoffs.news\/fr\/?s={search_term_string}"},"query-input":{"@type":"PropertyValueSpecification","valueRequired":true,"valueName":"search_term_string"}}],"inLanguage":"fr-FR"},{"@type":"Person","@id":"https:\/\/theplayoffs.news\/fr\/#\/schema\/person\/1ea25b88e79fe4fabd657430b0013d3d","name":"Jean Fabre-Jevanoff","image":{"@type":"ImageObject","inLanguage":"fr-FR","@id":"https:\/\/theplayoffs.news\/fr\/#\/schema\/person\/image\/","url":"https:\/\/secure.gravatar.com\/avatar\/18b28dab1159eebc6a17b9787eb8cbbe3242c3d0e8b53b89332f6dc1133aa361?s=96&d=mm&r=g","contentUrl":"https:\/\/secure.gravatar.com\/avatar\/18b28dab1159eebc6a17b9787eb8cbbe3242c3d0e8b53b89332f6dc1133aa361?s=96&d=mm&r=g","caption":"Jean Fabre-Jevanoff"},"description":"Journaliste polyvalent sur le football am\u00e9ricain, j\u2019\u00e9cris aussi des articles sur le basket. Commentateur sur Twitch et sur YouTube. Pass\u00e9 par Eurosport notamment. Un mix d\u2019Eminem et de OBJ, fan inconditionnel de Patrick Mahomes et Lebron James","sameAs":["https:\/\/www.instagram.com\/_juaniitooo_","https:\/\/www.linkedin.com\/in\/jean-fabre-jevanoff-84bb9b1a9\/","https:\/\/x.com\/the_jfj_42"],"url":"https:\/\/theplayoffs.news\/fr\/author\/jeanfj42gmail-com\/"}]}},"_links":{"self":[{"href":"https:\/\/theplayoffs.news\/fr\/wp-json\/wp\/v2\/posts\/1491216","targetHints":{"allow":["GET"]}}],"collection":[{"href":"https:\/\/theplayoffs.news\/fr\/wp-json\/wp\/v2\/posts"}],"about":[{"href":"https:\/\/theplayoffs.news\/fr\/wp-json\/wp\/v2\/types\/post"}],"author":[{"embeddable":true,"href":"https:\/\/theplayoffs.news\/fr\/wp-json\/wp\/v2\/users\/180310250"}],"replies":[{"embeddable":true,"href":"https:\/\/theplayoffs.news\/fr\/wp-json\/wp\/v2\/comments?post=1491216"}],"version-history":[{"count":1,"href":"https:\/\/theplayoffs.news\/fr\/wp-json\/wp\/v2\/posts\/1491216\/revisions"}],"predecessor-version":[{"id":1491223,"href":"https:\/\/theplayoffs.news\/fr\/wp-json\/wp\/v2\/posts\/1491216\/revisions\/1491223"}],"wp:featuredmedia":[{"embeddable":true,"href":"https:\/\/theplayoffs.news\/fr\/wp-json\/wp\/v2\/media\/1491220"}],"wp:attachment":[{"href":"https:\/\/theplayoffs.news\/fr\/wp-json\/wp\/v2\/media?parent=1491216"}],"wp:term":[{"taxonomy":"category","embeddable":true,"href":"https:\/\/theplayoffs.news\/fr\/wp-json\/wp\/v2\/categories?post=1491216"},{"taxonomy":"post_tag","embeddable":true,"href":"https:\/\/theplayoffs.news\/fr\/wp-json\/wp\/v2\/tags?post=1491216"},{"taxonomy":"sport","embeddable":true,"href":"https:\/\/theplayoffs.news\/fr\/wp-json\/wp\/v2\/sport?post=1491216"},{"taxonomy":"saison","embeddable":true,"href":"https:\/\/theplayoffs.news\/fr\/wp-json\/wp\/v2\/saison?post=1491216"}],"curies":[{"name":"wp","href":"https:\/\/api.w.org\/{rel}","templated":true}]}}