{"id":1491209,"date":"2025-05-12T18:38:54","date_gmt":"2025-05-12T16:38:54","guid":{"rendered":"https:\/\/theplayoffs.news\/fr\/uncategorized\/\/"},"modified":"2025-05-12T19:00:40","modified_gmt":"2025-05-12T17:00:40","slug":"quarrive-t-il-a-nikola-jokic","status":"publish","type":"post","link":"https:\/\/theplayoffs.news\/fr\/actualite-nba\/quarrive-t-il-a-nikola-jokic\/","title":{"rendered":"Qu\u2019arrive-t-il \u00e0 Nikola Jokic, m\u00e9connaissable face au Thunder ?"},"content":{"rendered":"<p>La s&eacute;rie entre les Nuggets et le Thunder est actuellement &agrave; &eacute;galit&eacute;, 2-2. Si ce score aurait pu &ecirc;tre le reflet de matchs accroch&eacute;s, o&ugrave; chaque &eacute;quipe rendait coup pour coup, la r&eacute;alit&eacute; est tout autre. Ce ne sont pas des performances spectaculaires qui expliquent cette parit&eacute;, mais bien des contre-performances de part et d&rsquo;autre. Parmi les joueurs les plus d&eacute;cevants, Nikola Jokic arrive en t&ecirc;te.<\/p><h2 class=\"wp-block-heading\">Jokic, un frein pour Denver ?<\/h2><p>Leader incontest&eacute; des Nuggets, Nikola Jokic tourne &agrave; 26,5 points de moyenne dans cette s&eacute;rie. Un chiffre proche de sa moyenne en saison r&eacute;guli&egrave;re (29,6), mais qui masque une chute flagrante de rendement. Le Serbe shootait &agrave; 57,6 % au global et 41,7 % &agrave; trois points cette saison. Sur cette s&eacute;rie, il plafonne &agrave; 39,1 % aux tirs et seulement 21,4 % &agrave; longue distance.<\/p><p>Des chiffres inqui&eacute;tants, d&rsquo;autant plus que Denver peine &agrave; trouver des solutions offensives collectives, comme en atteste le match 4, disput&eacute; dimanche soir. Les Nuggets ont laiss&eacute; passer une occasion en or de prendre l&rsquo;avantage 3-1 devant leur public. &Agrave; la place, le Thunder repart dans l&rsquo;Oklahoma avec l&rsquo;avantage du terrain. De quoi frustrer Jokic.<\/p><blockquote class=\"wp-block-quote is-layout-flow wp-block-quote-is-layout-flow\">\n<p>&laquo; Je dois faire mieux, bien s&ucirc;r &raquo;, a-t-il reconnu apr&egrave;s la d&eacute;faite rapporte la <a href=\"https:\/\/denvergazette.com\/sports\/denver-nuggets\/nikola-jokic-shooting-slump-costs-denver-nuggets-in-game-4\/article_32482252-f0ab-49f5-aae9-1fd9b7afebf1.html\" target=\"_blank\" rel=\"noreferrer noopener\" class=\"trk-cta-link\" data-cta-trk='{\"ctaType\":\"Link\",\"ctaSubType\":\"main\"}'>Denver Gazette<\/a>.<\/p>\n<\/blockquote><p>Malgr&eacute; ses 27 points, Jokic a termin&eacute; &agrave; 7\/22 aux tirs (31,8 %), dont 2\/8 &agrave; trois points. Six de ses &eacute;checs sont intervenus &agrave; moins de 3 m&egrave;tres du panier, une zone o&ugrave; il est habituellement intraitable.<\/p><blockquote class=\"wp-block-quote is-layout-flow wp-block-quote-is-layout-flow\">\n<p>&laquo; Je sais qu&rsquo;il est frustr&eacute;. Mais Nikola trouvera des solutions &raquo;, a d&eacute;clar&eacute; son coach David Adelman.<\/p>\n<\/blockquote><h3 class=\"wp-block-heading\">La d&eacute;fense du Thunder, facteur cl&eacute; ?<\/h3><p>David Adelman a salu&eacute; la d&eacute;fense d&rsquo;Oklahoma City, qui a perturb&eacute; tous les int&eacute;rieurs des Nuggets. Le Thunder n&rsquo;a enregistr&eacute; que deux contres, mais a contest&eacute; une multitude de tirs.<\/p><blockquote class=\"wp-block-quote is-layout-flow wp-block-quote-is-layout-flow\">\n<p>&laquo; Les finitions rat&eacute;es pr&egrave;s du cercle sont dues &agrave; leur envergure. On ne peut pas finir &agrave; 10 sur 25 dans la raquette &raquo;, a-t-il expliqu&eacute;. &laquo; C&rsquo;est d&eacute;j&agrave; tr&egrave;s difficile d&rsquo;arriver jusque-l&agrave;, alors il faut conclure. &raquo;<\/p>\n<\/blockquote><p>Apr&egrave;s un premier match &agrave; 42 points &agrave; 52 % de r&eacute;ussite, les performances de Jokic n&rsquo;ont cess&eacute; de d&eacute;cliner : 37,5 % au tir au match 2, 32 % au match 3, avant un nouveau coup d&rsquo;arr&ecirc;t dimanche soir (31,8 %).<\/p><blockquote class=\"wp-block-quote is-layout-flow wp-block-quote-is-layout-flow\">\n<p>&laquo; Ils sont physiques, tr&egrave;s actifs avec les mains, et excellents en aide d&eacute;fensive &raquo;, a comment&eacute; Jokic. &laquo; Parfois, je n&rsquo;arrive juste pas &agrave; mettre un tir. C&rsquo;est un peu de tout. &raquo;<\/p>\n<\/blockquote><p>Comme souvent, l&rsquo;&eacute;quipe suit le rythme de son leader. Et Denver a connu un d&eacute;marrage catastrophique dans ce match 4. Jokic s&rsquo;est fait contrer par son ancien co&eacute;quipier Isaiah Hartenstein sur son premier tir et n&rsquo;a inscrit aucun point dans le premier quart-temps, se contentant d&rsquo;une passe d&eacute;cisive. Il a marqu&eacute; 22 points au cours des deuxi&egrave;me et troisi&egrave;me quart-temps, permettant &agrave; Denver de remonter un d&eacute;ficit de 15 points pour mener de six &agrave; l&rsquo;entame du quatri&egrave;me quart.<\/p><p>Mais la panne offensive a encore frapp&eacute; dans le money time. Nikola Jokic n&rsquo;a marqu&eacute; que 5 points dans le dernier quart, avec un 1\/4 aux lancers francs. &Agrave; 3 minutes 15 de la fin, alors que le Thunder menait de quatre points, il a rat&eacute; deux lancers cruciaux. Dans la foul&eacute;e, Jalen Williams a donn&eacute; six points d&rsquo;avance &agrave; OKC. Et pendant ce temps, Shai Gilgeous-Alexander n&rsquo;a pas non plus brill&eacute;.<\/p><ul class=\"wp-block-list\">\n<li><strong>Lire aussi :<\/strong><\/li>\n<\/ul><p><a href=\"https:\/\/theplayoffs.news\/fr\/actualite-nba\/les-sixers-esperent-re-signer-yabusele\/\" target=\"_blank\" rel=\"noreferrer noopener\" class=\"trk-cta-link\" data-cta-trk='{\"ctaType\":\"Link\",\"ctaSubType\":\"main\"}'>Les Sixers esp&egrave;rent re-signer Guerschon Yabusele<\/a><\/p><p><a href=\"https:\/\/theplayoffs.news\/fr\/actualite-nba\/charles-barkley-denonce-un-calendrier-injuste-pour-les-denver-nuggets\/\" target=\"_blank\" rel=\"noreferrer noopener\" class=\"trk-cta-link\" data-cta-trk='{\"ctaType\":\"Link\",\"ctaSubType\":\"main\"}'>Charles Barkley d&eacute;nonce un calendrier &laquo;&nbsp;injuste&nbsp;&raquo; pour les Denver Nuggets<\/a><\/p><h4 class=\"wp-block-heading\">Des MVP absents au rendez-vous<\/h4><p>Annonc&eacute; comme un affrontement entre deux franchises emmen&eacute;es par des pr&eacute;tendants au titre de MVP, ce duel n&rsquo;a pour l&rsquo;instant pas tenu ses promesses. Si Jokic d&eacute;&ccedil;oit, SGA ne fait gu&egrave;re mieux avec 27,5 points de moyenne, &agrave; 47,5 % au tir et seulement 21,1 % &agrave; trois points. Lors du match 3 perdu 113-104 par OKC, le Canadien a m&ecirc;me sembl&eacute; perdre ses rep&egrave;res, encha&icirc;nant les mauvaises d&eacute;cisions balle en main.<\/p><p>En principe, les grands joueurs se r&eacute;v&egrave;lent dans les grands matchs. Mais dans cette s&eacute;rie, c&rsquo;est l&rsquo;exception qui confirme la r&egrave;gle. <\/p><p>On peut esp&eacute;rer que les deux stars se r&eacute;veillent enfin dans les prochains matchs. Le match 5, crucial, se jouera &agrave; Oklahoma City ce mercredi matin.<\/p><p>Cr&eacute;dit photo : Isaiah J. Downing-Imagn Images<\/p>\n","protected":false},"excerpt":{"rendered":"","protected":false},"author":180310250,"featured_media":1491211,"comment_status":"closed","ping_status":"closed","sticky":false,"template":"","format":"standard","meta":{"inline_featured_image":false,"kia_subtitle":"","_mux_skip_reasons":[],"proofreadBy":0,"footnotes":""},"categories":[110,8414,10,8408],"tags":[620,23,8302,561,648,8037],"sport":[2783],"saison":[7475],"class_list":["post-1491209","post","type-post","status-publish","format-standard","has-post-thumbnail","hentry","category-actualite-nba","category-basketball-sports","category-nba","category-sports","tag-denver-nuggets","tag-nba-tag","tag-nba-playoffs-2025","tag-nikola-jokic","tag-oklahoma-city-thunder","tag-shai-gilgeous-alexander-2","sport-nba","saison-7475"],"acf":[],"yoast_head":"<!-- This site is optimized with the Yoast SEO plugin v24.2 - https:\/\/yoast.com\/wordpress\/plugins\/seo\/ -->\n<title>Qu&rsquo;arrive-t-il &agrave; Nikola Jokic, m&eacute;connaissable face au Thunder ? - The Playoffs FR<\/title>\n<meta name=\"description\" content=\"Favori pour se succ&eacute;der &agrave; lui-m&ecirc;me au titre de MVP de la saison, Nikola Jokic vit un calvaire dans la s&eacute;rie face &agrave; Oklahoma City.\" \/>\n<meta name=\"robots\" content=\"index, follow, max-snippet:-1, max-image-preview:large, max-video-preview:-1\" \/>\n<link rel=\"canonical\" href=\"https:\/\/theplayoffs.news\/fr\/actualite-nba\/quarrive-t-il-a-nikola-jokic\/\" \/>\n<meta property=\"og:locale\" content=\"fr_FR\" \/>\n<meta property=\"og:type\" content=\"article\" \/>\n<meta property=\"og:title\" content=\"Qu&rsquo;arrive-t-il &agrave; Nikola Jokic, m&eacute;connaissable face au Thunder ? - The Playoffs FR\" \/>\n<meta property=\"og:description\" content=\"Favori pour se succ&eacute;der &agrave; lui-m&ecirc;me au titre de MVP de la saison, Nikola Jokic vit un calvaire dans la s&eacute;rie face &agrave; Oklahoma City.\" \/>\n<meta property=\"og:url\" content=\"https:\/\/theplayoffs.news\/fr\/actualite-nba\/quarrive-t-il-a-nikola-jokic\/\" \/>\n<meta property=\"og:site_name\" content=\"The Playoffs FR\" \/>\n<meta property=\"article:publisher\" content=\"https:\/\/www.facebook.com\/TheFreeAgentFR\/\" \/>\n<meta property=\"article:modified_time\" content=\"2025-05-12T19:00:40+02:00\" \/>\n<meta property=\"og:image\" content=\"https:\/\/theplayoffs.news\/fr\/wp-content\/uploads\/2025\/05\/USATSI_26153601.jpg\" \/>\n\t<meta property=\"og:image:width\" content=\"1920\" \/>\n\t<meta property=\"og:image:height\" content=\"1280\" \/>\n\t<meta property=\"og:image:type\" content=\"image\/jpeg\" \/>\n<meta name=\"author\" content=\"Jean Fabre-Jevanoff\" \/>\n<meta name=\"twitter:card\" content=\"summary_large_image\" \/>\n<meta name=\"twitter:creator\" content=\"@the_jfj_42\" \/>\n<meta name=\"twitter:site\" content=\"@TheFreeAgentFR\" \/>\n<meta name=\"twitter:label1\" content=\"\u00c9crit par\" \/>\n\t<meta name=\"twitter:data1\" content=\"Jean Fabre-Jevanoff\" \/>\n\t<meta name=\"twitter:label2\" content=\"Dur\u00e9e de lecture estim\u00e9e\" \/>\n\t<meta name=\"twitter:data2\" content=\"4 minutes\" \/>\n<script type=\"application\/ld+json\" class=\"yoast-schema-graph\">{\"@context\":\"https:\/\/schema.org\",\"@graph\":[{\"@type\":\"WebPage\",\"@id\":\"https:\/\/theplayoffs.news\/fr\/actualite-nba\/quarrive-t-il-a-nikola-jokic\/\",\"url\":\"https:\/\/theplayoffs.news\/fr\/actualite-nba\/quarrive-t-il-a-nikola-jokic\/\",\"name\":\"Qu\u2019arrive-t-il \u00e0 Nikola Jokic, m\u00e9connaissable face au Thunder ? - The Playoffs FR\",\"isPartOf\":{\"@id\":\"https:\/\/theplayoffs.news\/fr\/#website\"},\"primaryImageOfPage\":{\"@id\":\"https:\/\/theplayoffs.news\/fr\/actualite-nba\/quarrive-t-il-a-nikola-jokic\/#primaryimage\"},\"image\":{\"@id\":\"https:\/\/theplayoffs.news\/fr\/actualite-nba\/quarrive-t-il-a-nikola-jokic\/#primaryimage\"},\"thumbnailUrl\":\"https:\/\/theplayoffs.news\/fr\/wp-content\/uploads\/2025\/05\/USATSI_26153601.jpg\",\"datePublished\":\"2025-05-12T16:38:54+00:00\",\"dateModified\":\"2025-05-12T17:00:40+00:00\",\"author\":{\"@id\":\"https:\/\/theplayoffs.news\/fr\/#\/schema\/person\/1ea25b88e79fe4fabd657430b0013d3d\"},\"description\":\"Favori pour se succ\u00e9der \u00e0 lui-m\u00eame au titre de MVP de la saison, Nikola Jokic vit un calvaire dans la s\u00e9rie face \u00e0 Oklahoma City.\",\"breadcrumb\":{\"@id\":\"https:\/\/theplayoffs.news\/fr\/actualite-nba\/quarrive-t-il-a-nikola-jokic\/#breadcrumb\"},\"inLanguage\":\"fr-FR\",\"potentialAction\":[{\"@type\":\"ReadAction\",\"target\":[\"https:\/\/theplayoffs.news\/fr\/actualite-nba\/quarrive-t-il-a-nikola-jokic\/\"]}]},{\"@type\":\"ImageObject\",\"inLanguage\":\"fr-FR\",\"@id\":\"https:\/\/theplayoffs.news\/fr\/actualite-nba\/quarrive-t-il-a-nikola-jokic\/#primaryimage\",\"url\":\"https:\/\/theplayoffs.news\/fr\/wp-content\/uploads\/2025\/05\/USATSI_26153601.jpg\",\"contentUrl\":\"https:\/\/theplayoffs.news\/fr\/wp-content\/uploads\/2025\/05\/USATSI_26153601.jpg\",\"width\":1920,\"height\":1280,\"caption\":\"May 11, 2025; Denver, Colorado, USA; Denver Nuggets center Nikola Jokic (15) reacts towards referee Sean Wright (4) after a play in the second quarter against the Oklahoma City Thunder during game four of the second round of the 2025 NBA Playoffs at Ball Arena. Mandatory Credit: Isaiah J. Downing-Imagn Images\"},{\"@type\":\"BreadcrumbList\",\"@id\":\"https:\/\/theplayoffs.news\/fr\/actualite-nba\/quarrive-t-il-a-nikola-jokic\/#breadcrumb\",\"itemListElement\":[{\"@type\":\"ListItem\",\"position\":1,\"name\":\"Accueil\",\"item\":\"https:\/\/theplayoffs.news\/fr\/\"},{\"@type\":\"ListItem\",\"position\":2,\"name\":\"Qu\u2019arrive-t-il \u00e0 Nikola Jokic, m\u00e9connaissable face au Thunder ?\"}]},{\"@type\":\"WebSite\",\"@id\":\"https:\/\/theplayoffs.news\/fr\/#website\",\"url\":\"https:\/\/theplayoffs.news\/fr\/\",\"name\":\"The Playoffs FR\",\"description\":\"NBA-NFL-NHL-MLB\",\"potentialAction\":[{\"@type\":\"SearchAction\",\"target\":{\"@type\":\"EntryPoint\",\"urlTemplate\":\"https:\/\/theplayoffs.news\/fr\/?s={search_term_string}\"},\"query-input\":{\"@type\":\"PropertyValueSpecification\",\"valueRequired\":true,\"valueName\":\"search_term_string\"}}],\"inLanguage\":\"fr-FR\"},{\"@type\":\"Person\",\"@id\":\"https:\/\/theplayoffs.news\/fr\/#\/schema\/person\/1ea25b88e79fe4fabd657430b0013d3d\",\"name\":\"Jean Fabre-Jevanoff\",\"image\":{\"@type\":\"ImageObject\",\"inLanguage\":\"fr-FR\",\"@id\":\"https:\/\/theplayoffs.news\/fr\/#\/schema\/person\/image\/\",\"url\":\"https:\/\/secure.gravatar.com\/avatar\/18b28dab1159eebc6a17b9787eb8cbbe3242c3d0e8b53b89332f6dc1133aa361?s=96&d=mm&r=g\",\"contentUrl\":\"https:\/\/secure.gravatar.com\/avatar\/18b28dab1159eebc6a17b9787eb8cbbe3242c3d0e8b53b89332f6dc1133aa361?s=96&d=mm&r=g\",\"caption\":\"Jean Fabre-Jevanoff\"},\"description\":\"Journaliste polyvalent sur le football am\u00e9ricain, j\u2019\u00e9cris aussi des articles sur le basket. Commentateur sur Twitch et sur YouTube. Pass\u00e9 par Eurosport notamment. Un mix d\u2019Eminem et de OBJ, fan inconditionnel de Patrick Mahomes et Lebron James\",\"sameAs\":[\"https:\/\/www.instagram.com\/_juaniitooo_\",\"https:\/\/www.linkedin.com\/in\/jean-fabre-jevanoff-84bb9b1a9\/\",\"https:\/\/x.com\/the_jfj_42\"],\"url\":\"https:\/\/theplayoffs.news\/fr\/author\/jeanfj42gmail-com\/\"}]}<\/script>\n<!-- \/ Yoast SEO plugin. -->","yoast_head_json":{"title":"Qu&rsquo;arrive-t-il &agrave; Nikola Jokic, m&eacute;connaissable face au Thunder ? - The Playoffs FR","description":"Favori pour se succ&eacute;der &agrave; lui-m&ecirc;me au titre de MVP de la saison, Nikola Jokic vit un calvaire dans la s&eacute;rie face &agrave; Oklahoma City.","robots":{"index":"index","follow":"follow","max-snippet":"max-snippet:-1","max-image-preview":"max-image-preview:large","max-video-preview":"max-video-preview:-1"},"canonical":"https:\/\/theplayoffs.news\/fr\/actualite-nba\/quarrive-t-il-a-nikola-jokic\/","og_locale":"fr_FR","og_type":"article","og_title":"Qu&rsquo;arrive-t-il &agrave; Nikola Jokic, m&eacute;connaissable face au Thunder ? - The Playoffs FR","og_description":"Favori pour se succ&eacute;der &agrave; lui-m&ecirc;me au titre de MVP de la saison, Nikola Jokic vit un calvaire dans la s&eacute;rie face &agrave; Oklahoma City.","og_url":"https:\/\/theplayoffs.news\/fr\/actualite-nba\/quarrive-t-il-a-nikola-jokic\/","og_site_name":"The Playoffs FR","article_publisher":"https:\/\/www.facebook.com\/TheFreeAgentFR\/","article_modified_time":"2025-05-12T17:00:40+00:00","og_image":[{"width":1920,"height":1280,"url":"https:\/\/theplayoffs.news\/fr\/wp-content\/uploads\/2025\/05\/USATSI_26153601.jpg","type":"image\/jpeg"}],"author":"Jean Fabre-Jevanoff","twitter_card":"summary_large_image","twitter_creator":"@the_jfj_42","twitter_site":"@TheFreeAgentFR","twitter_misc":{"\u00c9crit par":"Jean Fabre-Jevanoff","Dur\u00e9e de lecture estim\u00e9e":"4 minutes"},"schema":{"@context":"https:\/\/schema.org","@graph":[{"@type":"WebPage","@id":"https:\/\/theplayoffs.news\/fr\/actualite-nba\/quarrive-t-il-a-nikola-jokic\/","url":"https:\/\/theplayoffs.news\/fr\/actualite-nba\/quarrive-t-il-a-nikola-jokic\/","name":"Qu\u2019arrive-t-il \u00e0 Nikola Jokic, m\u00e9connaissable face au Thunder ? - The Playoffs FR","isPartOf":{"@id":"https:\/\/theplayoffs.news\/fr\/#website"},"primaryImageOfPage":{"@id":"https:\/\/theplayoffs.news\/fr\/actualite-nba\/quarrive-t-il-a-nikola-jokic\/#primaryimage"},"image":{"@id":"https:\/\/theplayoffs.news\/fr\/actualite-nba\/quarrive-t-il-a-nikola-jokic\/#primaryimage"},"thumbnailUrl":"https:\/\/theplayoffs.news\/fr\/wp-content\/uploads\/2025\/05\/USATSI_26153601.jpg","datePublished":"2025-05-12T16:38:54+00:00","dateModified":"2025-05-12T17:00:40+00:00","author":{"@id":"https:\/\/theplayoffs.news\/fr\/#\/schema\/person\/1ea25b88e79fe4fabd657430b0013d3d"},"description":"Favori pour se succ\u00e9der \u00e0 lui-m\u00eame au titre de MVP de la saison, Nikola Jokic vit un calvaire dans la s\u00e9rie face \u00e0 Oklahoma City.","breadcrumb":{"@id":"https:\/\/theplayoffs.news\/fr\/actualite-nba\/quarrive-t-il-a-nikola-jokic\/#breadcrumb"},"inLanguage":"fr-FR","potentialAction":[{"@type":"ReadAction","target":["https:\/\/theplayoffs.news\/fr\/actualite-nba\/quarrive-t-il-a-nikola-jokic\/"]}]},{"@type":"ImageObject","inLanguage":"fr-FR","@id":"https:\/\/theplayoffs.news\/fr\/actualite-nba\/quarrive-t-il-a-nikola-jokic\/#primaryimage","url":"https:\/\/theplayoffs.news\/fr\/wp-content\/uploads\/2025\/05\/USATSI_26153601.jpg","contentUrl":"https:\/\/theplayoffs.news\/fr\/wp-content\/uploads\/2025\/05\/USATSI_26153601.jpg","width":1920,"height":1280,"caption":"May 11, 2025; Denver, Colorado, USA; Denver Nuggets center Nikola Jokic (15) reacts towards referee Sean Wright (4) after a play in the second quarter against the Oklahoma City Thunder during game four of the second round of the 2025 NBA Playoffs at Ball Arena. Mandatory Credit: Isaiah J. Downing-Imagn Images"},{"@type":"BreadcrumbList","@id":"https:\/\/theplayoffs.news\/fr\/actualite-nba\/quarrive-t-il-a-nikola-jokic\/#breadcrumb","itemListElement":[{"@type":"ListItem","position":1,"name":"Accueil","item":"https:\/\/theplayoffs.news\/fr\/"},{"@type":"ListItem","position":2,"name":"Qu\u2019arrive-t-il \u00e0 Nikola Jokic, m\u00e9connaissable face au Thunder ?"}]},{"@type":"WebSite","@id":"https:\/\/theplayoffs.news\/fr\/#website","url":"https:\/\/theplayoffs.news\/fr\/","name":"The Playoffs FR","description":"NBA-NFL-NHL-MLB","potentialAction":[{"@type":"SearchAction","target":{"@type":"EntryPoint","urlTemplate":"https:\/\/theplayoffs.news\/fr\/?s={search_term_string}"},"query-input":{"@type":"PropertyValueSpecification","valueRequired":true,"valueName":"search_term_string"}}],"inLanguage":"fr-FR"},{"@type":"Person","@id":"https:\/\/theplayoffs.news\/fr\/#\/schema\/person\/1ea25b88e79fe4fabd657430b0013d3d","name":"Jean Fabre-Jevanoff","image":{"@type":"ImageObject","inLanguage":"fr-FR","@id":"https:\/\/theplayoffs.news\/fr\/#\/schema\/person\/image\/","url":"https:\/\/secure.gravatar.com\/avatar\/18b28dab1159eebc6a17b9787eb8cbbe3242c3d0e8b53b89332f6dc1133aa361?s=96&d=mm&r=g","contentUrl":"https:\/\/secure.gravatar.com\/avatar\/18b28dab1159eebc6a17b9787eb8cbbe3242c3d0e8b53b89332f6dc1133aa361?s=96&d=mm&r=g","caption":"Jean Fabre-Jevanoff"},"description":"Journaliste polyvalent sur le football am\u00e9ricain, j\u2019\u00e9cris aussi des articles sur le basket. Commentateur sur Twitch et sur YouTube. Pass\u00e9 par Eurosport notamment. Un mix d\u2019Eminem et de OBJ, fan inconditionnel de Patrick Mahomes et Lebron James","sameAs":["https:\/\/www.instagram.com\/_juaniitooo_","https:\/\/www.linkedin.com\/in\/jean-fabre-jevanoff-84bb9b1a9\/","https:\/\/x.com\/the_jfj_42"],"url":"https:\/\/theplayoffs.news\/fr\/author\/jeanfj42gmail-com\/"}]}},"_links":{"self":[{"href":"https:\/\/theplayoffs.news\/fr\/wp-json\/wp\/v2\/posts\/1491209","targetHints":{"allow":["GET"]}}],"collection":[{"href":"https:\/\/theplayoffs.news\/fr\/wp-json\/wp\/v2\/posts"}],"about":[{"href":"https:\/\/theplayoffs.news\/fr\/wp-json\/wp\/v2\/types\/post"}],"author":[{"embeddable":true,"href":"https:\/\/theplayoffs.news\/fr\/wp-json\/wp\/v2\/users\/180310250"}],"replies":[{"embeddable":true,"href":"https:\/\/theplayoffs.news\/fr\/wp-json\/wp\/v2\/comments?post=1491209"}],"version-history":[{"count":2,"href":"https:\/\/theplayoffs.news\/fr\/wp-json\/wp\/v2\/posts\/1491209\/revisions"}],"predecessor-version":[{"id":1491222,"href":"https:\/\/theplayoffs.news\/fr\/wp-json\/wp\/v2\/posts\/1491209\/revisions\/1491222"}],"wp:featuredmedia":[{"embeddable":true,"href":"https:\/\/theplayoffs.news\/fr\/wp-json\/wp\/v2\/media\/1491211"}],"wp:attachment":[{"href":"https:\/\/theplayoffs.news\/fr\/wp-json\/wp\/v2\/media?parent=1491209"}],"wp:term":[{"taxonomy":"category","embeddable":true,"href":"https:\/\/theplayoffs.news\/fr\/wp-json\/wp\/v2\/categories?post=1491209"},{"taxonomy":"post_tag","embeddable":true,"href":"https:\/\/theplayoffs.news\/fr\/wp-json\/wp\/v2\/tags?post=1491209"},{"taxonomy":"sport","embeddable":true,"href":"https:\/\/theplayoffs.news\/fr\/wp-json\/wp\/v2\/sport?post=1491209"},{"taxonomy":"saison","embeddable":true,"href":"https:\/\/theplayoffs.news\/fr\/wp-json\/wp\/v2\/saison?post=1491209"}],"curies":[{"name":"wp","href":"https:\/\/api.w.org\/{rel}","templated":true}]}}