{"id":1491168,"date":"2025-05-12T14:03:15","date_gmt":"2025-05-12T12:03:15","guid":{"rendered":"https:\/\/theplayoffs.news\/fr\/uncategorized\/\/"},"modified":"2025-05-12T14:11:20","modified_gmt":"2025-05-12T12:11:20","slug":"eagles-cowboys-on-connait-laffiche-qui-lancera-la-saison-nfl","status":"publish","type":"post","link":"https:\/\/theplayoffs.news\/fr\/actualite-nfl\/eagles-cowboys-on-connait-laffiche-qui-lancera-la-saison-nfl\/","title":{"rendered":"Eagles-Cowboys : On conna\u00eet l\u2019affiche qui lancera la saison NFL !"},"content":{"rendered":"<p>Tradition oblige en NFL, le dernier vainqueur du Super Bowl ouvre le bal lors de la saison suivante. En 2024, les fans avaient eu droit &agrave; un all&eacute;chant Chiefs-Ravens. Pour la saison 2025, la ligue am&eacute;ricaine nous offre un duel de division NFC East, et non des moindres : Eagles-Cowboys.<\/p><figure class=\"wp-block-embed is-type-rich is-provider-twitter wp-block-embed-twitter\"><div class=\"wp-block-embed__wrapper\">\n<blockquote class=\"twitter-tweet\" data-width=\"500\" data-dnt=\"true\"><p lang=\"fr\" dir=\"ltr\">Ce sera donc Eagles vs Cowboys pour l'ouverture de la saison de NFL le 4 septembre prochain ! <a href=\"https:\/\/t.co\/HaXq5LdjUh\" class=\"trk-cta-link\" data-cta-trk='{\"ctaType\":\"Link\",\"ctaSubType\":\"main\"}'>pic.twitter.com\/HaXq5LdjUh<\/a><\/p>&mdash; The Playoffs FR (@ThePlayoffsFR) <a href=\"https:\/\/twitter.com\/ThePlayoffsFR\/status\/1921896956323918088?ref_src=twsrc%5Etfw\" class=\"trk-cta-link\" data-cta-trk='{\"ctaType\":\"Link\",\"ctaSubType\":\"main\"}'>May 12, 2025<\/a><\/blockquote><script async src=\"https:\/\/platform.twitter.com\/widgets.js\" charset=\"utf-8\"><\/script>\n<\/div><\/figure><p>C&rsquo;est la<a href=\"https:\/\/x.com\/NFL\/status\/1921893484111307117\" target=\"_blank\" rel=\"noreferrer noopener\" class=\"trk-cta-link\" data-cta-trk='{\"ctaType\":\"Link\",\"ctaSubType\":\"main\"}'> NFL<\/a> qui vient de l&rsquo;annoncer elle-m&ecirc;me. Ce match aura lieu le jeudi 4 septembre 2025 &agrave; Philadelphie. Un duel de division qui devrait en pr&eacute;c&eacute;der un autre, puisque les Chargers affronteront les Chiefs &agrave; la Neo Qu&iacute;mica Arena de S&atilde;o Paulo lors de la premi&egrave;re semaine de la saison 2025.<\/p><ul class=\"wp-block-list\">\n<li>Lire aussi :<\/li>\n<\/ul><p><a href=\"https:\/\/theplayoffs.news\/fr\/actualite-nfl\/les-los-angeles-chargers-decident-de-ne-pas-proteger-leur-match-a-domicile-face-aux-chiefs\/\" target=\"_blank\" rel=\"noreferrer noopener\" class=\"trk-cta-link\" data-cta-trk='{\"ctaType\":\"Link\",\"ctaSubType\":\"main\"}'>Les Los Angeles Chargers d&eacute;cident de ne pas &laquo;&nbsp;prot&eacute;ger&nbsp;&raquo; leur match &agrave; domicile face aux Chiefs !<\/a><\/p><p><a href=\"https:\/\/theplayoffs.news\/fr\/actualite-nfl\/shemar-stewart-pas-de-contrat-pas-de-minicamp\/\" target=\"_blank\" rel=\"noreferrer noopener\" class=\"trk-cta-link\" data-cta-trk='{\"ctaType\":\"Link\",\"ctaSubType\":\"main\"}'>Shemar Stewart : pas de contrat, pas de minicamp !<\/a><\/p><p>L&rsquo;an pass&eacute;, Philly avait gagn&eacute; ses deux duels face aux Cowboys, 41-7 puis 34-6. Mais lors de cette nouvelle saison, les r&eacute;sultats pourraient &ecirc;tre diff&eacute;rents&hellip;<\/p><p>C&rsquo;est cette semaine que la NFL va d&eacute;voiler le calendrier complet de la saison 2025 de la NFL. Des annonces particuli&egrave;res seront faites avec sans doute les confirmations des matchs internationaux et des affiches principales de la saison. <\/p><p>Cr&eacute;dit photo : Eric Hartline-Imagn Images<\/p>\n","protected":false},"excerpt":{"rendered":"","protected":false},"author":180310250,"featured_media":1491170,"comment_status":"closed","ping_status":"closed","sticky":false,"template":"","format":"standard","meta":{"inline_featured_image":false,"kia_subtitle":"","_mux_skip_reasons":[],"proofreadBy":0,"footnotes":""},"categories":[118,8410,40,8408],"tags":[],"sport":[2785],"saison":[7475],"class_list":["post-1491168","post","type-post","status-publish","format-standard","has-post-thumbnail","hentry","category-actualite-nfl","category-football-americain","category-nfl","category-sports","sport-nfl","saison-7475"],"acf":[],"yoast_head":"<!-- This site is optimized with the Yoast SEO plugin v24.2 - https:\/\/yoast.com\/wordpress\/plugins\/seo\/ -->\n<title>Eagles-Cowboys : On conna&icirc;t l&rsquo;affiche qui lancera la saison NFL ! - The Playoffs FR<\/title>\n<meta name=\"description\" content=\"Pour la saison 2025, la ligue am&eacute;ricaine nous offre un duel de division NFC East, et non des moindres : Eagles-Cowboys.\" \/>\n<meta name=\"robots\" content=\"index, follow, max-snippet:-1, max-image-preview:large, max-video-preview:-1\" \/>\n<link rel=\"canonical\" href=\"https:\/\/theplayoffs.news\/fr\/actualite-nfl\/eagles-cowboys-on-connait-laffiche-qui-lancera-la-saison-nfl\/\" \/>\n<meta property=\"og:locale\" content=\"fr_FR\" \/>\n<meta property=\"og:type\" content=\"article\" \/>\n<meta property=\"og:title\" content=\"Eagles-Cowboys : On conna&icirc;t l&rsquo;affiche qui lancera la saison NFL ! - The Playoffs FR\" \/>\n<meta property=\"og:description\" content=\"Pour la saison 2025, la ligue am&eacute;ricaine nous offre un duel de division NFC East, et non des moindres : Eagles-Cowboys.\" \/>\n<meta property=\"og:url\" content=\"https:\/\/theplayoffs.news\/fr\/actualite-nfl\/eagles-cowboys-on-connait-laffiche-qui-lancera-la-saison-nfl\/\" \/>\n<meta property=\"og:site_name\" content=\"The Playoffs FR\" \/>\n<meta property=\"article:publisher\" content=\"https:\/\/www.facebook.com\/TheFreeAgentFR\/\" \/>\n<meta property=\"article:modified_time\" content=\"2025-05-12T14:11:20+02:00\" \/>\n<meta property=\"og:image\" content=\"https:\/\/theplayoffs.news\/fr\/wp-content\/uploads\/2025\/05\/USATSI_25080069.jpg\" \/>\n\t<meta property=\"og:image:width\" content=\"1920\" \/>\n\t<meta property=\"og:image:height\" content=\"1280\" \/>\n\t<meta property=\"og:image:type\" content=\"image\/jpeg\" \/>\n<meta name=\"author\" content=\"Jean Fabre-Jevanoff\" \/>\n<meta name=\"twitter:card\" content=\"summary_large_image\" \/>\n<meta name=\"twitter:creator\" content=\"@the_jfj_42\" \/>\n<meta name=\"twitter:site\" content=\"@TheFreeAgentFR\" \/>\n<meta name=\"twitter:label1\" content=\"\u00c9crit par\" \/>\n\t<meta name=\"twitter:data1\" content=\"Jean Fabre-Jevanoff\" \/>\n\t<meta name=\"twitter:label2\" content=\"Dur\u00e9e de lecture estim\u00e9e\" \/>\n\t<meta name=\"twitter:data2\" content=\"2 minutes\" \/>\n<script type=\"application\/ld+json\" class=\"yoast-schema-graph\">{\"@context\":\"https:\/\/schema.org\",\"@graph\":[{\"@type\":\"WebPage\",\"@id\":\"https:\/\/theplayoffs.news\/fr\/actualite-nfl\/eagles-cowboys-on-connait-laffiche-qui-lancera-la-saison-nfl\/\",\"url\":\"https:\/\/theplayoffs.news\/fr\/actualite-nfl\/eagles-cowboys-on-connait-laffiche-qui-lancera-la-saison-nfl\/\",\"name\":\"Eagles-Cowboys : On conna\u00eet l\u2019affiche qui lancera la saison NFL ! - The Playoffs FR\",\"isPartOf\":{\"@id\":\"https:\/\/theplayoffs.news\/fr\/#website\"},\"primaryImageOfPage\":{\"@id\":\"https:\/\/theplayoffs.news\/fr\/actualite-nfl\/eagles-cowboys-on-connait-laffiche-qui-lancera-la-saison-nfl\/#primaryimage\"},\"image\":{\"@id\":\"https:\/\/theplayoffs.news\/fr\/actualite-nfl\/eagles-cowboys-on-connait-laffiche-qui-lancera-la-saison-nfl\/#primaryimage\"},\"thumbnailUrl\":\"https:\/\/theplayoffs.news\/fr\/wp-content\/uploads\/2025\/05\/USATSI_25080069.jpg\",\"datePublished\":\"2025-05-12T12:03:15+00:00\",\"dateModified\":\"2025-05-12T12:11:20+00:00\",\"author\":{\"@id\":\"https:\/\/theplayoffs.news\/fr\/#\/schema\/person\/1ea25b88e79fe4fabd657430b0013d3d\"},\"description\":\"Pour la saison 2025, la ligue am\u00e9ricaine nous offre un duel de division NFC East, et non des moindres : Eagles-Cowboys.\",\"breadcrumb\":{\"@id\":\"https:\/\/theplayoffs.news\/fr\/actualite-nfl\/eagles-cowboys-on-connait-laffiche-qui-lancera-la-saison-nfl\/#breadcrumb\"},\"inLanguage\":\"fr-FR\",\"potentialAction\":[{\"@type\":\"ReadAction\",\"target\":[\"https:\/\/theplayoffs.news\/fr\/actualite-nfl\/eagles-cowboys-on-connait-laffiche-qui-lancera-la-saison-nfl\/\"]}]},{\"@type\":\"ImageObject\",\"inLanguage\":\"fr-FR\",\"@id\":\"https:\/\/theplayoffs.news\/fr\/actualite-nfl\/eagles-cowboys-on-connait-laffiche-qui-lancera-la-saison-nfl\/#primaryimage\",\"url\":\"https:\/\/theplayoffs.news\/fr\/wp-content\/uploads\/2025\/05\/USATSI_25080069.jpg\",\"contentUrl\":\"https:\/\/theplayoffs.news\/fr\/wp-content\/uploads\/2025\/05\/USATSI_25080069.jpg\",\"width\":1920,\"height\":1280,\"caption\":\"Dec 29, 2024; Philadelphia, Pennsylvania, USA; Philadelphia Eagles defensive end Bryce Huff (0) is blocked by Dallas Cowboys offensive tackle Terence Steele (78) tas he tries to rush the quarterback at Lincoln Financial Field. Mandatory Credit: Eric Hartline-Imagn Images\"},{\"@type\":\"BreadcrumbList\",\"@id\":\"https:\/\/theplayoffs.news\/fr\/actualite-nfl\/eagles-cowboys-on-connait-laffiche-qui-lancera-la-saison-nfl\/#breadcrumb\",\"itemListElement\":[{\"@type\":\"ListItem\",\"position\":1,\"name\":\"Accueil\",\"item\":\"https:\/\/theplayoffs.news\/fr\/\"},{\"@type\":\"ListItem\",\"position\":2,\"name\":\"Eagles-Cowboys : On conna\u00eet l\u2019affiche qui lancera la saison NFL !\"}]},{\"@type\":\"WebSite\",\"@id\":\"https:\/\/theplayoffs.news\/fr\/#website\",\"url\":\"https:\/\/theplayoffs.news\/fr\/\",\"name\":\"The Playoffs FR\",\"description\":\"NBA-NFL-NHL-MLB\",\"potentialAction\":[{\"@type\":\"SearchAction\",\"target\":{\"@type\":\"EntryPoint\",\"urlTemplate\":\"https:\/\/theplayoffs.news\/fr\/?s={search_term_string}\"},\"query-input\":{\"@type\":\"PropertyValueSpecification\",\"valueRequired\":true,\"valueName\":\"search_term_string\"}}],\"inLanguage\":\"fr-FR\"},{\"@type\":\"Person\",\"@id\":\"https:\/\/theplayoffs.news\/fr\/#\/schema\/person\/1ea25b88e79fe4fabd657430b0013d3d\",\"name\":\"Jean Fabre-Jevanoff\",\"image\":{\"@type\":\"ImageObject\",\"inLanguage\":\"fr-FR\",\"@id\":\"https:\/\/theplayoffs.news\/fr\/#\/schema\/person\/image\/\",\"url\":\"https:\/\/secure.gravatar.com\/avatar\/18b28dab1159eebc6a17b9787eb8cbbe3242c3d0e8b53b89332f6dc1133aa361?s=96&d=mm&r=g\",\"contentUrl\":\"https:\/\/secure.gravatar.com\/avatar\/18b28dab1159eebc6a17b9787eb8cbbe3242c3d0e8b53b89332f6dc1133aa361?s=96&d=mm&r=g\",\"caption\":\"Jean Fabre-Jevanoff\"},\"description\":\"Journaliste polyvalent sur le football am\u00e9ricain, j\u2019\u00e9cris aussi des articles sur le basket. Commentateur sur Twitch et sur YouTube. Pass\u00e9 par Eurosport notamment. Un mix d\u2019Eminem et de OBJ, fan inconditionnel de Patrick Mahomes et Lebron James\",\"sameAs\":[\"https:\/\/www.instagram.com\/_juaniitooo_\",\"https:\/\/www.linkedin.com\/in\/jean-fabre-jevanoff-84bb9b1a9\/\",\"https:\/\/x.com\/the_jfj_42\"],\"url\":\"https:\/\/theplayoffs.news\/fr\/author\/jeanfj42gmail-com\/\"}]}<\/script>\n<!-- \/ Yoast SEO plugin. -->","yoast_head_json":{"title":"Eagles-Cowboys : On conna&icirc;t l&rsquo;affiche qui lancera la saison NFL ! - The Playoffs FR","description":"Pour la saison 2025, la ligue am&eacute;ricaine nous offre un duel de division NFC East, et non des moindres : Eagles-Cowboys.","robots":{"index":"index","follow":"follow","max-snippet":"max-snippet:-1","max-image-preview":"max-image-preview:large","max-video-preview":"max-video-preview:-1"},"canonical":"https:\/\/theplayoffs.news\/fr\/actualite-nfl\/eagles-cowboys-on-connait-laffiche-qui-lancera-la-saison-nfl\/","og_locale":"fr_FR","og_type":"article","og_title":"Eagles-Cowboys : On conna&icirc;t l&rsquo;affiche qui lancera la saison NFL ! - The Playoffs FR","og_description":"Pour la saison 2025, la ligue am&eacute;ricaine nous offre un duel de division NFC East, et non des moindres : Eagles-Cowboys.","og_url":"https:\/\/theplayoffs.news\/fr\/actualite-nfl\/eagles-cowboys-on-connait-laffiche-qui-lancera-la-saison-nfl\/","og_site_name":"The Playoffs FR","article_publisher":"https:\/\/www.facebook.com\/TheFreeAgentFR\/","article_modified_time":"2025-05-12T12:11:20+00:00","og_image":[{"width":1920,"height":1280,"url":"https:\/\/theplayoffs.news\/fr\/wp-content\/uploads\/2025\/05\/USATSI_25080069.jpg","type":"image\/jpeg"}],"author":"Jean Fabre-Jevanoff","twitter_card":"summary_large_image","twitter_creator":"@the_jfj_42","twitter_site":"@TheFreeAgentFR","twitter_misc":{"\u00c9crit par":"Jean Fabre-Jevanoff","Dur\u00e9e de lecture estim\u00e9e":"2 minutes"},"schema":{"@context":"https:\/\/schema.org","@graph":[{"@type":"WebPage","@id":"https:\/\/theplayoffs.news\/fr\/actualite-nfl\/eagles-cowboys-on-connait-laffiche-qui-lancera-la-saison-nfl\/","url":"https:\/\/theplayoffs.news\/fr\/actualite-nfl\/eagles-cowboys-on-connait-laffiche-qui-lancera-la-saison-nfl\/","name":"Eagles-Cowboys : On conna\u00eet l\u2019affiche qui lancera la saison NFL ! - The Playoffs FR","isPartOf":{"@id":"https:\/\/theplayoffs.news\/fr\/#website"},"primaryImageOfPage":{"@id":"https:\/\/theplayoffs.news\/fr\/actualite-nfl\/eagles-cowboys-on-connait-laffiche-qui-lancera-la-saison-nfl\/#primaryimage"},"image":{"@id":"https:\/\/theplayoffs.news\/fr\/actualite-nfl\/eagles-cowboys-on-connait-laffiche-qui-lancera-la-saison-nfl\/#primaryimage"},"thumbnailUrl":"https:\/\/theplayoffs.news\/fr\/wp-content\/uploads\/2025\/05\/USATSI_25080069.jpg","datePublished":"2025-05-12T12:03:15+00:00","dateModified":"2025-05-12T12:11:20+00:00","author":{"@id":"https:\/\/theplayoffs.news\/fr\/#\/schema\/person\/1ea25b88e79fe4fabd657430b0013d3d"},"description":"Pour la saison 2025, la ligue am\u00e9ricaine nous offre un duel de division NFC East, et non des moindres : Eagles-Cowboys.","breadcrumb":{"@id":"https:\/\/theplayoffs.news\/fr\/actualite-nfl\/eagles-cowboys-on-connait-laffiche-qui-lancera-la-saison-nfl\/#breadcrumb"},"inLanguage":"fr-FR","potentialAction":[{"@type":"ReadAction","target":["https:\/\/theplayoffs.news\/fr\/actualite-nfl\/eagles-cowboys-on-connait-laffiche-qui-lancera-la-saison-nfl\/"]}]},{"@type":"ImageObject","inLanguage":"fr-FR","@id":"https:\/\/theplayoffs.news\/fr\/actualite-nfl\/eagles-cowboys-on-connait-laffiche-qui-lancera-la-saison-nfl\/#primaryimage","url":"https:\/\/theplayoffs.news\/fr\/wp-content\/uploads\/2025\/05\/USATSI_25080069.jpg","contentUrl":"https:\/\/theplayoffs.news\/fr\/wp-content\/uploads\/2025\/05\/USATSI_25080069.jpg","width":1920,"height":1280,"caption":"Dec 29, 2024; Philadelphia, Pennsylvania, USA; Philadelphia Eagles defensive end Bryce Huff (0) is blocked by Dallas Cowboys offensive tackle Terence Steele (78) tas he tries to rush the quarterback at Lincoln Financial Field. Mandatory Credit: Eric Hartline-Imagn Images"},{"@type":"BreadcrumbList","@id":"https:\/\/theplayoffs.news\/fr\/actualite-nfl\/eagles-cowboys-on-connait-laffiche-qui-lancera-la-saison-nfl\/#breadcrumb","itemListElement":[{"@type":"ListItem","position":1,"name":"Accueil","item":"https:\/\/theplayoffs.news\/fr\/"},{"@type":"ListItem","position":2,"name":"Eagles-Cowboys : On conna\u00eet l\u2019affiche qui lancera la saison NFL !"}]},{"@type":"WebSite","@id":"https:\/\/theplayoffs.news\/fr\/#website","url":"https:\/\/theplayoffs.news\/fr\/","name":"The Playoffs FR","description":"NBA-NFL-NHL-MLB","potentialAction":[{"@type":"SearchAction","target":{"@type":"EntryPoint","urlTemplate":"https:\/\/theplayoffs.news\/fr\/?s={search_term_string}"},"query-input":{"@type":"PropertyValueSpecification","valueRequired":true,"valueName":"search_term_string"}}],"inLanguage":"fr-FR"},{"@type":"Person","@id":"https:\/\/theplayoffs.news\/fr\/#\/schema\/person\/1ea25b88e79fe4fabd657430b0013d3d","name":"Jean Fabre-Jevanoff","image":{"@type":"ImageObject","inLanguage":"fr-FR","@id":"https:\/\/theplayoffs.news\/fr\/#\/schema\/person\/image\/","url":"https:\/\/secure.gravatar.com\/avatar\/18b28dab1159eebc6a17b9787eb8cbbe3242c3d0e8b53b89332f6dc1133aa361?s=96&d=mm&r=g","contentUrl":"https:\/\/secure.gravatar.com\/avatar\/18b28dab1159eebc6a17b9787eb8cbbe3242c3d0e8b53b89332f6dc1133aa361?s=96&d=mm&r=g","caption":"Jean Fabre-Jevanoff"},"description":"Journaliste polyvalent sur le football am\u00e9ricain, j\u2019\u00e9cris aussi des articles sur le basket. Commentateur sur Twitch et sur YouTube. Pass\u00e9 par Eurosport notamment. Un mix d\u2019Eminem et de OBJ, fan inconditionnel de Patrick Mahomes et Lebron James","sameAs":["https:\/\/www.instagram.com\/_juaniitooo_","https:\/\/www.linkedin.com\/in\/jean-fabre-jevanoff-84bb9b1a9\/","https:\/\/x.com\/the_jfj_42"],"url":"https:\/\/theplayoffs.news\/fr\/author\/jeanfj42gmail-com\/"}]}},"_links":{"self":[{"href":"https:\/\/theplayoffs.news\/fr\/wp-json\/wp\/v2\/posts\/1491168","targetHints":{"allow":["GET"]}}],"collection":[{"href":"https:\/\/theplayoffs.news\/fr\/wp-json\/wp\/v2\/posts"}],"about":[{"href":"https:\/\/theplayoffs.news\/fr\/wp-json\/wp\/v2\/types\/post"}],"author":[{"embeddable":true,"href":"https:\/\/theplayoffs.news\/fr\/wp-json\/wp\/v2\/users\/180310250"}],"replies":[{"embeddable":true,"href":"https:\/\/theplayoffs.news\/fr\/wp-json\/wp\/v2\/comments?post=1491168"}],"version-history":[{"count":3,"href":"https:\/\/theplayoffs.news\/fr\/wp-json\/wp\/v2\/posts\/1491168\/revisions"}],"predecessor-version":[{"id":1491173,"href":"https:\/\/theplayoffs.news\/fr\/wp-json\/wp\/v2\/posts\/1491168\/revisions\/1491173"}],"wp:featuredmedia":[{"embeddable":true,"href":"https:\/\/theplayoffs.news\/fr\/wp-json\/wp\/v2\/media\/1491170"}],"wp:attachment":[{"href":"https:\/\/theplayoffs.news\/fr\/wp-json\/wp\/v2\/media?parent=1491168"}],"wp:term":[{"taxonomy":"category","embeddable":true,"href":"https:\/\/theplayoffs.news\/fr\/wp-json\/wp\/v2\/categories?post=1491168"},{"taxonomy":"post_tag","embeddable":true,"href":"https:\/\/theplayoffs.news\/fr\/wp-json\/wp\/v2\/tags?post=1491168"},{"taxonomy":"sport","embeddable":true,"href":"https:\/\/theplayoffs.news\/fr\/wp-json\/wp\/v2\/sport?post=1491168"},{"taxonomy":"saison","embeddable":true,"href":"https:\/\/theplayoffs.news\/fr\/wp-json\/wp\/v2\/saison?post=1491168"}],"curies":[{"name":"wp","href":"https:\/\/api.w.org\/{rel}","templated":true}]}}