{"id":1491117,"date":"2025-05-12T09:48:08","date_gmt":"2025-05-12T07:48:08","guid":{"rendered":"https:\/\/theplayoffs.news\/fr\/uncategorized\/\/"},"modified":"2025-05-12T09:48:27","modified_gmt":"2025-05-12T07:48:27","slug":"shemar-stewart-pas-de-contrat-pas-de-minicamp","status":"publish","type":"post","link":"https:\/\/theplayoffs.news\/fr\/actualite-nfl\/shemar-stewart-pas-de-contrat-pas-de-minicamp\/","title":{"rendered":"Shemar Stewart: pas de contrat, pas de minicamp!"},"content":{"rendered":"<p>Lors de la derni&egrave;re <a href=\"https:\/\/theplayoffs.news\/fr\/actualite-nfl\/podcast-nfl-une-draft-nfl-2025-completement-folle\/\" class=\"trk-cta-link\" data-cta-trk='{\"ctaType\":\"Link\",\"ctaSubType\":\"main\"}'>draft NFL 2025<\/a>, les Cincinnati Bengals ont d&eacute;cid&eacute; de s&eacute;lectionner avec leur choix de premier tour Shemar Stewart! Un choix qui aujourd&rsquo;hui fait parler car le jeune homme a pris la d&eacute;cision de ne pas participer au minicamp r&eacute;serv&eacute; aux rookies de sa franchise. La raison de cette absence? Un contrat rookie qui n&rsquo;a pas encore &eacute;t&eacute; sign&eacute;!<\/p><p>Toutes les personnes qui suivent assidument la NFL le savent, les n&eacute;gociations contractuelles entre des joueurs et des franchises peuvent &ecirc;tre compliqu&eacute;es. C&rsquo;est cependant plus rarement le cas entre un rookie et une franchise. D&rsquo;autant plus en ce qui concerne un choix de premier tour. Pour rappel, les choix de premier tour re&ccedil;oivent un contrat de 4 ans (avec une ann&eacute;e en option) dont le salaire est pleinement garanti. Pour de nombreux jeunes joueurs, cette signature est donc une simple formalit&eacute; administrative. Mais pas pour Shemar Stewart.<\/p><p>Car si le salaire est garanti, la part vers&eacute;e lors de la participation aux camps d&rsquo;entra&icirc;nements d&rsquo;avant saison est variable. Pour le joueur, cela permet de toucher une part substantielle de son contrat avant m&ecirc;me le d&eacute;but de la saison. Mais les Bengals ont propos&eacute; une part de participation inf&eacute;rieure a ce qui avait &eacute;t&eacute; donn&eacute; l&rsquo;ann&eacute;e derni&egrave;re pour le 17e choix de la draft. Une proposition qui n&rsquo;a donc pas convenu &agrave; Shemar Stewart qui a donc pris la d&eacute;cision de continuer les n&eacute;gociations et de ne <a href=\"https:\/\/www.nbcsports.com\/nfl\/profootballtalk\/rumor-mill\/news\/bengals-offer-to-shemar-stewart-was-lacking-as-to-training-camp-roster-bonuses\" class=\"trk-cta-link\" data-cta-trk='{\"ctaType\":\"Link\",\"ctaSubType\":\"main\"}'>pas se pr&eacute;senter au camp d&rsquo;entra&icirc;nement r&eacute;serv&eacute; aux rookies<\/a>.<\/p><p>Si cette attitude du rookie peut &ecirc;tre mal vue, elle peut aussi &ecirc;tre compr&eacute;hensible. La franchise NFL n&rsquo;est rien d&rsquo;autre que l&rsquo;employeur du joueur. Qui irait travailler sans un contrat de travail sign&eacute; en bonne et due forme? De plus, quelles cons&eacute;quences pour le joueur s&rsquo;il se blesse avant m&ecirc;me la signature de ce contrat?<\/p><p>Soyons honn&ecirc;te, cette situation entre Shemar Stewart et les Cincinnati Bengals va rapidement se r&eacute;gler et tout va revenir &agrave; la normale. Cependant, Stewart a cr&eacute;&eacute; un pr&eacute;c&eacute;dent dans la ligue en annon&ccedil;ant haut et fort qu&rsquo;un rookie doit avoir sign&eacute; son contrat avant de participer au camp d&rsquo;entra&icirc;nement. Un pr&eacute;c&eacute;dent qui pourrait faire un effet boule de neige dans d&rsquo;autres franchises.<\/p><p>Cr&eacute;dit photo: &copy; Albert Cesare\/The Cincinnati Enquirer \/ USA TODAY NETWORK via Imagn Images<\/p>\n","protected":false},"excerpt":{"rendered":"<p>NFL &#8211; Le jeune defensive end des Cincinnati Bengals, Shemar Stewart, a d\u00e9cid\u00e9 de ne pas participer au mini camp reserv\u00e9 aux rookies<\/p>\n","protected":false},"author":180309964,"featured_media":1491127,"comment_status":"closed","ping_status":"closed","sticky":false,"template":"","format":"standard","meta":{"inline_featured_image":false,"kia_subtitle":"NFL - Le jeune defensive end des Cincinnati Bengals, Shemar Stewart, a d\u00e9cid\u00e9 de ne pas participer au mini camp reserv\u00e9 aux rookies","_mux_skip_reasons":[],"proofreadBy":0,"footnotes":""},"categories":[118,8410,40,8408],"tags":[802,8446],"sport":[2785],"saison":[7475],"class_list":["post-1491117","post","type-post","status-publish","format-standard","has-post-thumbnail","hentry","category-actualite-nfl","category-football-americain","category-nfl","category-sports","tag-cincinnati-bengals","tag-shemar-stewart","sport-nfl","saison-7475"],"acf":[],"yoast_head":"<!-- This site is optimized with the Yoast SEO plugin v24.2 - https:\/\/yoast.com\/wordpress\/plugins\/seo\/ -->\n<title>Shemar Stewart: pas de contrat, pas de minicamp! - The Playoffs FR<\/title>\n<meta name=\"robots\" content=\"index, follow, max-snippet:-1, max-image-preview:large, max-video-preview:-1\" \/>\n<link rel=\"canonical\" href=\"https:\/\/theplayoffs.news\/fr\/actualite-nfl\/shemar-stewart-pas-de-contrat-pas-de-minicamp\/\" \/>\n<meta property=\"og:locale\" content=\"fr_FR\" \/>\n<meta property=\"og:type\" content=\"article\" \/>\n<meta property=\"og:title\" content=\"Shemar Stewart: pas de contrat, pas de minicamp! - The Playoffs FR\" \/>\n<meta property=\"og:description\" content=\"NFL - Le jeune defensive end des Cincinnati Bengals, Shemar Stewart, a d&eacute;cid&eacute; de ne pas participer au mini camp reserv&eacute; aux rookies\" \/>\n<meta property=\"og:url\" content=\"https:\/\/theplayoffs.news\/fr\/actualite-nfl\/shemar-stewart-pas-de-contrat-pas-de-minicamp\/\" \/>\n<meta property=\"og:site_name\" content=\"The Playoffs FR\" \/>\n<meta property=\"article:publisher\" content=\"https:\/\/www.facebook.com\/TheFreeAgentFR\/\" \/>\n<meta property=\"article:modified_time\" content=\"2025-05-12T09:48:27+02:00\" \/>\n<meta property=\"og:image\" content=\"https:\/\/theplayoffs.news\/fr\/wp-content\/uploads\/2025\/05\/USATSI_26130288.jpg\" \/>\n\t<meta property=\"og:image:width\" content=\"1920\" \/>\n\t<meta property=\"og:image:height\" content=\"1280\" \/>\n\t<meta property=\"og:image:type\" content=\"image\/jpeg\" \/>\n<meta name=\"author\" content=\"Flavien Jumeau\" \/>\n<meta name=\"twitter:card\" content=\"summary_large_image\" \/>\n<meta name=\"twitter:creator\" content=\"@TheFreeAgentFR\" \/>\n<meta name=\"twitter:site\" content=\"@TheFreeAgentFR\" \/>\n<meta name=\"twitter:label1\" content=\"\u00c9crit par\" \/>\n\t<meta name=\"twitter:data1\" content=\"Flavien Jumeau\" \/>\n\t<meta name=\"twitter:label2\" content=\"Dur\u00e9e de lecture estim\u00e9e\" \/>\n\t<meta name=\"twitter:data2\" content=\"3 minutes\" \/>\n<script type=\"application\/ld+json\" class=\"yoast-schema-graph\">{\"@context\":\"https:\/\/schema.org\",\"@graph\":[{\"@type\":\"WebPage\",\"@id\":\"https:\/\/theplayoffs.news\/fr\/actualite-nfl\/shemar-stewart-pas-de-contrat-pas-de-minicamp\/\",\"url\":\"https:\/\/theplayoffs.news\/fr\/actualite-nfl\/shemar-stewart-pas-de-contrat-pas-de-minicamp\/\",\"name\":\"Shemar Stewart: pas de contrat, pas de minicamp! - The Playoffs FR\",\"isPartOf\":{\"@id\":\"https:\/\/theplayoffs.news\/fr\/#website\"},\"primaryImageOfPage\":{\"@id\":\"https:\/\/theplayoffs.news\/fr\/actualite-nfl\/shemar-stewart-pas-de-contrat-pas-de-minicamp\/#primaryimage\"},\"image\":{\"@id\":\"https:\/\/theplayoffs.news\/fr\/actualite-nfl\/shemar-stewart-pas-de-contrat-pas-de-minicamp\/#primaryimage\"},\"thumbnailUrl\":\"https:\/\/theplayoffs.news\/fr\/wp-content\/uploads\/2025\/05\/USATSI_26130288.jpg\",\"datePublished\":\"2025-05-12T07:48:08+00:00\",\"dateModified\":\"2025-05-12T07:48:27+00:00\",\"author\":{\"@id\":\"https:\/\/theplayoffs.news\/fr\/#\/schema\/person\/def63bc6746dc5957469b75feb99e66d\"},\"breadcrumb\":{\"@id\":\"https:\/\/theplayoffs.news\/fr\/actualite-nfl\/shemar-stewart-pas-de-contrat-pas-de-minicamp\/#breadcrumb\"},\"inLanguage\":\"fr-FR\",\"potentialAction\":[{\"@type\":\"ReadAction\",\"target\":[\"https:\/\/theplayoffs.news\/fr\/actualite-nfl\/shemar-stewart-pas-de-contrat-pas-de-minicamp\/\"]}]},{\"@type\":\"ImageObject\",\"inLanguage\":\"fr-FR\",\"@id\":\"https:\/\/theplayoffs.news\/fr\/actualite-nfl\/shemar-stewart-pas-de-contrat-pas-de-minicamp\/#primaryimage\",\"url\":\"https:\/\/theplayoffs.news\/fr\/wp-content\/uploads\/2025\/05\/USATSI_26130288.jpg\",\"contentUrl\":\"https:\/\/theplayoffs.news\/fr\/wp-content\/uploads\/2025\/05\/USATSI_26130288.jpg\",\"width\":1920,\"height\":1280,\"caption\":\"Bengals defensive end Shemar Stewart looks on during the Bengals Rookie Mini Camp on Friday, May 9, 2025 at Paycor Stadium in Cincinnati.\"},{\"@type\":\"BreadcrumbList\",\"@id\":\"https:\/\/theplayoffs.news\/fr\/actualite-nfl\/shemar-stewart-pas-de-contrat-pas-de-minicamp\/#breadcrumb\",\"itemListElement\":[{\"@type\":\"ListItem\",\"position\":1,\"name\":\"Accueil\",\"item\":\"https:\/\/theplayoffs.news\/fr\/\"},{\"@type\":\"ListItem\",\"position\":2,\"name\":\"Shemar Stewart: pas de contrat, pas de minicamp!\"}]},{\"@type\":\"WebSite\",\"@id\":\"https:\/\/theplayoffs.news\/fr\/#website\",\"url\":\"https:\/\/theplayoffs.news\/fr\/\",\"name\":\"The Playoffs FR\",\"description\":\"NBA-NFL-NHL-MLB\",\"potentialAction\":[{\"@type\":\"SearchAction\",\"target\":{\"@type\":\"EntryPoint\",\"urlTemplate\":\"https:\/\/theplayoffs.news\/fr\/?s={search_term_string}\"},\"query-input\":{\"@type\":\"PropertyValueSpecification\",\"valueRequired\":true,\"valueName\":\"search_term_string\"}}],\"inLanguage\":\"fr-FR\"},{\"@type\":\"Person\",\"@id\":\"https:\/\/theplayoffs.news\/fr\/#\/schema\/person\/def63bc6746dc5957469b75feb99e66d\",\"name\":\"Flavien Jumeau\",\"image\":{\"@type\":\"ImageObject\",\"inLanguage\":\"fr-FR\",\"@id\":\"https:\/\/theplayoffs.news\/fr\/#\/schema\/person\/image\/\",\"url\":\"https:\/\/secure.gravatar.com\/avatar\/e7fa8ba5a4b7e4ce35fe152f083f352db28ad0acce692004ed88a7a7d78893f7?s=96&d=mm&r=g\",\"contentUrl\":\"https:\/\/secure.gravatar.com\/avatar\/e7fa8ba5a4b7e4ce35fe152f083f352db28ad0acce692004ed88a7a7d78893f7?s=96&d=mm&r=g\",\"caption\":\"Flavien Jumeau\"},\"description\":\"Amoureux du sport (et de vraiment tous les sports) depuis mon plus jeune \u00e2ge, j\u2019ai longtemps h\u00e9site entre le snooker et le curling. Finalement c\u2019est le foot US que j\u2019ai d\u00e9cid\u00e9 de choisir! Responsable foot US sur TPO et animateur du podcast Tailgate j\u2019ai pour mission de vous faire d\u00e9couvrir ce sport passionnant si ce n\u2019est pas encore fait et de vous donner les derni\u00e8res actus. Le tout dans la bonne humeur et avec toujours un jeu de mots ou deux savamment distill\u00e9s! Fan des Saints, pour moi Drew Brees est le vrai GOAT!\",\"url\":\"https:\/\/theplayoffs.news\/fr\/author\/flavien-jumeaugmail-com\/\"}]}<\/script>\n<!-- \/ Yoast SEO plugin. -->","yoast_head_json":{"title":"Shemar Stewart: pas de contrat, pas de minicamp! - The Playoffs FR","robots":{"index":"index","follow":"follow","max-snippet":"max-snippet:-1","max-image-preview":"max-image-preview:large","max-video-preview":"max-video-preview:-1"},"canonical":"https:\/\/theplayoffs.news\/fr\/actualite-nfl\/shemar-stewart-pas-de-contrat-pas-de-minicamp\/","og_locale":"fr_FR","og_type":"article","og_title":"Shemar Stewart: pas de contrat, pas de minicamp! - The Playoffs FR","og_description":"NFL - Le jeune defensive end des Cincinnati Bengals, Shemar Stewart, a d&eacute;cid&eacute; de ne pas participer au mini camp reserv&eacute; aux rookies","og_url":"https:\/\/theplayoffs.news\/fr\/actualite-nfl\/shemar-stewart-pas-de-contrat-pas-de-minicamp\/","og_site_name":"The Playoffs FR","article_publisher":"https:\/\/www.facebook.com\/TheFreeAgentFR\/","article_modified_time":"2025-05-12T07:48:27+00:00","og_image":[{"width":1920,"height":1280,"url":"https:\/\/theplayoffs.news\/fr\/wp-content\/uploads\/2025\/05\/USATSI_26130288.jpg","type":"image\/jpeg"}],"author":"Flavien Jumeau","twitter_card":"summary_large_image","twitter_creator":"@TheFreeAgentFR","twitter_site":"@TheFreeAgentFR","twitter_misc":{"\u00c9crit par":"Flavien Jumeau","Dur\u00e9e de lecture estim\u00e9e":"3 minutes"},"schema":{"@context":"https:\/\/schema.org","@graph":[{"@type":"WebPage","@id":"https:\/\/theplayoffs.news\/fr\/actualite-nfl\/shemar-stewart-pas-de-contrat-pas-de-minicamp\/","url":"https:\/\/theplayoffs.news\/fr\/actualite-nfl\/shemar-stewart-pas-de-contrat-pas-de-minicamp\/","name":"Shemar Stewart: pas de contrat, pas de minicamp! - The Playoffs FR","isPartOf":{"@id":"https:\/\/theplayoffs.news\/fr\/#website"},"primaryImageOfPage":{"@id":"https:\/\/theplayoffs.news\/fr\/actualite-nfl\/shemar-stewart-pas-de-contrat-pas-de-minicamp\/#primaryimage"},"image":{"@id":"https:\/\/theplayoffs.news\/fr\/actualite-nfl\/shemar-stewart-pas-de-contrat-pas-de-minicamp\/#primaryimage"},"thumbnailUrl":"https:\/\/theplayoffs.news\/fr\/wp-content\/uploads\/2025\/05\/USATSI_26130288.jpg","datePublished":"2025-05-12T07:48:08+00:00","dateModified":"2025-05-12T07:48:27+00:00","author":{"@id":"https:\/\/theplayoffs.news\/fr\/#\/schema\/person\/def63bc6746dc5957469b75feb99e66d"},"breadcrumb":{"@id":"https:\/\/theplayoffs.news\/fr\/actualite-nfl\/shemar-stewart-pas-de-contrat-pas-de-minicamp\/#breadcrumb"},"inLanguage":"fr-FR","potentialAction":[{"@type":"ReadAction","target":["https:\/\/theplayoffs.news\/fr\/actualite-nfl\/shemar-stewart-pas-de-contrat-pas-de-minicamp\/"]}]},{"@type":"ImageObject","inLanguage":"fr-FR","@id":"https:\/\/theplayoffs.news\/fr\/actualite-nfl\/shemar-stewart-pas-de-contrat-pas-de-minicamp\/#primaryimage","url":"https:\/\/theplayoffs.news\/fr\/wp-content\/uploads\/2025\/05\/USATSI_26130288.jpg","contentUrl":"https:\/\/theplayoffs.news\/fr\/wp-content\/uploads\/2025\/05\/USATSI_26130288.jpg","width":1920,"height":1280,"caption":"Bengals defensive end Shemar Stewart looks on during the Bengals Rookie Mini Camp on Friday, May 9, 2025 at Paycor Stadium in Cincinnati."},{"@type":"BreadcrumbList","@id":"https:\/\/theplayoffs.news\/fr\/actualite-nfl\/shemar-stewart-pas-de-contrat-pas-de-minicamp\/#breadcrumb","itemListElement":[{"@type":"ListItem","position":1,"name":"Accueil","item":"https:\/\/theplayoffs.news\/fr\/"},{"@type":"ListItem","position":2,"name":"Shemar Stewart: pas de contrat, pas de minicamp!"}]},{"@type":"WebSite","@id":"https:\/\/theplayoffs.news\/fr\/#website","url":"https:\/\/theplayoffs.news\/fr\/","name":"The Playoffs FR","description":"NBA-NFL-NHL-MLB","potentialAction":[{"@type":"SearchAction","target":{"@type":"EntryPoint","urlTemplate":"https:\/\/theplayoffs.news\/fr\/?s={search_term_string}"},"query-input":{"@type":"PropertyValueSpecification","valueRequired":true,"valueName":"search_term_string"}}],"inLanguage":"fr-FR"},{"@type":"Person","@id":"https:\/\/theplayoffs.news\/fr\/#\/schema\/person\/def63bc6746dc5957469b75feb99e66d","name":"Flavien Jumeau","image":{"@type":"ImageObject","inLanguage":"fr-FR","@id":"https:\/\/theplayoffs.news\/fr\/#\/schema\/person\/image\/","url":"https:\/\/secure.gravatar.com\/avatar\/e7fa8ba5a4b7e4ce35fe152f083f352db28ad0acce692004ed88a7a7d78893f7?s=96&d=mm&r=g","contentUrl":"https:\/\/secure.gravatar.com\/avatar\/e7fa8ba5a4b7e4ce35fe152f083f352db28ad0acce692004ed88a7a7d78893f7?s=96&d=mm&r=g","caption":"Flavien Jumeau"},"description":"Amoureux du sport (et de vraiment tous les sports) depuis mon plus jeune \u00e2ge, j\u2019ai longtemps h\u00e9site entre le snooker et le curling. Finalement c\u2019est le foot US que j\u2019ai d\u00e9cid\u00e9 de choisir! Responsable foot US sur TPO et animateur du podcast Tailgate j\u2019ai pour mission de vous faire d\u00e9couvrir ce sport passionnant si ce n\u2019est pas encore fait et de vous donner les derni\u00e8res actus. Le tout dans la bonne humeur et avec toujours un jeu de mots ou deux savamment distill\u00e9s! Fan des Saints, pour moi Drew Brees est le vrai GOAT!","url":"https:\/\/theplayoffs.news\/fr\/author\/flavien-jumeaugmail-com\/"}]}},"_links":{"self":[{"href":"https:\/\/theplayoffs.news\/fr\/wp-json\/wp\/v2\/posts\/1491117","targetHints":{"allow":["GET"]}}],"collection":[{"href":"https:\/\/theplayoffs.news\/fr\/wp-json\/wp\/v2\/posts"}],"about":[{"href":"https:\/\/theplayoffs.news\/fr\/wp-json\/wp\/v2\/types\/post"}],"author":[{"embeddable":true,"href":"https:\/\/theplayoffs.news\/fr\/wp-json\/wp\/v2\/users\/180309964"}],"replies":[{"embeddable":true,"href":"https:\/\/theplayoffs.news\/fr\/wp-json\/wp\/v2\/comments?post=1491117"}],"version-history":[{"count":1,"href":"https:\/\/theplayoffs.news\/fr\/wp-json\/wp\/v2\/posts\/1491117\/revisions"}],"predecessor-version":[{"id":1491129,"href":"https:\/\/theplayoffs.news\/fr\/wp-json\/wp\/v2\/posts\/1491117\/revisions\/1491129"}],"wp:featuredmedia":[{"embeddable":true,"href":"https:\/\/theplayoffs.news\/fr\/wp-json\/wp\/v2\/media\/1491127"}],"wp:attachment":[{"href":"https:\/\/theplayoffs.news\/fr\/wp-json\/wp\/v2\/media?parent=1491117"}],"wp:term":[{"taxonomy":"category","embeddable":true,"href":"https:\/\/theplayoffs.news\/fr\/wp-json\/wp\/v2\/categories?post=1491117"},{"taxonomy":"post_tag","embeddable":true,"href":"https:\/\/theplayoffs.news\/fr\/wp-json\/wp\/v2\/tags?post=1491117"},{"taxonomy":"sport","embeddable":true,"href":"https:\/\/theplayoffs.news\/fr\/wp-json\/wp\/v2\/sport?post=1491117"},{"taxonomy":"saison","embeddable":true,"href":"https:\/\/theplayoffs.news\/fr\/wp-json\/wp\/v2\/saison?post=1491117"}],"curies":[{"name":"wp","href":"https:\/\/api.w.org\/{rel}","templated":true}]}}