{"id":1491041,"date":"2025-05-10T17:38:00","date_gmt":"2025-05-10T15:38:00","guid":{"rendered":"https:\/\/theplayoffs.news\/fr\/uncategorized\/\/"},"modified":"2025-05-10T17:40:10","modified_gmt":"2025-05-10T15:40:10","slug":"jamal-murray-les-nuggets-se-soutiennent-les-uns-les-autres-apres-le-match-3-face-au-thunder","status":"publish","type":"post","link":"https:\/\/theplayoffs.news\/fr\/actualite-nba\/jamal-murray-les-nuggets-se-soutiennent-les-uns-les-autres-apres-le-match-3-face-au-thunder\/","title":{"rendered":"Jamal Murray : \u00ab les Nuggets se soutiennent les uns les autres \u00bb apr\u00e8s le match 3 face au Thunder"},"content":{"rendered":"<p>La star des Denver Nuggets, Jamal Murray, a d&eacute;clar&eacute; que tous les membres de l&rsquo;&eacute;quipe se soutiennent mutuellement. Cette d&eacute;claration intervient apr&egrave;s la victoire spectaculaire des Nuggets, 113-104 en prolongation, contre le Thunder d&rsquo;Oklahoma City lors du match 3 des demi-finales de conf&eacute;rence des playoffs NBA 2025. <\/p><p>Murray a men&eacute; les siens avec 27 points, 4 rebonds et 8 passes d&eacute;cisives en 48 minutes de jeu.<\/p><p>Il a jou&eacute; un r&ocirc;le d&eacute;cisif vendredi soir, notamment en inscrivant 16 points et 5 passes lors de la seconde mi-temps, ainsi que les lancers francs pour &eacute;galiser en fin de match. En prolongation, il a brill&eacute; d&eacute;fensivement face &agrave; Shai Gilgeous-Alexander, r&eacute;alisant 4 interceptions entre le quatri&egrave;me quart-temps et l&rsquo;overtime.<\/p><p>Cependant, apr&egrave;s la victoire, la star canadienne a insist&eacute; sur le fait que ce n&rsquo;&eacute;tait pas uniquement sa performance qui avait fait la diff&eacute;rence, mais bien un effort collectif de l&rsquo;ensemble de l&rsquo;&eacute;quipe. Le joueur de 28 ans a confi&eacute; &agrave; ESPN :<\/p><p>&laquo; Ce n&rsquo;&eacute;tait pas moi, c&rsquo;&eacute;tait tout le monde. On doit tous veiller les uns sur les autres, vous voyez ce que je veux dire ? &raquo;<\/p><p>Murray a &eacute;galement salu&eacute; la performance de leurs adversaires, affirmant que le Thunder les avait pouss&eacute;s dans leurs retranchements toute la soir&eacute;e. Il a ajout&eacute; :<\/p><p>&laquo; C&rsquo;est une tr&egrave;s bonne &eacute;quipe. Ils nous ont test&eacute;s toute la nuit, et je pense qu&rsquo;on a r&eacute;ussi &agrave; tenir bon et &agrave; aller chercher la victoire. Donc oui, ce soir, c&rsquo;est une belle victoire d&rsquo;&eacute;quipe. &raquo;<\/p><figure class=\"wp-block-embed is-type-rich is-provider-twitter wp-block-embed-twitter\"><div class=\"wp-block-embed__wrapper\">\n<blockquote class=\"twitter-tweet\" data-width=\"500\" data-dnt=\"true\"><p lang=\"en\" dir=\"ltr\">HOW DID JAMAL MURRAY MAKE THIS &#129327;&#128562; <a href=\"https:\/\/t.co\/OzStMoNoQq\" class=\"trk-cta-link\" data-cta-trk='{\"ctaType\":\"Link\",\"ctaSubType\":\"main\"}'>pic.twitter.com\/OzStMoNoQq<\/a><\/p>&mdash; NBA (@NBA) <a href=\"https:\/\/twitter.com\/NBA\/status\/1921054825388654595?ref_src=twsrc%5Etfw\" class=\"trk-cta-link\" data-cta-trk='{\"ctaType\":\"Link\",\"ctaSubType\":\"main\"}'>May 10, 2025<\/a><\/blockquote><script async src=\"https:\/\/platform.twitter.com\/widgets.js\" charset=\"utf-8\"><\/script>\n<\/div><\/figure><h2 class=\"wp-block-heading\"><strong>David Adelman, coach int&eacute;rimaire des Nuggets, encense la d&eacute;fense de Jamal Murray dans le match 3<\/strong><\/h2><p>Apr&egrave;s la rencontre, l&rsquo;entra&icirc;neur int&eacute;rimaire des Nuggets, David Adelman, a lou&eacute; les efforts d&eacute;fensifs de Jamal Murray dans le dernier quart-temps et en prolongation. Il a d&eacute;clar&eacute; :<\/p><p>&laquo; Jamal Murray, d&eacute;fensivement, dans le quatri&egrave;me quart et en overtime&hellip; J&rsquo;ai trouv&eacute; qu&rsquo;il s&rsquo;est vraiment impliqu&eacute; d&eacute;fensivement quand &ccedil;a comptait. &raquo;<\/p><p>Poursuivant sur le meneur, Adelman a soulign&eacute; sa force mentale, affirmant que le joueur d&rsquo;1m93 fait partie de ces &eacute;l&eacute;ments cl&eacute;s dans le vestiaire qui savent ce qu&rsquo;il faut faire pour gagner.<\/p><p>Adelman a ajout&eacute; :<\/p><p>&laquo; C&rsquo;est un de ces piliers du groupe, qui ont v&eacute;cu ces moments, et qui savent qu&rsquo;au moment de gagner, ils doivent puiser dans leur corps et leur esprit ce qu&rsquo;il faut pour y arriver. &raquo;<\/p><p>Dans ce match 3, Murray a termin&eacute; avec un 9 sur 19 au tir, dont 2 sur 5 &agrave; trois points. Il d&eacute;tient d&eacute;sormais le plus grand total de points en playoffs pour un meneur sur les trois derni&egrave;res saisons. Apr&egrave;s cette victoire palpitante, les Nuggets m&egrave;nent la s&eacute;rie 2-1 et recevront leurs rivaux pour le match 4, dimanche 11 mai.<\/p><p><\/p><p><em>Credit Photo: Ron Chenoy-Imagn Images<\/em><\/p>\n","protected":false},"excerpt":{"rendered":"","protected":false},"author":180309799,"featured_media":1491042,"comment_status":"closed","ping_status":"closed","sticky":false,"template":"","format":"standard","meta":{"inline_featured_image":false,"kia_subtitle":"","_mux_skip_reasons":[],"proofreadBy":0,"footnotes":""},"categories":[110,8414,10,8408],"tags":[620,3069],"sport":[],"saison":[],"class_list":["post-1491041","post","type-post","status-publish","format-standard","has-post-thumbnail","hentry","category-actualite-nba","category-basketball-sports","category-nba","category-sports","tag-denver-nuggets","tag-jamal-murray"],"acf":[],"yoast_head":"<!-- This site is optimized with the Yoast SEO plugin v24.2 - https:\/\/yoast.com\/wordpress\/plugins\/seo\/ -->\n<title>Jamal Murray : &laquo; les Nuggets se soutiennent les uns les autres &raquo; apr&egrave;s le match 3 face au Thunder - The Playoffs FR<\/title>\n<meta name=\"robots\" content=\"index, follow, max-snippet:-1, max-image-preview:large, max-video-preview:-1\" \/>\n<link rel=\"canonical\" href=\"https:\/\/theplayoffs.news\/fr\/actualite-nba\/jamal-murray-les-nuggets-se-soutiennent-les-uns-les-autres-apres-le-match-3-face-au-thunder\/\" \/>\n<meta property=\"og:locale\" content=\"fr_FR\" \/>\n<meta property=\"og:type\" content=\"article\" \/>\n<meta property=\"og:title\" content=\"Jamal Murray : &laquo; les Nuggets se soutiennent les uns les autres &raquo; apr&egrave;s le match 3 face au Thunder - The Playoffs FR\" \/>\n<meta property=\"og:url\" content=\"https:\/\/theplayoffs.news\/fr\/actualite-nba\/jamal-murray-les-nuggets-se-soutiennent-les-uns-les-autres-apres-le-match-3-face-au-thunder\/\" \/>\n<meta property=\"og:site_name\" content=\"The Playoffs FR\" \/>\n<meta property=\"article:publisher\" content=\"https:\/\/www.facebook.com\/TheFreeAgentFR\/\" \/>\n<meta property=\"article:modified_time\" content=\"2025-05-10T17:40:10+02:00\" \/>\n<meta property=\"og:image\" content=\"https:\/\/theplayoffs.news\/fr\/wp-content\/uploads\/2025\/05\/USATSI_26140009.jpg\" \/>\n\t<meta property=\"og:image:width\" content=\"1920\" \/>\n\t<meta property=\"og:image:height\" content=\"1323\" \/>\n\t<meta property=\"og:image:type\" content=\"image\/jpeg\" \/>\n<meta name=\"author\" content=\"La r\u00e9daction\" \/>\n<meta name=\"twitter:card\" content=\"summary_large_image\" \/>\n<meta name=\"twitter:creator\" content=\"@TheFreeAgentFR\" \/>\n<meta name=\"twitter:site\" content=\"@TheFreeAgentFR\" \/>\n<meta name=\"twitter:label1\" content=\"\u00c9crit par\" \/>\n\t<meta name=\"twitter:data1\" content=\"La r\u00e9daction\" \/>\n\t<meta name=\"twitter:label2\" content=\"Dur\u00e9e de lecture estim\u00e9e\" \/>\n\t<meta name=\"twitter:data2\" content=\"3 minutes\" \/>\n<script type=\"application\/ld+json\" class=\"yoast-schema-graph\">{\"@context\":\"https:\/\/schema.org\",\"@graph\":[{\"@type\":\"WebPage\",\"@id\":\"https:\/\/theplayoffs.news\/fr\/actualite-nba\/jamal-murray-les-nuggets-se-soutiennent-les-uns-les-autres-apres-le-match-3-face-au-thunder\/\",\"url\":\"https:\/\/theplayoffs.news\/fr\/actualite-nba\/jamal-murray-les-nuggets-se-soutiennent-les-uns-les-autres-apres-le-match-3-face-au-thunder\/\",\"name\":\"Jamal Murray : \u00ab les Nuggets se soutiennent les uns les autres \u00bb apr\u00e8s le match 3 face au Thunder - The Playoffs FR\",\"isPartOf\":{\"@id\":\"https:\/\/theplayoffs.news\/fr\/#website\"},\"primaryImageOfPage\":{\"@id\":\"https:\/\/theplayoffs.news\/fr\/actualite-nba\/jamal-murray-les-nuggets-se-soutiennent-les-uns-les-autres-apres-le-match-3-face-au-thunder\/#primaryimage\"},\"image\":{\"@id\":\"https:\/\/theplayoffs.news\/fr\/actualite-nba\/jamal-murray-les-nuggets-se-soutiennent-les-uns-les-autres-apres-le-match-3-face-au-thunder\/#primaryimage\"},\"thumbnailUrl\":\"https:\/\/theplayoffs.news\/fr\/wp-content\/uploads\/2025\/05\/USATSI_26140009.jpg\",\"datePublished\":\"2025-05-10T15:38:00+00:00\",\"dateModified\":\"2025-05-10T15:40:10+00:00\",\"author\":{\"@id\":\"https:\/\/theplayoffs.news\/fr\/#\/schema\/person\/bb40426f4e478f9bd8cdbfeb4f2f9784\"},\"breadcrumb\":{\"@id\":\"https:\/\/theplayoffs.news\/fr\/actualite-nba\/jamal-murray-les-nuggets-se-soutiennent-les-uns-les-autres-apres-le-match-3-face-au-thunder\/#breadcrumb\"},\"inLanguage\":\"fr-FR\",\"potentialAction\":[{\"@type\":\"ReadAction\",\"target\":[\"https:\/\/theplayoffs.news\/fr\/actualite-nba\/jamal-murray-les-nuggets-se-soutiennent-les-uns-les-autres-apres-le-match-3-face-au-thunder\/\"]}]},{\"@type\":\"ImageObject\",\"inLanguage\":\"fr-FR\",\"@id\":\"https:\/\/theplayoffs.news\/fr\/actualite-nba\/jamal-murray-les-nuggets-se-soutiennent-les-uns-les-autres-apres-le-match-3-face-au-thunder\/#primaryimage\",\"url\":\"https:\/\/theplayoffs.news\/fr\/wp-content\/uploads\/2025\/05\/USATSI_26140009.jpg\",\"contentUrl\":\"https:\/\/theplayoffs.news\/fr\/wp-content\/uploads\/2025\/05\/USATSI_26140009.jpg\",\"width\":1920,\"height\":1323,\"caption\":\"May 9, 2025; Denver, Colorado, USA; Denver Nuggets guard Jamal Murray (27) is interviewed by ESPN broadcaster Jorge Sedano following the overtime win against the Oklahoma City Thunder during game three of the second round for the 2025 NBA Playoffs at Ball Arena. Mandatory Credit: Ron Chenoy-Imagn Images\"},{\"@type\":\"BreadcrumbList\",\"@id\":\"https:\/\/theplayoffs.news\/fr\/actualite-nba\/jamal-murray-les-nuggets-se-soutiennent-les-uns-les-autres-apres-le-match-3-face-au-thunder\/#breadcrumb\",\"itemListElement\":[{\"@type\":\"ListItem\",\"position\":1,\"name\":\"Accueil\",\"item\":\"https:\/\/theplayoffs.news\/fr\/\"},{\"@type\":\"ListItem\",\"position\":2,\"name\":\"Jamal Murray : \u00ab les Nuggets se soutiennent les uns les autres \u00bb apr\u00e8s le match 3 face au Thunder\"}]},{\"@type\":\"WebSite\",\"@id\":\"https:\/\/theplayoffs.news\/fr\/#website\",\"url\":\"https:\/\/theplayoffs.news\/fr\/\",\"name\":\"The Playoffs FR\",\"description\":\"NBA-NFL-NHL-MLB\",\"potentialAction\":[{\"@type\":\"SearchAction\",\"target\":{\"@type\":\"EntryPoint\",\"urlTemplate\":\"https:\/\/theplayoffs.news\/fr\/?s={search_term_string}\"},\"query-input\":{\"@type\":\"PropertyValueSpecification\",\"valueRequired\":true,\"valueName\":\"search_term_string\"}}],\"inLanguage\":\"fr-FR\"},{\"@type\":\"Person\",\"@id\":\"https:\/\/theplayoffs.news\/fr\/#\/schema\/person\/bb40426f4e478f9bd8cdbfeb4f2f9784\",\"name\":\"La r\u00e9daction\",\"image\":{\"@type\":\"ImageObject\",\"inLanguage\":\"fr-FR\",\"@id\":\"https:\/\/theplayoffs.news\/fr\/#\/schema\/person\/image\/\",\"url\":\"https:\/\/secure.gravatar.com\/avatar\/7e69b41460ab2c17d61c8c364b6a0ee006f957a70191383ef42be1f4733d6515?s=96&d=mm&r=g\",\"contentUrl\":\"https:\/\/secure.gravatar.com\/avatar\/7e69b41460ab2c17d61c8c364b6a0ee006f957a70191383ef42be1f4733d6515?s=96&d=mm&r=g\",\"caption\":\"La r\u00e9daction\"},\"description\":\"On dit qu\\\\'il faut un village pour s\\\\'occuper d\\\\'un enfant. Et bien c\\\\'est exactement ce dont il s\\\\'agit ici pour The Playoffs. La r\u00e9daction, ce sont vos r\u00e9dacteurs pr\u00e9f\u00e9r\u00e9s qui collaborent sur ces articles que vous lisez au quotidien.\u00a0\",\"url\":\"https:\/\/theplayoffs.news\/fr\/author\/freeagentfr\/\"}]}<\/script>\n<!-- \/ Yoast SEO plugin. -->","yoast_head_json":{"title":"Jamal Murray : &laquo; les Nuggets se soutiennent les uns les autres &raquo; apr&egrave;s le match 3 face au Thunder - The Playoffs FR","robots":{"index":"index","follow":"follow","max-snippet":"max-snippet:-1","max-image-preview":"max-image-preview:large","max-video-preview":"max-video-preview:-1"},"canonical":"https:\/\/theplayoffs.news\/fr\/actualite-nba\/jamal-murray-les-nuggets-se-soutiennent-les-uns-les-autres-apres-le-match-3-face-au-thunder\/","og_locale":"fr_FR","og_type":"article","og_title":"Jamal Murray : &laquo; les Nuggets se soutiennent les uns les autres &raquo; apr&egrave;s le match 3 face au Thunder - The Playoffs FR","og_url":"https:\/\/theplayoffs.news\/fr\/actualite-nba\/jamal-murray-les-nuggets-se-soutiennent-les-uns-les-autres-apres-le-match-3-face-au-thunder\/","og_site_name":"The Playoffs FR","article_publisher":"https:\/\/www.facebook.com\/TheFreeAgentFR\/","article_modified_time":"2025-05-10T15:40:10+00:00","og_image":[{"width":1920,"height":1323,"url":"https:\/\/theplayoffs.news\/fr\/wp-content\/uploads\/2025\/05\/USATSI_26140009.jpg","type":"image\/jpeg"}],"author":"La r\u00e9daction","twitter_card":"summary_large_image","twitter_creator":"@TheFreeAgentFR","twitter_site":"@TheFreeAgentFR","twitter_misc":{"\u00c9crit par":"La r\u00e9daction","Dur\u00e9e de lecture estim\u00e9e":"3 minutes"},"schema":{"@context":"https:\/\/schema.org","@graph":[{"@type":"WebPage","@id":"https:\/\/theplayoffs.news\/fr\/actualite-nba\/jamal-murray-les-nuggets-se-soutiennent-les-uns-les-autres-apres-le-match-3-face-au-thunder\/","url":"https:\/\/theplayoffs.news\/fr\/actualite-nba\/jamal-murray-les-nuggets-se-soutiennent-les-uns-les-autres-apres-le-match-3-face-au-thunder\/","name":"Jamal Murray : \u00ab les Nuggets se soutiennent les uns les autres \u00bb apr\u00e8s le match 3 face au Thunder - The Playoffs FR","isPartOf":{"@id":"https:\/\/theplayoffs.news\/fr\/#website"},"primaryImageOfPage":{"@id":"https:\/\/theplayoffs.news\/fr\/actualite-nba\/jamal-murray-les-nuggets-se-soutiennent-les-uns-les-autres-apres-le-match-3-face-au-thunder\/#primaryimage"},"image":{"@id":"https:\/\/theplayoffs.news\/fr\/actualite-nba\/jamal-murray-les-nuggets-se-soutiennent-les-uns-les-autres-apres-le-match-3-face-au-thunder\/#primaryimage"},"thumbnailUrl":"https:\/\/theplayoffs.news\/fr\/wp-content\/uploads\/2025\/05\/USATSI_26140009.jpg","datePublished":"2025-05-10T15:38:00+00:00","dateModified":"2025-05-10T15:40:10+00:00","author":{"@id":"https:\/\/theplayoffs.news\/fr\/#\/schema\/person\/bb40426f4e478f9bd8cdbfeb4f2f9784"},"breadcrumb":{"@id":"https:\/\/theplayoffs.news\/fr\/actualite-nba\/jamal-murray-les-nuggets-se-soutiennent-les-uns-les-autres-apres-le-match-3-face-au-thunder\/#breadcrumb"},"inLanguage":"fr-FR","potentialAction":[{"@type":"ReadAction","target":["https:\/\/theplayoffs.news\/fr\/actualite-nba\/jamal-murray-les-nuggets-se-soutiennent-les-uns-les-autres-apres-le-match-3-face-au-thunder\/"]}]},{"@type":"ImageObject","inLanguage":"fr-FR","@id":"https:\/\/theplayoffs.news\/fr\/actualite-nba\/jamal-murray-les-nuggets-se-soutiennent-les-uns-les-autres-apres-le-match-3-face-au-thunder\/#primaryimage","url":"https:\/\/theplayoffs.news\/fr\/wp-content\/uploads\/2025\/05\/USATSI_26140009.jpg","contentUrl":"https:\/\/theplayoffs.news\/fr\/wp-content\/uploads\/2025\/05\/USATSI_26140009.jpg","width":1920,"height":1323,"caption":"May 9, 2025; Denver, Colorado, USA; Denver Nuggets guard Jamal Murray (27) is interviewed by ESPN broadcaster Jorge Sedano following the overtime win against the Oklahoma City Thunder during game three of the second round for the 2025 NBA Playoffs at Ball Arena. Mandatory Credit: Ron Chenoy-Imagn Images"},{"@type":"BreadcrumbList","@id":"https:\/\/theplayoffs.news\/fr\/actualite-nba\/jamal-murray-les-nuggets-se-soutiennent-les-uns-les-autres-apres-le-match-3-face-au-thunder\/#breadcrumb","itemListElement":[{"@type":"ListItem","position":1,"name":"Accueil","item":"https:\/\/theplayoffs.news\/fr\/"},{"@type":"ListItem","position":2,"name":"Jamal Murray : \u00ab les Nuggets se soutiennent les uns les autres \u00bb apr\u00e8s le match 3 face au Thunder"}]},{"@type":"WebSite","@id":"https:\/\/theplayoffs.news\/fr\/#website","url":"https:\/\/theplayoffs.news\/fr\/","name":"The Playoffs FR","description":"NBA-NFL-NHL-MLB","potentialAction":[{"@type":"SearchAction","target":{"@type":"EntryPoint","urlTemplate":"https:\/\/theplayoffs.news\/fr\/?s={search_term_string}"},"query-input":{"@type":"PropertyValueSpecification","valueRequired":true,"valueName":"search_term_string"}}],"inLanguage":"fr-FR"},{"@type":"Person","@id":"https:\/\/theplayoffs.news\/fr\/#\/schema\/person\/bb40426f4e478f9bd8cdbfeb4f2f9784","name":"La r\u00e9daction","image":{"@type":"ImageObject","inLanguage":"fr-FR","@id":"https:\/\/theplayoffs.news\/fr\/#\/schema\/person\/image\/","url":"https:\/\/secure.gravatar.com\/avatar\/7e69b41460ab2c17d61c8c364b6a0ee006f957a70191383ef42be1f4733d6515?s=96&d=mm&r=g","contentUrl":"https:\/\/secure.gravatar.com\/avatar\/7e69b41460ab2c17d61c8c364b6a0ee006f957a70191383ef42be1f4733d6515?s=96&d=mm&r=g","caption":"La r\u00e9daction"},"description":"On dit qu\\'il faut un village pour s\\'occuper d\\'un enfant. Et bien c\\'est exactement ce dont il s\\'agit ici pour The Playoffs. La r\u00e9daction, ce sont vos r\u00e9dacteurs pr\u00e9f\u00e9r\u00e9s qui collaborent sur ces articles que vous lisez au quotidien.\u00a0","url":"https:\/\/theplayoffs.news\/fr\/author\/freeagentfr\/"}]}},"_links":{"self":[{"href":"https:\/\/theplayoffs.news\/fr\/wp-json\/wp\/v2\/posts\/1491041","targetHints":{"allow":["GET"]}}],"collection":[{"href":"https:\/\/theplayoffs.news\/fr\/wp-json\/wp\/v2\/posts"}],"about":[{"href":"https:\/\/theplayoffs.news\/fr\/wp-json\/wp\/v2\/types\/post"}],"author":[{"embeddable":true,"href":"https:\/\/theplayoffs.news\/fr\/wp-json\/wp\/v2\/users\/180309799"}],"replies":[{"embeddable":true,"href":"https:\/\/theplayoffs.news\/fr\/wp-json\/wp\/v2\/comments?post=1491041"}],"version-history":[{"count":1,"href":"https:\/\/theplayoffs.news\/fr\/wp-json\/wp\/v2\/posts\/1491041\/revisions"}],"predecessor-version":[{"id":1491043,"href":"https:\/\/theplayoffs.news\/fr\/wp-json\/wp\/v2\/posts\/1491041\/revisions\/1491043"}],"wp:featuredmedia":[{"embeddable":true,"href":"https:\/\/theplayoffs.news\/fr\/wp-json\/wp\/v2\/media\/1491042"}],"wp:attachment":[{"href":"https:\/\/theplayoffs.news\/fr\/wp-json\/wp\/v2\/media?parent=1491041"}],"wp:term":[{"taxonomy":"category","embeddable":true,"href":"https:\/\/theplayoffs.news\/fr\/wp-json\/wp\/v2\/categories?post=1491041"},{"taxonomy":"post_tag","embeddable":true,"href":"https:\/\/theplayoffs.news\/fr\/wp-json\/wp\/v2\/tags?post=1491041"},{"taxonomy":"sport","embeddable":true,"href":"https:\/\/theplayoffs.news\/fr\/wp-json\/wp\/v2\/sport?post=1491041"},{"taxonomy":"saison","embeddable":true,"href":"https:\/\/theplayoffs.news\/fr\/wp-json\/wp\/v2\/saison?post=1491041"}],"curies":[{"name":"wp","href":"https:\/\/api.w.org\/{rel}","templated":true}]}}