{"id":1491007,"date":"2025-05-10T12:22:12","date_gmt":"2025-05-10T10:22:12","guid":{"rendered":"https:\/\/theplayoffs.news\/fr\/uncategorized\/\/"},"modified":"2025-05-10T12:22:17","modified_gmt":"2025-05-10T10:22:17","slug":"junior-aho-coupe-par-les-falcons","status":"publish","type":"post","link":"https:\/\/theplayoffs.news\/fr\/actualite-nfl\/junior-aho-coupe-par-les-falcons\/","title":{"rendered":"Junior Aho coup\u00e9 par les Falcons"},"content":{"rendered":"<p>C&rsquo;est une mauvaise nouvelle pour la NFL en France qui vient de tomber : Junior Aho, defensive tackle, vient d&rsquo;&ecirc;tre coup&eacute; par Atlanta.<\/p><p>Apr&egrave;s avoir jou&eacute; au football universitaire avec les SMU Mustangs, Aho &eacute;tait pass&eacute; par les <a href=\"https:\/\/x.com\/NFLFrance\/status\/1654141357705900033\" target=\"_blank\" rel=\"noreferrer noopener\" class=\"trk-cta-link\" data-cta-trk='{\"ctaType\":\"Link\",\"ctaSubType\":\"main\"}'>Vikings <\/a>et les Panthers avant de rejoindre les Falcons. Pour le moment, le Fran&ccedil;ais n&rsquo;avait disput&eacute; que des matchs de pr&eacute;-saison et figurait dans la practice squad d&rsquo;Atlanta.<\/p><figure class=\"wp-block-embed is-type-rich is-provider-twitter wp-block-embed-twitter\"><div class=\"wp-block-embed__wrapper\">\n<blockquote class=\"twitter-tweet\" data-width=\"500\" data-dnt=\"true\"><p lang=\"en\" dir=\"ltr\">Transaction: The Falcons have released DT Junior Aho. <br><br>Aho signed with the Falcons practice squad in Oct. of 2024 and signed a reserve\/future contract in Jan. 2025.<\/p>&mdash; Tori McElhaney (@tori_mcelhaney) <a href=\"https:\/\/twitter.com\/tori_mcelhaney\/status\/1920962634364440804?ref_src=twsrc%5Etfw\" class=\"trk-cta-link\" data-cta-trk='{\"ctaType\":\"Link\",\"ctaSubType\":\"main\"}'>May 9, 2025<\/a><\/blockquote><script async src=\"https:\/\/platform.twitter.com\/widgets.js\" charset=\"utf-8\"><\/script>\n<\/div><\/figure><ul class=\"wp-block-list\">\n<li><strong>Lire aussi :<\/strong><\/li>\n<\/ul><p><a href=\"https:\/\/theplayoffs.news\/fr\/actualite-nfl\/la-nfl-proche-dun-accord-avec-youtube-pour-le-match-au-bresil\/\" target=\"_blank\" rel=\"noreferrer noopener\" class=\"trk-cta-link\" data-cta-trk='{\"ctaType\":\"Link\",\"ctaSubType\":\"main\"}'>La NFL proche d&rsquo;un accord avec YouTube pour le match au Br&eacute;sil<\/a><\/p><p><a href=\"https:\/\/theplayoffs.news\/fr\/actualite-nfl\/maceo-beard-arrive-chez-les-san-francisco-49ers\/\" target=\"_blank\" rel=\"noreferrer noopener\" class=\"trk-cta-link\" data-cta-trk='{\"ctaType\":\"Link\",\"ctaSubType\":\"main\"}'>Maceo Beard arrive chez les San Francisco 49ers !<\/a><\/p><p>Aho avait rejoint la grande ligue en 2023 en tant qu&rsquo;agent libre non draft&eacute; via le programme International Player Pathway de la NFL, qui permet aux athl&egrave;tes &eacute;trangers d&rsquo;&ecirc;tre s&eacute;lectionn&eacute;s par une franchise.<\/p><p>Ce dernier avait d&eacute;j&agrave; &eacute;t&eacute; agent libre entre chacun de ses passages dans une franchise, mais c&rsquo;est la premi&egrave;re fois que le Fran&ccedil;ais voit son contrat coup&eacute;.<\/p><p>Cr&eacute;dit photo : Jim Dedmon-USA TODAY Sports<\/p>\n","protected":false},"excerpt":{"rendered":"","protected":false},"author":180310250,"featured_media":1491008,"comment_status":"closed","ping_status":"closed","sticky":false,"template":"","format":"standard","meta":{"inline_featured_image":false,"kia_subtitle":"","_mux_skip_reasons":[],"proofreadBy":0,"footnotes":""},"categories":[118,40,8408],"tags":[920,1523,79],"sport":[2785],"saison":[7475],"class_list":["post-1491007","post","type-post","status-publish","format-standard","has-post-thumbnail","hentry","category-actualite-nfl","category-nfl","category-sports","tag-atlanta-falcons","tag-junior-aho","tag-nfl","sport-nfl","saison-7475"],"acf":[],"yoast_head":"<!-- This site is optimized with the Yoast SEO plugin v24.2 - https:\/\/yoast.com\/wordpress\/plugins\/seo\/ -->\n<title>Junior Aho coup&eacute; par les Falcons - The Playoffs FR<\/title>\n<meta name=\"description\" content=\"C&#039;est une mauvaise nouvelle pour la NFL en France qui vient de tomber : Junior Aho, defensive tackle, vient d&rsquo;&ecirc;tre coup&eacute; par Atlanta.\" \/>\n<meta name=\"robots\" content=\"index, follow, max-snippet:-1, max-image-preview:large, max-video-preview:-1\" \/>\n<link rel=\"canonical\" href=\"https:\/\/theplayoffs.news\/fr\/actualite-nfl\/junior-aho-coupe-par-les-falcons\/\" \/>\n<meta property=\"og:locale\" content=\"fr_FR\" \/>\n<meta property=\"og:type\" content=\"article\" \/>\n<meta property=\"og:title\" content=\"Junior Aho coup&eacute; par les Falcons - The Playoffs FR\" \/>\n<meta property=\"og:description\" content=\"C&#039;est une mauvaise nouvelle pour la NFL en France qui vient de tomber : Junior Aho, defensive tackle, vient d&rsquo;&ecirc;tre coup&eacute; par Atlanta.\" \/>\n<meta property=\"og:url\" content=\"https:\/\/theplayoffs.news\/fr\/actualite-nfl\/junior-aho-coupe-par-les-falcons\/\" \/>\n<meta property=\"og:site_name\" content=\"The Playoffs FR\" \/>\n<meta property=\"article:publisher\" content=\"https:\/\/www.facebook.com\/TheFreeAgentFR\/\" \/>\n<meta property=\"article:modified_time\" content=\"2025-05-10T12:22:17+02:00\" \/>\n<meta property=\"og:image\" content=\"https:\/\/theplayoffs.news\/fr\/wp-content\/uploads\/2025\/05\/USATSI_24020262.jpg\" \/>\n\t<meta property=\"og:image:width\" content=\"1920\" \/>\n\t<meta property=\"og:image:height\" content=\"1280\" \/>\n\t<meta property=\"og:image:type\" content=\"image\/jpeg\" \/>\n<meta name=\"author\" content=\"Jean Fabre-Jevanoff\" \/>\n<meta name=\"twitter:card\" content=\"summary_large_image\" \/>\n<meta name=\"twitter:creator\" content=\"@the_jfj_42\" \/>\n<meta name=\"twitter:site\" content=\"@TheFreeAgentFR\" \/>\n<meta name=\"twitter:label1\" content=\"\u00c9crit par\" \/>\n\t<meta name=\"twitter:data1\" content=\"Jean Fabre-Jevanoff\" \/>\n\t<meta name=\"twitter:label2\" content=\"Dur\u00e9e de lecture estim\u00e9e\" \/>\n\t<meta name=\"twitter:data2\" content=\"1 minute\" \/>\n<script type=\"application\/ld+json\" class=\"yoast-schema-graph\">{\"@context\":\"https:\/\/schema.org\",\"@graph\":[{\"@type\":\"WebPage\",\"@id\":\"https:\/\/theplayoffs.news\/fr\/actualite-nfl\/junior-aho-coupe-par-les-falcons\/\",\"url\":\"https:\/\/theplayoffs.news\/fr\/actualite-nfl\/junior-aho-coupe-par-les-falcons\/\",\"name\":\"Junior Aho coup\u00e9 par les Falcons - The Playoffs FR\",\"isPartOf\":{\"@id\":\"https:\/\/theplayoffs.news\/fr\/#website\"},\"primaryImageOfPage\":{\"@id\":\"https:\/\/theplayoffs.news\/fr\/actualite-nfl\/junior-aho-coupe-par-les-falcons\/#primaryimage\"},\"image\":{\"@id\":\"https:\/\/theplayoffs.news\/fr\/actualite-nfl\/junior-aho-coupe-par-les-falcons\/#primaryimage\"},\"thumbnailUrl\":\"https:\/\/theplayoffs.news\/fr\/wp-content\/uploads\/2025\/05\/USATSI_24020262.jpg\",\"datePublished\":\"2025-05-10T10:22:12+00:00\",\"dateModified\":\"2025-05-10T10:22:17+00:00\",\"author\":{\"@id\":\"https:\/\/theplayoffs.news\/fr\/#\/schema\/person\/1ea25b88e79fe4fabd657430b0013d3d\"},\"description\":\"C\\\\'est une mauvaise nouvelle pour la NFL en France qui vient de tomber : Junior Aho, defensive tackle, vient d\u2019\u00eatre coup\u00e9 par Atlanta.\",\"breadcrumb\":{\"@id\":\"https:\/\/theplayoffs.news\/fr\/actualite-nfl\/junior-aho-coupe-par-les-falcons\/#breadcrumb\"},\"inLanguage\":\"fr-FR\",\"potentialAction\":[{\"@type\":\"ReadAction\",\"target\":[\"https:\/\/theplayoffs.news\/fr\/actualite-nfl\/junior-aho-coupe-par-les-falcons\/\"]}]},{\"@type\":\"ImageObject\",\"inLanguage\":\"fr-FR\",\"@id\":\"https:\/\/theplayoffs.news\/fr\/actualite-nfl\/junior-aho-coupe-par-les-falcons\/#primaryimage\",\"url\":\"https:\/\/theplayoffs.news\/fr\/wp-content\/uploads\/2025\/05\/USATSI_24020262.jpg\",\"contentUrl\":\"https:\/\/theplayoffs.news\/fr\/wp-content\/uploads\/2025\/05\/USATSI_24020262.jpg\",\"width\":1920,\"height\":1280,\"caption\":\"Aug 17, 2024; Charlotte, North Carolina, USA; Carolina Panthers defensive tackle Junior Aho (92) during pregame warm ups against the New York Jets at Bank of America Stadium. Mandatory Credit: Jim Dedmon-USA TODAY Sports\"},{\"@type\":\"BreadcrumbList\",\"@id\":\"https:\/\/theplayoffs.news\/fr\/actualite-nfl\/junior-aho-coupe-par-les-falcons\/#breadcrumb\",\"itemListElement\":[{\"@type\":\"ListItem\",\"position\":1,\"name\":\"Accueil\",\"item\":\"https:\/\/theplayoffs.news\/fr\/\"},{\"@type\":\"ListItem\",\"position\":2,\"name\":\"Junior Aho coup\u00e9 par les Falcons\"}]},{\"@type\":\"WebSite\",\"@id\":\"https:\/\/theplayoffs.news\/fr\/#website\",\"url\":\"https:\/\/theplayoffs.news\/fr\/\",\"name\":\"The Playoffs FR\",\"description\":\"NBA-NFL-NHL-MLB\",\"potentialAction\":[{\"@type\":\"SearchAction\",\"target\":{\"@type\":\"EntryPoint\",\"urlTemplate\":\"https:\/\/theplayoffs.news\/fr\/?s={search_term_string}\"},\"query-input\":{\"@type\":\"PropertyValueSpecification\",\"valueRequired\":true,\"valueName\":\"search_term_string\"}}],\"inLanguage\":\"fr-FR\"},{\"@type\":\"Person\",\"@id\":\"https:\/\/theplayoffs.news\/fr\/#\/schema\/person\/1ea25b88e79fe4fabd657430b0013d3d\",\"name\":\"Jean Fabre-Jevanoff\",\"image\":{\"@type\":\"ImageObject\",\"inLanguage\":\"fr-FR\",\"@id\":\"https:\/\/theplayoffs.news\/fr\/#\/schema\/person\/image\/\",\"url\":\"https:\/\/secure.gravatar.com\/avatar\/18b28dab1159eebc6a17b9787eb8cbbe3242c3d0e8b53b89332f6dc1133aa361?s=96&d=mm&r=g\",\"contentUrl\":\"https:\/\/secure.gravatar.com\/avatar\/18b28dab1159eebc6a17b9787eb8cbbe3242c3d0e8b53b89332f6dc1133aa361?s=96&d=mm&r=g\",\"caption\":\"Jean Fabre-Jevanoff\"},\"description\":\"Journaliste polyvalent sur le football am\u00e9ricain, j\u2019\u00e9cris aussi des articles sur le basket. Commentateur sur Twitch et sur YouTube. Pass\u00e9 par Eurosport notamment. Un mix d\u2019Eminem et de OBJ, fan inconditionnel de Patrick Mahomes et Lebron James\",\"sameAs\":[\"https:\/\/www.instagram.com\/_juaniitooo_\",\"https:\/\/www.linkedin.com\/in\/jean-fabre-jevanoff-84bb9b1a9\/\",\"https:\/\/x.com\/the_jfj_42\"],\"url\":\"https:\/\/theplayoffs.news\/fr\/author\/jeanfj42gmail-com\/\"}]}<\/script>\n<!-- \/ Yoast SEO plugin. -->","yoast_head_json":{"title":"Junior Aho coup&eacute; par les Falcons - The Playoffs FR","description":"C&#039;est une mauvaise nouvelle pour la NFL en France qui vient de tomber : Junior Aho, defensive tackle, vient d&rsquo;&ecirc;tre coup&eacute; par Atlanta.","robots":{"index":"index","follow":"follow","max-snippet":"max-snippet:-1","max-image-preview":"max-image-preview:large","max-video-preview":"max-video-preview:-1"},"canonical":"https:\/\/theplayoffs.news\/fr\/actualite-nfl\/junior-aho-coupe-par-les-falcons\/","og_locale":"fr_FR","og_type":"article","og_title":"Junior Aho coup&eacute; par les Falcons - The Playoffs FR","og_description":"C&#039;est une mauvaise nouvelle pour la NFL en France qui vient de tomber : Junior Aho, defensive tackle, vient d&rsquo;&ecirc;tre coup&eacute; par Atlanta.","og_url":"https:\/\/theplayoffs.news\/fr\/actualite-nfl\/junior-aho-coupe-par-les-falcons\/","og_site_name":"The Playoffs FR","article_publisher":"https:\/\/www.facebook.com\/TheFreeAgentFR\/","article_modified_time":"2025-05-10T10:22:17+00:00","og_image":[{"width":1920,"height":1280,"url":"https:\/\/theplayoffs.news\/fr\/wp-content\/uploads\/2025\/05\/USATSI_24020262.jpg","type":"image\/jpeg"}],"author":"Jean Fabre-Jevanoff","twitter_card":"summary_large_image","twitter_creator":"@the_jfj_42","twitter_site":"@TheFreeAgentFR","twitter_misc":{"\u00c9crit par":"Jean Fabre-Jevanoff","Dur\u00e9e de lecture estim\u00e9e":"1 minute"},"schema":{"@context":"https:\/\/schema.org","@graph":[{"@type":"WebPage","@id":"https:\/\/theplayoffs.news\/fr\/actualite-nfl\/junior-aho-coupe-par-les-falcons\/","url":"https:\/\/theplayoffs.news\/fr\/actualite-nfl\/junior-aho-coupe-par-les-falcons\/","name":"Junior Aho coup\u00e9 par les Falcons - The Playoffs FR","isPartOf":{"@id":"https:\/\/theplayoffs.news\/fr\/#website"},"primaryImageOfPage":{"@id":"https:\/\/theplayoffs.news\/fr\/actualite-nfl\/junior-aho-coupe-par-les-falcons\/#primaryimage"},"image":{"@id":"https:\/\/theplayoffs.news\/fr\/actualite-nfl\/junior-aho-coupe-par-les-falcons\/#primaryimage"},"thumbnailUrl":"https:\/\/theplayoffs.news\/fr\/wp-content\/uploads\/2025\/05\/USATSI_24020262.jpg","datePublished":"2025-05-10T10:22:12+00:00","dateModified":"2025-05-10T10:22:17+00:00","author":{"@id":"https:\/\/theplayoffs.news\/fr\/#\/schema\/person\/1ea25b88e79fe4fabd657430b0013d3d"},"description":"C\\'est une mauvaise nouvelle pour la NFL en France qui vient de tomber : Junior Aho, defensive tackle, vient d\u2019\u00eatre coup\u00e9 par Atlanta.","breadcrumb":{"@id":"https:\/\/theplayoffs.news\/fr\/actualite-nfl\/junior-aho-coupe-par-les-falcons\/#breadcrumb"},"inLanguage":"fr-FR","potentialAction":[{"@type":"ReadAction","target":["https:\/\/theplayoffs.news\/fr\/actualite-nfl\/junior-aho-coupe-par-les-falcons\/"]}]},{"@type":"ImageObject","inLanguage":"fr-FR","@id":"https:\/\/theplayoffs.news\/fr\/actualite-nfl\/junior-aho-coupe-par-les-falcons\/#primaryimage","url":"https:\/\/theplayoffs.news\/fr\/wp-content\/uploads\/2025\/05\/USATSI_24020262.jpg","contentUrl":"https:\/\/theplayoffs.news\/fr\/wp-content\/uploads\/2025\/05\/USATSI_24020262.jpg","width":1920,"height":1280,"caption":"Aug 17, 2024; Charlotte, North Carolina, USA; Carolina Panthers defensive tackle Junior Aho (92) during pregame warm ups against the New York Jets at Bank of America Stadium. Mandatory Credit: Jim Dedmon-USA TODAY Sports"},{"@type":"BreadcrumbList","@id":"https:\/\/theplayoffs.news\/fr\/actualite-nfl\/junior-aho-coupe-par-les-falcons\/#breadcrumb","itemListElement":[{"@type":"ListItem","position":1,"name":"Accueil","item":"https:\/\/theplayoffs.news\/fr\/"},{"@type":"ListItem","position":2,"name":"Junior Aho coup\u00e9 par les Falcons"}]},{"@type":"WebSite","@id":"https:\/\/theplayoffs.news\/fr\/#website","url":"https:\/\/theplayoffs.news\/fr\/","name":"The Playoffs FR","description":"NBA-NFL-NHL-MLB","potentialAction":[{"@type":"SearchAction","target":{"@type":"EntryPoint","urlTemplate":"https:\/\/theplayoffs.news\/fr\/?s={search_term_string}"},"query-input":{"@type":"PropertyValueSpecification","valueRequired":true,"valueName":"search_term_string"}}],"inLanguage":"fr-FR"},{"@type":"Person","@id":"https:\/\/theplayoffs.news\/fr\/#\/schema\/person\/1ea25b88e79fe4fabd657430b0013d3d","name":"Jean Fabre-Jevanoff","image":{"@type":"ImageObject","inLanguage":"fr-FR","@id":"https:\/\/theplayoffs.news\/fr\/#\/schema\/person\/image\/","url":"https:\/\/secure.gravatar.com\/avatar\/18b28dab1159eebc6a17b9787eb8cbbe3242c3d0e8b53b89332f6dc1133aa361?s=96&d=mm&r=g","contentUrl":"https:\/\/secure.gravatar.com\/avatar\/18b28dab1159eebc6a17b9787eb8cbbe3242c3d0e8b53b89332f6dc1133aa361?s=96&d=mm&r=g","caption":"Jean Fabre-Jevanoff"},"description":"Journaliste polyvalent sur le football am\u00e9ricain, j\u2019\u00e9cris aussi des articles sur le basket. Commentateur sur Twitch et sur YouTube. Pass\u00e9 par Eurosport notamment. Un mix d\u2019Eminem et de OBJ, fan inconditionnel de Patrick Mahomes et Lebron James","sameAs":["https:\/\/www.instagram.com\/_juaniitooo_","https:\/\/www.linkedin.com\/in\/jean-fabre-jevanoff-84bb9b1a9\/","https:\/\/x.com\/the_jfj_42"],"url":"https:\/\/theplayoffs.news\/fr\/author\/jeanfj42gmail-com\/"}]}},"_links":{"self":[{"href":"https:\/\/theplayoffs.news\/fr\/wp-json\/wp\/v2\/posts\/1491007","targetHints":{"allow":["GET"]}}],"collection":[{"href":"https:\/\/theplayoffs.news\/fr\/wp-json\/wp\/v2\/posts"}],"about":[{"href":"https:\/\/theplayoffs.news\/fr\/wp-json\/wp\/v2\/types\/post"}],"author":[{"embeddable":true,"href":"https:\/\/theplayoffs.news\/fr\/wp-json\/wp\/v2\/users\/180310250"}],"replies":[{"embeddable":true,"href":"https:\/\/theplayoffs.news\/fr\/wp-json\/wp\/v2\/comments?post=1491007"}],"version-history":[{"count":1,"href":"https:\/\/theplayoffs.news\/fr\/wp-json\/wp\/v2\/posts\/1491007\/revisions"}],"predecessor-version":[{"id":1491009,"href":"https:\/\/theplayoffs.news\/fr\/wp-json\/wp\/v2\/posts\/1491007\/revisions\/1491009"}],"wp:featuredmedia":[{"embeddable":true,"href":"https:\/\/theplayoffs.news\/fr\/wp-json\/wp\/v2\/media\/1491008"}],"wp:attachment":[{"href":"https:\/\/theplayoffs.news\/fr\/wp-json\/wp\/v2\/media?parent=1491007"}],"wp:term":[{"taxonomy":"category","embeddable":true,"href":"https:\/\/theplayoffs.news\/fr\/wp-json\/wp\/v2\/categories?post=1491007"},{"taxonomy":"post_tag","embeddable":true,"href":"https:\/\/theplayoffs.news\/fr\/wp-json\/wp\/v2\/tags?post=1491007"},{"taxonomy":"sport","embeddable":true,"href":"https:\/\/theplayoffs.news\/fr\/wp-json\/wp\/v2\/sport?post=1491007"},{"taxonomy":"saison","embeddable":true,"href":"https:\/\/theplayoffs.news\/fr\/wp-json\/wp\/v2\/saison?post=1491007"}],"curies":[{"name":"wp","href":"https:\/\/api.w.org\/{rel}","templated":true}]}}