{"id":1490979,"date":"2025-05-09T19:05:07","date_gmt":"2025-05-09T17:05:07","guid":{"rendered":"https:\/\/theplayoffs.news\/fr\/uncategorized\/\/"},"modified":"2025-05-09T19:05:14","modified_gmt":"2025-05-09T17:05:14","slug":"robert-saleh-je-me-sens-redevable-envers-les-49ers","status":"publish","type":"post","link":"https:\/\/theplayoffs.news\/fr\/actualite-nfl\/robert-saleh-je-me-sens-redevable-envers-les-49ers\/","title":{"rendered":"Robert Saleh: \u00ab\u00a0Je me sens redevable envers les 49ers!\u00a0\u00bb"},"content":{"rendered":"<p>Les San Francisco 49ers vont conna&icirc;tre beaucoup de changements avant le d&eacute;but de la saison 2025. Des changements qui vont impacter les joueurs pr&eacute;sents dans la franchise avec de nombreux d&eacute;parts lors de l&rsquo;intersaison. Mais des changements qui touchent aussi le coaching staff de la franchise californienne. Parmi ces modifications, le retour au poste de <a href=\"https:\/\/theplayoffs.news\/fr\/actualite-nfl\/robert-saleh-retour-san-francisco\/\" class=\"trk-cta-link\" data-cta-trk='{\"ctaType\":\"Link\",\"ctaSubType\":\"main\"}'>coordinateur d&eacute;fensif de Robert Saleh<\/a>.<\/p><p>Un retour qui sonnait comme une &eacute;vidence pour Robert Saleh. Apr&egrave;s un peu plus de trois ans pass&eacute; sur le banc des New York Jets en tant qu&rsquo;entra&icirc;neur principal, Saleh semble particuli&egrave;rement heureux de retrouver un poste qu&rsquo;il a d&eacute;j&agrave; occup&eacute; &agrave; la fin des ann&eacute;es 2010:<\/p><blockquote class=\"wp-block-quote is-layout-flow wp-block-quote-is-layout-flow\">\n<p>&laquo;&nbsp;Je n&rsquo;ai jamais consid&eacute;r&eacute; d&rsquo;autres offres que celle faite par les San Francisco 49ers&nbsp;&raquo; a affirm&eacute; Rober Saleh lors d&rsquo;une conf&eacute;rence de presse ce jeudi. &laquo;&nbsp;Vous savez, j&rsquo;ai une relation particuli&egrave;re avec cette franchise. Pour &ecirc;tre honn&ecirc;te, je me sens redevable envers les 49ers! Cela va durer jusqu&rsquo;&agrave; la fin de ma vie. Mes premi&egrave;res saisons ici n&rsquo;ont pas &eacute;t&eacute; faciles mais l&rsquo;organisation m&rsquo;a toujours fait confiance. Je me dois de leur rendre cette confiance en faisant le meilleur travail possible.&nbsp;&raquo;<\/p>\n<\/blockquote><p>Le technicien de 46 ans a en effet connu le bon et le moins bon pendant son premier passage chez les San Francisco 49ers. Si les deux premi&egrave;res saisons ne furent pas &agrave; la hauteur des attentes, la saison 2019 fut en revanche une v&eacute;ritable r&eacute;ussite avec une d&eacute;fense qui se classera deuxi&egrave;me en nombre de yards conc&eacute;d&eacute;s par match et premi&egrave;re d&eacute;fense a&eacute;rienne du pays. Une performance qui se maintiendra &agrave; un excellent niveau encore la saison suivante avant que Robert Saleh ne fasse ses valises pour New York.<\/p><p>Fort de son exp&eacute;rience de head coach chez les Jets, Robert Saleh revient donc chez les 49ers avec la ferme intention de ramener la d&eacute;fense &agrave; un niveau de performance &eacute;lev&eacute;.<\/p><p>Cr&eacute;dit photo: &copy; Eric Hartline-Imagn Images<\/p>\n","protected":false},"excerpt":{"rendered":"<p>NFL &#8211; Le coordinateur d\u00e9fensif des San Francisco 49ers, Robert Saleh, est content d&rsquo;\u00eatre de retour en Californie<\/p>\n","protected":false},"author":180309964,"featured_media":1490980,"comment_status":"closed","ping_status":"closed","sticky":false,"template":"","format":"standard","meta":{"inline_featured_image":false,"kia_subtitle":"NFL - Le coordinateur d\u00e9fensif des San Francisco 49ers, Robert Saleh, est content d'\u00eatre de retour en Californie","_mux_skip_reasons":[],"proofreadBy":0,"footnotes":""},"categories":[118,8410,40,8408],"tags":[1467,939],"sport":[2785],"saison":[7475],"class_list":["post-1490979","post","type-post","status-publish","format-standard","has-post-thumbnail","hentry","category-actualite-nfl","category-football-americain","category-nfl","category-sports","tag-robert-saleh","tag-san-francisco-49ers","sport-nfl","saison-7475"],"acf":[],"yoast_head":"<!-- This site is optimized with the Yoast SEO plugin v24.2 - https:\/\/yoast.com\/wordpress\/plugins\/seo\/ -->\n<title>Robert Saleh: &quot;Je me sens redevable envers les 49ers!&quot; - The Playoffs FR<\/title>\n<meta name=\"description\" content=\"Les San Francisco 49ers vont conna&icirc;tre beaucoup de changements avant le d&eacute;but de la saison 2025. Des changements...\" \/>\n<meta name=\"robots\" content=\"index, follow, max-snippet:-1, max-image-preview:large, max-video-preview:-1\" \/>\n<link rel=\"canonical\" href=\"https:\/\/theplayoffs.news\/fr\/actualite-nfl\/robert-saleh-je-me-sens-redevable-envers-les-49ers\/\" \/>\n<meta property=\"og:locale\" content=\"fr_FR\" \/>\n<meta property=\"og:type\" content=\"article\" \/>\n<meta property=\"og:title\" content=\"Robert Saleh: &quot;Je me sens redevable envers les 49ers!&quot; - The Playoffs FR\" \/>\n<meta property=\"og:description\" content=\"Les San Francisco 49ers vont conna&icirc;tre beaucoup de changements avant le d&eacute;but de la saison 2025. Des changements...\" \/>\n<meta property=\"og:url\" content=\"https:\/\/theplayoffs.news\/fr\/actualite-nfl\/robert-saleh-je-me-sens-redevable-envers-les-49ers\/\" \/>\n<meta property=\"og:site_name\" content=\"The Playoffs FR\" \/>\n<meta property=\"article:publisher\" content=\"https:\/\/www.facebook.com\/TheFreeAgentFR\/\" \/>\n<meta property=\"article:modified_time\" content=\"2025-05-09T19:05:14+02:00\" \/>\n<meta property=\"og:image\" content=\"https:\/\/theplayoffs.news\/fr\/wp-content\/uploads\/2025\/05\/USATSI_25190833.jpg\" \/>\n\t<meta property=\"og:image:width\" content=\"1920\" \/>\n\t<meta property=\"og:image:height\" content=\"1280\" \/>\n\t<meta property=\"og:image:type\" content=\"image\/jpeg\" \/>\n<meta name=\"author\" content=\"Flavien Jumeau\" \/>\n<meta name=\"twitter:card\" content=\"summary_large_image\" \/>\n<meta name=\"twitter:creator\" content=\"@TheFreeAgentFR\" \/>\n<meta name=\"twitter:site\" content=\"@TheFreeAgentFR\" \/>\n<meta name=\"twitter:label1\" content=\"\u00c9crit par\" \/>\n\t<meta name=\"twitter:data1\" content=\"Flavien Jumeau\" \/>\n\t<meta name=\"twitter:label2\" content=\"Dur\u00e9e de lecture estim\u00e9e\" \/>\n\t<meta name=\"twitter:data2\" content=\"2 minutes\" \/>\n<script type=\"application\/ld+json\" class=\"yoast-schema-graph\">{\"@context\":\"https:\/\/schema.org\",\"@graph\":[{\"@type\":\"WebPage\",\"@id\":\"https:\/\/theplayoffs.news\/fr\/actualite-nfl\/robert-saleh-je-me-sens-redevable-envers-les-49ers\/\",\"url\":\"https:\/\/theplayoffs.news\/fr\/actualite-nfl\/robert-saleh-je-me-sens-redevable-envers-les-49ers\/\",\"name\":\"Robert Saleh: \\\\\\\"Je me sens redevable envers les 49ers!\\\\\\\" - The Playoffs FR\",\"isPartOf\":{\"@id\":\"https:\/\/theplayoffs.news\/fr\/#website\"},\"primaryImageOfPage\":{\"@id\":\"https:\/\/theplayoffs.news\/fr\/actualite-nfl\/robert-saleh-je-me-sens-redevable-envers-les-49ers\/#primaryimage\"},\"image\":{\"@id\":\"https:\/\/theplayoffs.news\/fr\/actualite-nfl\/robert-saleh-je-me-sens-redevable-envers-les-49ers\/#primaryimage\"},\"thumbnailUrl\":\"https:\/\/theplayoffs.news\/fr\/wp-content\/uploads\/2025\/05\/USATSI_25190833.jpg\",\"datePublished\":\"2025-05-09T17:05:07+00:00\",\"dateModified\":\"2025-05-09T17:05:14+00:00\",\"author\":{\"@id\":\"https:\/\/theplayoffs.news\/fr\/#\/schema\/person\/def63bc6746dc5957469b75feb99e66d\"},\"description\":\"Les San Francisco 49ers vont conna\u00eetre beaucoup de changements avant le d\u00e9but de la saison 2025. Des changements...\",\"breadcrumb\":{\"@id\":\"https:\/\/theplayoffs.news\/fr\/actualite-nfl\/robert-saleh-je-me-sens-redevable-envers-les-49ers\/#breadcrumb\"},\"inLanguage\":\"fr-FR\",\"potentialAction\":[{\"@type\":\"ReadAction\",\"target\":[\"https:\/\/theplayoffs.news\/fr\/actualite-nfl\/robert-saleh-je-me-sens-redevable-envers-les-49ers\/\"]}]},{\"@type\":\"ImageObject\",\"inLanguage\":\"fr-FR\",\"@id\":\"https:\/\/theplayoffs.news\/fr\/actualite-nfl\/robert-saleh-je-me-sens-redevable-envers-les-49ers\/#primaryimage\",\"url\":\"https:\/\/theplayoffs.news\/fr\/wp-content\/uploads\/2025\/05\/USATSI_25190833.jpg\",\"contentUrl\":\"https:\/\/theplayoffs.news\/fr\/wp-content\/uploads\/2025\/05\/USATSI_25190833.jpg\",\"width\":1920,\"height\":1280,\"caption\":\"Jan 12, 2025; Philadelphia, Pennsylvania, USA; Green Bay Packers offensive consultant Robert Saleh on the sidelines during warmups against the Philadelphia Eagles in an NFC wild card game at Lincoln Financial Field. Mandatory Credit: Eric Hartline-Imagn Images\"},{\"@type\":\"BreadcrumbList\",\"@id\":\"https:\/\/theplayoffs.news\/fr\/actualite-nfl\/robert-saleh-je-me-sens-redevable-envers-les-49ers\/#breadcrumb\",\"itemListElement\":[{\"@type\":\"ListItem\",\"position\":1,\"name\":\"Accueil\",\"item\":\"https:\/\/theplayoffs.news\/fr\/\"},{\"@type\":\"ListItem\",\"position\":2,\"name\":\"Robert Saleh: \u00ab\u00a0Je me sens redevable envers les 49ers!\u00a0\u00bb\"}]},{\"@type\":\"WebSite\",\"@id\":\"https:\/\/theplayoffs.news\/fr\/#website\",\"url\":\"https:\/\/theplayoffs.news\/fr\/\",\"name\":\"The Playoffs FR\",\"description\":\"NBA-NFL-NHL-MLB\",\"potentialAction\":[{\"@type\":\"SearchAction\",\"target\":{\"@type\":\"EntryPoint\",\"urlTemplate\":\"https:\/\/theplayoffs.news\/fr\/?s={search_term_string}\"},\"query-input\":{\"@type\":\"PropertyValueSpecification\",\"valueRequired\":true,\"valueName\":\"search_term_string\"}}],\"inLanguage\":\"fr-FR\"},{\"@type\":\"Person\",\"@id\":\"https:\/\/theplayoffs.news\/fr\/#\/schema\/person\/def63bc6746dc5957469b75feb99e66d\",\"name\":\"Flavien Jumeau\",\"image\":{\"@type\":\"ImageObject\",\"inLanguage\":\"fr-FR\",\"@id\":\"https:\/\/theplayoffs.news\/fr\/#\/schema\/person\/image\/\",\"url\":\"https:\/\/secure.gravatar.com\/avatar\/e7fa8ba5a4b7e4ce35fe152f083f352db28ad0acce692004ed88a7a7d78893f7?s=96&d=mm&r=g\",\"contentUrl\":\"https:\/\/secure.gravatar.com\/avatar\/e7fa8ba5a4b7e4ce35fe152f083f352db28ad0acce692004ed88a7a7d78893f7?s=96&d=mm&r=g\",\"caption\":\"Flavien Jumeau\"},\"description\":\"Amoureux du sport (et de vraiment tous les sports) depuis mon plus jeune \u00e2ge, j\u2019ai longtemps h\u00e9site entre le snooker et le curling. Finalement c\u2019est le foot US que j\u2019ai d\u00e9cid\u00e9 de choisir! Responsable foot US sur TPO et animateur du podcast Tailgate j\u2019ai pour mission de vous faire d\u00e9couvrir ce sport passionnant si ce n\u2019est pas encore fait et de vous donner les derni\u00e8res actus. Le tout dans la bonne humeur et avec toujours un jeu de mots ou deux savamment distill\u00e9s! Fan des Saints, pour moi Drew Brees est le vrai GOAT!\",\"url\":\"https:\/\/theplayoffs.news\/fr\/author\/flavien-jumeaugmail-com\/\"}]}<\/script>\n<!-- \/ Yoast SEO plugin. -->","yoast_head_json":{"title":"Robert Saleh: &quot;Je me sens redevable envers les 49ers!&quot; - The Playoffs FR","description":"Les San Francisco 49ers vont conna&icirc;tre beaucoup de changements avant le d&eacute;but de la saison 2025. Des changements...","robots":{"index":"index","follow":"follow","max-snippet":"max-snippet:-1","max-image-preview":"max-image-preview:large","max-video-preview":"max-video-preview:-1"},"canonical":"https:\/\/theplayoffs.news\/fr\/actualite-nfl\/robert-saleh-je-me-sens-redevable-envers-les-49ers\/","og_locale":"fr_FR","og_type":"article","og_title":"Robert Saleh: &quot;Je me sens redevable envers les 49ers!&quot; - The Playoffs FR","og_description":"Les San Francisco 49ers vont conna&icirc;tre beaucoup de changements avant le d&eacute;but de la saison 2025. Des changements...","og_url":"https:\/\/theplayoffs.news\/fr\/actualite-nfl\/robert-saleh-je-me-sens-redevable-envers-les-49ers\/","og_site_name":"The Playoffs FR","article_publisher":"https:\/\/www.facebook.com\/TheFreeAgentFR\/","article_modified_time":"2025-05-09T17:05:14+00:00","og_image":[{"width":1920,"height":1280,"url":"https:\/\/theplayoffs.news\/fr\/wp-content\/uploads\/2025\/05\/USATSI_25190833.jpg","type":"image\/jpeg"}],"author":"Flavien Jumeau","twitter_card":"summary_large_image","twitter_creator":"@TheFreeAgentFR","twitter_site":"@TheFreeAgentFR","twitter_misc":{"\u00c9crit par":"Flavien Jumeau","Dur\u00e9e de lecture estim\u00e9e":"2 minutes"},"schema":{"@context":"https:\/\/schema.org","@graph":[{"@type":"WebPage","@id":"https:\/\/theplayoffs.news\/fr\/actualite-nfl\/robert-saleh-je-me-sens-redevable-envers-les-49ers\/","url":"https:\/\/theplayoffs.news\/fr\/actualite-nfl\/robert-saleh-je-me-sens-redevable-envers-les-49ers\/","name":"Robert Saleh: \\\"Je me sens redevable envers les 49ers!\\\" - The Playoffs FR","isPartOf":{"@id":"https:\/\/theplayoffs.news\/fr\/#website"},"primaryImageOfPage":{"@id":"https:\/\/theplayoffs.news\/fr\/actualite-nfl\/robert-saleh-je-me-sens-redevable-envers-les-49ers\/#primaryimage"},"image":{"@id":"https:\/\/theplayoffs.news\/fr\/actualite-nfl\/robert-saleh-je-me-sens-redevable-envers-les-49ers\/#primaryimage"},"thumbnailUrl":"https:\/\/theplayoffs.news\/fr\/wp-content\/uploads\/2025\/05\/USATSI_25190833.jpg","datePublished":"2025-05-09T17:05:07+00:00","dateModified":"2025-05-09T17:05:14+00:00","author":{"@id":"https:\/\/theplayoffs.news\/fr\/#\/schema\/person\/def63bc6746dc5957469b75feb99e66d"},"description":"Les San Francisco 49ers vont conna\u00eetre beaucoup de changements avant le d\u00e9but de la saison 2025. Des changements...","breadcrumb":{"@id":"https:\/\/theplayoffs.news\/fr\/actualite-nfl\/robert-saleh-je-me-sens-redevable-envers-les-49ers\/#breadcrumb"},"inLanguage":"fr-FR","potentialAction":[{"@type":"ReadAction","target":["https:\/\/theplayoffs.news\/fr\/actualite-nfl\/robert-saleh-je-me-sens-redevable-envers-les-49ers\/"]}]},{"@type":"ImageObject","inLanguage":"fr-FR","@id":"https:\/\/theplayoffs.news\/fr\/actualite-nfl\/robert-saleh-je-me-sens-redevable-envers-les-49ers\/#primaryimage","url":"https:\/\/theplayoffs.news\/fr\/wp-content\/uploads\/2025\/05\/USATSI_25190833.jpg","contentUrl":"https:\/\/theplayoffs.news\/fr\/wp-content\/uploads\/2025\/05\/USATSI_25190833.jpg","width":1920,"height":1280,"caption":"Jan 12, 2025; Philadelphia, Pennsylvania, USA; Green Bay Packers offensive consultant Robert Saleh on the sidelines during warmups against the Philadelphia Eagles in an NFC wild card game at Lincoln Financial Field. Mandatory Credit: Eric Hartline-Imagn Images"},{"@type":"BreadcrumbList","@id":"https:\/\/theplayoffs.news\/fr\/actualite-nfl\/robert-saleh-je-me-sens-redevable-envers-les-49ers\/#breadcrumb","itemListElement":[{"@type":"ListItem","position":1,"name":"Accueil","item":"https:\/\/theplayoffs.news\/fr\/"},{"@type":"ListItem","position":2,"name":"Robert Saleh: \u00ab\u00a0Je me sens redevable envers les 49ers!\u00a0\u00bb"}]},{"@type":"WebSite","@id":"https:\/\/theplayoffs.news\/fr\/#website","url":"https:\/\/theplayoffs.news\/fr\/","name":"The Playoffs FR","description":"NBA-NFL-NHL-MLB","potentialAction":[{"@type":"SearchAction","target":{"@type":"EntryPoint","urlTemplate":"https:\/\/theplayoffs.news\/fr\/?s={search_term_string}"},"query-input":{"@type":"PropertyValueSpecification","valueRequired":true,"valueName":"search_term_string"}}],"inLanguage":"fr-FR"},{"@type":"Person","@id":"https:\/\/theplayoffs.news\/fr\/#\/schema\/person\/def63bc6746dc5957469b75feb99e66d","name":"Flavien Jumeau","image":{"@type":"ImageObject","inLanguage":"fr-FR","@id":"https:\/\/theplayoffs.news\/fr\/#\/schema\/person\/image\/","url":"https:\/\/secure.gravatar.com\/avatar\/e7fa8ba5a4b7e4ce35fe152f083f352db28ad0acce692004ed88a7a7d78893f7?s=96&d=mm&r=g","contentUrl":"https:\/\/secure.gravatar.com\/avatar\/e7fa8ba5a4b7e4ce35fe152f083f352db28ad0acce692004ed88a7a7d78893f7?s=96&d=mm&r=g","caption":"Flavien Jumeau"},"description":"Amoureux du sport (et de vraiment tous les sports) depuis mon plus jeune \u00e2ge, j\u2019ai longtemps h\u00e9site entre le snooker et le curling. Finalement c\u2019est le foot US que j\u2019ai d\u00e9cid\u00e9 de choisir! Responsable foot US sur TPO et animateur du podcast Tailgate j\u2019ai pour mission de vous faire d\u00e9couvrir ce sport passionnant si ce n\u2019est pas encore fait et de vous donner les derni\u00e8res actus. Le tout dans la bonne humeur et avec toujours un jeu de mots ou deux savamment distill\u00e9s! Fan des Saints, pour moi Drew Brees est le vrai GOAT!","url":"https:\/\/theplayoffs.news\/fr\/author\/flavien-jumeaugmail-com\/"}]}},"_links":{"self":[{"href":"https:\/\/theplayoffs.news\/fr\/wp-json\/wp\/v2\/posts\/1490979","targetHints":{"allow":["GET"]}}],"collection":[{"href":"https:\/\/theplayoffs.news\/fr\/wp-json\/wp\/v2\/posts"}],"about":[{"href":"https:\/\/theplayoffs.news\/fr\/wp-json\/wp\/v2\/types\/post"}],"author":[{"embeddable":true,"href":"https:\/\/theplayoffs.news\/fr\/wp-json\/wp\/v2\/users\/180309964"}],"replies":[{"embeddable":true,"href":"https:\/\/theplayoffs.news\/fr\/wp-json\/wp\/v2\/comments?post=1490979"}],"version-history":[{"count":1,"href":"https:\/\/theplayoffs.news\/fr\/wp-json\/wp\/v2\/posts\/1490979\/revisions"}],"predecessor-version":[{"id":1490981,"href":"https:\/\/theplayoffs.news\/fr\/wp-json\/wp\/v2\/posts\/1490979\/revisions\/1490981"}],"wp:featuredmedia":[{"embeddable":true,"href":"https:\/\/theplayoffs.news\/fr\/wp-json\/wp\/v2\/media\/1490980"}],"wp:attachment":[{"href":"https:\/\/theplayoffs.news\/fr\/wp-json\/wp\/v2\/media?parent=1490979"}],"wp:term":[{"taxonomy":"category","embeddable":true,"href":"https:\/\/theplayoffs.news\/fr\/wp-json\/wp\/v2\/categories?post=1490979"},{"taxonomy":"post_tag","embeddable":true,"href":"https:\/\/theplayoffs.news\/fr\/wp-json\/wp\/v2\/tags?post=1490979"},{"taxonomy":"sport","embeddable":true,"href":"https:\/\/theplayoffs.news\/fr\/wp-json\/wp\/v2\/sport?post=1490979"},{"taxonomy":"saison","embeddable":true,"href":"https:\/\/theplayoffs.news\/fr\/wp-json\/wp\/v2\/saison?post=1490979"}],"curies":[{"name":"wp","href":"https:\/\/api.w.org\/{rel}","templated":true}]}}