{"id":1490950,"date":"2025-05-09T16:51:44","date_gmt":"2025-05-09T14:51:44","guid":{"rendered":"https:\/\/theplayoffs.news\/fr\/uncategorized\/\/"},"modified":"2025-05-09T16:51:52","modified_gmt":"2025-05-09T14:51:52","slug":"george-pickens-je-suis-juste-content-detre-avec-les-cowboys","status":"publish","type":"post","link":"https:\/\/theplayoffs.news\/fr\/actualite-nfl\/george-pickens-je-suis-juste-content-detre-avec-les-cowboys\/","title":{"rendered":"George Pickens : \u201cJe suis juste content d&rsquo;\u00eatre avec les Cowboys\u201d"},"content":{"rendered":"<p>George Pickens a &eacute;t&eacute; trad&eacute; ce mercredi par les Steelers en direction des Cowboys. Dallas tient d&eacute;sormais un nouveau receveur : ce dernier est arriv&eacute; en &eacute;change d&rsquo;un choix de troisi&egrave;me tour et d&rsquo;un choix de fin de draft. Les Texans r&eacute;cup&eacute;reront &eacute;galement un choix de fin de draft dans l&rsquo;op&eacute;ration.<\/p><p>Pour la premi&egrave;re fois depuis l&rsquo;annonce de son transfert, Pickens s&rsquo;est exprim&eacute; devant les m&eacute;dias.<\/p><h2 class=\"wp-block-heading\">Pickens est arriv&eacute; l&agrave; o&ugrave; il voulait &ecirc;tre<\/h2><p>Draft&eacute; en 52e position lors du second tour de la draft 2022, George Pickens va conna&icirc;tre sa seconde franchise depuis son arriv&eacute;e en NFL. &Agrave; peine arriv&eacute; au Texas, le receveur semble d&eacute;j&agrave; appr&eacute;cier l&rsquo;ambiance et le style qu&rsquo;il per&ccedil;oit chez les Cowboys. Ce dernier serait &eacute;galement enthousiaste &agrave; l&rsquo;id&eacute;e de jouer aux c&ocirc;t&eacute;s de CeeDee Lamb. Pourtant, la signature de son contrat &agrave; Dallas ne semble pas l&rsquo;inqui&eacute;ter.<\/p><blockquote class=\"wp-block-quote is-layout-flow wp-block-quote-is-layout-flow\">\n<p>&laquo; Pour &ecirc;tre honn&ecirc;te, je suis plut&ocirc;t bien plac&eacute; pour le moment, &raquo; a d&eacute;clar&eacute; Pickens &agrave; <a href=\"https:\/\/www.nytimes.com\/athletic\/6342306\/2025\/05\/08\/cowboys-george-pickens-ceedee-lamb-steelers\/\" target=\"_blank\" rel=\"noreferrer noopener\" class=\"trk-cta-link\" data-cta-trk='{\"ctaType\":\"Link\",\"ctaSubType\":\"main\"}'>TheAthletic.com<\/a>. &laquo; Je ne pense pas vraiment aux n&eacute;gociations contractuelles. Je suis juste content d&rsquo;&ecirc;tre avec les Cowboys en ce moment et d&rsquo;essayer de b&acirc;tir une culture de la victoire. &raquo;<\/p>\n<\/blockquote><p>En effet, bien que l&rsquo;annonce du transfert soit officielle, l&rsquo;ancien des Steelers n&rsquo;a pas encore sign&eacute; son contrat. Lamb devrait incontestablement rester le receveur num&eacute;ro un. Pickens, qui n&rsquo;a jamais jou&eacute; aux c&ocirc;t&eacute;s d&rsquo;un receveur de la stature de Lamb, ni avec un quarterback comme Dak Prescott, devrait logiquement devenir la seconde option.<\/p><ul class=\"wp-block-list\">\n<li><strong>Lire aussi :<\/strong><\/li>\n<\/ul><p><a href=\"https:\/\/theplayoffs.news\/fr\/actualite-nfl\/rumeurs-nfl-les-affiches-des-matchs-internationaux-devoilees\/\" target=\"_blank\" rel=\"noreferrer noopener\" class=\"trk-cta-link\" data-cta-trk='{\"ctaType\":\"Link\",\"ctaSubType\":\"main\"}'>Rumeurs NFL : les affiches des matchs internationaux d&eacute;voil&eacute;es ?<\/a><\/p><p><a href=\"https:\/\/theplayoffs.news\/fr\/actualite-nfl\/podcast-nfl-les-patriots-champions-de-lintersaison-2025\/\" target=\"_blank\" rel=\"noreferrer noopener\" class=\"trk-cta-link\" data-cta-trk='{\"ctaType\":\"Link\",\"ctaSubType\":\"main\"}'>Podcast NFL &ndash; Les Patriots, champions de l&rsquo;intersaison 2025 ?<\/a><\/p><p>Habitu&eacute; &agrave; &ecirc;tre le receveur num&eacute;ro un &agrave; Pittsburgh, l&rsquo;ancien de Georgia avait parfois du mal &agrave; &ecirc;tre trouv&eacute; par son quarterback. Mais les d&eacute;fenses adverses se concentreront d&rsquo;abord sur CeeDee Lamb, ce qui pourrait lib&eacute;rer davantage d&rsquo;espaces pour Pickens et lui permettre de r&eacute;aliser une meilleure saison qu&rsquo;en 2024. La saison derni&egrave;re, George Pickens a enregistr&eacute; 59 r&eacute;ceptions, 900 yards et 3 touchdowns.<\/p><p>Cr&eacute;dit photo : Barry Reeger-Imagn Images<\/p>\n","protected":false},"excerpt":{"rendered":"","protected":false},"author":180310250,"featured_media":1490951,"comment_status":"closed","ping_status":"closed","sticky":false,"template":"","format":"standard","meta":{"inline_featured_image":false,"kia_subtitle":"","_mux_skip_reasons":[],"proofreadBy":0,"footnotes":""},"categories":[118,8410,40,8408],"tags":[619,7424,79,129],"sport":[2785],"saison":[7475],"class_list":["post-1490950","post","type-post","status-publish","format-standard","has-post-thumbnail","hentry","category-actualite-nfl","category-football-americain","category-nfl","category-sports","tag-dallas-cowboys","tag-george-pickens","tag-nfl","tag-pittsburgh-steelers","sport-nfl","saison-7475"],"acf":[],"yoast_head":"<!-- This site is optimized with the Yoast SEO plugin v24.2 - https:\/\/yoast.com\/wordpress\/plugins\/seo\/ -->\n<title>George Pickens : &ldquo;Je suis juste content d&#039;&ecirc;tre avec les Cowboys&rdquo; - The Playoffs FR<\/title>\n<meta name=\"description\" content=\"Tout juste &eacute;chang&eacute; chez les Cowboys par les Steelers, George Pickens semble d&eacute;j&agrave; ravi de l&#039;atmosph&egrave;re ressentie &agrave; Dallas.\" \/>\n<meta name=\"robots\" content=\"index, follow, max-snippet:-1, max-image-preview:large, max-video-preview:-1\" \/>\n<link rel=\"canonical\" href=\"https:\/\/theplayoffs.news\/fr\/actualite-nfl\/george-pickens-je-suis-juste-content-detre-avec-les-cowboys\/\" \/>\n<meta property=\"og:locale\" content=\"fr_FR\" \/>\n<meta property=\"og:type\" content=\"article\" \/>\n<meta property=\"og:title\" content=\"George Pickens : &ldquo;Je suis juste content d&#039;&ecirc;tre avec les Cowboys&rdquo; - The Playoffs FR\" \/>\n<meta property=\"og:description\" content=\"Tout juste &eacute;chang&eacute; chez les Cowboys par les Steelers, George Pickens semble d&eacute;j&agrave; ravi de l&#039;atmosph&egrave;re ressentie &agrave; Dallas.\" \/>\n<meta property=\"og:url\" content=\"https:\/\/theplayoffs.news\/fr\/actualite-nfl\/george-pickens-je-suis-juste-content-detre-avec-les-cowboys\/\" \/>\n<meta property=\"og:site_name\" content=\"The Playoffs FR\" \/>\n<meta property=\"article:publisher\" content=\"https:\/\/www.facebook.com\/TheFreeAgentFR\/\" \/>\n<meta property=\"article:modified_time\" content=\"2025-05-09T16:51:52+02:00\" \/>\n<meta property=\"og:image\" content=\"https:\/\/theplayoffs.news\/fr\/wp-content\/uploads\/2025\/05\/USATSI_24427233.jpg\" \/>\n\t<meta property=\"og:image:width\" content=\"1920\" \/>\n\t<meta property=\"og:image:height\" content=\"1280\" \/>\n\t<meta property=\"og:image:type\" content=\"image\/jpeg\" \/>\n<meta name=\"author\" content=\"Jean Fabre-Jevanoff\" \/>\n<meta name=\"twitter:card\" content=\"summary_large_image\" \/>\n<meta name=\"twitter:creator\" content=\"@the_jfj_42\" \/>\n<meta name=\"twitter:site\" content=\"@TheFreeAgentFR\" \/>\n<meta name=\"twitter:label1\" content=\"\u00c9crit par\" \/>\n\t<meta name=\"twitter:data1\" content=\"Jean Fabre-Jevanoff\" \/>\n\t<meta name=\"twitter:label2\" content=\"Dur\u00e9e de lecture estim\u00e9e\" \/>\n\t<meta name=\"twitter:data2\" content=\"2 minutes\" \/>\n<script type=\"application\/ld+json\" class=\"yoast-schema-graph\">{\"@context\":\"https:\/\/schema.org\",\"@graph\":[{\"@type\":\"WebPage\",\"@id\":\"https:\/\/theplayoffs.news\/fr\/actualite-nfl\/george-pickens-je-suis-juste-content-detre-avec-les-cowboys\/\",\"url\":\"https:\/\/theplayoffs.news\/fr\/actualite-nfl\/george-pickens-je-suis-juste-content-detre-avec-les-cowboys\/\",\"name\":\"George Pickens : \u201cJe suis juste content d\\\\'\u00eatre avec les Cowboys\u201d - The Playoffs FR\",\"isPartOf\":{\"@id\":\"https:\/\/theplayoffs.news\/fr\/#website\"},\"primaryImageOfPage\":{\"@id\":\"https:\/\/theplayoffs.news\/fr\/actualite-nfl\/george-pickens-je-suis-juste-content-detre-avec-les-cowboys\/#primaryimage\"},\"image\":{\"@id\":\"https:\/\/theplayoffs.news\/fr\/actualite-nfl\/george-pickens-je-suis-juste-content-detre-avec-les-cowboys\/#primaryimage\"},\"thumbnailUrl\":\"https:\/\/theplayoffs.news\/fr\/wp-content\/uploads\/2025\/05\/USATSI_24427233.jpg\",\"datePublished\":\"2025-05-09T14:51:44+00:00\",\"dateModified\":\"2025-05-09T14:51:52+00:00\",\"author\":{\"@id\":\"https:\/\/theplayoffs.news\/fr\/#\/schema\/person\/1ea25b88e79fe4fabd657430b0013d3d\"},\"description\":\"Tout juste \u00e9chang\u00e9 chez les Cowboys par les Steelers, George Pickens semble d\u00e9j\u00e0 ravi de l\\\\'atmosph\u00e8re ressentie \u00e0 Dallas.\",\"breadcrumb\":{\"@id\":\"https:\/\/theplayoffs.news\/fr\/actualite-nfl\/george-pickens-je-suis-juste-content-detre-avec-les-cowboys\/#breadcrumb\"},\"inLanguage\":\"fr-FR\",\"potentialAction\":[{\"@type\":\"ReadAction\",\"target\":[\"https:\/\/theplayoffs.news\/fr\/actualite-nfl\/george-pickens-je-suis-juste-content-detre-avec-les-cowboys\/\"]}]},{\"@type\":\"ImageObject\",\"inLanguage\":\"fr-FR\",\"@id\":\"https:\/\/theplayoffs.news\/fr\/actualite-nfl\/george-pickens-je-suis-juste-content-detre-avec-les-cowboys\/#primaryimage\",\"url\":\"https:\/\/theplayoffs.news\/fr\/wp-content\/uploads\/2025\/05\/USATSI_24427233.jpg\",\"contentUrl\":\"https:\/\/theplayoffs.news\/fr\/wp-content\/uploads\/2025\/05\/USATSI_24427233.jpg\",\"width\":1920,\"height\":1280,\"caption\":\"Oct 6, 2024; Pittsburgh, Pennsylvania, USA; Pittsburgh Steelers wide receiver George Pickens (14) breaks a tackle by Dallas Cowboys cornerback Jourdan Lewis (2) during the first quarter at Acrisure Stadium. Mandatory Credit: Barry Reeger-Imagn Images\"},{\"@type\":\"BreadcrumbList\",\"@id\":\"https:\/\/theplayoffs.news\/fr\/actualite-nfl\/george-pickens-je-suis-juste-content-detre-avec-les-cowboys\/#breadcrumb\",\"itemListElement\":[{\"@type\":\"ListItem\",\"position\":1,\"name\":\"Accueil\",\"item\":\"https:\/\/theplayoffs.news\/fr\/\"},{\"@type\":\"ListItem\",\"position\":2,\"name\":\"George Pickens : \u201cJe suis juste content d&rsquo;\u00eatre avec les Cowboys\u201d\"}]},{\"@type\":\"WebSite\",\"@id\":\"https:\/\/theplayoffs.news\/fr\/#website\",\"url\":\"https:\/\/theplayoffs.news\/fr\/\",\"name\":\"The Playoffs FR\",\"description\":\"NBA-NFL-NHL-MLB\",\"potentialAction\":[{\"@type\":\"SearchAction\",\"target\":{\"@type\":\"EntryPoint\",\"urlTemplate\":\"https:\/\/theplayoffs.news\/fr\/?s={search_term_string}\"},\"query-input\":{\"@type\":\"PropertyValueSpecification\",\"valueRequired\":true,\"valueName\":\"search_term_string\"}}],\"inLanguage\":\"fr-FR\"},{\"@type\":\"Person\",\"@id\":\"https:\/\/theplayoffs.news\/fr\/#\/schema\/person\/1ea25b88e79fe4fabd657430b0013d3d\",\"name\":\"Jean Fabre-Jevanoff\",\"image\":{\"@type\":\"ImageObject\",\"inLanguage\":\"fr-FR\",\"@id\":\"https:\/\/theplayoffs.news\/fr\/#\/schema\/person\/image\/\",\"url\":\"https:\/\/secure.gravatar.com\/avatar\/18b28dab1159eebc6a17b9787eb8cbbe3242c3d0e8b53b89332f6dc1133aa361?s=96&d=mm&r=g\",\"contentUrl\":\"https:\/\/secure.gravatar.com\/avatar\/18b28dab1159eebc6a17b9787eb8cbbe3242c3d0e8b53b89332f6dc1133aa361?s=96&d=mm&r=g\",\"caption\":\"Jean Fabre-Jevanoff\"},\"description\":\"Journaliste polyvalent sur le football am\u00e9ricain, j\u2019\u00e9cris aussi des articles sur le basket. Commentateur sur Twitch et sur YouTube. Pass\u00e9 par Eurosport notamment. Un mix d\u2019Eminem et de OBJ, fan inconditionnel de Patrick Mahomes et Lebron James\",\"sameAs\":[\"https:\/\/www.instagram.com\/_juaniitooo_\",\"https:\/\/www.linkedin.com\/in\/jean-fabre-jevanoff-84bb9b1a9\/\",\"https:\/\/x.com\/the_jfj_42\"],\"url\":\"https:\/\/theplayoffs.news\/fr\/author\/jeanfj42gmail-com\/\"}]}<\/script>\n<!-- \/ Yoast SEO plugin. -->","yoast_head_json":{"title":"George Pickens : &ldquo;Je suis juste content d&#039;&ecirc;tre avec les Cowboys&rdquo; - The Playoffs FR","description":"Tout juste &eacute;chang&eacute; chez les Cowboys par les Steelers, George Pickens semble d&eacute;j&agrave; ravi de l&#039;atmosph&egrave;re ressentie &agrave; Dallas.","robots":{"index":"index","follow":"follow","max-snippet":"max-snippet:-1","max-image-preview":"max-image-preview:large","max-video-preview":"max-video-preview:-1"},"canonical":"https:\/\/theplayoffs.news\/fr\/actualite-nfl\/george-pickens-je-suis-juste-content-detre-avec-les-cowboys\/","og_locale":"fr_FR","og_type":"article","og_title":"George Pickens : &ldquo;Je suis juste content d&#039;&ecirc;tre avec les Cowboys&rdquo; - The Playoffs FR","og_description":"Tout juste &eacute;chang&eacute; chez les Cowboys par les Steelers, George Pickens semble d&eacute;j&agrave; ravi de l&#039;atmosph&egrave;re ressentie &agrave; Dallas.","og_url":"https:\/\/theplayoffs.news\/fr\/actualite-nfl\/george-pickens-je-suis-juste-content-detre-avec-les-cowboys\/","og_site_name":"The Playoffs FR","article_publisher":"https:\/\/www.facebook.com\/TheFreeAgentFR\/","article_modified_time":"2025-05-09T14:51:52+00:00","og_image":[{"width":1920,"height":1280,"url":"https:\/\/theplayoffs.news\/fr\/wp-content\/uploads\/2025\/05\/USATSI_24427233.jpg","type":"image\/jpeg"}],"author":"Jean Fabre-Jevanoff","twitter_card":"summary_large_image","twitter_creator":"@the_jfj_42","twitter_site":"@TheFreeAgentFR","twitter_misc":{"\u00c9crit par":"Jean Fabre-Jevanoff","Dur\u00e9e de lecture estim\u00e9e":"2 minutes"},"schema":{"@context":"https:\/\/schema.org","@graph":[{"@type":"WebPage","@id":"https:\/\/theplayoffs.news\/fr\/actualite-nfl\/george-pickens-je-suis-juste-content-detre-avec-les-cowboys\/","url":"https:\/\/theplayoffs.news\/fr\/actualite-nfl\/george-pickens-je-suis-juste-content-detre-avec-les-cowboys\/","name":"George Pickens : \u201cJe suis juste content d\\'\u00eatre avec les Cowboys\u201d - The Playoffs FR","isPartOf":{"@id":"https:\/\/theplayoffs.news\/fr\/#website"},"primaryImageOfPage":{"@id":"https:\/\/theplayoffs.news\/fr\/actualite-nfl\/george-pickens-je-suis-juste-content-detre-avec-les-cowboys\/#primaryimage"},"image":{"@id":"https:\/\/theplayoffs.news\/fr\/actualite-nfl\/george-pickens-je-suis-juste-content-detre-avec-les-cowboys\/#primaryimage"},"thumbnailUrl":"https:\/\/theplayoffs.news\/fr\/wp-content\/uploads\/2025\/05\/USATSI_24427233.jpg","datePublished":"2025-05-09T14:51:44+00:00","dateModified":"2025-05-09T14:51:52+00:00","author":{"@id":"https:\/\/theplayoffs.news\/fr\/#\/schema\/person\/1ea25b88e79fe4fabd657430b0013d3d"},"description":"Tout juste \u00e9chang\u00e9 chez les Cowboys par les Steelers, George Pickens semble d\u00e9j\u00e0 ravi de l\\'atmosph\u00e8re ressentie \u00e0 Dallas.","breadcrumb":{"@id":"https:\/\/theplayoffs.news\/fr\/actualite-nfl\/george-pickens-je-suis-juste-content-detre-avec-les-cowboys\/#breadcrumb"},"inLanguage":"fr-FR","potentialAction":[{"@type":"ReadAction","target":["https:\/\/theplayoffs.news\/fr\/actualite-nfl\/george-pickens-je-suis-juste-content-detre-avec-les-cowboys\/"]}]},{"@type":"ImageObject","inLanguage":"fr-FR","@id":"https:\/\/theplayoffs.news\/fr\/actualite-nfl\/george-pickens-je-suis-juste-content-detre-avec-les-cowboys\/#primaryimage","url":"https:\/\/theplayoffs.news\/fr\/wp-content\/uploads\/2025\/05\/USATSI_24427233.jpg","contentUrl":"https:\/\/theplayoffs.news\/fr\/wp-content\/uploads\/2025\/05\/USATSI_24427233.jpg","width":1920,"height":1280,"caption":"Oct 6, 2024; Pittsburgh, Pennsylvania, USA; Pittsburgh Steelers wide receiver George Pickens (14) breaks a tackle by Dallas Cowboys cornerback Jourdan Lewis (2) during the first quarter at Acrisure Stadium. Mandatory Credit: Barry Reeger-Imagn Images"},{"@type":"BreadcrumbList","@id":"https:\/\/theplayoffs.news\/fr\/actualite-nfl\/george-pickens-je-suis-juste-content-detre-avec-les-cowboys\/#breadcrumb","itemListElement":[{"@type":"ListItem","position":1,"name":"Accueil","item":"https:\/\/theplayoffs.news\/fr\/"},{"@type":"ListItem","position":2,"name":"George Pickens : \u201cJe suis juste content d&rsquo;\u00eatre avec les Cowboys\u201d"}]},{"@type":"WebSite","@id":"https:\/\/theplayoffs.news\/fr\/#website","url":"https:\/\/theplayoffs.news\/fr\/","name":"The Playoffs FR","description":"NBA-NFL-NHL-MLB","potentialAction":[{"@type":"SearchAction","target":{"@type":"EntryPoint","urlTemplate":"https:\/\/theplayoffs.news\/fr\/?s={search_term_string}"},"query-input":{"@type":"PropertyValueSpecification","valueRequired":true,"valueName":"search_term_string"}}],"inLanguage":"fr-FR"},{"@type":"Person","@id":"https:\/\/theplayoffs.news\/fr\/#\/schema\/person\/1ea25b88e79fe4fabd657430b0013d3d","name":"Jean Fabre-Jevanoff","image":{"@type":"ImageObject","inLanguage":"fr-FR","@id":"https:\/\/theplayoffs.news\/fr\/#\/schema\/person\/image\/","url":"https:\/\/secure.gravatar.com\/avatar\/18b28dab1159eebc6a17b9787eb8cbbe3242c3d0e8b53b89332f6dc1133aa361?s=96&d=mm&r=g","contentUrl":"https:\/\/secure.gravatar.com\/avatar\/18b28dab1159eebc6a17b9787eb8cbbe3242c3d0e8b53b89332f6dc1133aa361?s=96&d=mm&r=g","caption":"Jean Fabre-Jevanoff"},"description":"Journaliste polyvalent sur le football am\u00e9ricain, j\u2019\u00e9cris aussi des articles sur le basket. Commentateur sur Twitch et sur YouTube. Pass\u00e9 par Eurosport notamment. Un mix d\u2019Eminem et de OBJ, fan inconditionnel de Patrick Mahomes et Lebron James","sameAs":["https:\/\/www.instagram.com\/_juaniitooo_","https:\/\/www.linkedin.com\/in\/jean-fabre-jevanoff-84bb9b1a9\/","https:\/\/x.com\/the_jfj_42"],"url":"https:\/\/theplayoffs.news\/fr\/author\/jeanfj42gmail-com\/"}]}},"_links":{"self":[{"href":"https:\/\/theplayoffs.news\/fr\/wp-json\/wp\/v2\/posts\/1490950","targetHints":{"allow":["GET"]}}],"collection":[{"href":"https:\/\/theplayoffs.news\/fr\/wp-json\/wp\/v2\/posts"}],"about":[{"href":"https:\/\/theplayoffs.news\/fr\/wp-json\/wp\/v2\/types\/post"}],"author":[{"embeddable":true,"href":"https:\/\/theplayoffs.news\/fr\/wp-json\/wp\/v2\/users\/180310250"}],"replies":[{"embeddable":true,"href":"https:\/\/theplayoffs.news\/fr\/wp-json\/wp\/v2\/comments?post=1490950"}],"version-history":[{"count":1,"href":"https:\/\/theplayoffs.news\/fr\/wp-json\/wp\/v2\/posts\/1490950\/revisions"}],"predecessor-version":[{"id":1490955,"href":"https:\/\/theplayoffs.news\/fr\/wp-json\/wp\/v2\/posts\/1490950\/revisions\/1490955"}],"wp:featuredmedia":[{"embeddable":true,"href":"https:\/\/theplayoffs.news\/fr\/wp-json\/wp\/v2\/media\/1490951"}],"wp:attachment":[{"href":"https:\/\/theplayoffs.news\/fr\/wp-json\/wp\/v2\/media?parent=1490950"}],"wp:term":[{"taxonomy":"category","embeddable":true,"href":"https:\/\/theplayoffs.news\/fr\/wp-json\/wp\/v2\/categories?post=1490950"},{"taxonomy":"post_tag","embeddable":true,"href":"https:\/\/theplayoffs.news\/fr\/wp-json\/wp\/v2\/tags?post=1490950"},{"taxonomy":"sport","embeddable":true,"href":"https:\/\/theplayoffs.news\/fr\/wp-json\/wp\/v2\/sport?post=1490950"},{"taxonomy":"saison","embeddable":true,"href":"https:\/\/theplayoffs.news\/fr\/wp-json\/wp\/v2\/saison?post=1490950"}],"curies":[{"name":"wp","href":"https:\/\/api.w.org\/{rel}","templated":true}]}}