{"id":1490533,"date":"2025-05-06T12:47:37","date_gmt":"2025-05-06T10:47:37","guid":{"rendered":"https:\/\/theplayoffs.news\/fr\/uncategorized\/\/"},"modified":"2025-05-06T17:25:27","modified_gmt":"2025-05-06T15:25:27","slug":"preview-wolves-warriors-un-duel-de-styles-en-demi-finales-de-conference","status":"publish","type":"post","link":"https:\/\/theplayoffs.news\/fr\/actualite-nba\/preview-wolves-warriors-un-duel-de-styles-en-demi-finales-de-conference\/","title":{"rendered":"Preview Wolves \u2013 Warriors : une opposition de styles en demi-finales de conf\u00e9rence Ouest"},"content":{"rendered":"<p>Comme pour l&rsquo;affiche entre le Thunder et les Nuggets, cette s&eacute;rie entre les Wolves et les Warriors sera une opposition de style. Cette seconde affiche des demi-finales de la Conf&eacute;rence Ouest oppose, une nouvelle fois, une &eacute;quipe ayant facilement valid&eacute; son premier tour &agrave; une franchise qui a d&ucirc; batailler.&nbsp;<\/p><p>Apr&egrave;s avoir &eacute;limin&eacute; LeBron James et Luka Doncic, Minnesota pourrait cette fois-ci sortir une autre star de ces playoffs 2025 : Stephen Curry.&nbsp;<\/p><h2 class=\"wp-block-heading\">Golden State devra se m&eacute;fier de la d&eacute;fense de Minnesota&nbsp;<\/h2><p>Les Wolves ont prouv&eacute; lors du premier tour qu&rsquo;ils savaient d&eacute;fendre, et que cette d&eacute;fense constituait une arme redoutable. Les co&eacute;quipiers de Rudy Gobert ont parfaitement cadenass&eacute; les offensives des Lakers, les rendant inoffensifs. Un constat particuli&egrave;rement visible lors du dernier match de la s&eacute;rie, remport&eacute; par les Loups.&nbsp;<\/p><p>Los Angeles s&rsquo;est vu bloquer &agrave; chaque tentative ext&eacute;rieure par la d&eacute;fense adverse, et a &eacute;t&eacute; incapable de poser des probl&egrave;mes &agrave; l&rsquo;int&eacute;rieur de la raquette. Une confrontation remport&eacute;e 4-1 par les hommes de Chris Finch.&nbsp;<\/p><p>Offensivement, Minnesota a &eacute;galement &eacute;t&eacute; productif, en s&rsquo;appuyant sur Julius Randle, Anthony Edwards, mais aussi Rudy Gobert par moments. Cela dit, ce second tour pourrait s&rsquo;av&eacute;rer bien diff&eacute;rent : en quatre confrontations cette saison, les Wolves n&rsquo;ont gagn&eacute; qu&rsquo;une seule fois, lors de la toute premi&egrave;re, avant de perdre les trois suivantes face aux Warriors.&nbsp;<\/p><h3 class=\"wp-block-heading\">Objectif pour les Warriors : se montrer dangereux partout en attaque&nbsp;<\/h3><p>Lors de leur pr&eacute;c&eacute;dente s&eacute;rie, les Timberwolves ont emp&ecirc;ch&eacute; les Lakers de produire du jeu en dehors de la raquette, cadenassant notamment Austin Reaves et Rui Hachimura. Mais les Californiens du Sud n&rsquo;ont pas tent&eacute; d&rsquo;imposer un jeu int&eacute;rieur. Le manque d&rsquo;un pivot dans cette franchise s&rsquo;est d&rsquo;ailleurs fait ressentir.&nbsp;<\/p><p>Alors si les Warriors (Californiens du Nord) veulent prendre le dessus sur leurs adversaires, il faudra &ecirc;tre capables de se montrer percutants dans la raquette en plus de conserver leur efficacit&eacute; &agrave; trois points.&nbsp;<\/p><p>Le duel entre Draymond Green et Rudy Gobert s&rsquo;annonce explosif ; l&rsquo;impact proche du cercle pourrait rappeler celui vu contre les Rockets. Celui entre Jimmy Butler et Anthony Edwards pourrait &eacute;galement offrir un grand spectacle.&nbsp;<\/p><p>Les joueurs de Steve Kerr ont d&ucirc; batailler pour se d&eacute;faire de la d&eacute;fense de Houston au premier tour, et devront s&rsquo;appuyer sur cette exp&eacute;rience pour bien aborder ce second tour.&nbsp;<\/p><ul class=\"wp-block-list\">\n<li><strong>Lire aussi :<\/strong><\/li>\n<\/ul><p><a href=\"https:\/\/theplayoffs.news\/fr\/actualite-nba\/shai-gilgeous-alexander-confiant-apres-la-defaite-lors-du-game-1-ca-devrait-bien-se-passer-ca-va-etre-fun\/\" target=\"_blank\" rel=\"noreferrer noopener\" class=\"trk-cta-link\" data-cta-trk='{\"ctaType\":\"Link\",\"ctaSubType\":\"main\"}'>Shai Gilgeous-Alexander confiant apr&egrave;s la d&eacute;faite lors du Game 1 : &laquo;&nbsp;&Ccedil;a devrait bien se passer, &ccedil;a va &ecirc;tre fun&nbsp;&raquo;<\/a><\/p><p><a href=\"https:\/\/theplayoffs.news\/fr\/actualite-nba\/kristaps-porzingis-absent-inquietude-chez-les-celtics\/\" target=\"_blank\" rel=\"noreferrer noopener\" class=\"trk-cta-link\" data-cta-trk='{\"ctaType\":\"Link\",\"ctaSubType\":\"main\"}'>Kristaps Porzingis absent, inqui&eacute;tude chez les Celtics<\/a><\/p><h4 class=\"wp-block-heading\">Des forces diff&eacute;rentes mais un niveau &eacute;quivalent<\/h4><p>Les Wolves sont, pour le moment, invaincus &agrave; domicile, contrairement aux Warriors. Les deux &eacute;quipes semblent de niveau &eacute;quivalent, mais ne pr&eacute;sentent pas les m&ecirc;mes forces. Le trio Gobert&ndash;Randle&ndash;Edwards sera oppos&eacute; au trio Green&ndash;Butler&ndash;Curry. Mais dans une s&eacute;rie aussi &eacute;quilibr&eacute;e, ce seront bien les joueurs de compl&eacute;ment qui feront la diff&eacute;rence et joueront le r&ocirc;le de facteur X.&nbsp;<\/p><p>Minnesota atteint ce stade pour la deuxi&egrave;me saison cons&eacute;cutive et <a href=\"https:\/\/basketball.realgm.com\/nba\/teams\/Minnesota-Timberwolves\/17\/playoff-history\" target=\"_blank\" rel=\"noreferrer noopener\" class=\"trk-cta-link\" data-cta-trk='{\"ctaType\":\"Link\",\"ctaSubType\":\"main\"}'>tentera de rejoindre la finale de conf&eacute;rence &agrave; nouveau<\/a>. De leur c&ocirc;t&eacute;, les Warriors n&rsquo;avaient m&ecirc;me pas connu les playoffs en 2024. Ils peuvent cependant compter sur des joueurs d&rsquo;exp&eacute;rience habitu&eacute;s &agrave; ce niveau de comp&eacute;tition pour tenter de rallier la finale.&nbsp;<\/p><p>Au-del&agrave; des prouesses physiques, l&rsquo;aspect mental sera une nouvelle fois capital dans cette confrontation.<\/p><p>Cr&eacute;dit photo : Jesse Johnson-Imagn Images<\/p>\n","protected":false},"excerpt":{"rendered":"","protected":false},"author":180310250,"featured_media":1490534,"comment_status":"closed","ping_status":"closed","sticky":false,"template":"","format":"standard","meta":{"inline_featured_image":false,"kia_subtitle":"","_mux_skip_reasons":[],"proofreadBy":0,"footnotes":""},"categories":[110,8414,10,8408],"tags":[1097,856,23,8302],"sport":[2783],"saison":[7475],"class_list":["post-1490533","post","type-post","status-publish","format-standard","has-post-thumbnail","hentry","category-actualite-nba","category-basketball-sports","category-nba","category-sports","tag-golden-state-warriors","tag-minnesota-timberwolves","tag-nba-tag","tag-nba-playoffs-2025","sport-nba","saison-7475"],"acf":[],"yoast_head":"<!-- This site is optimized with the Yoast SEO plugin v24.2 - https:\/\/yoast.com\/wordpress\/plugins\/seo\/ -->\n<title>Preview Wolves &ndash; Warriors : une opposition de styles en vue !<\/title>\n<meta name=\"description\" content=\"Pour cette demi-finale de conf&eacute;rence Ouest, la NBA nous a r&eacute;serv&eacute; un duel &eacute;quilibr&eacute;, mais que tout oppose entre Wolves et Warriors.\" \/>\n<meta name=\"robots\" content=\"index, follow, max-snippet:-1, max-image-preview:large, max-video-preview:-1\" \/>\n<link rel=\"canonical\" href=\"https:\/\/theplayoffs.news\/fr\/actualite-nba\/preview-wolves-warriors-un-duel-de-styles-en-demi-finales-de-conference\/\" \/>\n<meta property=\"og:locale\" content=\"fr_FR\" \/>\n<meta property=\"og:type\" content=\"article\" \/>\n<meta property=\"og:title\" content=\"Preview Wolves &ndash; Warriors : une opposition de styles en vue !\" \/>\n<meta property=\"og:description\" content=\"Pour cette demi-finale de conf&eacute;rence Ouest, la NBA nous a r&eacute;serv&eacute; un duel &eacute;quilibr&eacute;, mais que tout oppose entre Wolves et Warriors.\" \/>\n<meta property=\"og:url\" content=\"https:\/\/theplayoffs.news\/fr\/actualite-nba\/preview-wolves-warriors-un-duel-de-styles-en-demi-finales-de-conference\/\" \/>\n<meta property=\"og:site_name\" content=\"The Playoffs FR\" \/>\n<meta property=\"article:publisher\" content=\"https:\/\/www.facebook.com\/TheFreeAgentFR\/\" \/>\n<meta property=\"article:modified_time\" content=\"2025-05-06T17:25:27+02:00\" \/>\n<meta property=\"og:image\" content=\"https:\/\/theplayoffs.news\/fr\/wp-content\/uploads\/2025\/05\/USATSI_25197725.jpg\" \/>\n\t<meta property=\"og:image:width\" content=\"1920\" \/>\n\t<meta property=\"og:image:height\" content=\"1280\" \/>\n\t<meta property=\"og:image:type\" content=\"image\/jpeg\" \/>\n<meta name=\"author\" content=\"Jean Fabre-Jevanoff\" \/>\n<meta name=\"twitter:card\" content=\"summary_large_image\" \/>\n<meta name=\"twitter:creator\" content=\"@the_jfj_42\" \/>\n<meta name=\"twitter:site\" content=\"@TheFreeAgentFR\" \/>\n<meta name=\"twitter:label1\" content=\"\u00c9crit par\" \/>\n\t<meta name=\"twitter:data1\" content=\"Jean Fabre-Jevanoff\" \/>\n\t<meta name=\"twitter:label2\" content=\"Dur\u00e9e de lecture estim\u00e9e\" \/>\n\t<meta name=\"twitter:data2\" content=\"3 minutes\" \/>\n<script type=\"application\/ld+json\" class=\"yoast-schema-graph\">{\"@context\":\"https:\/\/schema.org\",\"@graph\":[{\"@type\":\"WebPage\",\"@id\":\"https:\/\/theplayoffs.news\/fr\/actualite-nba\/preview-wolves-warriors-un-duel-de-styles-en-demi-finales-de-conference\/\",\"url\":\"https:\/\/theplayoffs.news\/fr\/actualite-nba\/preview-wolves-warriors-un-duel-de-styles-en-demi-finales-de-conference\/\",\"name\":\"Preview Wolves \u2013 Warriors : une opposition de styles en vue !\",\"isPartOf\":{\"@id\":\"https:\/\/theplayoffs.news\/fr\/#website\"},\"primaryImageOfPage\":{\"@id\":\"https:\/\/theplayoffs.news\/fr\/actualite-nba\/preview-wolves-warriors-un-duel-de-styles-en-demi-finales-de-conference\/#primaryimage\"},\"image\":{\"@id\":\"https:\/\/theplayoffs.news\/fr\/actualite-nba\/preview-wolves-warriors-un-duel-de-styles-en-demi-finales-de-conference\/#primaryimage\"},\"thumbnailUrl\":\"https:\/\/theplayoffs.news\/fr\/wp-content\/uploads\/2025\/05\/USATSI_25197725.jpg\",\"datePublished\":\"2025-05-06T10:47:37+00:00\",\"dateModified\":\"2025-05-06T15:25:27+00:00\",\"author\":{\"@id\":\"https:\/\/theplayoffs.news\/fr\/#\/schema\/person\/1ea25b88e79fe4fabd657430b0013d3d\"},\"description\":\"Pour cette demi-finale de conf\u00e9rence Ouest, la NBA nous a r\u00e9serv\u00e9 un duel \u00e9quilibr\u00e9, mais que tout oppose entre Wolves et Warriors.\",\"breadcrumb\":{\"@id\":\"https:\/\/theplayoffs.news\/fr\/actualite-nba\/preview-wolves-warriors-un-duel-de-styles-en-demi-finales-de-conference\/#breadcrumb\"},\"inLanguage\":\"fr-FR\",\"potentialAction\":[{\"@type\":\"ReadAction\",\"target\":[\"https:\/\/theplayoffs.news\/fr\/actualite-nba\/preview-wolves-warriors-un-duel-de-styles-en-demi-finales-de-conference\/\"]}]},{\"@type\":\"ImageObject\",\"inLanguage\":\"fr-FR\",\"@id\":\"https:\/\/theplayoffs.news\/fr\/actualite-nba\/preview-wolves-warriors-un-duel-de-styles-en-demi-finales-de-conference\/#primaryimage\",\"url\":\"https:\/\/theplayoffs.news\/fr\/wp-content\/uploads\/2025\/05\/USATSI_25197725.jpg\",\"contentUrl\":\"https:\/\/theplayoffs.news\/fr\/wp-content\/uploads\/2025\/05\/USATSI_25197725.jpg\",\"width\":1920,\"height\":1280,\"caption\":\"Jan 15, 2025; Minneapolis, Minnesota, USA; Golden State Warriors guard Stephen Curry (30) dribbles the ball against Minnesota Timberwolves forward Jaden McDaniels (3) in the second half at Target Center. Mandatory Credit: Jesse Johnson-Imagn Images\"},{\"@type\":\"BreadcrumbList\",\"@id\":\"https:\/\/theplayoffs.news\/fr\/actualite-nba\/preview-wolves-warriors-un-duel-de-styles-en-demi-finales-de-conference\/#breadcrumb\",\"itemListElement\":[{\"@type\":\"ListItem\",\"position\":1,\"name\":\"Accueil\",\"item\":\"https:\/\/theplayoffs.news\/fr\/\"},{\"@type\":\"ListItem\",\"position\":2,\"name\":\"Preview Wolves \u2013 Warriors : une opposition de styles en demi-finales de conf\u00e9rence Ouest\"}]},{\"@type\":\"WebSite\",\"@id\":\"https:\/\/theplayoffs.news\/fr\/#website\",\"url\":\"https:\/\/theplayoffs.news\/fr\/\",\"name\":\"The Playoffs FR\",\"description\":\"NBA-NFL-NHL-MLB\",\"potentialAction\":[{\"@type\":\"SearchAction\",\"target\":{\"@type\":\"EntryPoint\",\"urlTemplate\":\"https:\/\/theplayoffs.news\/fr\/?s={search_term_string}\"},\"query-input\":{\"@type\":\"PropertyValueSpecification\",\"valueRequired\":true,\"valueName\":\"search_term_string\"}}],\"inLanguage\":\"fr-FR\"},{\"@type\":\"Person\",\"@id\":\"https:\/\/theplayoffs.news\/fr\/#\/schema\/person\/1ea25b88e79fe4fabd657430b0013d3d\",\"name\":\"Jean Fabre-Jevanoff\",\"image\":{\"@type\":\"ImageObject\",\"inLanguage\":\"fr-FR\",\"@id\":\"https:\/\/theplayoffs.news\/fr\/#\/schema\/person\/image\/\",\"url\":\"https:\/\/secure.gravatar.com\/avatar\/18b28dab1159eebc6a17b9787eb8cbbe3242c3d0e8b53b89332f6dc1133aa361?s=96&d=mm&r=g\",\"contentUrl\":\"https:\/\/secure.gravatar.com\/avatar\/18b28dab1159eebc6a17b9787eb8cbbe3242c3d0e8b53b89332f6dc1133aa361?s=96&d=mm&r=g\",\"caption\":\"Jean Fabre-Jevanoff\"},\"description\":\"Journaliste polyvalent sur le football am\u00e9ricain, j\u2019\u00e9cris aussi des articles sur le basket. Commentateur sur Twitch et sur YouTube. Pass\u00e9 par Eurosport notamment. Un mix d\u2019Eminem et de OBJ, fan inconditionnel de Patrick Mahomes et Lebron James\",\"sameAs\":[\"https:\/\/www.instagram.com\/_juaniitooo_\",\"https:\/\/www.linkedin.com\/in\/jean-fabre-jevanoff-84bb9b1a9\/\",\"https:\/\/x.com\/the_jfj_42\"],\"url\":\"https:\/\/theplayoffs.news\/fr\/author\/jeanfj42gmail-com\/\"}]}<\/script>\n<!-- \/ Yoast SEO plugin. -->","yoast_head_json":{"title":"Preview Wolves &ndash; Warriors : une opposition de styles en vue !","description":"Pour cette demi-finale de conf&eacute;rence Ouest, la NBA nous a r&eacute;serv&eacute; un duel &eacute;quilibr&eacute;, mais que tout oppose entre Wolves et Warriors.","robots":{"index":"index","follow":"follow","max-snippet":"max-snippet:-1","max-image-preview":"max-image-preview:large","max-video-preview":"max-video-preview:-1"},"canonical":"https:\/\/theplayoffs.news\/fr\/actualite-nba\/preview-wolves-warriors-un-duel-de-styles-en-demi-finales-de-conference\/","og_locale":"fr_FR","og_type":"article","og_title":"Preview Wolves &ndash; Warriors : une opposition de styles en vue !","og_description":"Pour cette demi-finale de conf&eacute;rence Ouest, la NBA nous a r&eacute;serv&eacute; un duel &eacute;quilibr&eacute;, mais que tout oppose entre Wolves et Warriors.","og_url":"https:\/\/theplayoffs.news\/fr\/actualite-nba\/preview-wolves-warriors-un-duel-de-styles-en-demi-finales-de-conference\/","og_site_name":"The Playoffs FR","article_publisher":"https:\/\/www.facebook.com\/TheFreeAgentFR\/","article_modified_time":"2025-05-06T15:25:27+00:00","og_image":[{"width":1920,"height":1280,"url":"https:\/\/theplayoffs.news\/fr\/wp-content\/uploads\/2025\/05\/USATSI_25197725.jpg","type":"image\/jpeg"}],"author":"Jean Fabre-Jevanoff","twitter_card":"summary_large_image","twitter_creator":"@the_jfj_42","twitter_site":"@TheFreeAgentFR","twitter_misc":{"\u00c9crit par":"Jean Fabre-Jevanoff","Dur\u00e9e de lecture estim\u00e9e":"3 minutes"},"schema":{"@context":"https:\/\/schema.org","@graph":[{"@type":"WebPage","@id":"https:\/\/theplayoffs.news\/fr\/actualite-nba\/preview-wolves-warriors-un-duel-de-styles-en-demi-finales-de-conference\/","url":"https:\/\/theplayoffs.news\/fr\/actualite-nba\/preview-wolves-warriors-un-duel-de-styles-en-demi-finales-de-conference\/","name":"Preview Wolves \u2013 Warriors : une opposition de styles en vue !","isPartOf":{"@id":"https:\/\/theplayoffs.news\/fr\/#website"},"primaryImageOfPage":{"@id":"https:\/\/theplayoffs.news\/fr\/actualite-nba\/preview-wolves-warriors-un-duel-de-styles-en-demi-finales-de-conference\/#primaryimage"},"image":{"@id":"https:\/\/theplayoffs.news\/fr\/actualite-nba\/preview-wolves-warriors-un-duel-de-styles-en-demi-finales-de-conference\/#primaryimage"},"thumbnailUrl":"https:\/\/theplayoffs.news\/fr\/wp-content\/uploads\/2025\/05\/USATSI_25197725.jpg","datePublished":"2025-05-06T10:47:37+00:00","dateModified":"2025-05-06T15:25:27+00:00","author":{"@id":"https:\/\/theplayoffs.news\/fr\/#\/schema\/person\/1ea25b88e79fe4fabd657430b0013d3d"},"description":"Pour cette demi-finale de conf\u00e9rence Ouest, la NBA nous a r\u00e9serv\u00e9 un duel \u00e9quilibr\u00e9, mais que tout oppose entre Wolves et Warriors.","breadcrumb":{"@id":"https:\/\/theplayoffs.news\/fr\/actualite-nba\/preview-wolves-warriors-un-duel-de-styles-en-demi-finales-de-conference\/#breadcrumb"},"inLanguage":"fr-FR","potentialAction":[{"@type":"ReadAction","target":["https:\/\/theplayoffs.news\/fr\/actualite-nba\/preview-wolves-warriors-un-duel-de-styles-en-demi-finales-de-conference\/"]}]},{"@type":"ImageObject","inLanguage":"fr-FR","@id":"https:\/\/theplayoffs.news\/fr\/actualite-nba\/preview-wolves-warriors-un-duel-de-styles-en-demi-finales-de-conference\/#primaryimage","url":"https:\/\/theplayoffs.news\/fr\/wp-content\/uploads\/2025\/05\/USATSI_25197725.jpg","contentUrl":"https:\/\/theplayoffs.news\/fr\/wp-content\/uploads\/2025\/05\/USATSI_25197725.jpg","width":1920,"height":1280,"caption":"Jan 15, 2025; Minneapolis, Minnesota, USA; Golden State Warriors guard Stephen Curry (30) dribbles the ball against Minnesota Timberwolves forward Jaden McDaniels (3) in the second half at Target Center. Mandatory Credit: Jesse Johnson-Imagn Images"},{"@type":"BreadcrumbList","@id":"https:\/\/theplayoffs.news\/fr\/actualite-nba\/preview-wolves-warriors-un-duel-de-styles-en-demi-finales-de-conference\/#breadcrumb","itemListElement":[{"@type":"ListItem","position":1,"name":"Accueil","item":"https:\/\/theplayoffs.news\/fr\/"},{"@type":"ListItem","position":2,"name":"Preview Wolves \u2013 Warriors : une opposition de styles en demi-finales de conf\u00e9rence Ouest"}]},{"@type":"WebSite","@id":"https:\/\/theplayoffs.news\/fr\/#website","url":"https:\/\/theplayoffs.news\/fr\/","name":"The Playoffs FR","description":"NBA-NFL-NHL-MLB","potentialAction":[{"@type":"SearchAction","target":{"@type":"EntryPoint","urlTemplate":"https:\/\/theplayoffs.news\/fr\/?s={search_term_string}"},"query-input":{"@type":"PropertyValueSpecification","valueRequired":true,"valueName":"search_term_string"}}],"inLanguage":"fr-FR"},{"@type":"Person","@id":"https:\/\/theplayoffs.news\/fr\/#\/schema\/person\/1ea25b88e79fe4fabd657430b0013d3d","name":"Jean Fabre-Jevanoff","image":{"@type":"ImageObject","inLanguage":"fr-FR","@id":"https:\/\/theplayoffs.news\/fr\/#\/schema\/person\/image\/","url":"https:\/\/secure.gravatar.com\/avatar\/18b28dab1159eebc6a17b9787eb8cbbe3242c3d0e8b53b89332f6dc1133aa361?s=96&d=mm&r=g","contentUrl":"https:\/\/secure.gravatar.com\/avatar\/18b28dab1159eebc6a17b9787eb8cbbe3242c3d0e8b53b89332f6dc1133aa361?s=96&d=mm&r=g","caption":"Jean Fabre-Jevanoff"},"description":"Journaliste polyvalent sur le football am\u00e9ricain, j\u2019\u00e9cris aussi des articles sur le basket. Commentateur sur Twitch et sur YouTube. Pass\u00e9 par Eurosport notamment. Un mix d\u2019Eminem et de OBJ, fan inconditionnel de Patrick Mahomes et Lebron James","sameAs":["https:\/\/www.instagram.com\/_juaniitooo_","https:\/\/www.linkedin.com\/in\/jean-fabre-jevanoff-84bb9b1a9\/","https:\/\/x.com\/the_jfj_42"],"url":"https:\/\/theplayoffs.news\/fr\/author\/jeanfj42gmail-com\/"}]}},"_links":{"self":[{"href":"https:\/\/theplayoffs.news\/fr\/wp-json\/wp\/v2\/posts\/1490533","targetHints":{"allow":["GET"]}}],"collection":[{"href":"https:\/\/theplayoffs.news\/fr\/wp-json\/wp\/v2\/posts"}],"about":[{"href":"https:\/\/theplayoffs.news\/fr\/wp-json\/wp\/v2\/types\/post"}],"author":[{"embeddable":true,"href":"https:\/\/theplayoffs.news\/fr\/wp-json\/wp\/v2\/users\/180310250"}],"replies":[{"embeddable":true,"href":"https:\/\/theplayoffs.news\/fr\/wp-json\/wp\/v2\/comments?post=1490533"}],"version-history":[{"count":3,"href":"https:\/\/theplayoffs.news\/fr\/wp-json\/wp\/v2\/posts\/1490533\/revisions"}],"predecessor-version":[{"id":1490574,"href":"https:\/\/theplayoffs.news\/fr\/wp-json\/wp\/v2\/posts\/1490533\/revisions\/1490574"}],"wp:featuredmedia":[{"embeddable":true,"href":"https:\/\/theplayoffs.news\/fr\/wp-json\/wp\/v2\/media\/1490534"}],"wp:attachment":[{"href":"https:\/\/theplayoffs.news\/fr\/wp-json\/wp\/v2\/media?parent=1490533"}],"wp:term":[{"taxonomy":"category","embeddable":true,"href":"https:\/\/theplayoffs.news\/fr\/wp-json\/wp\/v2\/categories?post=1490533"},{"taxonomy":"post_tag","embeddable":true,"href":"https:\/\/theplayoffs.news\/fr\/wp-json\/wp\/v2\/tags?post=1490533"},{"taxonomy":"sport","embeddable":true,"href":"https:\/\/theplayoffs.news\/fr\/wp-json\/wp\/v2\/sport?post=1490533"},{"taxonomy":"saison","embeddable":true,"href":"https:\/\/theplayoffs.news\/fr\/wp-json\/wp\/v2\/saison?post=1490533"}],"curies":[{"name":"wp","href":"https:\/\/api.w.org\/{rel}","templated":true}]}}