{"id":1490136,"date":"2025-05-02T16:54:52","date_gmt":"2025-05-02T14:54:52","guid":{"rendered":"https:\/\/theplayoffs.news\/fr\/uncategorized\/\/"},"modified":"2025-05-05T18:04:19","modified_gmt":"2025-05-05T16:04:19","slug":"j-j-redick-peut-respirer-son-poste-aux-lakers-semble-assure","status":"publish","type":"post","link":"https:\/\/theplayoffs.news\/fr\/actualite-nba\/j-j-redick-peut-respirer-son-poste-aux-lakers-semble-assure\/","title":{"rendered":"J.J. Redick peut respirer, son poste aux Lakers semble assur\u00e9 !"},"content":{"rendered":"<p><strong>Balay&eacute;s 4-1 au premier tour des playoffs par Minnesota, les Lakers sortent par la petite porte. Pourtant, aucune menace ne plane sur la position de J.J. Redick sur le banc angelino.<\/strong><\/p><p>Pour sa premi&egrave;re saison en tant que head coach, <strong>J.J<\/strong> <strong>Redick<\/strong> a men&eacute; la <strong>franchise californienne<\/strong> &agrave; la troisi&egrave;me place de la Conf&eacute;rence Ouest, avec un solide bilan de <strong>50 victoires pour 32 d&eacute;faites<\/strong>. Une performance suffisante pour maintenir la confiance de l&rsquo;organisation, malgr&eacute; une &eacute;limination pr&eacute;matur&eacute;e. Selon <a href=\"https:\/\/www.nytimes.com\/athletic\/6328127\/2025\/05\/02\/lakers-lebron-luka-doncic-jj-redick-future\/?utm_medium=social&amp;utm_campaign=twhq&amp;source=twitterhq\" target=\"_blank\" rel=\"noreferrer noopener\" class=\"trk-cta-link\" data-cta-trk='{\"ctaType\":\"Link\",\"ctaSubType\":\"main\"}'><strong>Jovan Buha et Sam Amick<\/strong> de <em>The Athletic<\/em><\/a>, aucune remise en question n&rsquo;est &agrave; l&rsquo;ordre du jour.<\/p><blockquote class=\"wp-block-quote is-layout-flow wp-block-quote-is-layout-flow\">\n<p>&laquo; Le poste de Redick est s&eacute;curis&eacute;, et les Lakers sont optimistes quant &agrave; son avenir avec la franchise. &raquo;<\/p>\n<\/blockquote><p>La saison n&rsquo;a pourtant pas &eacute;t&eacute; de tout repos. <strong>J.J Redick <\/strong>a d&ucirc; composer avec un effectif profond&eacute;ment remani&eacute; apr&egrave;s le transfert choc <strong>d&rsquo;Anthony Davis contre Luka Doncic<\/strong> en cours d&rsquo;exercice. Dans ce contexte instable, le front office n&rsquo;a cess&eacute; de saluer le travail accompli.<\/p><p><strong>Rob Pelinka,<\/strong> General Manager des Lakers, a r&eacute;affirm&eacute; sa confiance totale en <strong>son entra&icirc;neur.<\/strong><\/p><blockquote class=\"wp-block-quote is-layout-flow wp-block-quote-is-layout-flow\">\n<p>&laquo; Notre niveau de confiance, mon niveau de confiance, ne pourrait pas &ecirc;tre plus &eacute;lev&eacute;. C&rsquo;est un excellent partenaire au quotidien. Il a une intelligence du jeu rare, et il apprend en permanence cela le m&egrave;nera au succ&egrave;s. &raquo;<\/p>\n\n\n\n<blockquote class=\"twitter-tweet\"><p lang=\"en\" dir=\"ltr\">Rob says his confidence &ldquo;couldn&rsquo;t be higher&rdquo; in JJ Redick <a href=\"https:\/\/t.co\/WmZAAr63Hq\" class=\"trk-cta-link\" data-cta-trk='{\"ctaType\":\"Link\",\"ctaSubType\":\"main\"}'>pic.twitter.com\/WmZAAr63Hq<\/a><\/p>&mdash; ESPN Los Angeles (@ESPNLosAngeles) <a href=\"https:\/\/twitter.com\/ESPNLosAngeles\/status\/1917991069045932261?ref_src=twsrc%5Etfw\" class=\"trk-cta-link\" data-cta-trk='{\"ctaType\":\"Link\",\"ctaSubType\":\"main\"}'>May 1, 2025<\/a><\/blockquote> <script async src=\"https:\/\/platform.twitter.com\/widgets.js\" charset=\"utf-8\"><\/script>\n<\/blockquote><p><strong>Lire aussi :&nbsp;<\/strong><\/p><p><a href=\"https:\/\/theplayoffs.news\/fr\/actualite-nba\/jalen-brunson-encense-ausar-thompson-il-est-vraiment-fort\/\" class=\"trk-cta-link\" data-cta-trk='{\"ctaType\":\"Link\",\"ctaSubType\":\"main\"}'>Jalen Brunson encense Ausar Thompson : &ldquo;Il est vraiment fort&rdquo;<\/a><\/p><p><a href=\"https:\/\/theplayoffs.news\/fr\/actualite-nba\/j-j-redick-nous-devons-etre-en-forme-pour-le-championnat\/\" class=\"trk-cta-link\" data-cta-trk='{\"ctaType\":\"Link\",\"ctaSubType\":\"main\"}'>J.J. Redick : &laquo; Nous devons &ecirc;tre en forme pour gagner le titre &raquo; &ndash; The Playoffs<\/a><\/p><p><strong>J.J. Redick<\/strong> peut respirer. Aucun renvoi en vue pour l&rsquo;ancien<strong> shooteur des Clippers,<\/strong> &eacute;pargn&eacute; par la valse des coachs estivale. Place d&eacute;sormais &agrave; la pr&eacute;paration d&rsquo;un &eacute;t&eacute; br&ucirc;lant du c&ocirc;t&eacute; de <strong>Los Angeles,<\/strong> avec de nombreux dossiers sur la table pour le <strong>tacticien californien<\/strong>.<\/p><p><strong>Cr&eacute;dit photo :<\/strong>&nbsp;Kirby Lee-Imagn Images<\/p>\n","protected":false},"excerpt":{"rendered":"","protected":false},"author":180310268,"featured_media":1490137,"comment_status":"closed","ping_status":"closed","sticky":false,"template":"","format":"standard","meta":{"inline_featured_image":false,"kia_subtitle":"","_mux_skip_reasons":[],"proofreadBy":0,"footnotes":""},"categories":[110,8414,10,8408],"tags":[763,7357,116,117,545,2820],"sport":[2783],"saison":[],"class_list":["post-1490136","post","type-post","status-publish","format-standard","has-post-thumbnail","hentry","category-actualite-nba","category-basketball-sports","category-nba","category-sports","tag-anthony-davis","tag-j-j-redick","tag-lebron-james","tag-los-angeles-lakers","tag-luka-doncic","tag-nba","sport-nba"],"acf":[],"yoast_head":"<!-- This site is optimized with the Yoast SEO plugin v24.2 - https:\/\/yoast.com\/wordpress\/plugins\/seo\/ -->\n<title>J.J Redick peut respirer, son poste aux Lakers semble assur&eacute; !<\/title>\n<meta name=\"description\" content=\"Malgr&eacute; l&rsquo;&eacute;limination des Lakers au premier tour des Playoffs face aux Wolves, J.J Redick devrait conserver son poste &agrave; Los Angeles.\" \/>\n<meta name=\"robots\" content=\"index, follow, max-snippet:-1, max-image-preview:large, max-video-preview:-1\" \/>\n<link rel=\"canonical\" href=\"https:\/\/theplayoffs.news\/fr\/actualite-nba\/j-j-redick-peut-respirer-son-poste-aux-lakers-semble-assure\/\" \/>\n<meta property=\"og:locale\" content=\"fr_FR\" \/>\n<meta property=\"og:type\" content=\"article\" \/>\n<meta property=\"og:title\" content=\"J.J Redick peut respirer, son poste aux Lakers semble assur&eacute; !\" \/>\n<meta property=\"og:description\" content=\"Malgr&eacute; l&rsquo;&eacute;limination des Lakers au premier tour des Playoffs face aux Wolves, J.J Redick devrait conserver son poste &agrave; Los Angeles.\" \/>\n<meta property=\"og:url\" content=\"https:\/\/theplayoffs.news\/fr\/actualite-nba\/j-j-redick-peut-respirer-son-poste-aux-lakers-semble-assure\/\" \/>\n<meta property=\"og:site_name\" content=\"The Playoffs FR\" \/>\n<meta property=\"article:publisher\" content=\"https:\/\/www.facebook.com\/TheFreeAgentFR\/\" \/>\n<meta property=\"article:modified_time\" content=\"2025-05-05T18:04:19+02:00\" \/>\n<meta property=\"og:image\" content=\"https:\/\/theplayoffs.news\/fr\/wp-content\/uploads\/2025\/05\/USATSI_24875643.jpg\" \/>\n\t<meta property=\"og:image:width\" content=\"1920\" \/>\n\t<meta property=\"og:image:height\" content=\"1280\" \/>\n\t<meta property=\"og:image:type\" content=\"image\/jpeg\" \/>\n<meta name=\"author\" content=\"Elian Goethals\" \/>\n<meta name=\"twitter:card\" content=\"summary_large_image\" \/>\n<meta name=\"twitter:creator\" content=\"@x.com\/elidwight\" \/>\n<meta name=\"twitter:site\" content=\"@TheFreeAgentFR\" \/>\n<meta name=\"twitter:label1\" content=\"\u00c9crit par\" \/>\n\t<meta name=\"twitter:data1\" content=\"Elian Goethals\" \/>\n\t<meta name=\"twitter:label2\" content=\"Dur\u00e9e de lecture estim\u00e9e\" \/>\n\t<meta name=\"twitter:data2\" content=\"2 minutes\" \/>\n<script type=\"application\/ld+json\" class=\"yoast-schema-graph\">{\"@context\":\"https:\/\/schema.org\",\"@graph\":[{\"@type\":\"WebPage\",\"@id\":\"https:\/\/theplayoffs.news\/fr\/actualite-nba\/j-j-redick-peut-respirer-son-poste-aux-lakers-semble-assure\/\",\"url\":\"https:\/\/theplayoffs.news\/fr\/actualite-nba\/j-j-redick-peut-respirer-son-poste-aux-lakers-semble-assure\/\",\"name\":\"J.J Redick peut respirer, son poste aux Lakers semble assur\u00e9 !\",\"isPartOf\":{\"@id\":\"https:\/\/theplayoffs.news\/fr\/#website\"},\"primaryImageOfPage\":{\"@id\":\"https:\/\/theplayoffs.news\/fr\/actualite-nba\/j-j-redick-peut-respirer-son-poste-aux-lakers-semble-assure\/#primaryimage\"},\"image\":{\"@id\":\"https:\/\/theplayoffs.news\/fr\/actualite-nba\/j-j-redick-peut-respirer-son-poste-aux-lakers-semble-assure\/#primaryimage\"},\"thumbnailUrl\":\"https:\/\/theplayoffs.news\/fr\/wp-content\/uploads\/2025\/05\/USATSI_24875643.jpg\",\"datePublished\":\"2025-05-02T14:54:52+00:00\",\"dateModified\":\"2025-05-05T16:04:19+00:00\",\"author\":{\"@id\":\"https:\/\/theplayoffs.news\/fr\/#\/schema\/person\/2bc470c6a49f4f6229a67af19c87a732\"},\"description\":\"Malgr\u00e9 l\u2019\u00e9limination des Lakers au premier tour des Playoffs face aux Wolves, J.J Redick devrait conserver son poste \u00e0 Los Angeles.\",\"breadcrumb\":{\"@id\":\"https:\/\/theplayoffs.news\/fr\/actualite-nba\/j-j-redick-peut-respirer-son-poste-aux-lakers-semble-assure\/#breadcrumb\"},\"inLanguage\":\"fr-FR\",\"potentialAction\":[{\"@type\":\"ReadAction\",\"target\":[\"https:\/\/theplayoffs.news\/fr\/actualite-nba\/j-j-redick-peut-respirer-son-poste-aux-lakers-semble-assure\/\"]}]},{\"@type\":\"ImageObject\",\"inLanguage\":\"fr-FR\",\"@id\":\"https:\/\/theplayoffs.news\/fr\/actualite-nba\/j-j-redick-peut-respirer-son-poste-aux-lakers-semble-assure\/#primaryimage\",\"url\":\"https:\/\/theplayoffs.news\/fr\/wp-content\/uploads\/2025\/05\/USATSI_24875643.jpg\",\"contentUrl\":\"https:\/\/theplayoffs.news\/fr\/wp-content\/uploads\/2025\/05\/USATSI_24875643.jpg\",\"width\":1920,\"height\":1280,\"caption\":\"Nov 29, 2024; Los Angeles, California, USA; Los Angeles Lakers coach J.J. Redick at a press conference at Crypto.com Arena. Mandatory Credit: Kirby Lee-Imagn Images\"},{\"@type\":\"BreadcrumbList\",\"@id\":\"https:\/\/theplayoffs.news\/fr\/actualite-nba\/j-j-redick-peut-respirer-son-poste-aux-lakers-semble-assure\/#breadcrumb\",\"itemListElement\":[{\"@type\":\"ListItem\",\"position\":1,\"name\":\"Accueil\",\"item\":\"https:\/\/theplayoffs.news\/fr\/\"},{\"@type\":\"ListItem\",\"position\":2,\"name\":\"J.J. Redick peut respirer, son poste aux Lakers semble assur\u00e9 !\"}]},{\"@type\":\"WebSite\",\"@id\":\"https:\/\/theplayoffs.news\/fr\/#website\",\"url\":\"https:\/\/theplayoffs.news\/fr\/\",\"name\":\"The Playoffs FR\",\"description\":\"NBA-NFL-NHL-MLB\",\"potentialAction\":[{\"@type\":\"SearchAction\",\"target\":{\"@type\":\"EntryPoint\",\"urlTemplate\":\"https:\/\/theplayoffs.news\/fr\/?s={search_term_string}\"},\"query-input\":{\"@type\":\"PropertyValueSpecification\",\"valueRequired\":true,\"valueName\":\"search_term_string\"}}],\"inLanguage\":\"fr-FR\"},{\"@type\":\"Person\",\"@id\":\"https:\/\/theplayoffs.news\/fr\/#\/schema\/person\/2bc470c6a49f4f6229a67af19c87a732\",\"name\":\"Elian Goethals\",\"image\":{\"@type\":\"ImageObject\",\"inLanguage\":\"fr-FR\",\"@id\":\"https:\/\/theplayoffs.news\/fr\/#\/schema\/person\/image\/\",\"url\":\"https:\/\/secure.gravatar.com\/avatar\/293e2e649a094756005b611f6122ac1a95e95d453dbfe74b9d434b39855927f6?s=96&d=mm&r=g\",\"contentUrl\":\"https:\/\/secure.gravatar.com\/avatar\/293e2e649a094756005b611f6122ac1a95e95d453dbfe74b9d434b39855927f6?s=96&d=mm&r=g\",\"caption\":\"Elian Goethals\"},\"description\":\"Je suis sp\u00e9cialis\u00e9 dans la r\u00e9daction d\\\\'articles NBA et je suis un grand fan de basket am\u00e9ricain depuis toujours. Cela fait 20 ans que je joue au basket, et mon exp\u00e9rience sur les terrains me permet d\\\\'avoir une analyse approfondie des matchs. J\u2019ai d\u2019abord fait partie d\u2019autres m\u00e9dias sportifs en tant que b\u00e9n\u00e9vole avant de rejoindre ThePlayoffs en janvier. Je termine \u00e9galement un master en \u00e9tudes internationales. Ce que je pr\u00e9f\u00e8re dans mon travail, c\u2019est de transformer ma passion en m\u00e9tier et de partager avec vous l\u2019information NBA. J\u2019essaie de produire un contenu de qualit\u00e9 en esp\u00e9rant qu\u2019il vous plaise !\",\"sameAs\":[\"https:\/\/www.linkedin.com\/in\/elian-goethals-729b71200\/\",\"https:\/\/x.com\/x.com\/elidwight\"],\"url\":\"https:\/\/theplayoffs.news\/fr\/author\/elian\/\"}]}<\/script>\n<!-- \/ Yoast SEO plugin. -->","yoast_head_json":{"title":"J.J Redick peut respirer, son poste aux Lakers semble assur&eacute; !","description":"Malgr&eacute; l&rsquo;&eacute;limination des Lakers au premier tour des Playoffs face aux Wolves, J.J Redick devrait conserver son poste &agrave; Los Angeles.","robots":{"index":"index","follow":"follow","max-snippet":"max-snippet:-1","max-image-preview":"max-image-preview:large","max-video-preview":"max-video-preview:-1"},"canonical":"https:\/\/theplayoffs.news\/fr\/actualite-nba\/j-j-redick-peut-respirer-son-poste-aux-lakers-semble-assure\/","og_locale":"fr_FR","og_type":"article","og_title":"J.J Redick peut respirer, son poste aux Lakers semble assur&eacute; !","og_description":"Malgr&eacute; l&rsquo;&eacute;limination des Lakers au premier tour des Playoffs face aux Wolves, J.J Redick devrait conserver son poste &agrave; Los Angeles.","og_url":"https:\/\/theplayoffs.news\/fr\/actualite-nba\/j-j-redick-peut-respirer-son-poste-aux-lakers-semble-assure\/","og_site_name":"The Playoffs FR","article_publisher":"https:\/\/www.facebook.com\/TheFreeAgentFR\/","article_modified_time":"2025-05-05T16:04:19+00:00","og_image":[{"width":1920,"height":1280,"url":"https:\/\/theplayoffs.news\/fr\/wp-content\/uploads\/2025\/05\/USATSI_24875643.jpg","type":"image\/jpeg"}],"author":"Elian Goethals","twitter_card":"summary_large_image","twitter_creator":"@x.com\/elidwight","twitter_site":"@TheFreeAgentFR","twitter_misc":{"\u00c9crit par":"Elian Goethals","Dur\u00e9e de lecture estim\u00e9e":"2 minutes"},"schema":{"@context":"https:\/\/schema.org","@graph":[{"@type":"WebPage","@id":"https:\/\/theplayoffs.news\/fr\/actualite-nba\/j-j-redick-peut-respirer-son-poste-aux-lakers-semble-assure\/","url":"https:\/\/theplayoffs.news\/fr\/actualite-nba\/j-j-redick-peut-respirer-son-poste-aux-lakers-semble-assure\/","name":"J.J Redick peut respirer, son poste aux Lakers semble assur\u00e9 !","isPartOf":{"@id":"https:\/\/theplayoffs.news\/fr\/#website"},"primaryImageOfPage":{"@id":"https:\/\/theplayoffs.news\/fr\/actualite-nba\/j-j-redick-peut-respirer-son-poste-aux-lakers-semble-assure\/#primaryimage"},"image":{"@id":"https:\/\/theplayoffs.news\/fr\/actualite-nba\/j-j-redick-peut-respirer-son-poste-aux-lakers-semble-assure\/#primaryimage"},"thumbnailUrl":"https:\/\/theplayoffs.news\/fr\/wp-content\/uploads\/2025\/05\/USATSI_24875643.jpg","datePublished":"2025-05-02T14:54:52+00:00","dateModified":"2025-05-05T16:04:19+00:00","author":{"@id":"https:\/\/theplayoffs.news\/fr\/#\/schema\/person\/2bc470c6a49f4f6229a67af19c87a732"},"description":"Malgr\u00e9 l\u2019\u00e9limination des Lakers au premier tour des Playoffs face aux Wolves, J.J Redick devrait conserver son poste \u00e0 Los Angeles.","breadcrumb":{"@id":"https:\/\/theplayoffs.news\/fr\/actualite-nba\/j-j-redick-peut-respirer-son-poste-aux-lakers-semble-assure\/#breadcrumb"},"inLanguage":"fr-FR","potentialAction":[{"@type":"ReadAction","target":["https:\/\/theplayoffs.news\/fr\/actualite-nba\/j-j-redick-peut-respirer-son-poste-aux-lakers-semble-assure\/"]}]},{"@type":"ImageObject","inLanguage":"fr-FR","@id":"https:\/\/theplayoffs.news\/fr\/actualite-nba\/j-j-redick-peut-respirer-son-poste-aux-lakers-semble-assure\/#primaryimage","url":"https:\/\/theplayoffs.news\/fr\/wp-content\/uploads\/2025\/05\/USATSI_24875643.jpg","contentUrl":"https:\/\/theplayoffs.news\/fr\/wp-content\/uploads\/2025\/05\/USATSI_24875643.jpg","width":1920,"height":1280,"caption":"Nov 29, 2024; Los Angeles, California, USA; Los Angeles Lakers coach J.J. Redick at a press conference at Crypto.com Arena. Mandatory Credit: Kirby Lee-Imagn Images"},{"@type":"BreadcrumbList","@id":"https:\/\/theplayoffs.news\/fr\/actualite-nba\/j-j-redick-peut-respirer-son-poste-aux-lakers-semble-assure\/#breadcrumb","itemListElement":[{"@type":"ListItem","position":1,"name":"Accueil","item":"https:\/\/theplayoffs.news\/fr\/"},{"@type":"ListItem","position":2,"name":"J.J. Redick peut respirer, son poste aux Lakers semble assur\u00e9 !"}]},{"@type":"WebSite","@id":"https:\/\/theplayoffs.news\/fr\/#website","url":"https:\/\/theplayoffs.news\/fr\/","name":"The Playoffs FR","description":"NBA-NFL-NHL-MLB","potentialAction":[{"@type":"SearchAction","target":{"@type":"EntryPoint","urlTemplate":"https:\/\/theplayoffs.news\/fr\/?s={search_term_string}"},"query-input":{"@type":"PropertyValueSpecification","valueRequired":true,"valueName":"search_term_string"}}],"inLanguage":"fr-FR"},{"@type":"Person","@id":"https:\/\/theplayoffs.news\/fr\/#\/schema\/person\/2bc470c6a49f4f6229a67af19c87a732","name":"Elian Goethals","image":{"@type":"ImageObject","inLanguage":"fr-FR","@id":"https:\/\/theplayoffs.news\/fr\/#\/schema\/person\/image\/","url":"https:\/\/secure.gravatar.com\/avatar\/293e2e649a094756005b611f6122ac1a95e95d453dbfe74b9d434b39855927f6?s=96&d=mm&r=g","contentUrl":"https:\/\/secure.gravatar.com\/avatar\/293e2e649a094756005b611f6122ac1a95e95d453dbfe74b9d434b39855927f6?s=96&d=mm&r=g","caption":"Elian Goethals"},"description":"Je suis sp\u00e9cialis\u00e9 dans la r\u00e9daction d\\'articles NBA et je suis un grand fan de basket am\u00e9ricain depuis toujours. Cela fait 20 ans que je joue au basket, et mon exp\u00e9rience sur les terrains me permet d\\'avoir une analyse approfondie des matchs. J\u2019ai d\u2019abord fait partie d\u2019autres m\u00e9dias sportifs en tant que b\u00e9n\u00e9vole avant de rejoindre ThePlayoffs en janvier. Je termine \u00e9galement un master en \u00e9tudes internationales. Ce que je pr\u00e9f\u00e8re dans mon travail, c\u2019est de transformer ma passion en m\u00e9tier et de partager avec vous l\u2019information NBA. J\u2019essaie de produire un contenu de qualit\u00e9 en esp\u00e9rant qu\u2019il vous plaise !","sameAs":["https:\/\/www.linkedin.com\/in\/elian-goethals-729b71200\/","https:\/\/x.com\/x.com\/elidwight"],"url":"https:\/\/theplayoffs.news\/fr\/author\/elian\/"}]}},"_links":{"self":[{"href":"https:\/\/theplayoffs.news\/fr\/wp-json\/wp\/v2\/posts\/1490136","targetHints":{"allow":["GET"]}}],"collection":[{"href":"https:\/\/theplayoffs.news\/fr\/wp-json\/wp\/v2\/posts"}],"about":[{"href":"https:\/\/theplayoffs.news\/fr\/wp-json\/wp\/v2\/types\/post"}],"author":[{"embeddable":true,"href":"https:\/\/theplayoffs.news\/fr\/wp-json\/wp\/v2\/users\/180310268"}],"replies":[{"embeddable":true,"href":"https:\/\/theplayoffs.news\/fr\/wp-json\/wp\/v2\/comments?post=1490136"}],"version-history":[{"count":1,"href":"https:\/\/theplayoffs.news\/fr\/wp-json\/wp\/v2\/posts\/1490136\/revisions"}],"predecessor-version":[{"id":1490138,"href":"https:\/\/theplayoffs.news\/fr\/wp-json\/wp\/v2\/posts\/1490136\/revisions\/1490138"}],"wp:featuredmedia":[{"embeddable":true,"href":"https:\/\/theplayoffs.news\/fr\/wp-json\/wp\/v2\/media\/1490137"}],"wp:attachment":[{"href":"https:\/\/theplayoffs.news\/fr\/wp-json\/wp\/v2\/media?parent=1490136"}],"wp:term":[{"taxonomy":"category","embeddable":true,"href":"https:\/\/theplayoffs.news\/fr\/wp-json\/wp\/v2\/categories?post=1490136"},{"taxonomy":"post_tag","embeddable":true,"href":"https:\/\/theplayoffs.news\/fr\/wp-json\/wp\/v2\/tags?post=1490136"},{"taxonomy":"sport","embeddable":true,"href":"https:\/\/theplayoffs.news\/fr\/wp-json\/wp\/v2\/sport?post=1490136"},{"taxonomy":"saison","embeddable":true,"href":"https:\/\/theplayoffs.news\/fr\/wp-json\/wp\/v2\/saison?post=1490136"}],"curies":[{"name":"wp","href":"https:\/\/api.w.org\/{rel}","templated":true}]}}