{"id":1490116,"date":"2025-05-02T14:55:02","date_gmt":"2025-05-02T12:55:02","guid":{"rendered":"https:\/\/theplayoffs.news\/fr\/uncategorized\/\/"},"modified":"2025-05-02T14:55:07","modified_gmt":"2025-05-02T12:55:07","slug":"serie-eliminatoire-nhl-mark-scheifele-sera-absent-du-match-6-face-aux-blues","status":"publish","type":"post","link":"https:\/\/theplayoffs.news\/fr\/actualite-nhl\/serie-eliminatoire-nhl-mark-scheifele-sera-absent-du-match-6-face-aux-blues\/","title":{"rendered":"S\u00e9rie \u00c9liminatoire NHL : Mark Scheifele sera absent du match 6 face aux Blues"},"content":{"rendered":"<p>Alors que se profile un match 6 d&eacute;cisif pour les Jets, Mark Scheifele ne sera pas sur la glace cette nuit avec ses co&eacute;quipiers. <\/p><p>Apr&egrave;s avoir re&ccedil;u un gros choc de la part de Brayden Schenn et Radek Faksa lors de la premi&egrave;re p&eacute;riode du match 5, Scheifele est sorti de la glace et n&rsquo;est pas revenu par la suite. Schenn a &eacute;cop&eacute; de deux p&eacute;nalit&eacute;s &agrave; la suite de ce choc. <\/p><p>En plus de Mark Scheifele, les Jets seront priv&eacute;s de Nikolaj Ehlers absent depuis le 16 avril dernier. Ce dernier sera n&eacute;anmoins du voyage avec la franchise, ce qui n&rsquo;est pas le cas de Scheifele. <\/p><p>En son absence, les Jets devraient donc aligner Vladislav Namestnikov en position de centre num&eacute;ro 1 cette nuit. <\/p><p>Le match 6 sera &agrave; suivre d&egrave;s 2h du matin sur beIN SPORTS Max 5 en France et sur Sportsnet et TVA au Canada. <\/p><p><\/p><p><\/p><p><em>Credit Photo: Jeff Le-Imagn Images<\/em><\/p>\n","protected":false},"excerpt":{"rendered":"","protected":false},"author":13,"featured_media":1490121,"comment_status":"closed","ping_status":"closed","sticky":false,"template":"","format":"standard","meta":{"inline_featured_image":false,"kia_subtitle":"","_mux_skip_reasons":[],"proofreadBy":0,"footnotes":""},"categories":[187,26],"tags":[7834,6531],"sport":[],"saison":[],"class_list":["post-1490116","post","type-post","status-publish","format-standard","has-post-thumbnail","hentry","category-actualite-nhl","category-nhl","tag-jets-de-winnipeg","tag-mark-scheifele"],"acf":[],"yoast_head":"<!-- This site is optimized with the Yoast SEO plugin v24.2 - https:\/\/yoast.com\/wordpress\/plugins\/seo\/ -->\n<title>S&eacute;rie &Eacute;liminatoire NHL : Mark Scheifele sera absent du match 6 face aux Blues - The Playoffs FR<\/title>\n<meta name=\"robots\" content=\"index, follow, max-snippet:-1, max-image-preview:large, max-video-preview:-1\" \/>\n<link rel=\"canonical\" href=\"https:\/\/theplayoffs.news\/fr\/actualite-nhl\/serie-eliminatoire-nhl-mark-scheifele-sera-absent-du-match-6-face-aux-blues\/\" \/>\n<meta property=\"og:locale\" content=\"fr_FR\" \/>\n<meta property=\"og:type\" content=\"article\" \/>\n<meta property=\"og:title\" content=\"S&eacute;rie &Eacute;liminatoire NHL : Mark Scheifele sera absent du match 6 face aux Blues - The Playoffs FR\" \/>\n<meta property=\"og:url\" content=\"https:\/\/theplayoffs.news\/fr\/actualite-nhl\/serie-eliminatoire-nhl-mark-scheifele-sera-absent-du-match-6-face-aux-blues\/\" \/>\n<meta property=\"og:site_name\" content=\"The Playoffs FR\" \/>\n<meta property=\"article:publisher\" content=\"https:\/\/www.facebook.com\/TheFreeAgentFR\/\" \/>\n<meta property=\"article:modified_time\" content=\"2025-05-02T14:55:07+02:00\" \/>\n<meta property=\"og:image\" content=\"https:\/\/theplayoffs.news\/fr\/wp-content\/uploads\/2025\/05\/USATSI_26030819.jpg\" \/>\n\t<meta property=\"og:image:width\" content=\"1920\" \/>\n\t<meta property=\"og:image:height\" content=\"1280\" \/>\n\t<meta property=\"og:image:type\" content=\"image\/jpeg\" \/>\n<meta name=\"author\" content=\"Charles Taudin\" \/>\n<meta name=\"twitter:card\" content=\"summary_large_image\" \/>\n<meta name=\"twitter:creator\" content=\"@TheFreeAgentFR\" \/>\n<meta name=\"twitter:site\" content=\"@TheFreeAgentFR\" \/>\n<meta name=\"twitter:label1\" content=\"\u00c9crit par\" \/>\n\t<meta name=\"twitter:data1\" content=\"Charles Taudin\" \/>\n\t<meta name=\"twitter:label2\" content=\"Dur\u00e9e de lecture estim\u00e9e\" \/>\n\t<meta name=\"twitter:data2\" content=\"1 minute\" \/>\n<script type=\"application\/ld+json\" class=\"yoast-schema-graph\">{\"@context\":\"https:\/\/schema.org\",\"@graph\":[{\"@type\":\"WebPage\",\"@id\":\"https:\/\/theplayoffs.news\/fr\/actualite-nhl\/serie-eliminatoire-nhl-mark-scheifele-sera-absent-du-match-6-face-aux-blues\/\",\"url\":\"https:\/\/theplayoffs.news\/fr\/actualite-nhl\/serie-eliminatoire-nhl-mark-scheifele-sera-absent-du-match-6-face-aux-blues\/\",\"name\":\"S\u00e9rie \u00c9liminatoire NHL : Mark Scheifele sera absent du match 6 face aux Blues - The Playoffs FR\",\"isPartOf\":{\"@id\":\"https:\/\/theplayoffs.news\/fr\/#website\"},\"primaryImageOfPage\":{\"@id\":\"https:\/\/theplayoffs.news\/fr\/actualite-nhl\/serie-eliminatoire-nhl-mark-scheifele-sera-absent-du-match-6-face-aux-blues\/#primaryimage\"},\"image\":{\"@id\":\"https:\/\/theplayoffs.news\/fr\/actualite-nhl\/serie-eliminatoire-nhl-mark-scheifele-sera-absent-du-match-6-face-aux-blues\/#primaryimage\"},\"thumbnailUrl\":\"https:\/\/theplayoffs.news\/fr\/wp-content\/uploads\/2025\/05\/USATSI_26030819.jpg\",\"datePublished\":\"2025-05-02T12:55:02+00:00\",\"dateModified\":\"2025-05-02T12:55:07+00:00\",\"author\":{\"@id\":\"https:\/\/theplayoffs.news\/fr\/#\/schema\/person\/eee5b69ad5d3c51cabe881c839dbe133\"},\"breadcrumb\":{\"@id\":\"https:\/\/theplayoffs.news\/fr\/actualite-nhl\/serie-eliminatoire-nhl-mark-scheifele-sera-absent-du-match-6-face-aux-blues\/#breadcrumb\"},\"inLanguage\":\"fr-FR\",\"potentialAction\":[{\"@type\":\"ReadAction\",\"target\":[\"https:\/\/theplayoffs.news\/fr\/actualite-nhl\/serie-eliminatoire-nhl-mark-scheifele-sera-absent-du-match-6-face-aux-blues\/\"]}]},{\"@type\":\"ImageObject\",\"inLanguage\":\"fr-FR\",\"@id\":\"https:\/\/theplayoffs.news\/fr\/actualite-nhl\/serie-eliminatoire-nhl-mark-scheifele-sera-absent-du-match-6-face-aux-blues\/#primaryimage\",\"url\":\"https:\/\/theplayoffs.news\/fr\/wp-content\/uploads\/2025\/05\/USATSI_26030819.jpg\",\"contentUrl\":\"https:\/\/theplayoffs.news\/fr\/wp-content\/uploads\/2025\/05\/USATSI_26030819.jpg\",\"width\":1920,\"height\":1280,\"caption\":\"Apr 27, 2025; St. Louis, Missouri, USA; Winnipeg Jets center Mark Scheifele (55) skates against the St. Louis Blues during the first period in game four of the first round of the 2025 Stanley Cup Playoffs at Enterprise Center. Mandatory Credit: Jeff Le-Imagn Images\"},{\"@type\":\"BreadcrumbList\",\"@id\":\"https:\/\/theplayoffs.news\/fr\/actualite-nhl\/serie-eliminatoire-nhl-mark-scheifele-sera-absent-du-match-6-face-aux-blues\/#breadcrumb\",\"itemListElement\":[{\"@type\":\"ListItem\",\"position\":1,\"name\":\"Accueil\",\"item\":\"https:\/\/theplayoffs.news\/fr\/\"},{\"@type\":\"ListItem\",\"position\":2,\"name\":\"S\u00e9rie \u00c9liminatoire NHL : Mark Scheifele sera absent du match 6 face aux Blues\"}]},{\"@type\":\"WebSite\",\"@id\":\"https:\/\/theplayoffs.news\/fr\/#website\",\"url\":\"https:\/\/theplayoffs.news\/fr\/\",\"name\":\"The Playoffs FR\",\"description\":\"NBA-NFL-NHL-MLB\",\"potentialAction\":[{\"@type\":\"SearchAction\",\"target\":{\"@type\":\"EntryPoint\",\"urlTemplate\":\"https:\/\/theplayoffs.news\/fr\/?s={search_term_string}\"},\"query-input\":{\"@type\":\"PropertyValueSpecification\",\"valueRequired\":true,\"valueName\":\"search_term_string\"}}],\"inLanguage\":\"fr-FR\"},{\"@type\":\"Person\",\"@id\":\"https:\/\/theplayoffs.news\/fr\/#\/schema\/person\/eee5b69ad5d3c51cabe881c839dbe133\",\"name\":\"Charles Taudin\",\"image\":{\"@type\":\"ImageObject\",\"inLanguage\":\"fr-FR\",\"@id\":\"https:\/\/theplayoffs.news\/fr\/#\/schema\/person\/image\/\",\"url\":\"https:\/\/secure.gravatar.com\/avatar\/59a1e772205ce9fd255edfcafc93013736822e20261f294c5753b20c41ede9f2?s=96&d=mm&r=g\",\"contentUrl\":\"https:\/\/secure.gravatar.com\/avatar\/59a1e772205ce9fd255edfcafc93013736822e20261f294c5753b20c41ede9f2?s=96&d=mm&r=g\",\"caption\":\"Charles Taudin\"},\"description\":\"R\u00e9dacteur en chef global de The Playoffs, j\u2019ai cr\u00e9\u00e9 The Free Agent, devenu The Playoffs FR, en 2020 durant la pand\u00e9mie. Amoureux depuis des ann\u00e9es des 4 sports majeurs am\u00e9ricains, j\u2019organise maintenant la strat\u00e9gie \u00e9ditoriale et les r\u00e9seaux sociaux de l\u2019ensemble des versions de The Playoffs. Il m\u2019arrive encore d\u2019\u00e9crire sur certains sports que j\u2019affectionne particuli\u00e8rement comme la NFL ou la MLB. Si vous devez retenir qu\u2019une chose : Eli Manning est le vrai GOAT pour avoir battu deux fois Tom Brady.\",\"sameAs\":[\"https:\/\/www.instagram.com\/ctaudin_\/\"],\"url\":\"https:\/\/theplayoffs.news\/fr\/author\/charles-taudin\/\"}]}<\/script>\n<!-- \/ Yoast SEO plugin. -->","yoast_head_json":{"title":"S&eacute;rie &Eacute;liminatoire NHL : Mark Scheifele sera absent du match 6 face aux Blues - The Playoffs FR","robots":{"index":"index","follow":"follow","max-snippet":"max-snippet:-1","max-image-preview":"max-image-preview:large","max-video-preview":"max-video-preview:-1"},"canonical":"https:\/\/theplayoffs.news\/fr\/actualite-nhl\/serie-eliminatoire-nhl-mark-scheifele-sera-absent-du-match-6-face-aux-blues\/","og_locale":"fr_FR","og_type":"article","og_title":"S&eacute;rie &Eacute;liminatoire NHL : Mark Scheifele sera absent du match 6 face aux Blues - The Playoffs FR","og_url":"https:\/\/theplayoffs.news\/fr\/actualite-nhl\/serie-eliminatoire-nhl-mark-scheifele-sera-absent-du-match-6-face-aux-blues\/","og_site_name":"The Playoffs FR","article_publisher":"https:\/\/www.facebook.com\/TheFreeAgentFR\/","article_modified_time":"2025-05-02T12:55:07+00:00","og_image":[{"width":1920,"height":1280,"url":"https:\/\/theplayoffs.news\/fr\/wp-content\/uploads\/2025\/05\/USATSI_26030819.jpg","type":"image\/jpeg"}],"author":"Charles Taudin","twitter_card":"summary_large_image","twitter_creator":"@TheFreeAgentFR","twitter_site":"@TheFreeAgentFR","twitter_misc":{"\u00c9crit par":"Charles Taudin","Dur\u00e9e de lecture estim\u00e9e":"1 minute"},"schema":{"@context":"https:\/\/schema.org","@graph":[{"@type":"WebPage","@id":"https:\/\/theplayoffs.news\/fr\/actualite-nhl\/serie-eliminatoire-nhl-mark-scheifele-sera-absent-du-match-6-face-aux-blues\/","url":"https:\/\/theplayoffs.news\/fr\/actualite-nhl\/serie-eliminatoire-nhl-mark-scheifele-sera-absent-du-match-6-face-aux-blues\/","name":"S\u00e9rie \u00c9liminatoire NHL : Mark Scheifele sera absent du match 6 face aux Blues - The Playoffs FR","isPartOf":{"@id":"https:\/\/theplayoffs.news\/fr\/#website"},"primaryImageOfPage":{"@id":"https:\/\/theplayoffs.news\/fr\/actualite-nhl\/serie-eliminatoire-nhl-mark-scheifele-sera-absent-du-match-6-face-aux-blues\/#primaryimage"},"image":{"@id":"https:\/\/theplayoffs.news\/fr\/actualite-nhl\/serie-eliminatoire-nhl-mark-scheifele-sera-absent-du-match-6-face-aux-blues\/#primaryimage"},"thumbnailUrl":"https:\/\/theplayoffs.news\/fr\/wp-content\/uploads\/2025\/05\/USATSI_26030819.jpg","datePublished":"2025-05-02T12:55:02+00:00","dateModified":"2025-05-02T12:55:07+00:00","author":{"@id":"https:\/\/theplayoffs.news\/fr\/#\/schema\/person\/eee5b69ad5d3c51cabe881c839dbe133"},"breadcrumb":{"@id":"https:\/\/theplayoffs.news\/fr\/actualite-nhl\/serie-eliminatoire-nhl-mark-scheifele-sera-absent-du-match-6-face-aux-blues\/#breadcrumb"},"inLanguage":"fr-FR","potentialAction":[{"@type":"ReadAction","target":["https:\/\/theplayoffs.news\/fr\/actualite-nhl\/serie-eliminatoire-nhl-mark-scheifele-sera-absent-du-match-6-face-aux-blues\/"]}]},{"@type":"ImageObject","inLanguage":"fr-FR","@id":"https:\/\/theplayoffs.news\/fr\/actualite-nhl\/serie-eliminatoire-nhl-mark-scheifele-sera-absent-du-match-6-face-aux-blues\/#primaryimage","url":"https:\/\/theplayoffs.news\/fr\/wp-content\/uploads\/2025\/05\/USATSI_26030819.jpg","contentUrl":"https:\/\/theplayoffs.news\/fr\/wp-content\/uploads\/2025\/05\/USATSI_26030819.jpg","width":1920,"height":1280,"caption":"Apr 27, 2025; St. Louis, Missouri, USA; Winnipeg Jets center Mark Scheifele (55) skates against the St. Louis Blues during the first period in game four of the first round of the 2025 Stanley Cup Playoffs at Enterprise Center. Mandatory Credit: Jeff Le-Imagn Images"},{"@type":"BreadcrumbList","@id":"https:\/\/theplayoffs.news\/fr\/actualite-nhl\/serie-eliminatoire-nhl-mark-scheifele-sera-absent-du-match-6-face-aux-blues\/#breadcrumb","itemListElement":[{"@type":"ListItem","position":1,"name":"Accueil","item":"https:\/\/theplayoffs.news\/fr\/"},{"@type":"ListItem","position":2,"name":"S\u00e9rie \u00c9liminatoire NHL : Mark Scheifele sera absent du match 6 face aux Blues"}]},{"@type":"WebSite","@id":"https:\/\/theplayoffs.news\/fr\/#website","url":"https:\/\/theplayoffs.news\/fr\/","name":"The Playoffs FR","description":"NBA-NFL-NHL-MLB","potentialAction":[{"@type":"SearchAction","target":{"@type":"EntryPoint","urlTemplate":"https:\/\/theplayoffs.news\/fr\/?s={search_term_string}"},"query-input":{"@type":"PropertyValueSpecification","valueRequired":true,"valueName":"search_term_string"}}],"inLanguage":"fr-FR"},{"@type":"Person","@id":"https:\/\/theplayoffs.news\/fr\/#\/schema\/person\/eee5b69ad5d3c51cabe881c839dbe133","name":"Charles Taudin","image":{"@type":"ImageObject","inLanguage":"fr-FR","@id":"https:\/\/theplayoffs.news\/fr\/#\/schema\/person\/image\/","url":"https:\/\/secure.gravatar.com\/avatar\/59a1e772205ce9fd255edfcafc93013736822e20261f294c5753b20c41ede9f2?s=96&d=mm&r=g","contentUrl":"https:\/\/secure.gravatar.com\/avatar\/59a1e772205ce9fd255edfcafc93013736822e20261f294c5753b20c41ede9f2?s=96&d=mm&r=g","caption":"Charles Taudin"},"description":"R\u00e9dacteur en chef global de The Playoffs, j\u2019ai cr\u00e9\u00e9 The Free Agent, devenu The Playoffs FR, en 2020 durant la pand\u00e9mie. Amoureux depuis des ann\u00e9es des 4 sports majeurs am\u00e9ricains, j\u2019organise maintenant la strat\u00e9gie \u00e9ditoriale et les r\u00e9seaux sociaux de l\u2019ensemble des versions de The Playoffs. Il m\u2019arrive encore d\u2019\u00e9crire sur certains sports que j\u2019affectionne particuli\u00e8rement comme la NFL ou la MLB. Si vous devez retenir qu\u2019une chose : Eli Manning est le vrai GOAT pour avoir battu deux fois Tom Brady.","sameAs":["https:\/\/www.instagram.com\/ctaudin_\/"],"url":"https:\/\/theplayoffs.news\/fr\/author\/charles-taudin\/"}]}},"_links":{"self":[{"href":"https:\/\/theplayoffs.news\/fr\/wp-json\/wp\/v2\/posts\/1490116","targetHints":{"allow":["GET"]}}],"collection":[{"href":"https:\/\/theplayoffs.news\/fr\/wp-json\/wp\/v2\/posts"}],"about":[{"href":"https:\/\/theplayoffs.news\/fr\/wp-json\/wp\/v2\/types\/post"}],"author":[{"embeddable":true,"href":"https:\/\/theplayoffs.news\/fr\/wp-json\/wp\/v2\/users\/13"}],"replies":[{"embeddable":true,"href":"https:\/\/theplayoffs.news\/fr\/wp-json\/wp\/v2\/comments?post=1490116"}],"version-history":[{"count":1,"href":"https:\/\/theplayoffs.news\/fr\/wp-json\/wp\/v2\/posts\/1490116\/revisions"}],"predecessor-version":[{"id":1490122,"href":"https:\/\/theplayoffs.news\/fr\/wp-json\/wp\/v2\/posts\/1490116\/revisions\/1490122"}],"wp:featuredmedia":[{"embeddable":true,"href":"https:\/\/theplayoffs.news\/fr\/wp-json\/wp\/v2\/media\/1490121"}],"wp:attachment":[{"href":"https:\/\/theplayoffs.news\/fr\/wp-json\/wp\/v2\/media?parent=1490116"}],"wp:term":[{"taxonomy":"category","embeddable":true,"href":"https:\/\/theplayoffs.news\/fr\/wp-json\/wp\/v2\/categories?post=1490116"},{"taxonomy":"post_tag","embeddable":true,"href":"https:\/\/theplayoffs.news\/fr\/wp-json\/wp\/v2\/tags?post=1490116"},{"taxonomy":"sport","embeddable":true,"href":"https:\/\/theplayoffs.news\/fr\/wp-json\/wp\/v2\/sport?post=1490116"},{"taxonomy":"saison","embeddable":true,"href":"https:\/\/theplayoffs.news\/fr\/wp-json\/wp\/v2\/saison?post=1490116"}],"curies":[{"name":"wp","href":"https:\/\/api.w.org\/{rel}","templated":true}]}}