{"id":1489994,"date":"2025-05-01T08:50:00","date_gmt":"2025-05-01T06:50:00","guid":{"rendered":"https:\/\/theplayoffs.news\/fr\/uncategorized\/\/"},"modified":"2025-05-01T08:50:15","modified_gmt":"2025-05-01T06:50:15","slug":"roland-ratzenberger-ayrton-senna-31-ans-apres-tragedie-gp-dimola-1994","status":"publish","type":"post","link":"https:\/\/theplayoffs.news\/fr\/formule-1\/roland-ratzenberger-ayrton-senna-31-ans-apres-tragedie-gp-dimola-1994\/","title":{"rendered":"En souvenir de Roland Ratzenberger et Ayrton Senna : 31 ans apr\u00e8s la trag\u00e9die du GP d\u2019Imola 1994"},"content":{"rendered":"<p>La Formule 1 est un sport o&ugrave; le danger est omnipr&eacute;sent. Les courses de monoplaces sont parmi les plus effrayantes qui soient, compte tenu du peu de protection qui entoure les pilotes. <\/p><p>Malgr&eacute; de nombreuses mesures de s&eacute;curit&eacute; mises en &oelig;uvre, les voitures restent vuln&eacute;rables en cas de gros crash ou d&rsquo;incendie. Aujourd&rsquo;hui, les r&egrave;glements sont bien plus stricts : les &eacute;quipes ne peuvent plus modifier leurs voitures au d&eacute;triment de la s&eacute;curit&eacute;.<\/p><p>Le dernier d&eacute;c&egrave;s en Formule 1 remonte &agrave; 2014, lorsque Jules Bianchi a tragiquement succomb&eacute; &agrave; ses blessures apr&egrave;s son accident au Grand Prix du Japon. Ce drame a marqu&eacute; un tournant d&eacute;cisif pour la s&eacute;curit&eacute; dans le sport. L&rsquo;introduction du Halo a ensuite permis de sauver plusieurs vies.<\/p><p>Mais avant l&rsquo;accident de Bianchi, la Formule 1 avait d&eacute;j&agrave; connu l&rsquo;une de ses pires trag&eacute;dies lors du <strong>GP d&rsquo;Imola 1994<\/strong>, qui a co&ucirc;t&eacute; la vie &agrave; deux pilotes en un seul week-end. Un &eacute;v&eacute;nement parmi les plus sombres et &eacute;motionnels de l&rsquo;histoire de la F1.<\/p><h2 class=\"wp-block-heading\"><strong>GP d&rsquo;Imola 1994 &mdash; Le week-end qui a secou&eacute; la Formule 1<\/strong><\/h2><p>Le circuit Autodromo Enzo e Dino Ferrari, mieux connu sous le nom d&rsquo;Imola, est r&eacute;put&eacute; pour sa dangerosit&eacute;. Le virage de Tamburello est notamment tristement c&eacute;l&egrave;bre. Ce week-end-l&agrave; &eacute;tait d&eacute;j&agrave; tendu en raison de l&rsquo;utilisation du syst&egrave;me de &laquo; launch control &raquo; par les trois meilleures &eacute;curies. La F1 a demand&eacute; &agrave; Benetton, McLaren et Ferrari de renoncer &agrave; ce syst&egrave;me, mais personne ne s&rsquo;attendait &agrave; ce qui allait suivre.<\/p><p>D&egrave;s le vendredi, Rubens Barrichello a &eacute;t&eacute; victime d&rsquo;un terrible accident au virage Variante Bassa &agrave; plus de 225 km\/h. L&rsquo;impact a g&eacute;n&eacute;r&eacute; une force de 95G. Sa voiture s&rsquo;est envol&eacute;e, a effectu&eacute; plusieurs tonneaux avant de retomber &agrave; l&rsquo;envers. Ayrton Senna, tr&egrave;s affect&eacute;, est rest&eacute; &agrave; ses c&ocirc;t&eacute;s jusqu&rsquo;&agrave; ce qu&rsquo;il reprenne connaissance.<\/p><p>Selon Damon Hill, alors pilote chez Williams :<\/p><blockquote class=\"wp-block-quote is-layout-flow wp-block-quote-is-layout-flow\">\n<p>&laquo; Nous avons repris la s&eacute;ance de qualifications, convaincus que nos voitures &eacute;taient robustes comme des chars. &raquo;<\/p>\n<\/blockquote><p>Mais Hill s&rsquo;est malheureusement tromp&eacute;. Le samedi, lors des qualifications, <strong>Roland Ratzenberger<\/strong>, jeune pilote chez Simtek, a percut&eacute; le mur au virage Villeneuve &agrave; cause d&rsquo;un aileron avant d&eacute;fectueux. La cellule de survie de la voiture a en partie r&eacute;sist&eacute;, mais l&rsquo;impact &agrave; 300 km\/h a provoqu&eacute; une fracture de la base du cr&acirc;ne. Il s&rsquo;agit du choc le plus violent jamais enregistr&eacute; en F1 avec une force de 500G. Ratzenberger est mort sur le coup.<\/p><h3 class=\"wp-block-heading\"><strong>Un d&eacute;part de course tragique<\/strong><\/h3><p>Le GP d&rsquo;Imola 1994 semblait maudit. D&egrave;s le d&eacute;part de la course, le drame a continu&eacute;. <strong>JJ Lehto<\/strong> a cal&eacute; sur la grille et <strong>Pedro Lamy<\/strong> a percut&eacute; l&rsquo;arri&egrave;re de sa Benetton. Si Lamy est sorti indemne, les d&eacute;bris ont bless&eacute; des spectateurs et des policiers.<\/p><figure class=\"wp-block-embed is-type-rich is-provider-twitter wp-block-embed-twitter\"><div class=\"wp-block-embed__wrapper\">\n<blockquote class=\"twitter-tweet\" data-width=\"500\" data-dnt=\"true\"><p lang=\"en\" dir=\"ltr\">Qualification in San Marino GP<br>Second time behind Ayrton's last pole position<br><br>Imola 30\/4\/1994<a href=\"https:\/\/twitter.com\/hashtag\/KeepFightingMichael?src=hash&amp;ref_src=twsrc%5Etfw\" class=\"trk-cta-link\" data-cta-trk='{\"ctaType\":\"Link\",\"ctaSubType\":\"main\"}'>#KeepFightingMichael<\/a> <a href=\"https:\/\/t.co\/dkjHFjE9Tu\" class=\"trk-cta-link\" data-cta-trk='{\"ctaType\":\"Link\",\"ctaSubType\":\"main\"}'>pic.twitter.com\/dkjHFjE9Tu<\/a><\/p>&mdash; Michael Schumacher (@_MSchumacher) <a href=\"https:\/\/twitter.com\/_MSchumacher\/status\/1785376076606152714?ref_src=twsrc%5Etfw\" class=\"trk-cta-link\" data-cta-trk='{\"ctaType\":\"Link\",\"ctaSubType\":\"main\"}'>April 30, 2024<\/a><\/blockquote><script async src=\"https:\/\/platform.twitter.com\/widgets.js\" charset=\"utf-8\"><\/script>\n<\/div><\/figure><h2 class=\"wp-block-heading\"><strong>Le dilemme et la trag&eacute;die de Senna<\/strong><\/h2><p>Profond&eacute;ment marqu&eacute; par la mort de Ratzenberger, <strong>Ayrton Senna<\/strong> &eacute;tait en larmes, r&eacute;confort&eacute; par le m&eacute;decin en chef <strong>Sid Watkins<\/strong>, qui lui a conseill&eacute; de ne pas courir. Mais Senna a d&eacute;cid&eacute; de prendre le d&eacute;part. Il avait m&ecirc;me pr&eacute;vu de brandir un drapeau autrichien en hommage &agrave; Ratzenberger s&rsquo;il remportait la course.<\/p><p>Le dimanche, Senna s&rsquo;est &eacute;lanc&eacute; en pole position, mais il peinait avec sa Williams depuis le d&eacute;but de la saison. Derri&egrave;re lui, <strong>Michael Schumacher<\/strong> le talonnait. En d&eacute;fendant sa position dans le virage Tamburello &agrave; 305 km\/h, Senna a perdu le contr&ocirc;le &mdash; sa direction n&rsquo;a pas r&eacute;pondu. Le choc a &eacute;t&eacute; fatal. Senna a subi de graves blessures &agrave; la t&ecirc;te. Transport&eacute; en urgence &agrave; l&rsquo;h&ocirc;pital, il a &eacute;t&eacute; d&eacute;clar&eacute; mort deux heures apr&egrave;s l&rsquo;accident.<\/p><p>Sur le podium, le paddock tout entier &eacute;tait en deuil pour Roland Ratzenberger. Aucun champagne n&rsquo;a &eacute;t&eacute; ouvert en hommage aux disparus.<\/p><p>Dans les mots de <strong>Michael Schumacher<\/strong> (accus&eacute; de tricherie &agrave; cause du contr&ocirc;le de traction utilis&eacute; par Benetton) :<\/p><blockquote class=\"wp-block-quote is-layout-flow wp-block-quote-is-layout-flow\">\n<p>&laquo; Je ne peux pas me sentir satisfait, je ne peux pas &ecirc;tre heureux. &raquo;<\/p>\n<\/blockquote>\n","protected":false},"excerpt":{"rendered":"","protected":false},"author":180309799,"featured_media":1489995,"comment_status":"closed","ping_status":"closed","sticky":false,"template":"","format":"standard","meta":{"inline_featured_image":false,"kia_subtitle":"","_mux_skip_reasons":[],"proofreadBy":0,"footnotes":""},"categories":[8091],"tags":[8378,8379],"sport":[],"saison":[],"class_list":["post-1489994","post","type-post","status-publish","format-standard","has-post-thumbnail","hentry","category-formule-1","tag-ayrton-senna","tag-imola-1994"],"acf":[],"yoast_head":"<!-- This site is optimized with the Yoast SEO plugin v24.2 - https:\/\/yoast.com\/wordpress\/plugins\/seo\/ -->\n<title>En souvenir de Roland Ratzenberger et Ayrton Senna : 31 ans apr&egrave;s la trag&eacute;die du GP d&rsquo;Imola 1994 - The Playoffs FR<\/title>\n<meta name=\"robots\" content=\"index, follow, max-snippet:-1, max-image-preview:large, max-video-preview:-1\" \/>\n<link rel=\"canonical\" href=\"https:\/\/theplayoffs.news\/fr\/formule-1\/roland-ratzenberger-ayrton-senna-31-ans-apres-tragedie-gp-dimola-1994\/\" \/>\n<meta property=\"og:locale\" content=\"fr_FR\" \/>\n<meta property=\"og:type\" content=\"article\" \/>\n<meta property=\"og:title\" content=\"En souvenir de Roland Ratzenberger et Ayrton Senna : 31 ans apr&egrave;s la trag&eacute;die du GP d&rsquo;Imola 1994 - The Playoffs FR\" \/>\n<meta property=\"og:url\" content=\"https:\/\/theplayoffs.news\/fr\/formule-1\/roland-ratzenberger-ayrton-senna-31-ans-apres-tragedie-gp-dimola-1994\/\" \/>\n<meta property=\"og:site_name\" content=\"The Playoffs FR\" \/>\n<meta property=\"article:publisher\" content=\"https:\/\/www.facebook.com\/TheFreeAgentFR\/\" \/>\n<meta property=\"article:modified_time\" content=\"2025-05-01T08:50:15+02:00\" \/>\n<meta property=\"og:image\" content=\"https:\/\/theplayoffs.news\/fr\/wp-content\/uploads\/2025\/05\/tmk0229ma27.jpg\" \/>\n\t<meta property=\"og:image:width\" content=\"1440\" \/>\n\t<meta property=\"og:image:height\" content=\"810\" \/>\n\t<meta property=\"og:image:type\" content=\"image\/jpeg\" \/>\n<meta name=\"author\" content=\"La r\u00e9daction\" \/>\n<meta name=\"twitter:card\" content=\"summary_large_image\" \/>\n<meta name=\"twitter:creator\" content=\"@TheFreeAgentFR\" \/>\n<meta name=\"twitter:site\" content=\"@TheFreeAgentFR\" \/>\n<meta name=\"twitter:label1\" content=\"\u00c9crit par\" \/>\n\t<meta name=\"twitter:data1\" content=\"La r\u00e9daction\" \/>\n\t<meta name=\"twitter:label2\" content=\"Dur\u00e9e de lecture estim\u00e9e\" \/>\n\t<meta name=\"twitter:data2\" content=\"4 minutes\" \/>\n<script type=\"application\/ld+json\" class=\"yoast-schema-graph\">{\"@context\":\"https:\/\/schema.org\",\"@graph\":[{\"@type\":\"WebPage\",\"@id\":\"https:\/\/theplayoffs.news\/fr\/formule-1\/roland-ratzenberger-ayrton-senna-31-ans-apres-tragedie-gp-dimola-1994\/\",\"url\":\"https:\/\/theplayoffs.news\/fr\/formule-1\/roland-ratzenberger-ayrton-senna-31-ans-apres-tragedie-gp-dimola-1994\/\",\"name\":\"En souvenir de Roland Ratzenberger et Ayrton Senna : 31 ans apr\u00e8s la trag\u00e9die du GP d\u2019Imola 1994 - The Playoffs FR\",\"isPartOf\":{\"@id\":\"https:\/\/theplayoffs.news\/fr\/#website\"},\"primaryImageOfPage\":{\"@id\":\"https:\/\/theplayoffs.news\/fr\/formule-1\/roland-ratzenberger-ayrton-senna-31-ans-apres-tragedie-gp-dimola-1994\/#primaryimage\"},\"image\":{\"@id\":\"https:\/\/theplayoffs.news\/fr\/formule-1\/roland-ratzenberger-ayrton-senna-31-ans-apres-tragedie-gp-dimola-1994\/#primaryimage\"},\"thumbnailUrl\":\"https:\/\/theplayoffs.news\/fr\/wp-content\/uploads\/2025\/05\/tmk0229ma27.jpg\",\"datePublished\":\"2025-05-01T06:50:00+00:00\",\"dateModified\":\"2025-05-01T06:50:15+00:00\",\"author\":{\"@id\":\"https:\/\/theplayoffs.news\/fr\/#\/schema\/person\/bb40426f4e478f9bd8cdbfeb4f2f9784\"},\"breadcrumb\":{\"@id\":\"https:\/\/theplayoffs.news\/fr\/formule-1\/roland-ratzenberger-ayrton-senna-31-ans-apres-tragedie-gp-dimola-1994\/#breadcrumb\"},\"inLanguage\":\"fr-FR\",\"potentialAction\":[{\"@type\":\"ReadAction\",\"target\":[\"https:\/\/theplayoffs.news\/fr\/formule-1\/roland-ratzenberger-ayrton-senna-31-ans-apres-tragedie-gp-dimola-1994\/\"]}]},{\"@type\":\"ImageObject\",\"inLanguage\":\"fr-FR\",\"@id\":\"https:\/\/theplayoffs.news\/fr\/formule-1\/roland-ratzenberger-ayrton-senna-31-ans-apres-tragedie-gp-dimola-1994\/#primaryimage\",\"url\":\"https:\/\/theplayoffs.news\/fr\/wp-content\/uploads\/2025\/05\/tmk0229ma27.jpg\",\"contentUrl\":\"https:\/\/theplayoffs.news\/fr\/wp-content\/uploads\/2025\/05\/tmk0229ma27.jpg\",\"width\":1440,\"height\":810,\"caption\":\"San Marino GP 1994. [Credits: Formula 1]\"},{\"@type\":\"BreadcrumbList\",\"@id\":\"https:\/\/theplayoffs.news\/fr\/formule-1\/roland-ratzenberger-ayrton-senna-31-ans-apres-tragedie-gp-dimola-1994\/#breadcrumb\",\"itemListElement\":[{\"@type\":\"ListItem\",\"position\":1,\"name\":\"Accueil\",\"item\":\"https:\/\/theplayoffs.news\/fr\/\"},{\"@type\":\"ListItem\",\"position\":2,\"name\":\"En souvenir de Roland Ratzenberger et Ayrton Senna : 31 ans apr\u00e8s la trag\u00e9die du GP d\u2019Imola 1994\"}]},{\"@type\":\"WebSite\",\"@id\":\"https:\/\/theplayoffs.news\/fr\/#website\",\"url\":\"https:\/\/theplayoffs.news\/fr\/\",\"name\":\"The Playoffs FR\",\"description\":\"NBA-NFL-NHL-MLB\",\"potentialAction\":[{\"@type\":\"SearchAction\",\"target\":{\"@type\":\"EntryPoint\",\"urlTemplate\":\"https:\/\/theplayoffs.news\/fr\/?s={search_term_string}\"},\"query-input\":{\"@type\":\"PropertyValueSpecification\",\"valueRequired\":true,\"valueName\":\"search_term_string\"}}],\"inLanguage\":\"fr-FR\"},{\"@type\":\"Person\",\"@id\":\"https:\/\/theplayoffs.news\/fr\/#\/schema\/person\/bb40426f4e478f9bd8cdbfeb4f2f9784\",\"name\":\"La r\u00e9daction\",\"image\":{\"@type\":\"ImageObject\",\"inLanguage\":\"fr-FR\",\"@id\":\"https:\/\/theplayoffs.news\/fr\/#\/schema\/person\/image\/\",\"url\":\"https:\/\/secure.gravatar.com\/avatar\/7e69b41460ab2c17d61c8c364b6a0ee006f957a70191383ef42be1f4733d6515?s=96&d=mm&r=g\",\"contentUrl\":\"https:\/\/secure.gravatar.com\/avatar\/7e69b41460ab2c17d61c8c364b6a0ee006f957a70191383ef42be1f4733d6515?s=96&d=mm&r=g\",\"caption\":\"La r\u00e9daction\"},\"description\":\"On dit qu\\\\'il faut un village pour s\\\\'occuper d\\\\'un enfant. Et bien c\\\\'est exactement ce dont il s\\\\'agit ici pour The Playoffs. La r\u00e9daction, ce sont vos r\u00e9dacteurs pr\u00e9f\u00e9r\u00e9s qui collaborent sur ces articles que vous lisez au quotidien.\u00a0\",\"url\":\"https:\/\/theplayoffs.news\/fr\/author\/freeagentfr\/\"}]}<\/script>\n<!-- \/ Yoast SEO plugin. -->","yoast_head_json":{"title":"En souvenir de Roland Ratzenberger et Ayrton Senna : 31 ans apr&egrave;s la trag&eacute;die du GP d&rsquo;Imola 1994 - The Playoffs FR","robots":{"index":"index","follow":"follow","max-snippet":"max-snippet:-1","max-image-preview":"max-image-preview:large","max-video-preview":"max-video-preview:-1"},"canonical":"https:\/\/theplayoffs.news\/fr\/formule-1\/roland-ratzenberger-ayrton-senna-31-ans-apres-tragedie-gp-dimola-1994\/","og_locale":"fr_FR","og_type":"article","og_title":"En souvenir de Roland Ratzenberger et Ayrton Senna : 31 ans apr&egrave;s la trag&eacute;die du GP d&rsquo;Imola 1994 - The Playoffs FR","og_url":"https:\/\/theplayoffs.news\/fr\/formule-1\/roland-ratzenberger-ayrton-senna-31-ans-apres-tragedie-gp-dimola-1994\/","og_site_name":"The Playoffs FR","article_publisher":"https:\/\/www.facebook.com\/TheFreeAgentFR\/","article_modified_time":"2025-05-01T06:50:15+00:00","og_image":[{"width":1440,"height":810,"url":"https:\/\/theplayoffs.news\/fr\/wp-content\/uploads\/2025\/05\/tmk0229ma27.jpg","type":"image\/jpeg"}],"author":"La r\u00e9daction","twitter_card":"summary_large_image","twitter_creator":"@TheFreeAgentFR","twitter_site":"@TheFreeAgentFR","twitter_misc":{"\u00c9crit par":"La r\u00e9daction","Dur\u00e9e de lecture estim\u00e9e":"4 minutes"},"schema":{"@context":"https:\/\/schema.org","@graph":[{"@type":"WebPage","@id":"https:\/\/theplayoffs.news\/fr\/formule-1\/roland-ratzenberger-ayrton-senna-31-ans-apres-tragedie-gp-dimola-1994\/","url":"https:\/\/theplayoffs.news\/fr\/formule-1\/roland-ratzenberger-ayrton-senna-31-ans-apres-tragedie-gp-dimola-1994\/","name":"En souvenir de Roland Ratzenberger et Ayrton Senna : 31 ans apr\u00e8s la trag\u00e9die du GP d\u2019Imola 1994 - The Playoffs FR","isPartOf":{"@id":"https:\/\/theplayoffs.news\/fr\/#website"},"primaryImageOfPage":{"@id":"https:\/\/theplayoffs.news\/fr\/formule-1\/roland-ratzenberger-ayrton-senna-31-ans-apres-tragedie-gp-dimola-1994\/#primaryimage"},"image":{"@id":"https:\/\/theplayoffs.news\/fr\/formule-1\/roland-ratzenberger-ayrton-senna-31-ans-apres-tragedie-gp-dimola-1994\/#primaryimage"},"thumbnailUrl":"https:\/\/theplayoffs.news\/fr\/wp-content\/uploads\/2025\/05\/tmk0229ma27.jpg","datePublished":"2025-05-01T06:50:00+00:00","dateModified":"2025-05-01T06:50:15+00:00","author":{"@id":"https:\/\/theplayoffs.news\/fr\/#\/schema\/person\/bb40426f4e478f9bd8cdbfeb4f2f9784"},"breadcrumb":{"@id":"https:\/\/theplayoffs.news\/fr\/formule-1\/roland-ratzenberger-ayrton-senna-31-ans-apres-tragedie-gp-dimola-1994\/#breadcrumb"},"inLanguage":"fr-FR","potentialAction":[{"@type":"ReadAction","target":["https:\/\/theplayoffs.news\/fr\/formule-1\/roland-ratzenberger-ayrton-senna-31-ans-apres-tragedie-gp-dimola-1994\/"]}]},{"@type":"ImageObject","inLanguage":"fr-FR","@id":"https:\/\/theplayoffs.news\/fr\/formule-1\/roland-ratzenberger-ayrton-senna-31-ans-apres-tragedie-gp-dimola-1994\/#primaryimage","url":"https:\/\/theplayoffs.news\/fr\/wp-content\/uploads\/2025\/05\/tmk0229ma27.jpg","contentUrl":"https:\/\/theplayoffs.news\/fr\/wp-content\/uploads\/2025\/05\/tmk0229ma27.jpg","width":1440,"height":810,"caption":"San Marino GP 1994. [Credits: Formula 1]"},{"@type":"BreadcrumbList","@id":"https:\/\/theplayoffs.news\/fr\/formule-1\/roland-ratzenberger-ayrton-senna-31-ans-apres-tragedie-gp-dimola-1994\/#breadcrumb","itemListElement":[{"@type":"ListItem","position":1,"name":"Accueil","item":"https:\/\/theplayoffs.news\/fr\/"},{"@type":"ListItem","position":2,"name":"En souvenir de Roland Ratzenberger et Ayrton Senna : 31 ans apr\u00e8s la trag\u00e9die du GP d\u2019Imola 1994"}]},{"@type":"WebSite","@id":"https:\/\/theplayoffs.news\/fr\/#website","url":"https:\/\/theplayoffs.news\/fr\/","name":"The Playoffs FR","description":"NBA-NFL-NHL-MLB","potentialAction":[{"@type":"SearchAction","target":{"@type":"EntryPoint","urlTemplate":"https:\/\/theplayoffs.news\/fr\/?s={search_term_string}"},"query-input":{"@type":"PropertyValueSpecification","valueRequired":true,"valueName":"search_term_string"}}],"inLanguage":"fr-FR"},{"@type":"Person","@id":"https:\/\/theplayoffs.news\/fr\/#\/schema\/person\/bb40426f4e478f9bd8cdbfeb4f2f9784","name":"La r\u00e9daction","image":{"@type":"ImageObject","inLanguage":"fr-FR","@id":"https:\/\/theplayoffs.news\/fr\/#\/schema\/person\/image\/","url":"https:\/\/secure.gravatar.com\/avatar\/7e69b41460ab2c17d61c8c364b6a0ee006f957a70191383ef42be1f4733d6515?s=96&d=mm&r=g","contentUrl":"https:\/\/secure.gravatar.com\/avatar\/7e69b41460ab2c17d61c8c364b6a0ee006f957a70191383ef42be1f4733d6515?s=96&d=mm&r=g","caption":"La r\u00e9daction"},"description":"On dit qu\\'il faut un village pour s\\'occuper d\\'un enfant. Et bien c\\'est exactement ce dont il s\\'agit ici pour The Playoffs. La r\u00e9daction, ce sont vos r\u00e9dacteurs pr\u00e9f\u00e9r\u00e9s qui collaborent sur ces articles que vous lisez au quotidien.\u00a0","url":"https:\/\/theplayoffs.news\/fr\/author\/freeagentfr\/"}]}},"_links":{"self":[{"href":"https:\/\/theplayoffs.news\/fr\/wp-json\/wp\/v2\/posts\/1489994","targetHints":{"allow":["GET"]}}],"collection":[{"href":"https:\/\/theplayoffs.news\/fr\/wp-json\/wp\/v2\/posts"}],"about":[{"href":"https:\/\/theplayoffs.news\/fr\/wp-json\/wp\/v2\/types\/post"}],"author":[{"embeddable":true,"href":"https:\/\/theplayoffs.news\/fr\/wp-json\/wp\/v2\/users\/180309799"}],"replies":[{"embeddable":true,"href":"https:\/\/theplayoffs.news\/fr\/wp-json\/wp\/v2\/comments?post=1489994"}],"version-history":[{"count":2,"href":"https:\/\/theplayoffs.news\/fr\/wp-json\/wp\/v2\/posts\/1489994\/revisions"}],"predecessor-version":[{"id":1489997,"href":"https:\/\/theplayoffs.news\/fr\/wp-json\/wp\/v2\/posts\/1489994\/revisions\/1489997"}],"wp:featuredmedia":[{"embeddable":true,"href":"https:\/\/theplayoffs.news\/fr\/wp-json\/wp\/v2\/media\/1489995"}],"wp:attachment":[{"href":"https:\/\/theplayoffs.news\/fr\/wp-json\/wp\/v2\/media?parent=1489994"}],"wp:term":[{"taxonomy":"category","embeddable":true,"href":"https:\/\/theplayoffs.news\/fr\/wp-json\/wp\/v2\/categories?post=1489994"},{"taxonomy":"post_tag","embeddable":true,"href":"https:\/\/theplayoffs.news\/fr\/wp-json\/wp\/v2\/tags?post=1489994"},{"taxonomy":"sport","embeddable":true,"href":"https:\/\/theplayoffs.news\/fr\/wp-json\/wp\/v2\/sport?post=1489994"},{"taxonomy":"saison","embeddable":true,"href":"https:\/\/theplayoffs.news\/fr\/wp-json\/wp\/v2\/saison?post=1489994"}],"curies":[{"name":"wp","href":"https:\/\/api.w.org\/{rel}","templated":true}]}}