{"id":1489776,"date":"2025-04-28T20:29:03","date_gmt":"2025-04-28T18:29:03","guid":{"rendered":"https:\/\/theplayoffs.news\/fr\/uncategorized\/\/"},"modified":"2025-04-28T20:29:07","modified_gmt":"2025-04-28T18:29:07","slug":"jalen-hurts-ne-se-rendra-pas-a-la-visite-de-la-maison-blanche","status":"publish","type":"post","link":"https:\/\/theplayoffs.news\/fr\/actualite-nfl\/jalen-hurts-ne-se-rendra-pas-a-la-visite-de-la-maison-blanche\/","title":{"rendered":"Jalen Hurts ne se rendra pas \u00e0 la visite de la Maison Blanche"},"content":{"rendered":"<p>C&rsquo;est une absence qui ne manquera sans doute pas de faire parler aux Etats-Unis! Jalen Hurts, le quarterback vainqueur du Super Bowl LIX avec les Philadelphie Eagles au mois de f&eacute;vrier &agrave; d&eacute;cid&eacute; de ne pas se rendre &agrave; la Maison Blanche &agrave; l&rsquo;occasion de la traditionnelle r&eacute;ception des vainqueurs du troph&eacute;e Lombardi par le pr&eacute;sident am&eacute;ricain. Pendant de nombreux jours, le ma&icirc;tre &agrave; jouer des Eagles avait laiss&eacute; planer le doute, sa <a href=\"https:\/\/www.nbcsports.com\/nfl\/profootballtalk\/rumor-mill\/news\/jalen-hurts-skips-eagles-white-house-visit\" class=\"trk-cta-link\" data-cta-trk='{\"ctaType\":\"Link\",\"ctaSubType\":\"main\"}'>r&eacute;ponse semble maintenant d&eacute;finitive<\/a>.<\/p><p>Pour excuser l&rsquo;absence du quarterback des Philadelphie Eagles, les responsables de la Maison Blanche avance l&rsquo;argument d&rsquo;un &laquo;&nbsp;conflit d&rsquo;emploi du temps&nbsp;&raquo; puisque Jalen Hurts ne serait simplement pas disponible &agrave; la date de la r&eacute;ception par le pr&eacute;sident am&eacute;ricain. Une excuse qui semble particuli&egrave;rement diplomatique. <\/p><p>Depuis plusieurs saisons maintenant, certains joueurs d&eacute;cident de refuser de se rendre &agrave; la Maison Blanche selon le pr&eacute;sident qui est &eacute;lu &agrave; ce moment l&agrave;. Lors de la derni&egrave;re victoire des Philadelphie Eagles, au cours du Super Bowl LII, le pr&eacute;sident Donald Trump, qui exer&ccedil;ait alors son premier mandat, <a href=\"https:\/\/theplayoffs.news\/fr\/actualite-nfl\/les-philadelphie-eagles-vont-ils-refuser-daller-a-la-maison-blanche\/\" class=\"trk-cta-link\" data-cta-trk='{\"ctaType\":\"Link\",\"ctaSubType\":\"main\"}'>avait refus&eacute; de convier les Eagles &agrave; la Maison Blanche<\/a>. Cette saison, les vainqueurs du Super Bowl seront bien invit&eacute;s. Cependant, de nombreux joueurs vont certainement &eacute;viter cette invitation pour des raisons politiques. Et Jalen Hurts le premier!<\/p><p>Cr&eacute;dit photo: &copy; William Bretzger-Delaware News Journal \/ USA TODAY NETWORK via Imagn Images <\/p>\n","protected":false},"excerpt":{"rendered":"<p>NFL &#8211; Le quarterback des Philadelphie Eagles, Jalen Hurts, ne se rendra pas \u00e0 la Maison Blanche<\/p>\n","protected":false},"author":180309964,"featured_media":1489781,"comment_status":"closed","ping_status":"closed","sticky":false,"template":"","format":"standard","meta":{"inline_featured_image":false,"kia_subtitle":"NFL - Le quarterback des Philadelphie Eagles, Jalen Hurts, ne se rendra pas \u00e0 la Maison Blanche","_mux_skip_reasons":[],"proofreadBy":0,"footnotes":""},"categories":[118,40],"tags":[1436,4840,4929],"sport":[2785],"saison":[7475],"class_list":["post-1489776","post","type-post","status-publish","format-standard","has-post-thumbnail","hentry","category-actualite-nfl","category-nfl","tag-jalen-hurts","tag-maison-blanche","tag-philadelphie-eagles","sport-nfl","saison-7475"],"acf":[],"yoast_head":"<!-- This site is optimized with the Yoast SEO plugin v24.2 - https:\/\/yoast.com\/wordpress\/plugins\/seo\/ -->\n<title>Jalen Hurts ne se rendra pas &agrave; la visite de la Maison Blanche - The Playoffs FR<\/title>\n<meta name=\"description\" content=\"C&#039;est une absence qui ne manquera sans doute pas de faire parler aux Etats-Unis! Jalen Hurts, le quarterback vainqueur du Super Bowl LIX\" \/>\n<meta name=\"robots\" content=\"index, follow, max-snippet:-1, max-image-preview:large, max-video-preview:-1\" \/>\n<link rel=\"canonical\" href=\"https:\/\/theplayoffs.news\/fr\/actualite-nfl\/jalen-hurts-ne-se-rendra-pas-a-la-visite-de-la-maison-blanche\/\" \/>\n<meta property=\"og:locale\" content=\"fr_FR\" \/>\n<meta property=\"og:type\" content=\"article\" \/>\n<meta property=\"og:title\" content=\"Jalen Hurts ne se rendra pas &agrave; la visite de la Maison Blanche - The Playoffs FR\" \/>\n<meta property=\"og:description\" content=\"C&#039;est une absence qui ne manquera sans doute pas de faire parler aux Etats-Unis! Jalen Hurts, le quarterback vainqueur du Super Bowl LIX\" \/>\n<meta property=\"og:url\" content=\"https:\/\/theplayoffs.news\/fr\/actualite-nfl\/jalen-hurts-ne-se-rendra-pas-a-la-visite-de-la-maison-blanche\/\" \/>\n<meta property=\"og:site_name\" content=\"The Playoffs FR\" \/>\n<meta property=\"article:publisher\" content=\"https:\/\/www.facebook.com\/TheFreeAgentFR\/\" \/>\n<meta property=\"article:modified_time\" content=\"2025-04-28T20:29:07+02:00\" \/>\n<meta property=\"og:image\" content=\"https:\/\/theplayoffs.news\/fr\/wp-content\/uploads\/2025\/04\/USATSI_25418999.jpg\" \/>\n\t<meta property=\"og:image:width\" content=\"1883\" \/>\n\t<meta property=\"og:image:height\" content=\"1619\" \/>\n\t<meta property=\"og:image:type\" content=\"image\/jpeg\" \/>\n<meta name=\"author\" content=\"Flavien Jumeau\" \/>\n<meta name=\"twitter:card\" content=\"summary_large_image\" \/>\n<meta name=\"twitter:creator\" content=\"@TheFreeAgentFR\" \/>\n<meta name=\"twitter:site\" content=\"@TheFreeAgentFR\" \/>\n<meta name=\"twitter:label1\" content=\"\u00c9crit par\" \/>\n\t<meta name=\"twitter:data1\" content=\"Flavien Jumeau\" \/>\n\t<meta name=\"twitter:label2\" content=\"Dur\u00e9e de lecture estim\u00e9e\" \/>\n\t<meta name=\"twitter:data2\" content=\"2 minutes\" \/>\n<script type=\"application\/ld+json\" class=\"yoast-schema-graph\">{\"@context\":\"https:\/\/schema.org\",\"@graph\":[{\"@type\":\"WebPage\",\"@id\":\"https:\/\/theplayoffs.news\/fr\/actualite-nfl\/jalen-hurts-ne-se-rendra-pas-a-la-visite-de-la-maison-blanche\/\",\"url\":\"https:\/\/theplayoffs.news\/fr\/actualite-nfl\/jalen-hurts-ne-se-rendra-pas-a-la-visite-de-la-maison-blanche\/\",\"name\":\"Jalen Hurts ne se rendra pas \u00e0 la visite de la Maison Blanche - The Playoffs FR\",\"isPartOf\":{\"@id\":\"https:\/\/theplayoffs.news\/fr\/#website\"},\"primaryImageOfPage\":{\"@id\":\"https:\/\/theplayoffs.news\/fr\/actualite-nfl\/jalen-hurts-ne-se-rendra-pas-a-la-visite-de-la-maison-blanche\/#primaryimage\"},\"image\":{\"@id\":\"https:\/\/theplayoffs.news\/fr\/actualite-nfl\/jalen-hurts-ne-se-rendra-pas-a-la-visite-de-la-maison-blanche\/#primaryimage\"},\"thumbnailUrl\":\"https:\/\/theplayoffs.news\/fr\/wp-content\/uploads\/2025\/04\/USATSI_25418999.jpg\",\"datePublished\":\"2025-04-28T18:29:03+00:00\",\"dateModified\":\"2025-04-28T18:29:07+00:00\",\"author\":{\"@id\":\"https:\/\/theplayoffs.news\/fr\/#\/schema\/person\/def63bc6746dc5957469b75feb99e66d\"},\"description\":\"C\\\\'est une absence qui ne manquera sans doute pas de faire parler aux Etats-Unis! Jalen Hurts, le quarterback vainqueur du Super Bowl LIX\",\"breadcrumb\":{\"@id\":\"https:\/\/theplayoffs.news\/fr\/actualite-nfl\/jalen-hurts-ne-se-rendra-pas-a-la-visite-de-la-maison-blanche\/#breadcrumb\"},\"inLanguage\":\"fr-FR\",\"potentialAction\":[{\"@type\":\"ReadAction\",\"target\":[\"https:\/\/theplayoffs.news\/fr\/actualite-nfl\/jalen-hurts-ne-se-rendra-pas-a-la-visite-de-la-maison-blanche\/\"]}]},{\"@type\":\"ImageObject\",\"inLanguage\":\"fr-FR\",\"@id\":\"https:\/\/theplayoffs.news\/fr\/actualite-nfl\/jalen-hurts-ne-se-rendra-pas-a-la-visite-de-la-maison-blanche\/#primaryimage\",\"url\":\"https:\/\/theplayoffs.news\/fr\/wp-content\/uploads\/2025\/04\/USATSI_25418999.jpg\",\"contentUrl\":\"https:\/\/theplayoffs.news\/fr\/wp-content\/uploads\/2025\/04\/USATSI_25418999.jpg\",\"width\":1883,\"height\":1619,\"caption\":\"Eagles quarterback Jalen Hurts speaks during the Philadelphia Eagles Super Bowl celebration in front of the Philadelphia Museum of Art, Friday, Feb. 14, 2025.\"},{\"@type\":\"BreadcrumbList\",\"@id\":\"https:\/\/theplayoffs.news\/fr\/actualite-nfl\/jalen-hurts-ne-se-rendra-pas-a-la-visite-de-la-maison-blanche\/#breadcrumb\",\"itemListElement\":[{\"@type\":\"ListItem\",\"position\":1,\"name\":\"Accueil\",\"item\":\"https:\/\/theplayoffs.news\/fr\/\"},{\"@type\":\"ListItem\",\"position\":2,\"name\":\"Jalen Hurts ne se rendra pas \u00e0 la visite de la Maison Blanche\"}]},{\"@type\":\"WebSite\",\"@id\":\"https:\/\/theplayoffs.news\/fr\/#website\",\"url\":\"https:\/\/theplayoffs.news\/fr\/\",\"name\":\"The Playoffs FR\",\"description\":\"NBA-NFL-NHL-MLB\",\"potentialAction\":[{\"@type\":\"SearchAction\",\"target\":{\"@type\":\"EntryPoint\",\"urlTemplate\":\"https:\/\/theplayoffs.news\/fr\/?s={search_term_string}\"},\"query-input\":{\"@type\":\"PropertyValueSpecification\",\"valueRequired\":true,\"valueName\":\"search_term_string\"}}],\"inLanguage\":\"fr-FR\"},{\"@type\":\"Person\",\"@id\":\"https:\/\/theplayoffs.news\/fr\/#\/schema\/person\/def63bc6746dc5957469b75feb99e66d\",\"name\":\"Flavien Jumeau\",\"image\":{\"@type\":\"ImageObject\",\"inLanguage\":\"fr-FR\",\"@id\":\"https:\/\/theplayoffs.news\/fr\/#\/schema\/person\/image\/\",\"url\":\"https:\/\/secure.gravatar.com\/avatar\/e7fa8ba5a4b7e4ce35fe152f083f352db28ad0acce692004ed88a7a7d78893f7?s=96&d=mm&r=g\",\"contentUrl\":\"https:\/\/secure.gravatar.com\/avatar\/e7fa8ba5a4b7e4ce35fe152f083f352db28ad0acce692004ed88a7a7d78893f7?s=96&d=mm&r=g\",\"caption\":\"Flavien Jumeau\"},\"description\":\"Amoureux du sport (et de vraiment tous les sports) depuis mon plus jeune \u00e2ge, j\u2019ai longtemps h\u00e9site entre le snooker et le curling. Finalement c\u2019est le foot US que j\u2019ai d\u00e9cid\u00e9 de choisir! Responsable foot US sur TPO et animateur du podcast Tailgate j\u2019ai pour mission de vous faire d\u00e9couvrir ce sport passionnant si ce n\u2019est pas encore fait et de vous donner les derni\u00e8res actus. Le tout dans la bonne humeur et avec toujours un jeu de mots ou deux savamment distill\u00e9s! Fan des Saints, pour moi Drew Brees est le vrai GOAT!\",\"url\":\"https:\/\/theplayoffs.news\/fr\/author\/flavien-jumeaugmail-com\/\"}]}<\/script>\n<!-- \/ Yoast SEO plugin. -->","yoast_head_json":{"title":"Jalen Hurts ne se rendra pas &agrave; la visite de la Maison Blanche - The Playoffs FR","description":"C&#039;est une absence qui ne manquera sans doute pas de faire parler aux Etats-Unis! Jalen Hurts, le quarterback vainqueur du Super Bowl LIX","robots":{"index":"index","follow":"follow","max-snippet":"max-snippet:-1","max-image-preview":"max-image-preview:large","max-video-preview":"max-video-preview:-1"},"canonical":"https:\/\/theplayoffs.news\/fr\/actualite-nfl\/jalen-hurts-ne-se-rendra-pas-a-la-visite-de-la-maison-blanche\/","og_locale":"fr_FR","og_type":"article","og_title":"Jalen Hurts ne se rendra pas &agrave; la visite de la Maison Blanche - The Playoffs FR","og_description":"C&#039;est une absence qui ne manquera sans doute pas de faire parler aux Etats-Unis! Jalen Hurts, le quarterback vainqueur du Super Bowl LIX","og_url":"https:\/\/theplayoffs.news\/fr\/actualite-nfl\/jalen-hurts-ne-se-rendra-pas-a-la-visite-de-la-maison-blanche\/","og_site_name":"The Playoffs FR","article_publisher":"https:\/\/www.facebook.com\/TheFreeAgentFR\/","article_modified_time":"2025-04-28T18:29:07+00:00","og_image":[{"width":1883,"height":1619,"url":"https:\/\/theplayoffs.news\/fr\/wp-content\/uploads\/2025\/04\/USATSI_25418999.jpg","type":"image\/jpeg"}],"author":"Flavien Jumeau","twitter_card":"summary_large_image","twitter_creator":"@TheFreeAgentFR","twitter_site":"@TheFreeAgentFR","twitter_misc":{"\u00c9crit par":"Flavien Jumeau","Dur\u00e9e de lecture estim\u00e9e":"2 minutes"},"schema":{"@context":"https:\/\/schema.org","@graph":[{"@type":"WebPage","@id":"https:\/\/theplayoffs.news\/fr\/actualite-nfl\/jalen-hurts-ne-se-rendra-pas-a-la-visite-de-la-maison-blanche\/","url":"https:\/\/theplayoffs.news\/fr\/actualite-nfl\/jalen-hurts-ne-se-rendra-pas-a-la-visite-de-la-maison-blanche\/","name":"Jalen Hurts ne se rendra pas \u00e0 la visite de la Maison Blanche - The Playoffs FR","isPartOf":{"@id":"https:\/\/theplayoffs.news\/fr\/#website"},"primaryImageOfPage":{"@id":"https:\/\/theplayoffs.news\/fr\/actualite-nfl\/jalen-hurts-ne-se-rendra-pas-a-la-visite-de-la-maison-blanche\/#primaryimage"},"image":{"@id":"https:\/\/theplayoffs.news\/fr\/actualite-nfl\/jalen-hurts-ne-se-rendra-pas-a-la-visite-de-la-maison-blanche\/#primaryimage"},"thumbnailUrl":"https:\/\/theplayoffs.news\/fr\/wp-content\/uploads\/2025\/04\/USATSI_25418999.jpg","datePublished":"2025-04-28T18:29:03+00:00","dateModified":"2025-04-28T18:29:07+00:00","author":{"@id":"https:\/\/theplayoffs.news\/fr\/#\/schema\/person\/def63bc6746dc5957469b75feb99e66d"},"description":"C\\'est une absence qui ne manquera sans doute pas de faire parler aux Etats-Unis! Jalen Hurts, le quarterback vainqueur du Super Bowl LIX","breadcrumb":{"@id":"https:\/\/theplayoffs.news\/fr\/actualite-nfl\/jalen-hurts-ne-se-rendra-pas-a-la-visite-de-la-maison-blanche\/#breadcrumb"},"inLanguage":"fr-FR","potentialAction":[{"@type":"ReadAction","target":["https:\/\/theplayoffs.news\/fr\/actualite-nfl\/jalen-hurts-ne-se-rendra-pas-a-la-visite-de-la-maison-blanche\/"]}]},{"@type":"ImageObject","inLanguage":"fr-FR","@id":"https:\/\/theplayoffs.news\/fr\/actualite-nfl\/jalen-hurts-ne-se-rendra-pas-a-la-visite-de-la-maison-blanche\/#primaryimage","url":"https:\/\/theplayoffs.news\/fr\/wp-content\/uploads\/2025\/04\/USATSI_25418999.jpg","contentUrl":"https:\/\/theplayoffs.news\/fr\/wp-content\/uploads\/2025\/04\/USATSI_25418999.jpg","width":1883,"height":1619,"caption":"Eagles quarterback Jalen Hurts speaks during the Philadelphia Eagles Super Bowl celebration in front of the Philadelphia Museum of Art, Friday, Feb. 14, 2025."},{"@type":"BreadcrumbList","@id":"https:\/\/theplayoffs.news\/fr\/actualite-nfl\/jalen-hurts-ne-se-rendra-pas-a-la-visite-de-la-maison-blanche\/#breadcrumb","itemListElement":[{"@type":"ListItem","position":1,"name":"Accueil","item":"https:\/\/theplayoffs.news\/fr\/"},{"@type":"ListItem","position":2,"name":"Jalen Hurts ne se rendra pas \u00e0 la visite de la Maison Blanche"}]},{"@type":"WebSite","@id":"https:\/\/theplayoffs.news\/fr\/#website","url":"https:\/\/theplayoffs.news\/fr\/","name":"The Playoffs FR","description":"NBA-NFL-NHL-MLB","potentialAction":[{"@type":"SearchAction","target":{"@type":"EntryPoint","urlTemplate":"https:\/\/theplayoffs.news\/fr\/?s={search_term_string}"},"query-input":{"@type":"PropertyValueSpecification","valueRequired":true,"valueName":"search_term_string"}}],"inLanguage":"fr-FR"},{"@type":"Person","@id":"https:\/\/theplayoffs.news\/fr\/#\/schema\/person\/def63bc6746dc5957469b75feb99e66d","name":"Flavien Jumeau","image":{"@type":"ImageObject","inLanguage":"fr-FR","@id":"https:\/\/theplayoffs.news\/fr\/#\/schema\/person\/image\/","url":"https:\/\/secure.gravatar.com\/avatar\/e7fa8ba5a4b7e4ce35fe152f083f352db28ad0acce692004ed88a7a7d78893f7?s=96&d=mm&r=g","contentUrl":"https:\/\/secure.gravatar.com\/avatar\/e7fa8ba5a4b7e4ce35fe152f083f352db28ad0acce692004ed88a7a7d78893f7?s=96&d=mm&r=g","caption":"Flavien Jumeau"},"description":"Amoureux du sport (et de vraiment tous les sports) depuis mon plus jeune \u00e2ge, j\u2019ai longtemps h\u00e9site entre le snooker et le curling. Finalement c\u2019est le foot US que j\u2019ai d\u00e9cid\u00e9 de choisir! Responsable foot US sur TPO et animateur du podcast Tailgate j\u2019ai pour mission de vous faire d\u00e9couvrir ce sport passionnant si ce n\u2019est pas encore fait et de vous donner les derni\u00e8res actus. Le tout dans la bonne humeur et avec toujours un jeu de mots ou deux savamment distill\u00e9s! Fan des Saints, pour moi Drew Brees est le vrai GOAT!","url":"https:\/\/theplayoffs.news\/fr\/author\/flavien-jumeaugmail-com\/"}]}},"_links":{"self":[{"href":"https:\/\/theplayoffs.news\/fr\/wp-json\/wp\/v2\/posts\/1489776","targetHints":{"allow":["GET"]}}],"collection":[{"href":"https:\/\/theplayoffs.news\/fr\/wp-json\/wp\/v2\/posts"}],"about":[{"href":"https:\/\/theplayoffs.news\/fr\/wp-json\/wp\/v2\/types\/post"}],"author":[{"embeddable":true,"href":"https:\/\/theplayoffs.news\/fr\/wp-json\/wp\/v2\/users\/180309964"}],"replies":[{"embeddable":true,"href":"https:\/\/theplayoffs.news\/fr\/wp-json\/wp\/v2\/comments?post=1489776"}],"version-history":[{"count":1,"href":"https:\/\/theplayoffs.news\/fr\/wp-json\/wp\/v2\/posts\/1489776\/revisions"}],"predecessor-version":[{"id":1489784,"href":"https:\/\/theplayoffs.news\/fr\/wp-json\/wp\/v2\/posts\/1489776\/revisions\/1489784"}],"wp:featuredmedia":[{"embeddable":true,"href":"https:\/\/theplayoffs.news\/fr\/wp-json\/wp\/v2\/media\/1489781"}],"wp:attachment":[{"href":"https:\/\/theplayoffs.news\/fr\/wp-json\/wp\/v2\/media?parent=1489776"}],"wp:term":[{"taxonomy":"category","embeddable":true,"href":"https:\/\/theplayoffs.news\/fr\/wp-json\/wp\/v2\/categories?post=1489776"},{"taxonomy":"post_tag","embeddable":true,"href":"https:\/\/theplayoffs.news\/fr\/wp-json\/wp\/v2\/tags?post=1489776"},{"taxonomy":"sport","embeddable":true,"href":"https:\/\/theplayoffs.news\/fr\/wp-json\/wp\/v2\/sport?post=1489776"},{"taxonomy":"saison","embeddable":true,"href":"https:\/\/theplayoffs.news\/fr\/wp-json\/wp\/v2\/saison?post=1489776"}],"curies":[{"name":"wp","href":"https:\/\/api.w.org\/{rel}","templated":true}]}}