{"id":1489663,"date":"2025-04-28T07:13:50","date_gmt":"2025-04-28T05:13:50","guid":{"rendered":"https:\/\/theplayoffs.news\/fr\/uncategorized\/\/"},"modified":"2025-05-05T18:04:36","modified_gmt":"2025-05-05T16:04:36","slug":"blessure-de-damian-lillard-une-rupture-du-tendon-dachille","status":"publish","type":"post","link":"https:\/\/theplayoffs.news\/fr\/actualite-nba\/blessure-de-damian-lillard-une-rupture-du-tendon-dachille\/","title":{"rendered":"Blessure de Damian Lillard : Une rupture du tendon d&rsquo;Achille ?"},"content":{"rendered":"<p>Damian Lillard a &eacute;t&eacute; aid&eacute; &agrave; quitter le terrain lors du match entre les Milwaukee Bucks et les Indiana Pacers dimanche. <\/p><p>Sur ce qui ressemblait &agrave; une blessure sans contact, le meneur n&rsquo;a pas pu continuer, ressentant une pression au niveau du pied gauche. Un &eacute;norme coup dur pour les Bucks, qui sont d&eacute;j&agrave; men&eacute;s dans la s&eacute;rie.<\/p><p>Le joueur de 1m88, form&eacute; &agrave; Weber State, tentait de capter un rebond apr&egrave;s un tir manqu&eacute; de Gary Trent Jr. Cela s&rsquo;est produit &agrave; la 7&#7497; minute du premier quart-temps. Damian Lillard n&rsquo;a pas pu finaliser le rebond et a attrap&eacute; sa jambe inf&eacute;rieure en chutant. Alors que le jeu continuait en possession des Pacers, les Bucks se retrouvaient &agrave; 4 contre 5.<\/p><p>Le meneur est rest&eacute; au sol jusqu&rsquo;&agrave; ce que l&rsquo;arbitre arr&ecirc;te le jeu. Le joueur de 34 ans a d&ucirc; &ecirc;tre &eacute;vacu&eacute; avec l&rsquo;aide du staff m&eacute;dical, peinant &agrave; poser son pied gauche au sol. Une situation des plus pr&eacute;occupantes, alors que les Bucks comptaient sur la pr&eacute;sence de Lillard pour &eacute;pauler Giannis Antetokounmpo. <\/p><p>Damian Lillard n&rsquo;avait inscrit que 7 points et d&eacute;livr&eacute; 5 passes d&eacute;cisives lors du match 3, lui qui venait &agrave; peine de retrouver le rythme apr&egrave;s un mois d&rsquo;absence.<\/p><figure class=\"wp-block-embed is-type-rich is-provider-twitter wp-block-embed-twitter\"><div class=\"wp-block-embed__wrapper\">\n<blockquote class=\"twitter-tweet\" data-width=\"500\" data-dnt=\"true\"><p lang=\"en\" dir=\"ltr\">Damian Lillard goes down with a non-contact injury. <br><br>Prayers. &#128591;<br><br> <a href=\"https:\/\/t.co\/5tcfsPSOCb\" class=\"trk-cta-link\" data-cta-trk='{\"ctaType\":\"Link\",\"ctaSubType\":\"main\"}'>pic.twitter.com\/5tcfsPSOCb<\/a><\/p>&mdash; Hoop Central (@TheHoopCentral) <a href=\"https:\/\/twitter.com\/TheHoopCentral\/status\/1916673991093481799?ref_src=twsrc%5Etfw\" class=\"trk-cta-link\" data-cta-trk='{\"ctaType\":\"Link\",\"ctaSubType\":\"main\"}'>April 28, 2025<\/a><\/blockquote><script async src=\"https:\/\/platform.twitter.com\/widgets.js\" charset=\"utf-8\"><\/script>\n<\/div><\/figure><p>Lillard avait auparavant souffert d&rsquo;une thrombose veineuse profonde au mollet droit, ce qui l&rsquo;avait &eacute;loign&eacute; des terrains sur la fin de la saison r&eacute;guli&egrave;re. Il avait sign&eacute; son retour sur les parquets lors du deuxi&egrave;me match de cette s&eacute;rie de Playoffs. Les signes concernant sa blessure actuelle sont inqui&eacute;tants, avec certains rapports &eacute;voquant le pire.<\/p><h2 class=\"wp-block-heading\"><strong>Damian Lillard sera-t-il absent pour une longue p&eacute;riode ?<\/strong><\/h2><p>Des informations circulent d&eacute;j&agrave; affirmant que Damian Lillard aurait subi une blessure au tendon d&rsquo;Achille dimanche soir. <a href=\"https:\/\/x.com\/ChrisBHaynes\/status\/1916678815616798724\" target=\"_blank\" rel=\"noreferrer noopener nofollow\" class=\"trk-cta-link\" data-cta-trk='{\"ctaType\":\"Link\",\"ctaSubType\":\"main\"}'>L&rsquo;insider NBA Chris Haynes<\/a> a r&eacute;v&eacute;l&eacute; que la star des Milwaukee Bucks aurait souffert d&rsquo;une rupture du tendon d&rsquo;Achille gauche. Si cela se confirme, le joueur de 34 ans pourrait &ecirc;tre &eacute;loign&eacute; des terrains pendant un long moment.<\/p><figure class=\"wp-block-embed is-type-rich is-provider-twitter wp-block-embed-twitter\"><div class=\"wp-block-embed__wrapper\">\n<blockquote class=\"twitter-tweet\" data-width=\"500\" data-dnt=\"true\"><p lang=\"en\" dir=\"ltr\">Sources: The fear is Bucks star Damian Lillard suffered a left Achilles tear. Brutal circumstance after working himself back from a blood clot diagnosis that kept him out over a month. <a href=\"https:\/\/t.co\/NgQtMpm0yE\" class=\"trk-cta-link\" data-cta-trk='{\"ctaType\":\"Link\",\"ctaSubType\":\"main\"}'>https:\/\/t.co\/NgQtMpm0yE<\/a><\/p>&mdash; Chris Haynes (@ChrisBHaynes) <a href=\"https:\/\/twitter.com\/ChrisBHaynes\/status\/1916678815616798724?ref_src=twsrc%5Etfw\" class=\"trk-cta-link\" data-cta-trk='{\"ctaType\":\"Link\",\"ctaSubType\":\"main\"}'>April 28, 2025<\/a><\/blockquote><script async src=\"https:\/\/platform.twitter.com\/widgets.js\" charset=\"utf-8\"><\/script>\n<\/div><\/figure><p>La rupture du tendon d&rsquo;Achille est l&rsquo;une des blessures les plus d&eacute;vastatrices en basketball : m&ecirc;me apr&egrave;s une longue r&eacute;&eacute;ducation, les joueurs peinent souvent &agrave; retrouver leur meilleur niveau. Kobe Bryant, victime d&rsquo;une telle blessure lors des Playoffs 2013, avait connu un net d&eacute;clin par la suite, notamment en termes de vitesse et d&rsquo;agilit&eacute;.<\/p><p>Kevin Durant a &eacute;galement subi une rupture du tendon d&rsquo;Achille lors des Finales NBA 2019 avec les Golden State Warriors. Il avait manqu&eacute; toute la saison 2019-2020 apr&egrave;s avoir sign&eacute; avec les Brooklyn Nets. La r&eacute;&eacute;ducation de Durant a &eacute;t&eacute; longue, et m&ecirc;me s&rsquo;il est revenu proche de son niveau, l&rsquo;impact a &eacute;t&eacute; consid&eacute;rable. <\/p><p>Cependant, Durant avait 30 ans au moment de sa blessure, tandis que Damian Lillard f&ecirc;tera ses 35 ans dans quelques mois. La route s&rsquo;annonce donc particuli&egrave;rement difficile pour la star des Bucks.<\/p><p><\/p><p><\/p><p><em>Credit Photo: Trevor Ruszkowski-Imagn Images<\/em><\/p>\n","protected":false},"excerpt":{"rendered":"","protected":false},"author":180309799,"featured_media":1489664,"comment_status":"closed","ping_status":"closed","sticky":false,"template":"","format":"standard","meta":{"inline_featured_image":false,"kia_subtitle":"","_mux_skip_reasons":[],"proofreadBy":0,"footnotes":""},"categories":[110,8414,10,8408],"tags":[508,489],"sport":[],"saison":[],"class_list":["post-1489663","post","type-post","status-publish","format-standard","has-post-thumbnail","hentry","category-actualite-nba","category-basketball-sports","category-nba","category-sports","tag-damian-lillard","tag-milwaukee-bucks"],"acf":[],"yoast_head":"<!-- This site is optimized with the Yoast SEO plugin v24.2 - https:\/\/yoast.com\/wordpress\/plugins\/seo\/ -->\n<title>Blessure de Damian Lillard : Une rupture du tendon d&#039;Achille ? - The Playoffs FR<\/title>\n<meta name=\"robots\" content=\"index, follow, max-snippet:-1, max-image-preview:large, max-video-preview:-1\" \/>\n<link rel=\"canonical\" href=\"https:\/\/theplayoffs.news\/fr\/actualite-nba\/blessure-de-damian-lillard-une-rupture-du-tendon-dachille\/\" \/>\n<meta property=\"og:locale\" content=\"fr_FR\" \/>\n<meta property=\"og:type\" content=\"article\" \/>\n<meta property=\"og:title\" content=\"Blessure de Damian Lillard : Une rupture du tendon d&#039;Achille ? - The Playoffs FR\" \/>\n<meta property=\"og:url\" content=\"https:\/\/theplayoffs.news\/fr\/actualite-nba\/blessure-de-damian-lillard-une-rupture-du-tendon-dachille\/\" \/>\n<meta property=\"og:site_name\" content=\"The Playoffs FR\" \/>\n<meta property=\"article:publisher\" content=\"https:\/\/www.facebook.com\/TheFreeAgentFR\/\" \/>\n<meta property=\"article:modified_time\" content=\"2025-05-05T18:04:36+02:00\" \/>\n<meta property=\"og:image\" content=\"https:\/\/theplayoffs.news\/fr\/wp-content\/uploads\/2025\/04\/USATSI_25990818.jpg\" \/>\n\t<meta property=\"og:image:width\" content=\"1920\" \/>\n\t<meta property=\"og:image:height\" content=\"1280\" \/>\n\t<meta property=\"og:image:type\" content=\"image\/jpeg\" \/>\n<meta name=\"author\" content=\"La r\u00e9daction\" \/>\n<meta name=\"twitter:card\" content=\"summary_large_image\" \/>\n<meta name=\"twitter:creator\" content=\"@TheFreeAgentFR\" \/>\n<meta name=\"twitter:site\" content=\"@TheFreeAgentFR\" \/>\n<meta name=\"twitter:label1\" content=\"\u00c9crit par\" \/>\n\t<meta name=\"twitter:data1\" content=\"La r\u00e9daction\" \/>\n\t<meta name=\"twitter:label2\" content=\"Dur\u00e9e de lecture estim\u00e9e\" \/>\n\t<meta name=\"twitter:data2\" content=\"3 minutes\" \/>\n<script type=\"application\/ld+json\" class=\"yoast-schema-graph\">{\"@context\":\"https:\/\/schema.org\",\"@graph\":[{\"@type\":\"WebPage\",\"@id\":\"https:\/\/theplayoffs.news\/fr\/actualite-nba\/blessure-de-damian-lillard-une-rupture-du-tendon-dachille\/\",\"url\":\"https:\/\/theplayoffs.news\/fr\/actualite-nba\/blessure-de-damian-lillard-une-rupture-du-tendon-dachille\/\",\"name\":\"Blessure de Damian Lillard : Une rupture du tendon d\\\\'Achille ? - The Playoffs FR\",\"isPartOf\":{\"@id\":\"https:\/\/theplayoffs.news\/fr\/#website\"},\"primaryImageOfPage\":{\"@id\":\"https:\/\/theplayoffs.news\/fr\/actualite-nba\/blessure-de-damian-lillard-une-rupture-du-tendon-dachille\/#primaryimage\"},\"image\":{\"@id\":\"https:\/\/theplayoffs.news\/fr\/actualite-nba\/blessure-de-damian-lillard-une-rupture-du-tendon-dachille\/#primaryimage\"},\"thumbnailUrl\":\"https:\/\/theplayoffs.news\/fr\/wp-content\/uploads\/2025\/04\/USATSI_25990818.jpg\",\"datePublished\":\"2025-04-28T05:13:50+00:00\",\"dateModified\":\"2025-05-05T16:04:36+00:00\",\"author\":{\"@id\":\"https:\/\/theplayoffs.news\/fr\/#\/schema\/person\/bb40426f4e478f9bd8cdbfeb4f2f9784\"},\"breadcrumb\":{\"@id\":\"https:\/\/theplayoffs.news\/fr\/actualite-nba\/blessure-de-damian-lillard-une-rupture-du-tendon-dachille\/#breadcrumb\"},\"inLanguage\":\"fr-FR\",\"potentialAction\":[{\"@type\":\"ReadAction\",\"target\":[\"https:\/\/theplayoffs.news\/fr\/actualite-nba\/blessure-de-damian-lillard-une-rupture-du-tendon-dachille\/\"]}]},{\"@type\":\"ImageObject\",\"inLanguage\":\"fr-FR\",\"@id\":\"https:\/\/theplayoffs.news\/fr\/actualite-nba\/blessure-de-damian-lillard-une-rupture-du-tendon-dachille\/#primaryimage\",\"url\":\"https:\/\/theplayoffs.news\/fr\/wp-content\/uploads\/2025\/04\/USATSI_25990818.jpg\",\"contentUrl\":\"https:\/\/theplayoffs.news\/fr\/wp-content\/uploads\/2025\/04\/USATSI_25990818.jpg\",\"width\":1920,\"height\":1280,\"caption\":\"Apr 22, 2025; Indianapolis, Indiana, USA; Milwaukee Bucks guard Damian Lillard (0) during game two of first round for the 2024 NBA Playoffs against the Indiana Pacers at Gainbridge Fieldhouse. Mandatory Credit: Trevor Ruszkowski-Imagn Images\"},{\"@type\":\"BreadcrumbList\",\"@id\":\"https:\/\/theplayoffs.news\/fr\/actualite-nba\/blessure-de-damian-lillard-une-rupture-du-tendon-dachille\/#breadcrumb\",\"itemListElement\":[{\"@type\":\"ListItem\",\"position\":1,\"name\":\"Accueil\",\"item\":\"https:\/\/theplayoffs.news\/fr\/\"},{\"@type\":\"ListItem\",\"position\":2,\"name\":\"Blessure de Damian Lillard : Une rupture du tendon d&rsquo;Achille ?\"}]},{\"@type\":\"WebSite\",\"@id\":\"https:\/\/theplayoffs.news\/fr\/#website\",\"url\":\"https:\/\/theplayoffs.news\/fr\/\",\"name\":\"The Playoffs FR\",\"description\":\"NBA-NFL-NHL-MLB\",\"potentialAction\":[{\"@type\":\"SearchAction\",\"target\":{\"@type\":\"EntryPoint\",\"urlTemplate\":\"https:\/\/theplayoffs.news\/fr\/?s={search_term_string}\"},\"query-input\":{\"@type\":\"PropertyValueSpecification\",\"valueRequired\":true,\"valueName\":\"search_term_string\"}}],\"inLanguage\":\"fr-FR\"},{\"@type\":\"Person\",\"@id\":\"https:\/\/theplayoffs.news\/fr\/#\/schema\/person\/bb40426f4e478f9bd8cdbfeb4f2f9784\",\"name\":\"La r\u00e9daction\",\"image\":{\"@type\":\"ImageObject\",\"inLanguage\":\"fr-FR\",\"@id\":\"https:\/\/theplayoffs.news\/fr\/#\/schema\/person\/image\/\",\"url\":\"https:\/\/secure.gravatar.com\/avatar\/7e69b41460ab2c17d61c8c364b6a0ee006f957a70191383ef42be1f4733d6515?s=96&d=mm&r=g\",\"contentUrl\":\"https:\/\/secure.gravatar.com\/avatar\/7e69b41460ab2c17d61c8c364b6a0ee006f957a70191383ef42be1f4733d6515?s=96&d=mm&r=g\",\"caption\":\"La r\u00e9daction\"},\"description\":\"On dit qu\\\\'il faut un village pour s\\\\'occuper d\\\\'un enfant. Et bien c\\\\'est exactement ce dont il s\\\\'agit ici pour The Playoffs. La r\u00e9daction, ce sont vos r\u00e9dacteurs pr\u00e9f\u00e9r\u00e9s qui collaborent sur ces articles que vous lisez au quotidien.\u00a0\",\"url\":\"https:\/\/theplayoffs.news\/fr\/author\/freeagentfr\/\"}]}<\/script>\n<!-- \/ Yoast SEO plugin. -->","yoast_head_json":{"title":"Blessure de Damian Lillard : Une rupture du tendon d&#039;Achille ? - The Playoffs FR","robots":{"index":"index","follow":"follow","max-snippet":"max-snippet:-1","max-image-preview":"max-image-preview:large","max-video-preview":"max-video-preview:-1"},"canonical":"https:\/\/theplayoffs.news\/fr\/actualite-nba\/blessure-de-damian-lillard-une-rupture-du-tendon-dachille\/","og_locale":"fr_FR","og_type":"article","og_title":"Blessure de Damian Lillard : Une rupture du tendon d&#039;Achille ? - The Playoffs FR","og_url":"https:\/\/theplayoffs.news\/fr\/actualite-nba\/blessure-de-damian-lillard-une-rupture-du-tendon-dachille\/","og_site_name":"The Playoffs FR","article_publisher":"https:\/\/www.facebook.com\/TheFreeAgentFR\/","article_modified_time":"2025-05-05T16:04:36+00:00","og_image":[{"width":1920,"height":1280,"url":"https:\/\/theplayoffs.news\/fr\/wp-content\/uploads\/2025\/04\/USATSI_25990818.jpg","type":"image\/jpeg"}],"author":"La r\u00e9daction","twitter_card":"summary_large_image","twitter_creator":"@TheFreeAgentFR","twitter_site":"@TheFreeAgentFR","twitter_misc":{"\u00c9crit par":"La r\u00e9daction","Dur\u00e9e de lecture estim\u00e9e":"3 minutes"},"schema":{"@context":"https:\/\/schema.org","@graph":[{"@type":"WebPage","@id":"https:\/\/theplayoffs.news\/fr\/actualite-nba\/blessure-de-damian-lillard-une-rupture-du-tendon-dachille\/","url":"https:\/\/theplayoffs.news\/fr\/actualite-nba\/blessure-de-damian-lillard-une-rupture-du-tendon-dachille\/","name":"Blessure de Damian Lillard : Une rupture du tendon d\\'Achille ? - The Playoffs FR","isPartOf":{"@id":"https:\/\/theplayoffs.news\/fr\/#website"},"primaryImageOfPage":{"@id":"https:\/\/theplayoffs.news\/fr\/actualite-nba\/blessure-de-damian-lillard-une-rupture-du-tendon-dachille\/#primaryimage"},"image":{"@id":"https:\/\/theplayoffs.news\/fr\/actualite-nba\/blessure-de-damian-lillard-une-rupture-du-tendon-dachille\/#primaryimage"},"thumbnailUrl":"https:\/\/theplayoffs.news\/fr\/wp-content\/uploads\/2025\/04\/USATSI_25990818.jpg","datePublished":"2025-04-28T05:13:50+00:00","dateModified":"2025-05-05T16:04:36+00:00","author":{"@id":"https:\/\/theplayoffs.news\/fr\/#\/schema\/person\/bb40426f4e478f9bd8cdbfeb4f2f9784"},"breadcrumb":{"@id":"https:\/\/theplayoffs.news\/fr\/actualite-nba\/blessure-de-damian-lillard-une-rupture-du-tendon-dachille\/#breadcrumb"},"inLanguage":"fr-FR","potentialAction":[{"@type":"ReadAction","target":["https:\/\/theplayoffs.news\/fr\/actualite-nba\/blessure-de-damian-lillard-une-rupture-du-tendon-dachille\/"]}]},{"@type":"ImageObject","inLanguage":"fr-FR","@id":"https:\/\/theplayoffs.news\/fr\/actualite-nba\/blessure-de-damian-lillard-une-rupture-du-tendon-dachille\/#primaryimage","url":"https:\/\/theplayoffs.news\/fr\/wp-content\/uploads\/2025\/04\/USATSI_25990818.jpg","contentUrl":"https:\/\/theplayoffs.news\/fr\/wp-content\/uploads\/2025\/04\/USATSI_25990818.jpg","width":1920,"height":1280,"caption":"Apr 22, 2025; Indianapolis, Indiana, USA; Milwaukee Bucks guard Damian Lillard (0) during game two of first round for the 2024 NBA Playoffs against the Indiana Pacers at Gainbridge Fieldhouse. Mandatory Credit: Trevor Ruszkowski-Imagn Images"},{"@type":"BreadcrumbList","@id":"https:\/\/theplayoffs.news\/fr\/actualite-nba\/blessure-de-damian-lillard-une-rupture-du-tendon-dachille\/#breadcrumb","itemListElement":[{"@type":"ListItem","position":1,"name":"Accueil","item":"https:\/\/theplayoffs.news\/fr\/"},{"@type":"ListItem","position":2,"name":"Blessure de Damian Lillard : Une rupture du tendon d&rsquo;Achille ?"}]},{"@type":"WebSite","@id":"https:\/\/theplayoffs.news\/fr\/#website","url":"https:\/\/theplayoffs.news\/fr\/","name":"The Playoffs FR","description":"NBA-NFL-NHL-MLB","potentialAction":[{"@type":"SearchAction","target":{"@type":"EntryPoint","urlTemplate":"https:\/\/theplayoffs.news\/fr\/?s={search_term_string}"},"query-input":{"@type":"PropertyValueSpecification","valueRequired":true,"valueName":"search_term_string"}}],"inLanguage":"fr-FR"},{"@type":"Person","@id":"https:\/\/theplayoffs.news\/fr\/#\/schema\/person\/bb40426f4e478f9bd8cdbfeb4f2f9784","name":"La r\u00e9daction","image":{"@type":"ImageObject","inLanguage":"fr-FR","@id":"https:\/\/theplayoffs.news\/fr\/#\/schema\/person\/image\/","url":"https:\/\/secure.gravatar.com\/avatar\/7e69b41460ab2c17d61c8c364b6a0ee006f957a70191383ef42be1f4733d6515?s=96&d=mm&r=g","contentUrl":"https:\/\/secure.gravatar.com\/avatar\/7e69b41460ab2c17d61c8c364b6a0ee006f957a70191383ef42be1f4733d6515?s=96&d=mm&r=g","caption":"La r\u00e9daction"},"description":"On dit qu\\'il faut un village pour s\\'occuper d\\'un enfant. Et bien c\\'est exactement ce dont il s\\'agit ici pour The Playoffs. La r\u00e9daction, ce sont vos r\u00e9dacteurs pr\u00e9f\u00e9r\u00e9s qui collaborent sur ces articles que vous lisez au quotidien.\u00a0","url":"https:\/\/theplayoffs.news\/fr\/author\/freeagentfr\/"}]}},"_links":{"self":[{"href":"https:\/\/theplayoffs.news\/fr\/wp-json\/wp\/v2\/posts\/1489663","targetHints":{"allow":["GET"]}}],"collection":[{"href":"https:\/\/theplayoffs.news\/fr\/wp-json\/wp\/v2\/posts"}],"about":[{"href":"https:\/\/theplayoffs.news\/fr\/wp-json\/wp\/v2\/types\/post"}],"author":[{"embeddable":true,"href":"https:\/\/theplayoffs.news\/fr\/wp-json\/wp\/v2\/users\/180309799"}],"replies":[{"embeddable":true,"href":"https:\/\/theplayoffs.news\/fr\/wp-json\/wp\/v2\/comments?post=1489663"}],"version-history":[{"count":1,"href":"https:\/\/theplayoffs.news\/fr\/wp-json\/wp\/v2\/posts\/1489663\/revisions"}],"predecessor-version":[{"id":1489665,"href":"https:\/\/theplayoffs.news\/fr\/wp-json\/wp\/v2\/posts\/1489663\/revisions\/1489665"}],"wp:featuredmedia":[{"embeddable":true,"href":"https:\/\/theplayoffs.news\/fr\/wp-json\/wp\/v2\/media\/1489664"}],"wp:attachment":[{"href":"https:\/\/theplayoffs.news\/fr\/wp-json\/wp\/v2\/media?parent=1489663"}],"wp:term":[{"taxonomy":"category","embeddable":true,"href":"https:\/\/theplayoffs.news\/fr\/wp-json\/wp\/v2\/categories?post=1489663"},{"taxonomy":"post_tag","embeddable":true,"href":"https:\/\/theplayoffs.news\/fr\/wp-json\/wp\/v2\/tags?post=1489663"},{"taxonomy":"sport","embeddable":true,"href":"https:\/\/theplayoffs.news\/fr\/wp-json\/wp\/v2\/sport?post=1489663"},{"taxonomy":"saison","embeddable":true,"href":"https:\/\/theplayoffs.news\/fr\/wp-json\/wp\/v2\/saison?post=1489663"}],"curies":[{"name":"wp","href":"https:\/\/api.w.org\/{rel}","templated":true}]}}