{"id":1489555,"date":"2025-04-25T15:44:29","date_gmt":"2025-04-25T13:44:29","guid":{"rendered":"https:\/\/theplayoffs.news\/fr\/uncategorized\/\/"},"modified":"2025-04-25T15:44:34","modified_gmt":"2025-04-25T13:44:34","slug":"f1-prolongation-en-vue-pour-le-grand-prix-du-mexique","status":"publish","type":"post","link":"https:\/\/theplayoffs.news\/fr\/formule-1\/f1-prolongation-en-vue-pour-le-grand-prix-du-mexique\/","title":{"rendered":"F1 : prolongation en vue pour le Grand Prix du Mexique"},"content":{"rendered":"<p>La F1 devrait tr&egrave;s prochainement annoncer la prolongation de contrat du <a href=\"https:\/\/www.formula1.com\/en\/racing\/2025\/mexico\" class=\"trk-cta-link\" data-cta-trk='{\"ctaType\":\"Link\",\"ctaSubType\":\"main\"}'>Grand Prix du Mexique<\/a>. Selon Clara Brugada, maire de Mexico City, la ville devrait signer un nouveau contrat avec la F1 la &laquo;&nbsp;semaine prochaine&nbsp;&raquo;. <\/p><p>Les rumeurs indiquent que la prolongation de contrat serait de trois ans, ce qui emm&egrave;nerait l&rsquo;&eacute;v&eacute;nement jusqu&rsquo;en 2028. Cette courte extension de contrat se base sur la m&ecirc;me forme que les deux pr&eacute;c&eacute;dentes sign&eacute;es ces derni&egrave;res ann&eacute;es. Niveau financement, il n&rsquo;y aura pas de changement. La course sera toujours financ&eacute;e par des fonds priv&eacute;s, apr&egrave;s que le gouvernement mexicain ait retir&eacute; les siens en 2018.<\/p><p>L&rsquo;&eacute;preuve, arrivant en fin ce contrat cette saison, a pr&eacute;vu ce nouveau contrat depuis la saison derni&egrave;re. Malgr&eacute; l&rsquo;absence du mexicain Sergio P&eacute;rez sur la grille, la soci&eacute;t&eacute; CIE, organisatrice du Grand Prix, a pr&eacute;par&eacute; tous les d&eacute;tails depuis un an pour que le Mexique continue &agrave; accueillir la <a href=\"https:\/\/theplayoffs.news\/fr\/category\/formule-1\/\" class=\"trk-cta-link\" data-cta-trk='{\"ctaType\":\"Link\",\"ctaSubType\":\"main\"}'>Formule 1<\/a>.  <\/p><p>Il avait longtemps &eacute;t&eacute; sugg&eacute;r&eacute; que le Grand Prix du Mexique allait dispara&icirc;tre du calendrier en cas d&rsquo;absence de Sergio P&eacute;rez sur la grille. Selon cette m&ecirc;me soci&eacute;t&eacute;, le pilote mexicain a permis d&rsquo;&eacute;tablir un noyau solide de fans au Mexique, permettant ainsi &agrave; la course de toujours prosp&eacute;rer, m&ecirc;me s&rsquo;il est absent.<\/p><p>Apr&egrave;s avoir &eacute;t&eacute; lib&eacute;r&eacute; par Red Bull en fin de saison 2024, Sergio P&eacute;rez effectue une ann&eacute;e sabbatique dans l&rsquo;espoir de revenir sur la grille en 2026. Son nom est associ&eacute; &agrave; Cadillac, nouvelle &eacute;curie pr&eacute;sente la saison prochaine, m&ecirc;me si rien n&rsquo;est encore fait pour le mexicain. <\/p><p>Cr&eacute;dit photo : Jerome Miron &ndash; USA Today<\/p>\n","protected":false},"excerpt":{"rendered":"<p>Le Grand Prix du Mexique devrait rester au calendrier de la F1 avec une nouvelle prolongation de contrat en vue.<\/p>\n","protected":false},"author":180310178,"featured_media":1489562,"comment_status":"closed","ping_status":"closed","sticky":false,"template":"","format":"standard","meta":{"inline_featured_image":false,"kia_subtitle":"Le Grand Prix du Mexique devrait rester au calendrier de la F1 avec une nouvelle prolongation de contrat en vue.","_mux_skip_reasons":[],"proofreadBy":0,"footnotes":""},"categories":[8091],"tags":[8093,8369],"sport":[],"saison":[7475],"class_list":["post-1489555","post","type-post","status-publish","format-standard","has-post-thumbnail","hentry","category-formule-1","tag-f1","tag-grand-prix-du-mexique","saison-7475"],"acf":[],"yoast_head":"<!-- This site is optimized with the Yoast SEO plugin v24.2 - https:\/\/yoast.com\/wordpress\/plugins\/seo\/ -->\n<title>F1 : prolongation en vue pour le Grand Prix du Mexique - The Playoffs FR<\/title>\n<meta name=\"description\" content=\"Le Grand Prix du Mexique devrait rester au calendrier de la F1 avec une nouvelle prolongation de contrat en vue.\" \/>\n<meta name=\"robots\" content=\"index, follow, max-snippet:-1, max-image-preview:large, max-video-preview:-1\" \/>\n<link rel=\"canonical\" href=\"https:\/\/theplayoffs.news\/fr\/formule-1\/f1-prolongation-en-vue-pour-le-grand-prix-du-mexique\/\" \/>\n<meta property=\"og:locale\" content=\"fr_FR\" \/>\n<meta property=\"og:type\" content=\"article\" \/>\n<meta property=\"og:title\" content=\"F1 : prolongation en vue pour le Grand Prix du Mexique - The Playoffs FR\" \/>\n<meta property=\"og:description\" content=\"Le Grand Prix du Mexique devrait rester au calendrier de la F1 avec une nouvelle prolongation de contrat en vue.\" \/>\n<meta property=\"og:url\" content=\"https:\/\/theplayoffs.news\/fr\/formule-1\/f1-prolongation-en-vue-pour-le-grand-prix-du-mexique\/\" \/>\n<meta property=\"og:site_name\" content=\"The Playoffs FR\" \/>\n<meta property=\"article:publisher\" content=\"https:\/\/www.facebook.com\/TheFreeAgentFR\/\" \/>\n<meta property=\"article:modified_time\" content=\"2025-04-25T15:44:34+02:00\" \/>\n<meta property=\"og:image\" content=\"https:\/\/theplayoffs.news\/fr\/wp-content\/uploads\/2025\/04\/USATSI_24522079.jpg\" \/>\n\t<meta property=\"og:image:width\" content=\"1920\" \/>\n\t<meta property=\"og:image:height\" content=\"1280\" \/>\n\t<meta property=\"og:image:type\" content=\"image\/jpeg\" \/>\n<meta name=\"author\" content=\"Arthur Berlemont\" \/>\n<meta name=\"twitter:card\" content=\"summary_large_image\" \/>\n<meta name=\"twitter:creator\" content=\"@TheFreeAgentFR\" \/>\n<meta name=\"twitter:site\" content=\"@TheFreeAgentFR\" \/>\n<meta name=\"twitter:label1\" content=\"\u00c9crit par\" \/>\n\t<meta name=\"twitter:data1\" content=\"Arthur Berlemont\" \/>\n\t<meta name=\"twitter:label2\" content=\"Dur\u00e9e de lecture estim\u00e9e\" \/>\n\t<meta name=\"twitter:data2\" content=\"2 minutes\" \/>\n<script type=\"application\/ld+json\" class=\"yoast-schema-graph\">{\"@context\":\"https:\/\/schema.org\",\"@graph\":[{\"@type\":\"WebPage\",\"@id\":\"https:\/\/theplayoffs.news\/fr\/formule-1\/f1-prolongation-en-vue-pour-le-grand-prix-du-mexique\/\",\"url\":\"https:\/\/theplayoffs.news\/fr\/formule-1\/f1-prolongation-en-vue-pour-le-grand-prix-du-mexique\/\",\"name\":\"F1 : prolongation en vue pour le Grand Prix du Mexique - The Playoffs FR\",\"isPartOf\":{\"@id\":\"https:\/\/theplayoffs.news\/fr\/#website\"},\"primaryImageOfPage\":{\"@id\":\"https:\/\/theplayoffs.news\/fr\/formule-1\/f1-prolongation-en-vue-pour-le-grand-prix-du-mexique\/#primaryimage\"},\"image\":{\"@id\":\"https:\/\/theplayoffs.news\/fr\/formule-1\/f1-prolongation-en-vue-pour-le-grand-prix-du-mexique\/#primaryimage\"},\"thumbnailUrl\":\"https:\/\/theplayoffs.news\/fr\/wp-content\/uploads\/2025\/04\/USATSI_24522079.jpg\",\"datePublished\":\"2025-04-25T13:44:29+00:00\",\"dateModified\":\"2025-04-25T13:44:34+00:00\",\"author\":{\"@id\":\"https:\/\/theplayoffs.news\/fr\/#\/schema\/person\/b6b04a451dab03a5ab75cec8912e8942\"},\"description\":\"Le Grand Prix du Mexique devrait rester au calendrier de la F1 avec une nouvelle prolongation de contrat en vue.\",\"breadcrumb\":{\"@id\":\"https:\/\/theplayoffs.news\/fr\/formule-1\/f1-prolongation-en-vue-pour-le-grand-prix-du-mexique\/#breadcrumb\"},\"inLanguage\":\"fr-FR\",\"potentialAction\":[{\"@type\":\"ReadAction\",\"target\":[\"https:\/\/theplayoffs.news\/fr\/formule-1\/f1-prolongation-en-vue-pour-le-grand-prix-du-mexique\/\"]}]},{\"@type\":\"ImageObject\",\"inLanguage\":\"fr-FR\",\"@id\":\"https:\/\/theplayoffs.news\/fr\/formule-1\/f1-prolongation-en-vue-pour-le-grand-prix-du-mexique\/#primaryimage\",\"url\":\"https:\/\/theplayoffs.news\/fr\/wp-content\/uploads\/2025\/04\/USATSI_24522079.jpg\",\"contentUrl\":\"https:\/\/theplayoffs.news\/fr\/wp-content\/uploads\/2025\/04\/USATSI_24522079.jpg\",\"width\":1920,\"height\":1280,\"caption\":\"Oct 18, 2024; Austin, Texas, USA; Oracle Red Bull Racing driver Sergio Perez (11) of Team Mexico drives during practice for the 2024 US Grand Prix at Circuit of the Americas. Mandatory Credit: Jerome Miron-Imagn Images\"},{\"@type\":\"BreadcrumbList\",\"@id\":\"https:\/\/theplayoffs.news\/fr\/formule-1\/f1-prolongation-en-vue-pour-le-grand-prix-du-mexique\/#breadcrumb\",\"itemListElement\":[{\"@type\":\"ListItem\",\"position\":1,\"name\":\"Accueil\",\"item\":\"https:\/\/theplayoffs.news\/fr\/\"},{\"@type\":\"ListItem\",\"position\":2,\"name\":\"F1 : prolongation en vue pour le Grand Prix du Mexique\"}]},{\"@type\":\"WebSite\",\"@id\":\"https:\/\/theplayoffs.news\/fr\/#website\",\"url\":\"https:\/\/theplayoffs.news\/fr\/\",\"name\":\"The Playoffs FR\",\"description\":\"NBA-NFL-NHL-MLB\",\"potentialAction\":[{\"@type\":\"SearchAction\",\"target\":{\"@type\":\"EntryPoint\",\"urlTemplate\":\"https:\/\/theplayoffs.news\/fr\/?s={search_term_string}\"},\"query-input\":{\"@type\":\"PropertyValueSpecification\",\"valueRequired\":true,\"valueName\":\"search_term_string\"}}],\"inLanguage\":\"fr-FR\"},{\"@type\":\"Person\",\"@id\":\"https:\/\/theplayoffs.news\/fr\/#\/schema\/person\/b6b04a451dab03a5ab75cec8912e8942\",\"name\":\"Arthur Berlemont\",\"image\":{\"@type\":\"ImageObject\",\"inLanguage\":\"fr-FR\",\"@id\":\"https:\/\/theplayoffs.news\/fr\/#\/schema\/person\/image\/\",\"url\":\"https:\/\/secure.gravatar.com\/avatar\/19ddab1d62ab0a19b186b86cee130432b120dd6f085625a6a6757dd1aa90a5f3?s=96&d=mm&r=g\",\"contentUrl\":\"https:\/\/secure.gravatar.com\/avatar\/19ddab1d62ab0a19b186b86cee130432b120dd6f085625a6a6757dd1aa90a5f3?s=96&d=mm&r=g\",\"caption\":\"Arthur Berlemont\"},\"description\":\"Etudiant passionn\u00e9 de sport, avant tout m\u00e9caniques, j\\\\'ai d\u00e9couvert les sports US il y a quelques ann\u00e9es. J\\\\'ai tout de suite accroch\u00e9 pour la ville de Cincinnati et ses franchises de NFL et MLB. Aujourd\\\\'hui, je suis l\u00e0 par passion dans la r\u00e9daction d\\\\'articles sur divers sports que j\\\\'affectionne.\",\"url\":\"https:\/\/theplayoffs.news\/fr\/author\/arthur-berlemontgmail-com\/\"}]}<\/script>\n<!-- \/ Yoast SEO plugin. -->","yoast_head_json":{"title":"F1 : prolongation en vue pour le Grand Prix du Mexique - The Playoffs FR","description":"Le Grand Prix du Mexique devrait rester au calendrier de la F1 avec une nouvelle prolongation de contrat en vue.","robots":{"index":"index","follow":"follow","max-snippet":"max-snippet:-1","max-image-preview":"max-image-preview:large","max-video-preview":"max-video-preview:-1"},"canonical":"https:\/\/theplayoffs.news\/fr\/formule-1\/f1-prolongation-en-vue-pour-le-grand-prix-du-mexique\/","og_locale":"fr_FR","og_type":"article","og_title":"F1 : prolongation en vue pour le Grand Prix du Mexique - The Playoffs FR","og_description":"Le Grand Prix du Mexique devrait rester au calendrier de la F1 avec une nouvelle prolongation de contrat en vue.","og_url":"https:\/\/theplayoffs.news\/fr\/formule-1\/f1-prolongation-en-vue-pour-le-grand-prix-du-mexique\/","og_site_name":"The Playoffs FR","article_publisher":"https:\/\/www.facebook.com\/TheFreeAgentFR\/","article_modified_time":"2025-04-25T13:44:34+00:00","og_image":[{"width":1920,"height":1280,"url":"https:\/\/theplayoffs.news\/fr\/wp-content\/uploads\/2025\/04\/USATSI_24522079.jpg","type":"image\/jpeg"}],"author":"Arthur Berlemont","twitter_card":"summary_large_image","twitter_creator":"@TheFreeAgentFR","twitter_site":"@TheFreeAgentFR","twitter_misc":{"\u00c9crit par":"Arthur Berlemont","Dur\u00e9e de lecture estim\u00e9e":"2 minutes"},"schema":{"@context":"https:\/\/schema.org","@graph":[{"@type":"WebPage","@id":"https:\/\/theplayoffs.news\/fr\/formule-1\/f1-prolongation-en-vue-pour-le-grand-prix-du-mexique\/","url":"https:\/\/theplayoffs.news\/fr\/formule-1\/f1-prolongation-en-vue-pour-le-grand-prix-du-mexique\/","name":"F1 : prolongation en vue pour le Grand Prix du Mexique - The Playoffs FR","isPartOf":{"@id":"https:\/\/theplayoffs.news\/fr\/#website"},"primaryImageOfPage":{"@id":"https:\/\/theplayoffs.news\/fr\/formule-1\/f1-prolongation-en-vue-pour-le-grand-prix-du-mexique\/#primaryimage"},"image":{"@id":"https:\/\/theplayoffs.news\/fr\/formule-1\/f1-prolongation-en-vue-pour-le-grand-prix-du-mexique\/#primaryimage"},"thumbnailUrl":"https:\/\/theplayoffs.news\/fr\/wp-content\/uploads\/2025\/04\/USATSI_24522079.jpg","datePublished":"2025-04-25T13:44:29+00:00","dateModified":"2025-04-25T13:44:34+00:00","author":{"@id":"https:\/\/theplayoffs.news\/fr\/#\/schema\/person\/b6b04a451dab03a5ab75cec8912e8942"},"description":"Le Grand Prix du Mexique devrait rester au calendrier de la F1 avec une nouvelle prolongation de contrat en vue.","breadcrumb":{"@id":"https:\/\/theplayoffs.news\/fr\/formule-1\/f1-prolongation-en-vue-pour-le-grand-prix-du-mexique\/#breadcrumb"},"inLanguage":"fr-FR","potentialAction":[{"@type":"ReadAction","target":["https:\/\/theplayoffs.news\/fr\/formule-1\/f1-prolongation-en-vue-pour-le-grand-prix-du-mexique\/"]}]},{"@type":"ImageObject","inLanguage":"fr-FR","@id":"https:\/\/theplayoffs.news\/fr\/formule-1\/f1-prolongation-en-vue-pour-le-grand-prix-du-mexique\/#primaryimage","url":"https:\/\/theplayoffs.news\/fr\/wp-content\/uploads\/2025\/04\/USATSI_24522079.jpg","contentUrl":"https:\/\/theplayoffs.news\/fr\/wp-content\/uploads\/2025\/04\/USATSI_24522079.jpg","width":1920,"height":1280,"caption":"Oct 18, 2024; Austin, Texas, USA; Oracle Red Bull Racing driver Sergio Perez (11) of Team Mexico drives during practice for the 2024 US Grand Prix at Circuit of the Americas. Mandatory Credit: Jerome Miron-Imagn Images"},{"@type":"BreadcrumbList","@id":"https:\/\/theplayoffs.news\/fr\/formule-1\/f1-prolongation-en-vue-pour-le-grand-prix-du-mexique\/#breadcrumb","itemListElement":[{"@type":"ListItem","position":1,"name":"Accueil","item":"https:\/\/theplayoffs.news\/fr\/"},{"@type":"ListItem","position":2,"name":"F1 : prolongation en vue pour le Grand Prix du Mexique"}]},{"@type":"WebSite","@id":"https:\/\/theplayoffs.news\/fr\/#website","url":"https:\/\/theplayoffs.news\/fr\/","name":"The Playoffs FR","description":"NBA-NFL-NHL-MLB","potentialAction":[{"@type":"SearchAction","target":{"@type":"EntryPoint","urlTemplate":"https:\/\/theplayoffs.news\/fr\/?s={search_term_string}"},"query-input":{"@type":"PropertyValueSpecification","valueRequired":true,"valueName":"search_term_string"}}],"inLanguage":"fr-FR"},{"@type":"Person","@id":"https:\/\/theplayoffs.news\/fr\/#\/schema\/person\/b6b04a451dab03a5ab75cec8912e8942","name":"Arthur Berlemont","image":{"@type":"ImageObject","inLanguage":"fr-FR","@id":"https:\/\/theplayoffs.news\/fr\/#\/schema\/person\/image\/","url":"https:\/\/secure.gravatar.com\/avatar\/19ddab1d62ab0a19b186b86cee130432b120dd6f085625a6a6757dd1aa90a5f3?s=96&d=mm&r=g","contentUrl":"https:\/\/secure.gravatar.com\/avatar\/19ddab1d62ab0a19b186b86cee130432b120dd6f085625a6a6757dd1aa90a5f3?s=96&d=mm&r=g","caption":"Arthur Berlemont"},"description":"Etudiant passionn\u00e9 de sport, avant tout m\u00e9caniques, j\\'ai d\u00e9couvert les sports US il y a quelques ann\u00e9es. J\\'ai tout de suite accroch\u00e9 pour la ville de Cincinnati et ses franchises de NFL et MLB. Aujourd\\'hui, je suis l\u00e0 par passion dans la r\u00e9daction d\\'articles sur divers sports que j\\'affectionne.","url":"https:\/\/theplayoffs.news\/fr\/author\/arthur-berlemontgmail-com\/"}]}},"_links":{"self":[{"href":"https:\/\/theplayoffs.news\/fr\/wp-json\/wp\/v2\/posts\/1489555","targetHints":{"allow":["GET"]}}],"collection":[{"href":"https:\/\/theplayoffs.news\/fr\/wp-json\/wp\/v2\/posts"}],"about":[{"href":"https:\/\/theplayoffs.news\/fr\/wp-json\/wp\/v2\/types\/post"}],"author":[{"embeddable":true,"href":"https:\/\/theplayoffs.news\/fr\/wp-json\/wp\/v2\/users\/180310178"}],"replies":[{"embeddable":true,"href":"https:\/\/theplayoffs.news\/fr\/wp-json\/wp\/v2\/comments?post=1489555"}],"version-history":[{"count":1,"href":"https:\/\/theplayoffs.news\/fr\/wp-json\/wp\/v2\/posts\/1489555\/revisions"}],"predecessor-version":[{"id":1489563,"href":"https:\/\/theplayoffs.news\/fr\/wp-json\/wp\/v2\/posts\/1489555\/revisions\/1489563"}],"wp:featuredmedia":[{"embeddable":true,"href":"https:\/\/theplayoffs.news\/fr\/wp-json\/wp\/v2\/media\/1489562"}],"wp:attachment":[{"href":"https:\/\/theplayoffs.news\/fr\/wp-json\/wp\/v2\/media?parent=1489555"}],"wp:term":[{"taxonomy":"category","embeddable":true,"href":"https:\/\/theplayoffs.news\/fr\/wp-json\/wp\/v2\/categories?post=1489555"},{"taxonomy":"post_tag","embeddable":true,"href":"https:\/\/theplayoffs.news\/fr\/wp-json\/wp\/v2\/tags?post=1489555"},{"taxonomy":"sport","embeddable":true,"href":"https:\/\/theplayoffs.news\/fr\/wp-json\/wp\/v2\/sport?post=1489555"},{"taxonomy":"saison","embeddable":true,"href":"https:\/\/theplayoffs.news\/fr\/wp-json\/wp\/v2\/saison?post=1489555"}],"curies":[{"name":"wp","href":"https:\/\/api.w.org\/{rel}","templated":true}]}}