{"id":1489395,"date":"2025-04-24T18:24:06","date_gmt":"2025-04-24T16:24:06","guid":{"rendered":"https:\/\/theplayoffs.news\/fr\/uncategorized\/\/"},"modified":"2025-05-05T18:04:41","modified_gmt":"2025-05-05T16:04:41","slug":"nba-draft-2025-nolan-traore-officiellement-inscrit","status":"publish","type":"post","link":"https:\/\/theplayoffs.news\/fr\/actualite-nba\/nba-draft-2025-nolan-traore-officiellement-inscrit\/","title":{"rendered":"NBA Draft 2025 : Nolan Traore officiellement inscrit !"},"content":{"rendered":"<p>Attendu au 1er tour depuis pr&egrave;s d&rsquo;un an gr&acirc;ce &agrave; ses performances au P&ocirc;le France puis en Betclic ELITE, Nolan Traore a indiqu&eacute; jeudi &agrave; nos confr&egrave;res d&rsquo;ESPN s&rsquo;&ecirc;tre inscrit &agrave; la prochaine Draft. Une d&eacute;cision largement attendue pour le natif de Cr&eacute;teil, dont le potentiel intrigue depuis plusieurs ann&eacute;es d&eacute;j&agrave;.<\/p><p>Auteur de prestations exceptionnelles en Nationale 1 sous le maillot du Centre F&eacute;d&eacute;ral, Nolan Traore avait rejoint Saint-Quentin en cours de saison 2023-2024. Rapidement install&eacute; dans le collectif de <strong>Julien Mah&eacute;<\/strong> avant de se voir propuls&eacute; titulaire et de briller de mille feux en Playoffs (25 points lors du match retour du 1er tour face &agrave; l&rsquo;Asvel), le fr&egrave;re d&rsquo;Armel Traore s&rsquo;&eacute;tait r&eacute;engag&eacute; aupr&egrave;s du SQBB lors de l&rsquo;intersaison. L&rsquo;occasion de se montrer au plus haut niveau national avant de rejoindre la <strong><a href=\"https:\/\/theplayoffs.news\/fr\/category\/nba\/\" target=\"_blank\" rel=\"noreferrer noopener\" class=\"trk-cta-link\" data-cta-trk='{\"ctaType\":\"Link\",\"ctaSubType\":\"main\"}'>NBA<\/a><\/strong>.<\/p><figure class=\"wp-block-embed is-type-rich is-provider-twitter wp-block-embed-twitter\"><div class=\"wp-block-embed__wrapper\">\n<blockquote class=\"twitter-tweet\" data-width=\"500\" data-dnt=\"true\"><p lang=\"en\" dir=\"ltr\">Another exceptional performance for 17-year old Nolan Traore in the French playoffs. 25 points, 7 assists in 29 minutes versus Euroleague team Asvel. Projected top-10 pick in the 2025 NBA draft. <a href=\"https:\/\/t.co\/jx16lFjpxA\" class=\"trk-cta-link\" data-cta-trk='{\"ctaType\":\"Link\",\"ctaSubType\":\"main\"}'>pic.twitter.com\/jx16lFjpxA<\/a><\/p>&mdash; Jonathan Givony (@DraftExpress) <a href=\"https:\/\/twitter.com\/DraftExpress\/status\/1792301461746958692?ref_src=twsrc%5Etfw\" class=\"trk-cta-link\" data-cta-trk='{\"ctaType\":\"Link\",\"ctaSubType\":\"main\"}'>May 19, 2024<\/a><\/blockquote><script async src=\"https:\/\/platform.twitter.com\/widgets.js\" charset=\"utf-8\"><\/script>\n<\/div><\/figure><p>Annonc&eacute; Top 5 voire Top 3 l&rsquo;an dernier au sortir d&rsquo;un Nike Hoop Summit de toute beaut&eacute; (18 points et 5 passes d&eacute;cisives face &agrave; <strong>Cooper Flagg<\/strong> et <strong>Ace Bailey<\/strong>) suivi de coups d&rsquo;&eacute;clat &agrave; l&rsquo;Adidas NextGen Tournament (45 pts notamment contre le FC Barcelone), <strong>Nolan Traore<\/strong> a vu sa cote chuter ces derniers mois. Moins flamboyant qu&rsquo;attendu avec le SQBB cette saison (11,5 points et 4,9 assists en 23 minutes), le meneur vit une ann&eacute;e en dents de scie sur le plan individuel, g&ecirc;n&eacute; par un manque de progr&egrave;s au shoot et des limites dans la prise de d&eacute;cision. Une situation dont le Fran&ccedil;ais a pleinement conscience, mais qui pourrait lui permettre d&rsquo;aborder sereinement la suite.<\/p><blockquote class=\"wp-block-quote is-layout-flow wp-block-quote-is-layout-flow\">\n<p>&laquo;&nbsp;Cette saison a &eacute;t&eacute; un vrai challenge jusqu&rsquo;ici. Et cela a fait de moi un meilleur joueur, plus dur. La NBA ne sera pas de tout repos non plus, donc je pense que ce que j&rsquo;ai v&eacute;cu en France me sera utile.&nbsp;&raquo;<\/p>\n<\/blockquote><p><strong>Lire aussi :<\/strong><\/p><p><a href=\"https:\/\/theplayoffs.news\/fr\/actualite-nba\/rudy-gobert-pris-pour-cible-le-pari-perdant-des-lakers\/\" class=\"trk-cta-link\" data-cta-trk='{\"ctaType\":\"Link\",\"ctaSubType\":\"main\"}'>Rudy Gobert pris pour cible: le pari perdant des Lakers !<\/a><\/p><p><a href=\"https:\/\/theplayoffs.news\/fr\/actualite-nba\/en-vacances-au-costa-rica-victor-wembanyama-apercu-en-train-de-jouer-au-foot\/\" class=\"trk-cta-link\" data-cta-trk='{\"ctaType\":\"Link\",\"ctaSubType\":\"main\"}'>En vacances au Costa Rica, Victor Wembanyama aper&ccedil;u en train de jouer au foot &ndash; The Playoffs<\/a><\/p><p>Projet&eacute; au 18&egrave;me rang par ESPN lors de la prochaine Draft, Nolan Traore vise, au-del&agrave; du N&deg; avec lequel il sera appel&eacute; par Adam Silver, un contexte propice &agrave; son d&eacute;veloppement.<\/p><blockquote class=\"wp-block-quote is-layout-flow wp-block-quote-is-layout-flow\">\n<p>&laquo;&nbsp;Je veux le meilleur environnement possible. Celui qui me permettra d&rsquo;avoir du temps de jeu imm&eacute;diatement.&nbsp;&raquo; Avant de conclure, confiant. &laquo;&nbsp;Je suis pr&ecirc;t pour ce challenge.&nbsp;&raquo;<\/p>\n<\/blockquote><p>Esp&eacute;rons pour le meneur tricolore que la franchise qui le retiendra lui offrira, &agrave; l&rsquo;instar d&rsquo;Alex Sarr cette saison du c&ocirc;t&eacute; des Wizards, les responsabilit&eacute;s et les minutes n&eacute;cessaires &agrave; son &eacute;panouissement. La Draft NBA 2025 se tiendra les 25 et 26 juin prochain au Barclays Center de Brooklyn.<\/p><p>Credit : FIBA<\/p>\n","protected":false},"excerpt":{"rendered":"","protected":false},"author":180310263,"featured_media":1489396,"comment_status":"closed","ping_status":"closed","sticky":false,"template":"","format":"standard","meta":{"inline_featured_image":false,"kia_subtitle":"","_mux_skip_reasons":[],"proofreadBy":0,"footnotes":""},"categories":[110,8414,8408],"tags":[7824,7511,1620,7866],"sport":[2783],"saison":[],"class_list":["post-1489395","post","type-post","status-publish","format-standard","has-post-thumbnail","hentry","category-actualite-nba","category-basketball-sports","category-sports","tag-ace-bailey","tag-cooper-flagg","tag-draft-nba","tag-nolan-traore","sport-nba"],"acf":[],"yoast_head":"<!-- This site is optimized with the Yoast SEO plugin v24.2 - https:\/\/yoast.com\/wordpress\/plugins\/seo\/ -->\n<title>NBA Draft 2025 : Nolan Traore officiellement inscrit !<\/title>\n<meta name=\"description\" content=\"Consid&eacute;r&eacute; comme l&#039;un des tous meilleurs prospects europ&eacute;ens, Nolan Traore a inscrit son nom &agrave; la Draft NBA 2025 ce jeudi.\" \/>\n<meta name=\"robots\" content=\"index, follow, max-snippet:-1, max-image-preview:large, max-video-preview:-1\" \/>\n<link rel=\"canonical\" href=\"https:\/\/theplayoffs.news\/fr\/actualite-nba\/nba-draft-2025-nolan-traore-officiellement-inscrit\/\" \/>\n<meta property=\"og:locale\" content=\"fr_FR\" \/>\n<meta property=\"og:type\" content=\"article\" \/>\n<meta property=\"og:title\" content=\"NBA Draft 2025 : Nolan Traore officiellement inscrit !\" \/>\n<meta property=\"og:description\" content=\"Consid&eacute;r&eacute; comme l&#039;un des tous meilleurs prospects europ&eacute;ens, Nolan Traore a inscrit son nom &agrave; la Draft NBA 2025 ce jeudi.\" \/>\n<meta property=\"og:url\" content=\"https:\/\/theplayoffs.news\/fr\/actualite-nba\/nba-draft-2025-nolan-traore-officiellement-inscrit\/\" \/>\n<meta property=\"og:site_name\" content=\"The Playoffs FR\" \/>\n<meta property=\"article:publisher\" content=\"https:\/\/www.facebook.com\/TheFreeAgentFR\/\" \/>\n<meta property=\"article:modified_time\" content=\"2025-05-05T18:04:41+02:00\" \/>\n<meta property=\"og:image\" content=\"https:\/\/theplayoffs.news\/fr\/wp-content\/uploads\/2025\/04\/Nolan-Traoree.jpg\" \/>\n\t<meta property=\"og:image:width\" content=\"1920\" \/>\n\t<meta property=\"og:image:height\" content=\"1281\" \/>\n\t<meta property=\"og:image:type\" content=\"image\/jpeg\" \/>\n<meta name=\"author\" content=\"Maxime Bodilis\" \/>\n<meta name=\"twitter:card\" content=\"summary_large_image\" \/>\n<meta name=\"twitter:creator\" content=\"@TheFreeAgentFR\" \/>\n<meta name=\"twitter:site\" content=\"@TheFreeAgentFR\" \/>\n<meta name=\"twitter:label1\" content=\"\u00c9crit par\" \/>\n\t<meta name=\"twitter:data1\" content=\"Maxime Bodilis\" \/>\n\t<meta name=\"twitter:label2\" content=\"Dur\u00e9e de lecture estim\u00e9e\" \/>\n\t<meta name=\"twitter:data2\" content=\"3 minutes\" \/>\n<script type=\"application\/ld+json\" class=\"yoast-schema-graph\">{\"@context\":\"https:\/\/schema.org\",\"@graph\":[{\"@type\":\"WebPage\",\"@id\":\"https:\/\/theplayoffs.news\/fr\/actualite-nba\/nba-draft-2025-nolan-traore-officiellement-inscrit\/\",\"url\":\"https:\/\/theplayoffs.news\/fr\/actualite-nba\/nba-draft-2025-nolan-traore-officiellement-inscrit\/\",\"name\":\"NBA Draft 2025 : Nolan Traore officiellement inscrit !\",\"isPartOf\":{\"@id\":\"https:\/\/theplayoffs.news\/fr\/#website\"},\"primaryImageOfPage\":{\"@id\":\"https:\/\/theplayoffs.news\/fr\/actualite-nba\/nba-draft-2025-nolan-traore-officiellement-inscrit\/#primaryimage\"},\"image\":{\"@id\":\"https:\/\/theplayoffs.news\/fr\/actualite-nba\/nba-draft-2025-nolan-traore-officiellement-inscrit\/#primaryimage\"},\"thumbnailUrl\":\"https:\/\/theplayoffs.news\/fr\/wp-content\/uploads\/2025\/04\/Nolan-Traoree.jpg\",\"datePublished\":\"2025-04-24T16:24:06+00:00\",\"dateModified\":\"2025-05-05T16:04:41+00:00\",\"author\":{\"@id\":\"https:\/\/theplayoffs.news\/fr\/#\/schema\/person\/d871768c70a3f830131ee72b74bbd11d\"},\"description\":\"Consid\u00e9r\u00e9 comme l\\\\'un des tous meilleurs prospects europ\u00e9ens, Nolan Traore a inscrit son nom \u00e0 la Draft NBA 2025 ce jeudi.\",\"breadcrumb\":{\"@id\":\"https:\/\/theplayoffs.news\/fr\/actualite-nba\/nba-draft-2025-nolan-traore-officiellement-inscrit\/#breadcrumb\"},\"inLanguage\":\"fr-FR\",\"potentialAction\":[{\"@type\":\"ReadAction\",\"target\":[\"https:\/\/theplayoffs.news\/fr\/actualite-nba\/nba-draft-2025-nolan-traore-officiellement-inscrit\/\"]}]},{\"@type\":\"ImageObject\",\"inLanguage\":\"fr-FR\",\"@id\":\"https:\/\/theplayoffs.news\/fr\/actualite-nba\/nba-draft-2025-nolan-traore-officiellement-inscrit\/#primaryimage\",\"url\":\"https:\/\/theplayoffs.news\/fr\/wp-content\/uploads\/2025\/04\/Nolan-Traoree.jpg\",\"contentUrl\":\"https:\/\/theplayoffs.news\/fr\/wp-content\/uploads\/2025\/04\/Nolan-Traoree.jpg\",\"width\":1920,\"height\":1281,\"caption\":\"Nolan Traore\"},{\"@type\":\"BreadcrumbList\",\"@id\":\"https:\/\/theplayoffs.news\/fr\/actualite-nba\/nba-draft-2025-nolan-traore-officiellement-inscrit\/#breadcrumb\",\"itemListElement\":[{\"@type\":\"ListItem\",\"position\":1,\"name\":\"Accueil\",\"item\":\"https:\/\/theplayoffs.news\/fr\/\"},{\"@type\":\"ListItem\",\"position\":2,\"name\":\"NBA Draft 2025 : Nolan Traore officiellement inscrit !\"}]},{\"@type\":\"WebSite\",\"@id\":\"https:\/\/theplayoffs.news\/fr\/#website\",\"url\":\"https:\/\/theplayoffs.news\/fr\/\",\"name\":\"The Playoffs FR\",\"description\":\"NBA-NFL-NHL-MLB\",\"potentialAction\":[{\"@type\":\"SearchAction\",\"target\":{\"@type\":\"EntryPoint\",\"urlTemplate\":\"https:\/\/theplayoffs.news\/fr\/?s={search_term_string}\"},\"query-input\":{\"@type\":\"PropertyValueSpecification\",\"valueRequired\":true,\"valueName\":\"search_term_string\"}}],\"inLanguage\":\"fr-FR\"},{\"@type\":\"Person\",\"@id\":\"https:\/\/theplayoffs.news\/fr\/#\/schema\/person\/d871768c70a3f830131ee72b74bbd11d\",\"name\":\"Maxime Bodilis\",\"image\":{\"@type\":\"ImageObject\",\"inLanguage\":\"fr-FR\",\"@id\":\"https:\/\/theplayoffs.news\/fr\/#\/schema\/person\/image\/\",\"url\":\"https:\/\/secure.gravatar.com\/avatar\/5e151acde6515a05571e0035bf803336362ba4f5e565dba89323f14d014ea180?s=96&d=mm&r=g\",\"contentUrl\":\"https:\/\/secure.gravatar.com\/avatar\/5e151acde6515a05571e0035bf803336362ba4f5e565dba89323f14d014ea180?s=96&d=mm&r=g\",\"caption\":\"Maxime Bodilis\"},\"description\":\"R\u00e9dac\\\\' Chef \u00ab Basket \u00bb charg\u00e9 de la qualit\u00e9 des contenus et du respect de notre ligne \u00e9ditoriale. Ancien joueur de la SIG Strasbourg reconverti dans le journalisme. Pass\u00e9 par les centres de formation BeBasket, Reverse et Skweek avant de rejoindre The Playoffs. Biberonn\u00e9 aux dunks de Shawn Kemp et aux duels Pau-Limoges. Fan inconditionnel de Damian Lillard et Laurent Sciarra. Les highlights de Wemby illuminent mes journ\u00e9es. Et le shoot de Diamantidis continue de hanter mes nuits.\",\"sameAs\":[\"https:\/\/www.linkedin.com\/in\/maxime-bodilis-766a04153\/\"],\"url\":\"https:\/\/theplayoffs.news\/fr\/author\/maximebodilis\/\"}]}<\/script>\n<!-- \/ Yoast SEO plugin. -->","yoast_head_json":{"title":"NBA Draft 2025 : Nolan Traore officiellement inscrit !","description":"Consid&eacute;r&eacute; comme l&#039;un des tous meilleurs prospects europ&eacute;ens, Nolan Traore a inscrit son nom &agrave; la Draft NBA 2025 ce jeudi.","robots":{"index":"index","follow":"follow","max-snippet":"max-snippet:-1","max-image-preview":"max-image-preview:large","max-video-preview":"max-video-preview:-1"},"canonical":"https:\/\/theplayoffs.news\/fr\/actualite-nba\/nba-draft-2025-nolan-traore-officiellement-inscrit\/","og_locale":"fr_FR","og_type":"article","og_title":"NBA Draft 2025 : Nolan Traore officiellement inscrit !","og_description":"Consid&eacute;r&eacute; comme l&#039;un des tous meilleurs prospects europ&eacute;ens, Nolan Traore a inscrit son nom &agrave; la Draft NBA 2025 ce jeudi.","og_url":"https:\/\/theplayoffs.news\/fr\/actualite-nba\/nba-draft-2025-nolan-traore-officiellement-inscrit\/","og_site_name":"The Playoffs FR","article_publisher":"https:\/\/www.facebook.com\/TheFreeAgentFR\/","article_modified_time":"2025-05-05T16:04:41+00:00","og_image":[{"width":1920,"height":1281,"url":"https:\/\/theplayoffs.news\/fr\/wp-content\/uploads\/2025\/04\/Nolan-Traoree.jpg","type":"image\/jpeg"}],"author":"Maxime Bodilis","twitter_card":"summary_large_image","twitter_creator":"@TheFreeAgentFR","twitter_site":"@TheFreeAgentFR","twitter_misc":{"\u00c9crit par":"Maxime Bodilis","Dur\u00e9e de lecture estim\u00e9e":"3 minutes"},"schema":{"@context":"https:\/\/schema.org","@graph":[{"@type":"WebPage","@id":"https:\/\/theplayoffs.news\/fr\/actualite-nba\/nba-draft-2025-nolan-traore-officiellement-inscrit\/","url":"https:\/\/theplayoffs.news\/fr\/actualite-nba\/nba-draft-2025-nolan-traore-officiellement-inscrit\/","name":"NBA Draft 2025 : Nolan Traore officiellement inscrit !","isPartOf":{"@id":"https:\/\/theplayoffs.news\/fr\/#website"},"primaryImageOfPage":{"@id":"https:\/\/theplayoffs.news\/fr\/actualite-nba\/nba-draft-2025-nolan-traore-officiellement-inscrit\/#primaryimage"},"image":{"@id":"https:\/\/theplayoffs.news\/fr\/actualite-nba\/nba-draft-2025-nolan-traore-officiellement-inscrit\/#primaryimage"},"thumbnailUrl":"https:\/\/theplayoffs.news\/fr\/wp-content\/uploads\/2025\/04\/Nolan-Traoree.jpg","datePublished":"2025-04-24T16:24:06+00:00","dateModified":"2025-05-05T16:04:41+00:00","author":{"@id":"https:\/\/theplayoffs.news\/fr\/#\/schema\/person\/d871768c70a3f830131ee72b74bbd11d"},"description":"Consid\u00e9r\u00e9 comme l\\'un des tous meilleurs prospects europ\u00e9ens, Nolan Traore a inscrit son nom \u00e0 la Draft NBA 2025 ce jeudi.","breadcrumb":{"@id":"https:\/\/theplayoffs.news\/fr\/actualite-nba\/nba-draft-2025-nolan-traore-officiellement-inscrit\/#breadcrumb"},"inLanguage":"fr-FR","potentialAction":[{"@type":"ReadAction","target":["https:\/\/theplayoffs.news\/fr\/actualite-nba\/nba-draft-2025-nolan-traore-officiellement-inscrit\/"]}]},{"@type":"ImageObject","inLanguage":"fr-FR","@id":"https:\/\/theplayoffs.news\/fr\/actualite-nba\/nba-draft-2025-nolan-traore-officiellement-inscrit\/#primaryimage","url":"https:\/\/theplayoffs.news\/fr\/wp-content\/uploads\/2025\/04\/Nolan-Traoree.jpg","contentUrl":"https:\/\/theplayoffs.news\/fr\/wp-content\/uploads\/2025\/04\/Nolan-Traoree.jpg","width":1920,"height":1281,"caption":"Nolan Traore"},{"@type":"BreadcrumbList","@id":"https:\/\/theplayoffs.news\/fr\/actualite-nba\/nba-draft-2025-nolan-traore-officiellement-inscrit\/#breadcrumb","itemListElement":[{"@type":"ListItem","position":1,"name":"Accueil","item":"https:\/\/theplayoffs.news\/fr\/"},{"@type":"ListItem","position":2,"name":"NBA Draft 2025 : Nolan Traore officiellement inscrit !"}]},{"@type":"WebSite","@id":"https:\/\/theplayoffs.news\/fr\/#website","url":"https:\/\/theplayoffs.news\/fr\/","name":"The Playoffs FR","description":"NBA-NFL-NHL-MLB","potentialAction":[{"@type":"SearchAction","target":{"@type":"EntryPoint","urlTemplate":"https:\/\/theplayoffs.news\/fr\/?s={search_term_string}"},"query-input":{"@type":"PropertyValueSpecification","valueRequired":true,"valueName":"search_term_string"}}],"inLanguage":"fr-FR"},{"@type":"Person","@id":"https:\/\/theplayoffs.news\/fr\/#\/schema\/person\/d871768c70a3f830131ee72b74bbd11d","name":"Maxime Bodilis","image":{"@type":"ImageObject","inLanguage":"fr-FR","@id":"https:\/\/theplayoffs.news\/fr\/#\/schema\/person\/image\/","url":"https:\/\/secure.gravatar.com\/avatar\/5e151acde6515a05571e0035bf803336362ba4f5e565dba89323f14d014ea180?s=96&d=mm&r=g","contentUrl":"https:\/\/secure.gravatar.com\/avatar\/5e151acde6515a05571e0035bf803336362ba4f5e565dba89323f14d014ea180?s=96&d=mm&r=g","caption":"Maxime Bodilis"},"description":"R\u00e9dac\\' Chef \u00ab Basket \u00bb charg\u00e9 de la qualit\u00e9 des contenus et du respect de notre ligne \u00e9ditoriale. Ancien joueur de la SIG Strasbourg reconverti dans le journalisme. Pass\u00e9 par les centres de formation BeBasket, Reverse et Skweek avant de rejoindre The Playoffs. Biberonn\u00e9 aux dunks de Shawn Kemp et aux duels Pau-Limoges. Fan inconditionnel de Damian Lillard et Laurent Sciarra. Les highlights de Wemby illuminent mes journ\u00e9es. Et le shoot de Diamantidis continue de hanter mes nuits.","sameAs":["https:\/\/www.linkedin.com\/in\/maxime-bodilis-766a04153\/"],"url":"https:\/\/theplayoffs.news\/fr\/author\/maximebodilis\/"}]}},"_links":{"self":[{"href":"https:\/\/theplayoffs.news\/fr\/wp-json\/wp\/v2\/posts\/1489395","targetHints":{"allow":["GET"]}}],"collection":[{"href":"https:\/\/theplayoffs.news\/fr\/wp-json\/wp\/v2\/posts"}],"about":[{"href":"https:\/\/theplayoffs.news\/fr\/wp-json\/wp\/v2\/types\/post"}],"author":[{"embeddable":true,"href":"https:\/\/theplayoffs.news\/fr\/wp-json\/wp\/v2\/users\/180310263"}],"replies":[{"embeddable":true,"href":"https:\/\/theplayoffs.news\/fr\/wp-json\/wp\/v2\/comments?post=1489395"}],"version-history":[{"count":2,"href":"https:\/\/theplayoffs.news\/fr\/wp-json\/wp\/v2\/posts\/1489395\/revisions"}],"predecessor-version":[{"id":1489399,"href":"https:\/\/theplayoffs.news\/fr\/wp-json\/wp\/v2\/posts\/1489395\/revisions\/1489399"}],"wp:featuredmedia":[{"embeddable":true,"href":"https:\/\/theplayoffs.news\/fr\/wp-json\/wp\/v2\/media\/1489396"}],"wp:attachment":[{"href":"https:\/\/theplayoffs.news\/fr\/wp-json\/wp\/v2\/media?parent=1489395"}],"wp:term":[{"taxonomy":"category","embeddable":true,"href":"https:\/\/theplayoffs.news\/fr\/wp-json\/wp\/v2\/categories?post=1489395"},{"taxonomy":"post_tag","embeddable":true,"href":"https:\/\/theplayoffs.news\/fr\/wp-json\/wp\/v2\/tags?post=1489395"},{"taxonomy":"sport","embeddable":true,"href":"https:\/\/theplayoffs.news\/fr\/wp-json\/wp\/v2\/sport?post=1489395"},{"taxonomy":"saison","embeddable":true,"href":"https:\/\/theplayoffs.news\/fr\/wp-json\/wp\/v2\/saison?post=1489395"}],"curies":[{"name":"wp","href":"https:\/\/api.w.org\/{rel}","templated":true}]}}