{"id":1489390,"date":"2025-04-24T17:00:42","date_gmt":"2025-04-24T15:00:42","guid":{"rendered":"https:\/\/theplayoffs.news\/fr\/uncategorized\/\/"},"modified":"2025-05-05T18:04:41","modified_gmt":"2025-05-05T16:04:41","slug":"en-vacances-au-costa-rica-victor-wembanyama-apercu-en-train-de-jouer-au-foot","status":"publish","type":"post","link":"https:\/\/theplayoffs.news\/fr\/actualite-nba\/en-vacances-au-costa-rica-victor-wembanyama-apercu-en-train-de-jouer-au-foot\/","title":{"rendered":"En vacances au Costa Rica, Victor Wembanyama aper\u00e7u en train de jouer au foot"},"content":{"rendered":"<p>Les vacances de Victor Wembanyama ont l&rsquo;air de plut&ocirc;t bien se passer. <\/p><p>Actuellement au Costa Rica, Wemby profite de son intersaison pour r&eacute;cup&eacute;rer de sa blessure &agrave; l&rsquo;&eacute;paule subie apr&egrave;s le All-Star Game. Il a &eacute;t&eacute; aper&ccedil;u ballon en main entrain de s&rsquo;entrainer mais aussi aujourd&rsquo;hui avec un ballon&hellip;au pied. <\/p><figure class=\"wp-block-embed is-type-rich is-provider-twitter wp-block-embed-twitter\"><div class=\"wp-block-embed__wrapper\">\n<blockquote class=\"twitter-tweet\" data-width=\"500\" data-dnt=\"true\"><p lang=\"ca\" dir=\"ltr\">En vacances au Costa Rica, Victor Wembanyama joue au foot <a href=\"https:\/\/t.co\/TFU57s1k8I\" class=\"trk-cta-link\" data-cta-trk='{\"ctaType\":\"Link\",\"ctaSubType\":\"main\"}'>pic.twitter.com\/TFU57s1k8I<\/a><\/p>&mdash; The Playoffs FR (@ThePlayoffsFR) <a href=\"https:\/\/twitter.com\/ThePlayoffsFR\/status\/1915417880629317963?ref_src=twsrc%5Etfw\" class=\"trk-cta-link\" data-cta-trk='{\"ctaType\":\"Link\",\"ctaSubType\":\"main\"}'>April 24, 2025<\/a><\/blockquote><script async src=\"https:\/\/platform.twitter.com\/widgets.js\" charset=\"utf-8\"><\/script>\n<\/div><\/figure><p>Ces images donnent d&eacute;j&agrave; un premier avis sur son &eacute;tat de sant&eacute;. Victor Wembanyama  a sans doute d&eacute;j&agrave; re&ccedil;u l&rsquo;autorisation de reprendre les activit&eacute;s physiques deux mois apr&egrave;s la d&eacute;couverte de sa thrombose &agrave; l&rsquo;&eacute;paule. <\/p><p>Il y a quelques jours de cela, Victor avait fait le point sur sa r&eacute;cup&eacute;ration, d&eacute;clarant ne pas vouloir prendre de risque ni br&ucirc;ler les &eacute;tapes :<\/p><p><em>&laquo; Je ne sais pas si c&rsquo;est r&eacute;aliste, il y a beaucoup d&rsquo;incertitudes. Se projeter ne serait pas du tout pertinent. J&rsquo;ai bien &eacute;videmment la volont&eacute; de faire toutes les comp&eacute;titions avec l&rsquo;&eacute;quipe de France &raquo;, rapporte&nbsp;<\/em><a href=\"https:\/\/x.com\/TheoQuintard\/status\/1911488520960819339\" target=\"_blank\" rel=\"noreferrer noopener\" class=\"trk-cta-link\" data-cta-trk='{\"ctaType\":\"Link\",\"ctaSubType\":\"main\"}'>Th&eacute;o Quintard<\/a><em>.<\/em><\/p><p>Sa volont&eacute; de participer &agrave; l&rsquo;EuroBasket fin Aout va sans doute se heurter &agrave; sa r&eacute;cup&eacute;ration compl&egrave;te. Mais Wemby se laisse le temps encore de prendre sa d&eacute;cision pour ne pas compromettre la saison 2025-26 de NBA des Spurs. <\/p><p><\/p><p><em>Credit Photo: Scott Wachter-Imagn Images<\/em><\/p>\n","protected":false},"excerpt":{"rendered":"","protected":false},"author":13,"featured_media":1489391,"comment_status":"closed","ping_status":"closed","sticky":false,"template":"","format":"standard","meta":{"inline_featured_image":false,"kia_subtitle":"","_mux_skip_reasons":[],"proofreadBy":0,"footnotes":""},"categories":[110,8414,10,8408],"tags":[1194],"sport":[],"saison":[],"class_list":["post-1489390","post","type-post","status-publish","format-standard","has-post-thumbnail","hentry","category-actualite-nba","category-basketball-sports","category-nba","category-sports","tag-victor-wembanyama"],"acf":[],"yoast_head":"<!-- This site is optimized with the Yoast SEO plugin v24.2 - https:\/\/yoast.com\/wordpress\/plugins\/seo\/ -->\n<title>En vacances au Costa Rica, Victor Wembanyama aper&ccedil;u en train de jouer au foot - The Playoffs FR<\/title>\n<meta name=\"robots\" content=\"index, follow, max-snippet:-1, max-image-preview:large, max-video-preview:-1\" \/>\n<link rel=\"canonical\" href=\"https:\/\/theplayoffs.news\/fr\/actualite-nba\/en-vacances-au-costa-rica-victor-wembanyama-apercu-en-train-de-jouer-au-foot\/\" \/>\n<meta property=\"og:locale\" content=\"fr_FR\" \/>\n<meta property=\"og:type\" content=\"article\" \/>\n<meta property=\"og:title\" content=\"En vacances au Costa Rica, Victor Wembanyama aper&ccedil;u en train de jouer au foot - The Playoffs FR\" \/>\n<meta property=\"og:url\" content=\"https:\/\/theplayoffs.news\/fr\/actualite-nba\/en-vacances-au-costa-rica-victor-wembanyama-apercu-en-train-de-jouer-au-foot\/\" \/>\n<meta property=\"og:site_name\" content=\"The Playoffs FR\" \/>\n<meta property=\"article:publisher\" content=\"https:\/\/www.facebook.com\/TheFreeAgentFR\/\" \/>\n<meta property=\"article:modified_time\" content=\"2025-05-05T18:04:41+02:00\" \/>\n<meta property=\"og:image\" content=\"https:\/\/theplayoffs.news\/fr\/wp-content\/uploads\/2025\/04\/USATSI_25922236.jpg\" \/>\n\t<meta property=\"og:image:width\" content=\"1920\" \/>\n\t<meta property=\"og:image:height\" content=\"1280\" \/>\n\t<meta property=\"og:image:type\" content=\"image\/jpeg\" \/>\n<meta name=\"author\" content=\"Charles Taudin\" \/>\n<meta name=\"twitter:card\" content=\"summary_large_image\" \/>\n<meta name=\"twitter:creator\" content=\"@TheFreeAgentFR\" \/>\n<meta name=\"twitter:site\" content=\"@TheFreeAgentFR\" \/>\n<meta name=\"twitter:label1\" content=\"\u00c9crit par\" \/>\n\t<meta name=\"twitter:data1\" content=\"Charles Taudin\" \/>\n\t<meta name=\"twitter:label2\" content=\"Dur\u00e9e de lecture estim\u00e9e\" \/>\n\t<meta name=\"twitter:data2\" content=\"2 minutes\" \/>\n<script type=\"application\/ld+json\" class=\"yoast-schema-graph\">{\"@context\":\"https:\/\/schema.org\",\"@graph\":[{\"@type\":\"WebPage\",\"@id\":\"https:\/\/theplayoffs.news\/fr\/actualite-nba\/en-vacances-au-costa-rica-victor-wembanyama-apercu-en-train-de-jouer-au-foot\/\",\"url\":\"https:\/\/theplayoffs.news\/fr\/actualite-nba\/en-vacances-au-costa-rica-victor-wembanyama-apercu-en-train-de-jouer-au-foot\/\",\"name\":\"En vacances au Costa Rica, Victor Wembanyama aper\u00e7u en train de jouer au foot - The Playoffs FR\",\"isPartOf\":{\"@id\":\"https:\/\/theplayoffs.news\/fr\/#website\"},\"primaryImageOfPage\":{\"@id\":\"https:\/\/theplayoffs.news\/fr\/actualite-nba\/en-vacances-au-costa-rica-victor-wembanyama-apercu-en-train-de-jouer-au-foot\/#primaryimage\"},\"image\":{\"@id\":\"https:\/\/theplayoffs.news\/fr\/actualite-nba\/en-vacances-au-costa-rica-victor-wembanyama-apercu-en-train-de-jouer-au-foot\/#primaryimage\"},\"thumbnailUrl\":\"https:\/\/theplayoffs.news\/fr\/wp-content\/uploads\/2025\/04\/USATSI_25922236.jpg\",\"datePublished\":\"2025-04-24T15:00:42+00:00\",\"dateModified\":\"2025-05-05T16:04:41+00:00\",\"author\":{\"@id\":\"https:\/\/theplayoffs.news\/fr\/#\/schema\/person\/eee5b69ad5d3c51cabe881c839dbe133\"},\"breadcrumb\":{\"@id\":\"https:\/\/theplayoffs.news\/fr\/actualite-nba\/en-vacances-au-costa-rica-victor-wembanyama-apercu-en-train-de-jouer-au-foot\/#breadcrumb\"},\"inLanguage\":\"fr-FR\",\"potentialAction\":[{\"@type\":\"ReadAction\",\"target\":[\"https:\/\/theplayoffs.news\/fr\/actualite-nba\/en-vacances-au-costa-rica-victor-wembanyama-apercu-en-train-de-jouer-au-foot\/\"]}]},{\"@type\":\"ImageObject\",\"inLanguage\":\"fr-FR\",\"@id\":\"https:\/\/theplayoffs.news\/fr\/actualite-nba\/en-vacances-au-costa-rica-victor-wembanyama-apercu-en-train-de-jouer-au-foot\/#primaryimage\",\"url\":\"https:\/\/theplayoffs.news\/fr\/wp-content\/uploads\/2025\/04\/USATSI_25922236.jpg\",\"contentUrl\":\"https:\/\/theplayoffs.news\/fr\/wp-content\/uploads\/2025\/04\/USATSI_25922236.jpg\",\"width\":1920,\"height\":1280,\"caption\":\"Apr 13, 2025; San Antonio, Texas, USA; San Antonio Spurs center Victor Wembanyama (1) plays around with a ball in celebration of Fan Appreciation Day after a victory over the Toronto Raptors at Frost Bank Center. Mandatory Credit: Scott Wachter-Imagn Images\"},{\"@type\":\"BreadcrumbList\",\"@id\":\"https:\/\/theplayoffs.news\/fr\/actualite-nba\/en-vacances-au-costa-rica-victor-wembanyama-apercu-en-train-de-jouer-au-foot\/#breadcrumb\",\"itemListElement\":[{\"@type\":\"ListItem\",\"position\":1,\"name\":\"Accueil\",\"item\":\"https:\/\/theplayoffs.news\/fr\/\"},{\"@type\":\"ListItem\",\"position\":2,\"name\":\"En vacances au Costa Rica, Victor Wembanyama aper\u00e7u en train de jouer au foot\"}]},{\"@type\":\"WebSite\",\"@id\":\"https:\/\/theplayoffs.news\/fr\/#website\",\"url\":\"https:\/\/theplayoffs.news\/fr\/\",\"name\":\"The Playoffs FR\",\"description\":\"NBA-NFL-NHL-MLB\",\"potentialAction\":[{\"@type\":\"SearchAction\",\"target\":{\"@type\":\"EntryPoint\",\"urlTemplate\":\"https:\/\/theplayoffs.news\/fr\/?s={search_term_string}\"},\"query-input\":{\"@type\":\"PropertyValueSpecification\",\"valueRequired\":true,\"valueName\":\"search_term_string\"}}],\"inLanguage\":\"fr-FR\"},{\"@type\":\"Person\",\"@id\":\"https:\/\/theplayoffs.news\/fr\/#\/schema\/person\/eee5b69ad5d3c51cabe881c839dbe133\",\"name\":\"Charles Taudin\",\"image\":{\"@type\":\"ImageObject\",\"inLanguage\":\"fr-FR\",\"@id\":\"https:\/\/theplayoffs.news\/fr\/#\/schema\/person\/image\/\",\"url\":\"https:\/\/secure.gravatar.com\/avatar\/59a1e772205ce9fd255edfcafc93013736822e20261f294c5753b20c41ede9f2?s=96&d=mm&r=g\",\"contentUrl\":\"https:\/\/secure.gravatar.com\/avatar\/59a1e772205ce9fd255edfcafc93013736822e20261f294c5753b20c41ede9f2?s=96&d=mm&r=g\",\"caption\":\"Charles Taudin\"},\"description\":\"R\u00e9dacteur en chef global de The Playoffs, j\u2019ai cr\u00e9\u00e9 The Free Agent, devenu The Playoffs FR, en 2020 durant la pand\u00e9mie. Amoureux depuis des ann\u00e9es des 4 sports majeurs am\u00e9ricains, j\u2019organise maintenant la strat\u00e9gie \u00e9ditoriale et les r\u00e9seaux sociaux de l\u2019ensemble des versions de The Playoffs. Il m\u2019arrive encore d\u2019\u00e9crire sur certains sports que j\u2019affectionne particuli\u00e8rement comme la NFL ou la MLB. Si vous devez retenir qu\u2019une chose : Eli Manning est le vrai GOAT pour avoir battu deux fois Tom Brady.\",\"sameAs\":[\"https:\/\/www.instagram.com\/ctaudin_\/\"],\"url\":\"https:\/\/theplayoffs.news\/fr\/author\/charles-taudin\/\"}]}<\/script>\n<!-- \/ Yoast SEO plugin. -->","yoast_head_json":{"title":"En vacances au Costa Rica, Victor Wembanyama aper&ccedil;u en train de jouer au foot - The Playoffs FR","robots":{"index":"index","follow":"follow","max-snippet":"max-snippet:-1","max-image-preview":"max-image-preview:large","max-video-preview":"max-video-preview:-1"},"canonical":"https:\/\/theplayoffs.news\/fr\/actualite-nba\/en-vacances-au-costa-rica-victor-wembanyama-apercu-en-train-de-jouer-au-foot\/","og_locale":"fr_FR","og_type":"article","og_title":"En vacances au Costa Rica, Victor Wembanyama aper&ccedil;u en train de jouer au foot - The Playoffs FR","og_url":"https:\/\/theplayoffs.news\/fr\/actualite-nba\/en-vacances-au-costa-rica-victor-wembanyama-apercu-en-train-de-jouer-au-foot\/","og_site_name":"The Playoffs FR","article_publisher":"https:\/\/www.facebook.com\/TheFreeAgentFR\/","article_modified_time":"2025-05-05T16:04:41+00:00","og_image":[{"width":1920,"height":1280,"url":"https:\/\/theplayoffs.news\/fr\/wp-content\/uploads\/2025\/04\/USATSI_25922236.jpg","type":"image\/jpeg"}],"author":"Charles Taudin","twitter_card":"summary_large_image","twitter_creator":"@TheFreeAgentFR","twitter_site":"@TheFreeAgentFR","twitter_misc":{"\u00c9crit par":"Charles Taudin","Dur\u00e9e de lecture estim\u00e9e":"2 minutes"},"schema":{"@context":"https:\/\/schema.org","@graph":[{"@type":"WebPage","@id":"https:\/\/theplayoffs.news\/fr\/actualite-nba\/en-vacances-au-costa-rica-victor-wembanyama-apercu-en-train-de-jouer-au-foot\/","url":"https:\/\/theplayoffs.news\/fr\/actualite-nba\/en-vacances-au-costa-rica-victor-wembanyama-apercu-en-train-de-jouer-au-foot\/","name":"En vacances au Costa Rica, Victor Wembanyama aper\u00e7u en train de jouer au foot - The Playoffs FR","isPartOf":{"@id":"https:\/\/theplayoffs.news\/fr\/#website"},"primaryImageOfPage":{"@id":"https:\/\/theplayoffs.news\/fr\/actualite-nba\/en-vacances-au-costa-rica-victor-wembanyama-apercu-en-train-de-jouer-au-foot\/#primaryimage"},"image":{"@id":"https:\/\/theplayoffs.news\/fr\/actualite-nba\/en-vacances-au-costa-rica-victor-wembanyama-apercu-en-train-de-jouer-au-foot\/#primaryimage"},"thumbnailUrl":"https:\/\/theplayoffs.news\/fr\/wp-content\/uploads\/2025\/04\/USATSI_25922236.jpg","datePublished":"2025-04-24T15:00:42+00:00","dateModified":"2025-05-05T16:04:41+00:00","author":{"@id":"https:\/\/theplayoffs.news\/fr\/#\/schema\/person\/eee5b69ad5d3c51cabe881c839dbe133"},"breadcrumb":{"@id":"https:\/\/theplayoffs.news\/fr\/actualite-nba\/en-vacances-au-costa-rica-victor-wembanyama-apercu-en-train-de-jouer-au-foot\/#breadcrumb"},"inLanguage":"fr-FR","potentialAction":[{"@type":"ReadAction","target":["https:\/\/theplayoffs.news\/fr\/actualite-nba\/en-vacances-au-costa-rica-victor-wembanyama-apercu-en-train-de-jouer-au-foot\/"]}]},{"@type":"ImageObject","inLanguage":"fr-FR","@id":"https:\/\/theplayoffs.news\/fr\/actualite-nba\/en-vacances-au-costa-rica-victor-wembanyama-apercu-en-train-de-jouer-au-foot\/#primaryimage","url":"https:\/\/theplayoffs.news\/fr\/wp-content\/uploads\/2025\/04\/USATSI_25922236.jpg","contentUrl":"https:\/\/theplayoffs.news\/fr\/wp-content\/uploads\/2025\/04\/USATSI_25922236.jpg","width":1920,"height":1280,"caption":"Apr 13, 2025; San Antonio, Texas, USA; San Antonio Spurs center Victor Wembanyama (1) plays around with a ball in celebration of Fan Appreciation Day after a victory over the Toronto Raptors at Frost Bank Center. Mandatory Credit: Scott Wachter-Imagn Images"},{"@type":"BreadcrumbList","@id":"https:\/\/theplayoffs.news\/fr\/actualite-nba\/en-vacances-au-costa-rica-victor-wembanyama-apercu-en-train-de-jouer-au-foot\/#breadcrumb","itemListElement":[{"@type":"ListItem","position":1,"name":"Accueil","item":"https:\/\/theplayoffs.news\/fr\/"},{"@type":"ListItem","position":2,"name":"En vacances au Costa Rica, Victor Wembanyama aper\u00e7u en train de jouer au foot"}]},{"@type":"WebSite","@id":"https:\/\/theplayoffs.news\/fr\/#website","url":"https:\/\/theplayoffs.news\/fr\/","name":"The Playoffs FR","description":"NBA-NFL-NHL-MLB","potentialAction":[{"@type":"SearchAction","target":{"@type":"EntryPoint","urlTemplate":"https:\/\/theplayoffs.news\/fr\/?s={search_term_string}"},"query-input":{"@type":"PropertyValueSpecification","valueRequired":true,"valueName":"search_term_string"}}],"inLanguage":"fr-FR"},{"@type":"Person","@id":"https:\/\/theplayoffs.news\/fr\/#\/schema\/person\/eee5b69ad5d3c51cabe881c839dbe133","name":"Charles Taudin","image":{"@type":"ImageObject","inLanguage":"fr-FR","@id":"https:\/\/theplayoffs.news\/fr\/#\/schema\/person\/image\/","url":"https:\/\/secure.gravatar.com\/avatar\/59a1e772205ce9fd255edfcafc93013736822e20261f294c5753b20c41ede9f2?s=96&d=mm&r=g","contentUrl":"https:\/\/secure.gravatar.com\/avatar\/59a1e772205ce9fd255edfcafc93013736822e20261f294c5753b20c41ede9f2?s=96&d=mm&r=g","caption":"Charles Taudin"},"description":"R\u00e9dacteur en chef global de The Playoffs, j\u2019ai cr\u00e9\u00e9 The Free Agent, devenu The Playoffs FR, en 2020 durant la pand\u00e9mie. Amoureux depuis des ann\u00e9es des 4 sports majeurs am\u00e9ricains, j\u2019organise maintenant la strat\u00e9gie \u00e9ditoriale et les r\u00e9seaux sociaux de l\u2019ensemble des versions de The Playoffs. Il m\u2019arrive encore d\u2019\u00e9crire sur certains sports que j\u2019affectionne particuli\u00e8rement comme la NFL ou la MLB. Si vous devez retenir qu\u2019une chose : Eli Manning est le vrai GOAT pour avoir battu deux fois Tom Brady.","sameAs":["https:\/\/www.instagram.com\/ctaudin_\/"],"url":"https:\/\/theplayoffs.news\/fr\/author\/charles-taudin\/"}]}},"_links":{"self":[{"href":"https:\/\/theplayoffs.news\/fr\/wp-json\/wp\/v2\/posts\/1489390","targetHints":{"allow":["GET"]}}],"collection":[{"href":"https:\/\/theplayoffs.news\/fr\/wp-json\/wp\/v2\/posts"}],"about":[{"href":"https:\/\/theplayoffs.news\/fr\/wp-json\/wp\/v2\/types\/post"}],"author":[{"embeddable":true,"href":"https:\/\/theplayoffs.news\/fr\/wp-json\/wp\/v2\/users\/13"}],"replies":[{"embeddable":true,"href":"https:\/\/theplayoffs.news\/fr\/wp-json\/wp\/v2\/comments?post=1489390"}],"version-history":[{"count":1,"href":"https:\/\/theplayoffs.news\/fr\/wp-json\/wp\/v2\/posts\/1489390\/revisions"}],"predecessor-version":[{"id":1489392,"href":"https:\/\/theplayoffs.news\/fr\/wp-json\/wp\/v2\/posts\/1489390\/revisions\/1489392"}],"wp:featuredmedia":[{"embeddable":true,"href":"https:\/\/theplayoffs.news\/fr\/wp-json\/wp\/v2\/media\/1489391"}],"wp:attachment":[{"href":"https:\/\/theplayoffs.news\/fr\/wp-json\/wp\/v2\/media?parent=1489390"}],"wp:term":[{"taxonomy":"category","embeddable":true,"href":"https:\/\/theplayoffs.news\/fr\/wp-json\/wp\/v2\/categories?post=1489390"},{"taxonomy":"post_tag","embeddable":true,"href":"https:\/\/theplayoffs.news\/fr\/wp-json\/wp\/v2\/tags?post=1489390"},{"taxonomy":"sport","embeddable":true,"href":"https:\/\/theplayoffs.news\/fr\/wp-json\/wp\/v2\/sport?post=1489390"},{"taxonomy":"saison","embeddable":true,"href":"https:\/\/theplayoffs.news\/fr\/wp-json\/wp\/v2\/saison?post=1489390"}],"curies":[{"name":"wp","href":"https:\/\/api.w.org\/{rel}","templated":true}]}}