{"id":1489220,"date":"2025-04-23T11:39:40","date_gmt":"2025-04-23T09:39:40","guid":{"rendered":"https:\/\/theplayoffs.news\/fr\/uncategorized\/\/"},"modified":"2025-05-05T18:04:46","modified_gmt":"2025-05-05T16:04:46","slug":"jj-redick-sur-son-coup-de-sang-face-aux-wolves-il-fallait-creer-une-reaction","status":"publish","type":"post","link":"https:\/\/theplayoffs.news\/fr\/actualite-nba\/jj-redick-sur-son-coup-de-sang-face-aux-wolves-il-fallait-creer-une-reaction\/","title":{"rendered":"JJ Redick sur son coup de sang face aux Wolves : \u00ab\u00a0il fallait cr\u00e9er une r\u00e9action\u00a0\u00bb"},"content":{"rendered":"<p>Les Lakers ont largement domin&eacute; les Wolves (94-85) dans la roue d&rsquo;un excellent <strong>Luka Doncic<\/strong> (31 points, 12 rebonds et 9 passes) mardi sur leur parquet. Aux commandes du match de bout en bout, les Angelinos ont dispos&eacute; sans trembler d&rsquo;une &eacute;quipe de Minnesota m&eacute;connaissable par rapport au Game 1 (victoire 117-95). Pour autant <strong>JJ Redick<\/strong>, le coach de L.A., n&rsquo;a pas h&eacute;sit&eacute; &agrave; houspiller ses joueurs sans m&eacute;nagement au coeur du 3&egrave;me quart-temps pour stopper la remont&eacute;e au score de Minny, pass&eacute; de 22 points de retards &agrave; 11 longueurs seulement en pr&egrave;s de 5 minutes.<\/p><figure class=\"wp-block-embed is-type-rich is-provider-twitter wp-block-embed-twitter\"><div class=\"wp-block-embed__wrapper\">\n<blockquote class=\"twitter-tweet\" data-width=\"500\" data-dnt=\"true\"><p lang=\"en\" dir=\"ltr\">\"Jesus f*cking Christ, the f*ck are you guys doing? Come on!\"<br><br>JJ Redick lit into the Lakers during a timeout in the 3rd quarter &#128563;<a href=\"https:\/\/t.co\/AgJkSUUt1V\" class=\"trk-cta-link\" data-cta-trk='{\"ctaType\":\"Link\",\"ctaSubType\":\"main\"}'>pic.twitter.com\/AgJkSUUt1V<\/a><\/p>&mdash; ClutchPoints (@ClutchPoints) <a href=\"https:\/\/twitter.com\/ClutchPoints\/status\/1914900392271396959?ref_src=twsrc%5Etfw\" class=\"trk-cta-link\" data-cta-trk='{\"ctaType\":\"Link\",\"ctaSubType\":\"main\"}'>April 23, 2025<\/a><\/blockquote><script async src=\"https:\/\/platform.twitter.com\/widgets.js\" charset=\"utf-8\"><\/script>\n<\/div><\/figure><p>Remont&eacute; comme un coucou, le regard noir, l&rsquo;ancienne g&acirc;chette de Duke a encha&icirc;n&eacute; les noms d&rsquo;oiseaux pour r&eacute;veiller ses prot&eacute;g&eacute;s. Une tirade pour le moins inhabituelle sur laquelle <strong><a href=\"https:\/\/www.basketball-reference.com\/players\/r\/redicjj01.html\" target=\"_blank\" rel=\"noreferrer noopener\" class=\"trk-cta-link\" data-cta-trk='{\"ctaType\":\"Link\",\"ctaSubType\":\"main\"}'>JJ Redick<\/a><\/strong> est revenu apr&egrave;s le match.<\/p><blockquote class=\"wp-block-quote is-layout-flow wp-block-quote-is-layout-flow\">\n<p>&laquo;&nbsp;Ce n&rsquo;est pas quelque chose que j&rsquo;aime faire. Et ce n&rsquo;est pas une pratique dans laquelle je me sens particuli&egrave;rement &agrave; l&rsquo;aise. Mais je crois que ce soir, il fallait cr&eacute;er une r&eacute;action.&nbsp;&raquo;<\/p>\n<\/blockquote><p><strong>Lire aussi :<\/strong><\/p><p><a href=\"https:\/\/theplayoffs.news\/fr\/actualite-nba\/playoffs-nba-2025-les-lakers-simposent-et-recollent-dans-la-serie-face-aux-timberwolves\/\" class=\"trk-cta-link\" data-cta-trk='{\"ctaType\":\"Link\",\"ctaSubType\":\"main\"}'>Playoffs NBA 2025 : Les Lakers s&rsquo;imposent et recollent dans la s&eacute;rie face aux Timberwolves &ndash; The Playoffs<\/a><\/p><p><a href=\"https:\/\/theplayoffs.news\/fr\/actualite-nba\/payton-pritchard-elu-sixieme-homme-de-lannee-en-nba\/\" class=\"trk-cta-link\" data-cta-trk='{\"ctaType\":\"Link\",\"ctaSubType\":\"main\"}'>Payton Pritchard &eacute;lu Sixi&egrave;me Homme de l&rsquo;Ann&eacute;e en NBA &ndash; The Playoffs<\/a><\/p><p>Au-del&agrave; de ses mots forts prononc&eacute;s &agrave; l&rsquo;endroit de ses joueurs, <strong>JJ Redick<\/strong> est aussi revenu sur un &eacute;l&eacute;ment important de la rencontre pour expliquer la belle victoire des Purple &amp; Gold. <\/p><blockquote class=\"wp-block-quote is-layout-flow wp-block-quote-is-layout-flow\">\n<p>&laquo;&nbsp;On jou&eacute; physique ce soir. Et je crois que les Playoffs <a href=\"https:\/\/theplayoffs.news\/fr\/category\/nba\/\" target=\"_blank\" rel=\"noreferrer noopener\" class=\"trk-cta-link\" data-cta-trk='{\"ctaType\":\"Link\",\"ctaSubType\":\"main\"}'>NBA<\/a> requi&egrave;rent un autre niveau d&rsquo;intensit&eacute;. Comme je le disais, il nous a fallu 2 quart-temps et demi pour atteindre ce niveau de duret&eacute; lors du Game 1.&nbsp;&raquo;<\/p>\n<\/blockquote><p>Les Lakers ont montr&eacute; un tout autre visage mardi et ont parfaitement r&eacute;ussi &agrave; faire d&eacute;jouer les Wolves en r&eacute;alisant notamment un gros travail d&eacute;fensif qui leur a permis de limiter les co&eacute;quipiers de <strong>Rudy Gobert<\/strong> &agrave; 85 petits points inscrits, soit leur plus faible total de points depuis le 4 d&eacute;cembre dernier. Un exploit que les hommes de <strong>JJ Redick<\/strong> devront reproduire d&egrave;s vendredi dans le Minnesota lors du Game 3<\/p><p>Credit : &copy; Kiyoshi Mio-Imagn Images<\/p>\n","protected":false},"excerpt":{"rendered":"","protected":false},"author":180310263,"featured_media":1489225,"comment_status":"closed","ping_status":"closed","sticky":false,"template":"","format":"standard","meta":{"inline_featured_image":false,"kia_subtitle":"","_mux_skip_reasons":[],"proofreadBy":0,"footnotes":""},"categories":[110,8414,8408],"tags":[779,116,117,545,516],"sport":[2783],"saison":[],"class_list":["post-1489220","post","type-post","status-publish","format-standard","has-post-thumbnail","hentry","category-actualite-nba","category-basketball-sports","category-sports","tag-jj-redick","tag-lebron-james","tag-los-angeles-lakers","tag-luka-doncic","tag-rudy-gobert","sport-nba"],"acf":[],"yoast_head":"<!-- This site is optimized with the Yoast SEO plugin v24.2 - https:\/\/yoast.com\/wordpress\/plugins\/seo\/ -->\n<title>JJ Redick sur son coup de sang : &quot;il fallait cr&eacute;er une r&eacute;action&quot;<\/title>\n<meta name=\"description\" content=\"JJ Redick a trouv&eacute; la bonne formule pour permettre aux Lakers de l&#039;emporter face aux Wolves mardi. Et les bons mots.\" \/>\n<meta name=\"robots\" content=\"index, follow, max-snippet:-1, max-image-preview:large, max-video-preview:-1\" \/>\n<link rel=\"canonical\" href=\"https:\/\/theplayoffs.news\/fr\/actualite-nba\/jj-redick-sur-son-coup-de-sang-face-aux-wolves-il-fallait-creer-une-reaction\/\" \/>\n<meta property=\"og:locale\" content=\"fr_FR\" \/>\n<meta property=\"og:type\" content=\"article\" \/>\n<meta property=\"og:title\" content=\"JJ Redick sur son coup de sang : &quot;il fallait cr&eacute;er une r&eacute;action&quot;\" \/>\n<meta property=\"og:description\" content=\"JJ Redick a trouv&eacute; la bonne formule pour permettre aux Lakers de l&#039;emporter face aux Wolves mardi. Et les bons mots.\" \/>\n<meta property=\"og:url\" content=\"https:\/\/theplayoffs.news\/fr\/actualite-nba\/jj-redick-sur-son-coup-de-sang-face-aux-wolves-il-fallait-creer-une-reaction\/\" \/>\n<meta property=\"og:site_name\" content=\"The Playoffs FR\" \/>\n<meta property=\"article:publisher\" content=\"https:\/\/www.facebook.com\/TheFreeAgentFR\/\" \/>\n<meta property=\"article:modified_time\" content=\"2025-05-05T18:04:46+02:00\" \/>\n<meta property=\"og:image\" content=\"https:\/\/theplayoffs.news\/fr\/wp-content\/uploads\/2025\/04\/USATSI_25990412-1.jpg\" \/>\n\t<meta property=\"og:image:width\" content=\"1920\" \/>\n\t<meta property=\"og:image:height\" content=\"1280\" \/>\n\t<meta property=\"og:image:type\" content=\"image\/jpeg\" \/>\n<meta name=\"author\" content=\"Maxime Bodilis\" \/>\n<meta name=\"twitter:card\" content=\"summary_large_image\" \/>\n<meta name=\"twitter:creator\" content=\"@TheFreeAgentFR\" \/>\n<meta name=\"twitter:site\" content=\"@TheFreeAgentFR\" \/>\n<meta name=\"twitter:label1\" content=\"\u00c9crit par\" \/>\n\t<meta name=\"twitter:data1\" content=\"Maxime Bodilis\" \/>\n\t<meta name=\"twitter:label2\" content=\"Dur\u00e9e de lecture estim\u00e9e\" \/>\n\t<meta name=\"twitter:data2\" content=\"2 minutes\" \/>\n<script type=\"application\/ld+json\" class=\"yoast-schema-graph\">{\"@context\":\"https:\/\/schema.org\",\"@graph\":[{\"@type\":\"WebPage\",\"@id\":\"https:\/\/theplayoffs.news\/fr\/actualite-nba\/jj-redick-sur-son-coup-de-sang-face-aux-wolves-il-fallait-creer-une-reaction\/\",\"url\":\"https:\/\/theplayoffs.news\/fr\/actualite-nba\/jj-redick-sur-son-coup-de-sang-face-aux-wolves-il-fallait-creer-une-reaction\/\",\"name\":\"JJ Redick sur son coup de sang : \\\\\\\"il fallait cr\u00e9er une r\u00e9action\\\\\\\"\",\"isPartOf\":{\"@id\":\"https:\/\/theplayoffs.news\/fr\/#website\"},\"primaryImageOfPage\":{\"@id\":\"https:\/\/theplayoffs.news\/fr\/actualite-nba\/jj-redick-sur-son-coup-de-sang-face-aux-wolves-il-fallait-creer-une-reaction\/#primaryimage\"},\"image\":{\"@id\":\"https:\/\/theplayoffs.news\/fr\/actualite-nba\/jj-redick-sur-son-coup-de-sang-face-aux-wolves-il-fallait-creer-une-reaction\/#primaryimage\"},\"thumbnailUrl\":\"https:\/\/theplayoffs.news\/fr\/wp-content\/uploads\/2025\/04\/USATSI_25990412-1.jpg\",\"datePublished\":\"2025-04-23T09:39:40+00:00\",\"dateModified\":\"2025-05-05T16:04:46+00:00\",\"author\":{\"@id\":\"https:\/\/theplayoffs.news\/fr\/#\/schema\/person\/d871768c70a3f830131ee72b74bbd11d\"},\"description\":\"JJ Redick a trouv\u00e9 la bonne formule pour permettre aux Lakers de l\\\\'emporter face aux Wolves mardi. Et les bons mots.\",\"breadcrumb\":{\"@id\":\"https:\/\/theplayoffs.news\/fr\/actualite-nba\/jj-redick-sur-son-coup-de-sang-face-aux-wolves-il-fallait-creer-une-reaction\/#breadcrumb\"},\"inLanguage\":\"fr-FR\",\"potentialAction\":[{\"@type\":\"ReadAction\",\"target\":[\"https:\/\/theplayoffs.news\/fr\/actualite-nba\/jj-redick-sur-son-coup-de-sang-face-aux-wolves-il-fallait-creer-une-reaction\/\"]}]},{\"@type\":\"ImageObject\",\"inLanguage\":\"fr-FR\",\"@id\":\"https:\/\/theplayoffs.news\/fr\/actualite-nba\/jj-redick-sur-son-coup-de-sang-face-aux-wolves-il-fallait-creer-une-reaction\/#primaryimage\",\"url\":\"https:\/\/theplayoffs.news\/fr\/wp-content\/uploads\/2025\/04\/USATSI_25990412-1.jpg\",\"contentUrl\":\"https:\/\/theplayoffs.news\/fr\/wp-content\/uploads\/2025\/04\/USATSI_25990412-1.jpg\",\"width\":1920,\"height\":1280,\"caption\":\"JJ Redick Lakers NBA\"},{\"@type\":\"BreadcrumbList\",\"@id\":\"https:\/\/theplayoffs.news\/fr\/actualite-nba\/jj-redick-sur-son-coup-de-sang-face-aux-wolves-il-fallait-creer-une-reaction\/#breadcrumb\",\"itemListElement\":[{\"@type\":\"ListItem\",\"position\":1,\"name\":\"Accueil\",\"item\":\"https:\/\/theplayoffs.news\/fr\/\"},{\"@type\":\"ListItem\",\"position\":2,\"name\":\"JJ Redick sur son coup de sang face aux Wolves : \u00ab\u00a0il fallait cr\u00e9er une r\u00e9action\u00a0\u00bb\"}]},{\"@type\":\"WebSite\",\"@id\":\"https:\/\/theplayoffs.news\/fr\/#website\",\"url\":\"https:\/\/theplayoffs.news\/fr\/\",\"name\":\"The Playoffs FR\",\"description\":\"NBA-NFL-NHL-MLB\",\"potentialAction\":[{\"@type\":\"SearchAction\",\"target\":{\"@type\":\"EntryPoint\",\"urlTemplate\":\"https:\/\/theplayoffs.news\/fr\/?s={search_term_string}\"},\"query-input\":{\"@type\":\"PropertyValueSpecification\",\"valueRequired\":true,\"valueName\":\"search_term_string\"}}],\"inLanguage\":\"fr-FR\"},{\"@type\":\"Person\",\"@id\":\"https:\/\/theplayoffs.news\/fr\/#\/schema\/person\/d871768c70a3f830131ee72b74bbd11d\",\"name\":\"Maxime Bodilis\",\"image\":{\"@type\":\"ImageObject\",\"inLanguage\":\"fr-FR\",\"@id\":\"https:\/\/theplayoffs.news\/fr\/#\/schema\/person\/image\/\",\"url\":\"https:\/\/secure.gravatar.com\/avatar\/5e151acde6515a05571e0035bf803336362ba4f5e565dba89323f14d014ea180?s=96&d=mm&r=g\",\"contentUrl\":\"https:\/\/secure.gravatar.com\/avatar\/5e151acde6515a05571e0035bf803336362ba4f5e565dba89323f14d014ea180?s=96&d=mm&r=g\",\"caption\":\"Maxime Bodilis\"},\"description\":\"R\u00e9dac\\\\' Chef \u00ab Basket \u00bb charg\u00e9 de la qualit\u00e9 des contenus et du respect de notre ligne \u00e9ditoriale. Ancien joueur de la SIG Strasbourg reconverti dans le journalisme. Pass\u00e9 par les centres de formation BeBasket, Reverse et Skweek avant de rejoindre The Playoffs. Biberonn\u00e9 aux dunks de Shawn Kemp et aux duels Pau-Limoges. Fan inconditionnel de Damian Lillard et Laurent Sciarra. Les highlights de Wemby illuminent mes journ\u00e9es. Et le shoot de Diamantidis continue de hanter mes nuits.\",\"sameAs\":[\"https:\/\/www.linkedin.com\/in\/maxime-bodilis-766a04153\/\"],\"url\":\"https:\/\/theplayoffs.news\/fr\/author\/maximebodilis\/\"}]}<\/script>\n<!-- \/ Yoast SEO plugin. -->","yoast_head_json":{"title":"JJ Redick sur son coup de sang : &quot;il fallait cr&eacute;er une r&eacute;action&quot;","description":"JJ Redick a trouv&eacute; la bonne formule pour permettre aux Lakers de l&#039;emporter face aux Wolves mardi. Et les bons mots.","robots":{"index":"index","follow":"follow","max-snippet":"max-snippet:-1","max-image-preview":"max-image-preview:large","max-video-preview":"max-video-preview:-1"},"canonical":"https:\/\/theplayoffs.news\/fr\/actualite-nba\/jj-redick-sur-son-coup-de-sang-face-aux-wolves-il-fallait-creer-une-reaction\/","og_locale":"fr_FR","og_type":"article","og_title":"JJ Redick sur son coup de sang : &quot;il fallait cr&eacute;er une r&eacute;action&quot;","og_description":"JJ Redick a trouv&eacute; la bonne formule pour permettre aux Lakers de l&#039;emporter face aux Wolves mardi. Et les bons mots.","og_url":"https:\/\/theplayoffs.news\/fr\/actualite-nba\/jj-redick-sur-son-coup-de-sang-face-aux-wolves-il-fallait-creer-une-reaction\/","og_site_name":"The Playoffs FR","article_publisher":"https:\/\/www.facebook.com\/TheFreeAgentFR\/","article_modified_time":"2025-05-05T16:04:46+00:00","og_image":[{"width":1920,"height":1280,"url":"https:\/\/theplayoffs.news\/fr\/wp-content\/uploads\/2025\/04\/USATSI_25990412-1.jpg","type":"image\/jpeg"}],"author":"Maxime Bodilis","twitter_card":"summary_large_image","twitter_creator":"@TheFreeAgentFR","twitter_site":"@TheFreeAgentFR","twitter_misc":{"\u00c9crit par":"Maxime Bodilis","Dur\u00e9e de lecture estim\u00e9e":"2 minutes"},"schema":{"@context":"https:\/\/schema.org","@graph":[{"@type":"WebPage","@id":"https:\/\/theplayoffs.news\/fr\/actualite-nba\/jj-redick-sur-son-coup-de-sang-face-aux-wolves-il-fallait-creer-une-reaction\/","url":"https:\/\/theplayoffs.news\/fr\/actualite-nba\/jj-redick-sur-son-coup-de-sang-face-aux-wolves-il-fallait-creer-une-reaction\/","name":"JJ Redick sur son coup de sang : \\\"il fallait cr\u00e9er une r\u00e9action\\\"","isPartOf":{"@id":"https:\/\/theplayoffs.news\/fr\/#website"},"primaryImageOfPage":{"@id":"https:\/\/theplayoffs.news\/fr\/actualite-nba\/jj-redick-sur-son-coup-de-sang-face-aux-wolves-il-fallait-creer-une-reaction\/#primaryimage"},"image":{"@id":"https:\/\/theplayoffs.news\/fr\/actualite-nba\/jj-redick-sur-son-coup-de-sang-face-aux-wolves-il-fallait-creer-une-reaction\/#primaryimage"},"thumbnailUrl":"https:\/\/theplayoffs.news\/fr\/wp-content\/uploads\/2025\/04\/USATSI_25990412-1.jpg","datePublished":"2025-04-23T09:39:40+00:00","dateModified":"2025-05-05T16:04:46+00:00","author":{"@id":"https:\/\/theplayoffs.news\/fr\/#\/schema\/person\/d871768c70a3f830131ee72b74bbd11d"},"description":"JJ Redick a trouv\u00e9 la bonne formule pour permettre aux Lakers de l\\'emporter face aux Wolves mardi. Et les bons mots.","breadcrumb":{"@id":"https:\/\/theplayoffs.news\/fr\/actualite-nba\/jj-redick-sur-son-coup-de-sang-face-aux-wolves-il-fallait-creer-une-reaction\/#breadcrumb"},"inLanguage":"fr-FR","potentialAction":[{"@type":"ReadAction","target":["https:\/\/theplayoffs.news\/fr\/actualite-nba\/jj-redick-sur-son-coup-de-sang-face-aux-wolves-il-fallait-creer-une-reaction\/"]}]},{"@type":"ImageObject","inLanguage":"fr-FR","@id":"https:\/\/theplayoffs.news\/fr\/actualite-nba\/jj-redick-sur-son-coup-de-sang-face-aux-wolves-il-fallait-creer-une-reaction\/#primaryimage","url":"https:\/\/theplayoffs.news\/fr\/wp-content\/uploads\/2025\/04\/USATSI_25990412-1.jpg","contentUrl":"https:\/\/theplayoffs.news\/fr\/wp-content\/uploads\/2025\/04\/USATSI_25990412-1.jpg","width":1920,"height":1280,"caption":"JJ Redick Lakers NBA"},{"@type":"BreadcrumbList","@id":"https:\/\/theplayoffs.news\/fr\/actualite-nba\/jj-redick-sur-son-coup-de-sang-face-aux-wolves-il-fallait-creer-une-reaction\/#breadcrumb","itemListElement":[{"@type":"ListItem","position":1,"name":"Accueil","item":"https:\/\/theplayoffs.news\/fr\/"},{"@type":"ListItem","position":2,"name":"JJ Redick sur son coup de sang face aux Wolves : \u00ab\u00a0il fallait cr\u00e9er une r\u00e9action\u00a0\u00bb"}]},{"@type":"WebSite","@id":"https:\/\/theplayoffs.news\/fr\/#website","url":"https:\/\/theplayoffs.news\/fr\/","name":"The Playoffs FR","description":"NBA-NFL-NHL-MLB","potentialAction":[{"@type":"SearchAction","target":{"@type":"EntryPoint","urlTemplate":"https:\/\/theplayoffs.news\/fr\/?s={search_term_string}"},"query-input":{"@type":"PropertyValueSpecification","valueRequired":true,"valueName":"search_term_string"}}],"inLanguage":"fr-FR"},{"@type":"Person","@id":"https:\/\/theplayoffs.news\/fr\/#\/schema\/person\/d871768c70a3f830131ee72b74bbd11d","name":"Maxime Bodilis","image":{"@type":"ImageObject","inLanguage":"fr-FR","@id":"https:\/\/theplayoffs.news\/fr\/#\/schema\/person\/image\/","url":"https:\/\/secure.gravatar.com\/avatar\/5e151acde6515a05571e0035bf803336362ba4f5e565dba89323f14d014ea180?s=96&d=mm&r=g","contentUrl":"https:\/\/secure.gravatar.com\/avatar\/5e151acde6515a05571e0035bf803336362ba4f5e565dba89323f14d014ea180?s=96&d=mm&r=g","caption":"Maxime Bodilis"},"description":"R\u00e9dac\\' Chef \u00ab Basket \u00bb charg\u00e9 de la qualit\u00e9 des contenus et du respect de notre ligne \u00e9ditoriale. Ancien joueur de la SIG Strasbourg reconverti dans le journalisme. Pass\u00e9 par les centres de formation BeBasket, Reverse et Skweek avant de rejoindre The Playoffs. Biberonn\u00e9 aux dunks de Shawn Kemp et aux duels Pau-Limoges. Fan inconditionnel de Damian Lillard et Laurent Sciarra. Les highlights de Wemby illuminent mes journ\u00e9es. Et le shoot de Diamantidis continue de hanter mes nuits.","sameAs":["https:\/\/www.linkedin.com\/in\/maxime-bodilis-766a04153\/"],"url":"https:\/\/theplayoffs.news\/fr\/author\/maximebodilis\/"}]}},"_links":{"self":[{"href":"https:\/\/theplayoffs.news\/fr\/wp-json\/wp\/v2\/posts\/1489220","targetHints":{"allow":["GET"]}}],"collection":[{"href":"https:\/\/theplayoffs.news\/fr\/wp-json\/wp\/v2\/posts"}],"about":[{"href":"https:\/\/theplayoffs.news\/fr\/wp-json\/wp\/v2\/types\/post"}],"author":[{"embeddable":true,"href":"https:\/\/theplayoffs.news\/fr\/wp-json\/wp\/v2\/users\/180310263"}],"replies":[{"embeddable":true,"href":"https:\/\/theplayoffs.news\/fr\/wp-json\/wp\/v2\/comments?post=1489220"}],"version-history":[{"count":1,"href":"https:\/\/theplayoffs.news\/fr\/wp-json\/wp\/v2\/posts\/1489220\/revisions"}],"predecessor-version":[{"id":1489227,"href":"https:\/\/theplayoffs.news\/fr\/wp-json\/wp\/v2\/posts\/1489220\/revisions\/1489227"}],"wp:featuredmedia":[{"embeddable":true,"href":"https:\/\/theplayoffs.news\/fr\/wp-json\/wp\/v2\/media\/1489225"}],"wp:attachment":[{"href":"https:\/\/theplayoffs.news\/fr\/wp-json\/wp\/v2\/media?parent=1489220"}],"wp:term":[{"taxonomy":"category","embeddable":true,"href":"https:\/\/theplayoffs.news\/fr\/wp-json\/wp\/v2\/categories?post=1489220"},{"taxonomy":"post_tag","embeddable":true,"href":"https:\/\/theplayoffs.news\/fr\/wp-json\/wp\/v2\/tags?post=1489220"},{"taxonomy":"sport","embeddable":true,"href":"https:\/\/theplayoffs.news\/fr\/wp-json\/wp\/v2\/sport?post=1489220"},{"taxonomy":"saison","embeddable":true,"href":"https:\/\/theplayoffs.news\/fr\/wp-json\/wp\/v2\/saison?post=1489220"}],"curies":[{"name":"wp","href":"https:\/\/api.w.org\/{rel}","templated":true}]}}