{"id":1489105,"date":"2025-04-22T11:11:19","date_gmt":"2025-04-22T09:11:19","guid":{"rendered":"https:\/\/theplayoffs.news\/fr\/uncategorized\/\/"},"modified":"2025-04-22T11:11:24","modified_gmt":"2025-04-22T09:11:24","slug":"nba-playoffs-damian-lillard-present-pour-le-game-2","status":"publish","type":"post","link":"https:\/\/theplayoffs.news\/fr\/actualite-nba\/nba-playoffs-damian-lillard-present-pour-le-game-2\/","title":{"rendered":"NBA Playoffs : Damian Lillard pr\u00e9sent pour le Game 2 ?"},"content":{"rendered":"<p><strong>Apr&egrave;s avoir manqu&eacute; une partie de la saison et le Game 1 face aux Pacers, Damian Lillard pourrait faire son retour lors du Game 2, programm&eacute; pour le 22 avril.<\/strong><\/p><p><strong>Damian Lillard<\/strong> a &eacute;t&eacute; officiellement inscrit comme &laquo;&nbsp;questionnable&nbsp;&raquo; pour la rencontre de ce soir contre les Pacers. Le <strong>meneur des Bucks<\/strong> pourrait donc participer &agrave; la rencontre. <strong>L&rsquo;ancien Blazer<\/strong> n&rsquo;a pas rejou&eacute; depuis le 18 mars dernier en raison d&rsquo;un <strong>caillot de sang<\/strong> dans le mollet droit. Cependant, sa situation s&rsquo;est rapidement am&eacute;lior&eacute;e gr&acirc;ce &agrave; une prise en charge rapide.<\/p><figure class=\"wp-block-embed is-type-rich is-provider-twitter wp-block-embed-twitter\"><div class=\"wp-block-embed__wrapper\">\n<blockquote class=\"twitter-tweet\" data-width=\"500\" data-dnt=\"true\"><p lang=\"en\" dir=\"ltr\">&#128680;BREAKING: Bucks star Damian Lillard (deep vein thrombosis) has been upgraded to QUESTIONABLE for Bucks-Pacers Game 2, the team has announced.<br><br>Is it officially Dame Time in Indiana? &#128064; <a href=\"https:\/\/t.co\/0VhR9QLlrB\" class=\"trk-cta-link\" data-cta-trk='{\"ctaType\":\"Link\",\"ctaSubType\":\"main\"}'>pic.twitter.com\/0VhR9QLlrB<\/a><\/p>&mdash; ClutchPoints (@ClutchPoints) <a href=\"https:\/\/twitter.com\/ClutchPoints\/status\/1914392556353544300?ref_src=twsrc%5Etfw\" class=\"trk-cta-link\" data-cta-trk='{\"ctaType\":\"Link\",\"ctaSubType\":\"main\"}'>April 21, 2025<\/a><\/blockquote><script async src=\"https:\/\/platform.twitter.com\/widgets.js\" charset=\"utf-8\"><\/script>\n<\/div><\/figure><p>Pour <strong>Doc Rivers,<\/strong> un retour de <strong>Lillard<\/strong> semble imminent, bien que l&rsquo;incertitude demeure quant &agrave; sa pr&eacute;sence pour le <strong>Game 2.<\/strong><\/p><blockquote class=\"wp-block-quote is-layout-flow wp-block-quote-is-layout-flow\">\n<p>&laquo; Lillard est proche. Il para&icirc;t en super forme &agrave; mes yeux. Son retour est imminent. C&rsquo;est compliqu&eacute;, car une opposition de cinq minutes a &eacute;t&eacute; r&eacute;alis&eacute;e avec lui avant l&rsquo;entra&icirc;nement du 20 avril. Depuis, les s&eacute;ances avec l&rsquo;&eacute;quipe n&rsquo;ont consist&eacute; qu&rsquo;en des exercices sans contact, ce qui complique la situation. Je le reconnais. &raquo;<\/p>\n<\/blockquote><p>Avant le d&eacute;but de la s&eacute;rie, <strong>Damian Lillard<\/strong> avait exprim&eacute; l&rsquo;espoir de revenir rapidement.<\/p><blockquote class=\"wp-block-quote is-layout-flow wp-block-quote-is-layout-flow\">\n<p>&laquo; Heureusement, j&rsquo;ai pu rester actif et r&eacute;aliser quelques exercices, avant de recevoir l&rsquo;autorisation de retourner sur le terrain. J&rsquo;ai effectu&eacute; des entra&icirc;nements intensifs, du travail physique, tout cela. Donc, on verra bien. &raquo;<\/p>\n<\/blockquote><p><strong>Lillard<\/strong> a aussi exprim&eacute; son impatience de retrouver ses co&eacute;quipiers sur le terrain.<\/p><blockquote class=\"wp-block-quote is-layout-flow wp-block-quote-is-layout-flow\">\n<p>&laquo; D&egrave;s que je me sentirai pr&ecirc;t, je ne perdrai pas de temps. D&egrave;s que je sentirai que je peux y aller, je serai sur le terrain. &raquo;<\/p>\n<\/blockquote><p><strong>Lire aussi :&nbsp;<\/strong><\/p><p><a href=\"https:\/\/theplayoffs.news\/fr\/actualite-nba\/resultats-nba-kawhi-leonard-en-patron-cade-cunningham-libere-les-pistons\/\" class=\"trk-cta-link\" data-cta-trk='{\"ctaType\":\"Link\",\"ctaSubType\":\"main\"}'>R&eacute;sultats NBA du 22 avril : Cade Cunningham lib&egrave;re les Pistons !<\/a><\/p><p><a href=\"https:\/\/theplayoffs.news\/fr\/actualite-nba\/nico-harrison-sur-le-trade-de-luka-doncic-je-savais-que-luka-comptait-pour-les-fans-mais-je-ne-realisais-pas-a-quel-point\/\" class=\"trk-cta-link\" data-cta-trk='{\"ctaType\":\"Link\",\"ctaSubType\":\"main\"}'>Nico Harrison: &ldquo;Je savais que Luka comptait pour les fans&rdquo;<\/a><\/p><p><strong>Kevin Porter Jr<\/strong> a quant &agrave; lui fait preuve de soutien envers <strong>Lillard<\/strong>.<\/p><blockquote class=\"wp-block-quote is-layout-flow wp-block-quote-is-layout-flow\">\n<p>&laquo; Voir les progr&egrave;s, jour apr&egrave;s jour, cela nous donne de l&rsquo;espoir. C&rsquo;est &ccedil;a, l&rsquo;espoir, que Lillard puisse d&rsquo;abord se r&eacute;tablir compl&egrave;tement. Ensuite, il pourra revenir quand il le souhaitera, que ce soit pour le match 1, 2 ou 3, peu importe. Il sait &agrave; quel point il est important pour cette &eacute;quipe, et nous le savons aussi. Nous serons ravis de le retrouver, c&rsquo;est certain. &raquo;<\/p>\n<\/blockquote><p>Apr&egrave;s une d&eacute;faite lors du premier match de la s&eacute;rie, les <strong>Bucks<\/strong> auront l&rsquo;occasion de revenir &agrave; &eacute;galit&eacute; d&egrave;s ce soir. Le retour de <strong>Damian Lillard <\/strong>offrirait un v&eacute;ritable atout &agrave; la <strong>franchise du Wisconsin<\/strong>.<\/p><p><strong>Cr&eacute;dit photo :&nbsp;<\/strong>Benny Sieu-Imagn Images<\/p>\n","protected":false},"excerpt":{"rendered":"","protected":false},"author":180310268,"featured_media":1489106,"comment_status":"closed","ping_status":"closed","sticky":false,"template":"","format":"standard","meta":{"inline_featured_image":false,"kia_subtitle":"","_mux_skip_reasons":[],"proofreadBy":0,"footnotes":""},"categories":[110,10],"tags":[508,609,617,1827,489,23],"sport":[2783],"saison":[],"class_list":["post-1489105","post","type-post","status-publish","format-standard","has-post-thumbnail","hentry","category-actualite-nba","category-nba","tag-damian-lillard","tag-doc-rivers","tag-indiana-pacers","tag-kevin-porter-jr","tag-milwaukee-bucks","tag-nba-tag","sport-nba"],"acf":[],"yoast_head":"<!-- This site is optimized with the Yoast SEO plugin v24.2 - https:\/\/yoast.com\/wordpress\/plugins\/seo\/ -->\n<title>NBA Playoffs : Damian Lillard pr&eacute;sent pour le Game 2 ?<\/title>\n<meta name=\"description\" content=\"Damian Lillard pourrait faire son retour lors du Game 2 face aux Indiana Pacers, programm&eacute; pour le 22 avril.\" \/>\n<meta name=\"robots\" content=\"index, follow, max-snippet:-1, max-image-preview:large, max-video-preview:-1\" \/>\n<link rel=\"canonical\" href=\"https:\/\/theplayoffs.news\/fr\/actualite-nba\/nba-playoffs-damian-lillard-present-pour-le-game-2\/\" \/>\n<meta property=\"og:locale\" content=\"fr_FR\" \/>\n<meta property=\"og:type\" content=\"article\" \/>\n<meta property=\"og:title\" content=\"NBA Playoffs : Damian Lillard pr&eacute;sent pour le Game 2 ?\" \/>\n<meta property=\"og:description\" content=\"Damian Lillard pourrait faire son retour lors du Game 2 face aux Indiana Pacers, programm&eacute; pour le 22 avril.\" \/>\n<meta property=\"og:url\" content=\"https:\/\/theplayoffs.news\/fr\/actualite-nba\/nba-playoffs-damian-lillard-present-pour-le-game-2\/\" \/>\n<meta property=\"og:site_name\" content=\"The Playoffs FR\" \/>\n<meta property=\"article:publisher\" content=\"https:\/\/www.facebook.com\/TheFreeAgentFR\/\" \/>\n<meta property=\"article:modified_time\" content=\"2025-04-22T11:11:24+02:00\" \/>\n<meta property=\"og:image\" content=\"https:\/\/theplayoffs.news\/fr\/wp-content\/uploads\/2025\/04\/USATSI_25899945.jpg\" \/>\n\t<meta property=\"og:image:width\" content=\"1920\" \/>\n\t<meta property=\"og:image:height\" content=\"1280\" \/>\n\t<meta property=\"og:image:type\" content=\"image\/jpeg\" \/>\n<meta name=\"author\" content=\"Elian Goethals\" \/>\n<meta name=\"twitter:card\" content=\"summary_large_image\" \/>\n<meta name=\"twitter:creator\" content=\"@x.com\/elidwight\" \/>\n<meta name=\"twitter:site\" content=\"@TheFreeAgentFR\" \/>\n<meta name=\"twitter:label1\" content=\"\u00c9crit par\" \/>\n\t<meta name=\"twitter:data1\" content=\"Elian Goethals\" \/>\n\t<meta name=\"twitter:label2\" content=\"Dur\u00e9e de lecture estim\u00e9e\" \/>\n\t<meta name=\"twitter:data2\" content=\"2 minutes\" \/>\n<script type=\"application\/ld+json\" class=\"yoast-schema-graph\">{\"@context\":\"https:\/\/schema.org\",\"@graph\":[{\"@type\":\"WebPage\",\"@id\":\"https:\/\/theplayoffs.news\/fr\/actualite-nba\/nba-playoffs-damian-lillard-present-pour-le-game-2\/\",\"url\":\"https:\/\/theplayoffs.news\/fr\/actualite-nba\/nba-playoffs-damian-lillard-present-pour-le-game-2\/\",\"name\":\"NBA Playoffs : Damian Lillard pr\u00e9sent pour le Game 2 ?\",\"isPartOf\":{\"@id\":\"https:\/\/theplayoffs.news\/fr\/#website\"},\"primaryImageOfPage\":{\"@id\":\"https:\/\/theplayoffs.news\/fr\/actualite-nba\/nba-playoffs-damian-lillard-present-pour-le-game-2\/#primaryimage\"},\"image\":{\"@id\":\"https:\/\/theplayoffs.news\/fr\/actualite-nba\/nba-playoffs-damian-lillard-present-pour-le-game-2\/#primaryimage\"},\"thumbnailUrl\":\"https:\/\/theplayoffs.news\/fr\/wp-content\/uploads\/2025\/04\/USATSI_25899945.jpg\",\"datePublished\":\"2025-04-22T09:11:19+00:00\",\"dateModified\":\"2025-04-22T09:11:24+00:00\",\"author\":{\"@id\":\"https:\/\/theplayoffs.news\/fr\/#\/schema\/person\/2bc470c6a49f4f6229a67af19c87a732\"},\"description\":\"Damian Lillard pourrait faire son retour lors du Game 2 face aux Indiana Pacers, programm\u00e9 pour le 22 avril.\",\"breadcrumb\":{\"@id\":\"https:\/\/theplayoffs.news\/fr\/actualite-nba\/nba-playoffs-damian-lillard-present-pour-le-game-2\/#breadcrumb\"},\"inLanguage\":\"fr-FR\",\"potentialAction\":[{\"@type\":\"ReadAction\",\"target\":[\"https:\/\/theplayoffs.news\/fr\/actualite-nba\/nba-playoffs-damian-lillard-present-pour-le-game-2\/\"]}]},{\"@type\":\"ImageObject\",\"inLanguage\":\"fr-FR\",\"@id\":\"https:\/\/theplayoffs.news\/fr\/actualite-nba\/nba-playoffs-damian-lillard-present-pour-le-game-2\/#primaryimage\",\"url\":\"https:\/\/theplayoffs.news\/fr\/wp-content\/uploads\/2025\/04\/USATSI_25899945.jpg\",\"contentUrl\":\"https:\/\/theplayoffs.news\/fr\/wp-content\/uploads\/2025\/04\/USATSI_25899945.jpg\",\"width\":1920,\"height\":1280,\"caption\":\"Apr 10, 2025; Milwaukee, Wisconsin, USA; Milwaukee Bucks guard Damian Lillard (right) celebrates with guard Kevin Porter (3) after a score in the fourth quarter against the New Orleans Pelicans at Fiserv Forum. Mandatory Credit: Benny Sieu-Imagn Images\"},{\"@type\":\"BreadcrumbList\",\"@id\":\"https:\/\/theplayoffs.news\/fr\/actualite-nba\/nba-playoffs-damian-lillard-present-pour-le-game-2\/#breadcrumb\",\"itemListElement\":[{\"@type\":\"ListItem\",\"position\":1,\"name\":\"Accueil\",\"item\":\"https:\/\/theplayoffs.news\/fr\/\"},{\"@type\":\"ListItem\",\"position\":2,\"name\":\"NBA Playoffs : Damian Lillard pr\u00e9sent pour le Game 2 ?\"}]},{\"@type\":\"WebSite\",\"@id\":\"https:\/\/theplayoffs.news\/fr\/#website\",\"url\":\"https:\/\/theplayoffs.news\/fr\/\",\"name\":\"The Playoffs FR\",\"description\":\"NBA-NFL-NHL-MLB\",\"potentialAction\":[{\"@type\":\"SearchAction\",\"target\":{\"@type\":\"EntryPoint\",\"urlTemplate\":\"https:\/\/theplayoffs.news\/fr\/?s={search_term_string}\"},\"query-input\":{\"@type\":\"PropertyValueSpecification\",\"valueRequired\":true,\"valueName\":\"search_term_string\"}}],\"inLanguage\":\"fr-FR\"},{\"@type\":\"Person\",\"@id\":\"https:\/\/theplayoffs.news\/fr\/#\/schema\/person\/2bc470c6a49f4f6229a67af19c87a732\",\"name\":\"Elian Goethals\",\"image\":{\"@type\":\"ImageObject\",\"inLanguage\":\"fr-FR\",\"@id\":\"https:\/\/theplayoffs.news\/fr\/#\/schema\/person\/image\/\",\"url\":\"https:\/\/secure.gravatar.com\/avatar\/293e2e649a094756005b611f6122ac1a95e95d453dbfe74b9d434b39855927f6?s=96&d=mm&r=g\",\"contentUrl\":\"https:\/\/secure.gravatar.com\/avatar\/293e2e649a094756005b611f6122ac1a95e95d453dbfe74b9d434b39855927f6?s=96&d=mm&r=g\",\"caption\":\"Elian Goethals\"},\"description\":\"Je suis sp\u00e9cialis\u00e9 dans la r\u00e9daction d\\\\'articles NBA et je suis un grand fan de basket am\u00e9ricain depuis toujours. Cela fait 20 ans que je joue au basket, et mon exp\u00e9rience sur les terrains me permet d\\\\'avoir une analyse approfondie des matchs. J\u2019ai d\u2019abord fait partie d\u2019autres m\u00e9dias sportifs en tant que b\u00e9n\u00e9vole avant de rejoindre ThePlayoffs en janvier. Je termine \u00e9galement un master en \u00e9tudes internationales. Ce que je pr\u00e9f\u00e8re dans mon travail, c\u2019est de transformer ma passion en m\u00e9tier et de partager avec vous l\u2019information NBA. J\u2019essaie de produire un contenu de qualit\u00e9 en esp\u00e9rant qu\u2019il vous plaise !\",\"sameAs\":[\"https:\/\/www.linkedin.com\/in\/elian-goethals-729b71200\/\",\"https:\/\/x.com\/x.com\/elidwight\"],\"url\":\"https:\/\/theplayoffs.news\/fr\/author\/elian\/\"}]}<\/script>\n<!-- \/ Yoast SEO plugin. -->","yoast_head_json":{"title":"NBA Playoffs : Damian Lillard pr&eacute;sent pour le Game 2 ?","description":"Damian Lillard pourrait faire son retour lors du Game 2 face aux Indiana Pacers, programm&eacute; pour le 22 avril.","robots":{"index":"index","follow":"follow","max-snippet":"max-snippet:-1","max-image-preview":"max-image-preview:large","max-video-preview":"max-video-preview:-1"},"canonical":"https:\/\/theplayoffs.news\/fr\/actualite-nba\/nba-playoffs-damian-lillard-present-pour-le-game-2\/","og_locale":"fr_FR","og_type":"article","og_title":"NBA Playoffs : Damian Lillard pr&eacute;sent pour le Game 2 ?","og_description":"Damian Lillard pourrait faire son retour lors du Game 2 face aux Indiana Pacers, programm&eacute; pour le 22 avril.","og_url":"https:\/\/theplayoffs.news\/fr\/actualite-nba\/nba-playoffs-damian-lillard-present-pour-le-game-2\/","og_site_name":"The Playoffs FR","article_publisher":"https:\/\/www.facebook.com\/TheFreeAgentFR\/","article_modified_time":"2025-04-22T09:11:24+00:00","og_image":[{"width":1920,"height":1280,"url":"https:\/\/theplayoffs.news\/fr\/wp-content\/uploads\/2025\/04\/USATSI_25899945.jpg","type":"image\/jpeg"}],"author":"Elian Goethals","twitter_card":"summary_large_image","twitter_creator":"@x.com\/elidwight","twitter_site":"@TheFreeAgentFR","twitter_misc":{"\u00c9crit par":"Elian Goethals","Dur\u00e9e de lecture estim\u00e9e":"2 minutes"},"schema":{"@context":"https:\/\/schema.org","@graph":[{"@type":"WebPage","@id":"https:\/\/theplayoffs.news\/fr\/actualite-nba\/nba-playoffs-damian-lillard-present-pour-le-game-2\/","url":"https:\/\/theplayoffs.news\/fr\/actualite-nba\/nba-playoffs-damian-lillard-present-pour-le-game-2\/","name":"NBA Playoffs : Damian Lillard pr\u00e9sent pour le Game 2 ?","isPartOf":{"@id":"https:\/\/theplayoffs.news\/fr\/#website"},"primaryImageOfPage":{"@id":"https:\/\/theplayoffs.news\/fr\/actualite-nba\/nba-playoffs-damian-lillard-present-pour-le-game-2\/#primaryimage"},"image":{"@id":"https:\/\/theplayoffs.news\/fr\/actualite-nba\/nba-playoffs-damian-lillard-present-pour-le-game-2\/#primaryimage"},"thumbnailUrl":"https:\/\/theplayoffs.news\/fr\/wp-content\/uploads\/2025\/04\/USATSI_25899945.jpg","datePublished":"2025-04-22T09:11:19+00:00","dateModified":"2025-04-22T09:11:24+00:00","author":{"@id":"https:\/\/theplayoffs.news\/fr\/#\/schema\/person\/2bc470c6a49f4f6229a67af19c87a732"},"description":"Damian Lillard pourrait faire son retour lors du Game 2 face aux Indiana Pacers, programm\u00e9 pour le 22 avril.","breadcrumb":{"@id":"https:\/\/theplayoffs.news\/fr\/actualite-nba\/nba-playoffs-damian-lillard-present-pour-le-game-2\/#breadcrumb"},"inLanguage":"fr-FR","potentialAction":[{"@type":"ReadAction","target":["https:\/\/theplayoffs.news\/fr\/actualite-nba\/nba-playoffs-damian-lillard-present-pour-le-game-2\/"]}]},{"@type":"ImageObject","inLanguage":"fr-FR","@id":"https:\/\/theplayoffs.news\/fr\/actualite-nba\/nba-playoffs-damian-lillard-present-pour-le-game-2\/#primaryimage","url":"https:\/\/theplayoffs.news\/fr\/wp-content\/uploads\/2025\/04\/USATSI_25899945.jpg","contentUrl":"https:\/\/theplayoffs.news\/fr\/wp-content\/uploads\/2025\/04\/USATSI_25899945.jpg","width":1920,"height":1280,"caption":"Apr 10, 2025; Milwaukee, Wisconsin, USA; Milwaukee Bucks guard Damian Lillard (right) celebrates with guard Kevin Porter (3) after a score in the fourth quarter against the New Orleans Pelicans at Fiserv Forum. Mandatory Credit: Benny Sieu-Imagn Images"},{"@type":"BreadcrumbList","@id":"https:\/\/theplayoffs.news\/fr\/actualite-nba\/nba-playoffs-damian-lillard-present-pour-le-game-2\/#breadcrumb","itemListElement":[{"@type":"ListItem","position":1,"name":"Accueil","item":"https:\/\/theplayoffs.news\/fr\/"},{"@type":"ListItem","position":2,"name":"NBA Playoffs : Damian Lillard pr\u00e9sent pour le Game 2 ?"}]},{"@type":"WebSite","@id":"https:\/\/theplayoffs.news\/fr\/#website","url":"https:\/\/theplayoffs.news\/fr\/","name":"The Playoffs FR","description":"NBA-NFL-NHL-MLB","potentialAction":[{"@type":"SearchAction","target":{"@type":"EntryPoint","urlTemplate":"https:\/\/theplayoffs.news\/fr\/?s={search_term_string}"},"query-input":{"@type":"PropertyValueSpecification","valueRequired":true,"valueName":"search_term_string"}}],"inLanguage":"fr-FR"},{"@type":"Person","@id":"https:\/\/theplayoffs.news\/fr\/#\/schema\/person\/2bc470c6a49f4f6229a67af19c87a732","name":"Elian Goethals","image":{"@type":"ImageObject","inLanguage":"fr-FR","@id":"https:\/\/theplayoffs.news\/fr\/#\/schema\/person\/image\/","url":"https:\/\/secure.gravatar.com\/avatar\/293e2e649a094756005b611f6122ac1a95e95d453dbfe74b9d434b39855927f6?s=96&d=mm&r=g","contentUrl":"https:\/\/secure.gravatar.com\/avatar\/293e2e649a094756005b611f6122ac1a95e95d453dbfe74b9d434b39855927f6?s=96&d=mm&r=g","caption":"Elian Goethals"},"description":"Je suis sp\u00e9cialis\u00e9 dans la r\u00e9daction d\\'articles NBA et je suis un grand fan de basket am\u00e9ricain depuis toujours. Cela fait 20 ans que je joue au basket, et mon exp\u00e9rience sur les terrains me permet d\\'avoir une analyse approfondie des matchs. J\u2019ai d\u2019abord fait partie d\u2019autres m\u00e9dias sportifs en tant que b\u00e9n\u00e9vole avant de rejoindre ThePlayoffs en janvier. Je termine \u00e9galement un master en \u00e9tudes internationales. Ce que je pr\u00e9f\u00e8re dans mon travail, c\u2019est de transformer ma passion en m\u00e9tier et de partager avec vous l\u2019information NBA. J\u2019essaie de produire un contenu de qualit\u00e9 en esp\u00e9rant qu\u2019il vous plaise !","sameAs":["https:\/\/www.linkedin.com\/in\/elian-goethals-729b71200\/","https:\/\/x.com\/x.com\/elidwight"],"url":"https:\/\/theplayoffs.news\/fr\/author\/elian\/"}]}},"_links":{"self":[{"href":"https:\/\/theplayoffs.news\/fr\/wp-json\/wp\/v2\/posts\/1489105","targetHints":{"allow":["GET"]}}],"collection":[{"href":"https:\/\/theplayoffs.news\/fr\/wp-json\/wp\/v2\/posts"}],"about":[{"href":"https:\/\/theplayoffs.news\/fr\/wp-json\/wp\/v2\/types\/post"}],"author":[{"embeddable":true,"href":"https:\/\/theplayoffs.news\/fr\/wp-json\/wp\/v2\/users\/180310268"}],"replies":[{"embeddable":true,"href":"https:\/\/theplayoffs.news\/fr\/wp-json\/wp\/v2\/comments?post=1489105"}],"version-history":[{"count":1,"href":"https:\/\/theplayoffs.news\/fr\/wp-json\/wp\/v2\/posts\/1489105\/revisions"}],"predecessor-version":[{"id":1489109,"href":"https:\/\/theplayoffs.news\/fr\/wp-json\/wp\/v2\/posts\/1489105\/revisions\/1489109"}],"wp:featuredmedia":[{"embeddable":true,"href":"https:\/\/theplayoffs.news\/fr\/wp-json\/wp\/v2\/media\/1489106"}],"wp:attachment":[{"href":"https:\/\/theplayoffs.news\/fr\/wp-json\/wp\/v2\/media?parent=1489105"}],"wp:term":[{"taxonomy":"category","embeddable":true,"href":"https:\/\/theplayoffs.news\/fr\/wp-json\/wp\/v2\/categories?post=1489105"},{"taxonomy":"post_tag","embeddable":true,"href":"https:\/\/theplayoffs.news\/fr\/wp-json\/wp\/v2\/tags?post=1489105"},{"taxonomy":"sport","embeddable":true,"href":"https:\/\/theplayoffs.news\/fr\/wp-json\/wp\/v2\/sport?post=1489105"},{"taxonomy":"saison","embeddable":true,"href":"https:\/\/theplayoffs.news\/fr\/wp-json\/wp\/v2\/saison?post=1489105"}],"curies":[{"name":"wp","href":"https:\/\/api.w.org\/{rel}","templated":true}]}}