{"id":1488808,"date":"2025-04-18T11:05:31","date_gmt":"2025-04-18T09:05:31","guid":{"rendered":"https:\/\/theplayoffs.news\/fr\/uncategorized\/\/"},"modified":"2025-04-18T11:05:35","modified_gmt":"2025-04-18T09:05:35","slug":"kadarius-toney-va-t-il-vraiment-prendre-sa-retraite","status":"publish","type":"post","link":"https:\/\/theplayoffs.news\/fr\/actualite-nfl\/kadarius-toney-va-t-il-vraiment-prendre-sa-retraite\/","title":{"rendered":"Kadarius Toney va-t-il vraiment prendre sa retraite ?"},"content":{"rendered":"<p>Double vainqueur du Super Bowl avec les Kansas City Chiefs, le receveur Kadarius Toney a r&eacute;cemment fait les gros titres lorsque des rumeurs ont commenc&eacute; &agrave; circuler sur sa retraite de la NFL. D&rsquo;apr&egrave;s plusieurs m&eacute;dias, Toney aurait d&eacute;cid&eacute; de se consacrer &agrave; sa carri&egrave;re musicale, et plus pr&eacute;cis&eacute;ment &agrave; sa passion pour le rap.<\/p><figure class=\"wp-block-embed is-type-rich is-provider-twitter wp-block-embed-twitter\"><div class=\"wp-block-embed__wrapper\">\n<blockquote class=\"twitter-tweet\" data-width=\"500\" data-dnt=\"true\"><p lang=\"en\" dir=\"ltr\">Former 2021 1st-round WR Kadarius Toney announced on IG live that he&rsquo;s retiring from the NFL and wants to begin a music career as a rapper&#128680;<br><br>Toney, 26, caught 82 passes for 760 rec. yards and 3 TDs in 35 career games. He also rushed for 115 yds on 23 carries (5.0 YPC) and 1 TD. <a href=\"https:\/\/t.co\/HnllxqwaDC\" class=\"trk-cta-link\" data-cta-trk='{\"ctaType\":\"Link\",\"ctaSubType\":\"main\"}'>pic.twitter.com\/HnllxqwaDC<\/a><\/p>&mdash; Football Forever (@fballforeverhq) <a href=\"https:\/\/twitter.com\/fballforeverhq\/status\/1912994931313947107?ref_src=twsrc%5Etfw\" class=\"trk-cta-link\" data-cta-trk='{\"ctaType\":\"Link\",\"ctaSubType\":\"main\"}'>April 17, 2025<\/a><\/blockquote><script async src=\"https:\/\/platform.twitter.com\/widgets.js\" charset=\"utf-8\"><\/script>\n<\/div><\/figure><p>Toney a &eacute;t&eacute; s&eacute;lectionn&eacute; au premier tour de la draft NFL 2021 par les New York Giants, au 20e choix. Bien que l&rsquo;annonce de sa retraite soit quelque peu innatendue, &eacute;tant donn&eacute; qu&rsquo;il est en bonne sant&eacute; et dans la fleur de l&rsquo;&acirc;ge, elle n&rsquo;a pas vraiment surpris au vu de la tournure de sa carri&egrave;re.<\/p><p>L&rsquo;ancien joueur des Giants a &eacute;t&eacute; le quatri&egrave;me receveur choisi cette ann&eacute;e-l&agrave;, derri&egrave;re Ja&rsquo;Marr Chase, Jaylen Waddle et DeVonta Smith, mais s&rsquo;est r&eacute;v&eacute;l&eacute; &ecirc;tre l&rsquo;un des choix les plus d&eacute;cevants du rep&ecirc;chage. <\/p><p>Lors de sa saison rookie, Toney n&rsquo;a d&eacute;but&eacute; que 4 matchs et a cumul&eacute; 420 yards &agrave; la r&eacute;ception, sans inscrire le moindre touchdown.<\/p><p>Bless&eacute; d&egrave;s la semaine 2 de la saison 2022, il a manqu&eacute; 5 matchs avant d&rsquo;&ecirc;tre &eacute;chang&eacute; aux Chiefs en cours de saison. Malgr&eacute; deux bagues remport&eacute;es &agrave; Kansas City, les contributions du joueur de 26 ans ont &eacute;t&eacute; minimes. Finalement, apr&egrave;s avoir disput&eacute; un seul match avec les Browns en 2024, Cleveland l&rsquo;a lib&eacute;r&eacute;, et il est d&eacute;sormais agent libre.<\/p><h3 class=\"wp-block-heading\">Kadarius <strong>Toney prend-il vraiment sa retraite ?<\/strong><\/h3><p>Selon plusieurs rapports, Kadarius Toney aurait annonc&eacute; sur Instagram qu&rsquo;il mettait fin &agrave; sa carri&egrave;re pour se consacrer au rap. Si la nouvelle s&rsquo;est rapidement propag&eacute;e, l&rsquo;int&eacute;ress&eacute; a ensuite rectifi&eacute; le tir, affirmant qu&rsquo;il n&rsquo;en &eacute;tait rien.<\/p><p>&laquo; Des clowns sur le net crient que je prends ma retraite &raquo;, a-t-il &eacute;crit en story Instagram. &laquo; Ils veulent juste du buzz. J&rsquo;parle plus d&rsquo;&ccedil;a. &raquo;<\/p><p>Le receveur a tout de m&ecirc;me reconnu appr&eacute;cier l&rsquo;attention que suscite sa musique, qu&rsquo;il consid&egrave;re comme sa v&eacute;ritable passion.<\/p><p>&laquo; J&rsquo;aime l&rsquo;attention que re&ccedil;oit ma musique. C&rsquo;est une passion. &raquo;<\/p><p>En r&eacute;alit&eacute;, cette rumeur semble &ecirc;tre l&rsquo;&oelig;uvre de personnes cherchant &agrave; semer la confusion. On ne sait pas clairement si Toney a effectivement annonc&eacute; sa retraite sur Instagram, mais quoi qu&rsquo;il en soit, il a clarifi&eacute; sa position. Tout indique d&eacute;sormais qu&rsquo;il pourrait bien &ecirc;tre de retour sur les terrains prochainement.<\/p><p><\/p><p><em>Credit Photo: Denny Medley-USA TODAY Sports<\/em><\/p>\n","protected":false},"excerpt":{"rendered":"","protected":false},"author":180309799,"featured_media":1488809,"comment_status":"closed","ping_status":"closed","sticky":false,"template":"","format":"standard","meta":{"inline_featured_image":false,"kia_subtitle":"","_mux_skip_reasons":[],"proofreadBy":0,"footnotes":""},"categories":[118,40],"tags":[2725],"sport":[],"saison":[],"class_list":["post-1488808","post","type-post","status-publish","format-standard","has-post-thumbnail","hentry","category-actualite-nfl","category-nfl","tag-kadarius-toney"],"acf":[],"yoast_head":"<!-- This site is optimized with the Yoast SEO plugin v24.2 - https:\/\/yoast.com\/wordpress\/plugins\/seo\/ -->\n<title>Kadarius Toney va-t-il vraiment prendre sa retraite ? - The Playoffs FR<\/title>\n<meta name=\"robots\" content=\"index, follow, max-snippet:-1, max-image-preview:large, max-video-preview:-1\" \/>\n<link rel=\"canonical\" href=\"https:\/\/theplayoffs.news\/fr\/actualite-nfl\/kadarius-toney-va-t-il-vraiment-prendre-sa-retraite\/\" \/>\n<meta property=\"og:locale\" content=\"fr_FR\" \/>\n<meta property=\"og:type\" content=\"article\" \/>\n<meta property=\"og:title\" content=\"Kadarius Toney va-t-il vraiment prendre sa retraite ? - The Playoffs FR\" \/>\n<meta property=\"og:url\" content=\"https:\/\/theplayoffs.news\/fr\/actualite-nfl\/kadarius-toney-va-t-il-vraiment-prendre-sa-retraite\/\" \/>\n<meta property=\"og:site_name\" content=\"The Playoffs FR\" \/>\n<meta property=\"article:publisher\" content=\"https:\/\/www.facebook.com\/TheFreeAgentFR\/\" \/>\n<meta property=\"article:modified_time\" content=\"2025-04-18T11:05:35+02:00\" \/>\n<meta property=\"og:image\" content=\"https:\/\/theplayoffs.news\/fr\/wp-content\/uploads\/2025\/04\/USATSI_24055433.jpg\" \/>\n\t<meta property=\"og:image:width\" content=\"1920\" \/>\n\t<meta property=\"og:image:height\" content=\"1280\" \/>\n\t<meta property=\"og:image:type\" content=\"image\/jpeg\" \/>\n<meta name=\"author\" content=\"La r\u00e9daction\" \/>\n<meta name=\"twitter:card\" content=\"summary_large_image\" \/>\n<meta name=\"twitter:creator\" content=\"@TheFreeAgentFR\" \/>\n<meta name=\"twitter:site\" content=\"@TheFreeAgentFR\" \/>\n<meta name=\"twitter:label1\" content=\"\u00c9crit par\" \/>\n\t<meta name=\"twitter:data1\" content=\"La r\u00e9daction\" \/>\n\t<meta name=\"twitter:label2\" content=\"Dur\u00e9e de lecture estim\u00e9e\" \/>\n\t<meta name=\"twitter:data2\" content=\"3 minutes\" \/>\n<script type=\"application\/ld+json\" class=\"yoast-schema-graph\">{\"@context\":\"https:\/\/schema.org\",\"@graph\":[{\"@type\":\"WebPage\",\"@id\":\"https:\/\/theplayoffs.news\/fr\/actualite-nfl\/kadarius-toney-va-t-il-vraiment-prendre-sa-retraite\/\",\"url\":\"https:\/\/theplayoffs.news\/fr\/actualite-nfl\/kadarius-toney-va-t-il-vraiment-prendre-sa-retraite\/\",\"name\":\"Kadarius Toney va-t-il vraiment prendre sa retraite ? - The Playoffs FR\",\"isPartOf\":{\"@id\":\"https:\/\/theplayoffs.news\/fr\/#website\"},\"primaryImageOfPage\":{\"@id\":\"https:\/\/theplayoffs.news\/fr\/actualite-nfl\/kadarius-toney-va-t-il-vraiment-prendre-sa-retraite\/#primaryimage\"},\"image\":{\"@id\":\"https:\/\/theplayoffs.news\/fr\/actualite-nfl\/kadarius-toney-va-t-il-vraiment-prendre-sa-retraite\/#primaryimage\"},\"thumbnailUrl\":\"https:\/\/theplayoffs.news\/fr\/wp-content\/uploads\/2025\/04\/USATSI_24055433.jpg\",\"datePublished\":\"2025-04-18T09:05:31+00:00\",\"dateModified\":\"2025-04-18T09:05:35+00:00\",\"author\":{\"@id\":\"https:\/\/theplayoffs.news\/fr\/#\/schema\/person\/bb40426f4e478f9bd8cdbfeb4f2f9784\"},\"breadcrumb\":{\"@id\":\"https:\/\/theplayoffs.news\/fr\/actualite-nfl\/kadarius-toney-va-t-il-vraiment-prendre-sa-retraite\/#breadcrumb\"},\"inLanguage\":\"fr-FR\",\"potentialAction\":[{\"@type\":\"ReadAction\",\"target\":[\"https:\/\/theplayoffs.news\/fr\/actualite-nfl\/kadarius-toney-va-t-il-vraiment-prendre-sa-retraite\/\"]}]},{\"@type\":\"ImageObject\",\"inLanguage\":\"fr-FR\",\"@id\":\"https:\/\/theplayoffs.news\/fr\/actualite-nfl\/kadarius-toney-va-t-il-vraiment-prendre-sa-retraite\/#primaryimage\",\"url\":\"https:\/\/theplayoffs.news\/fr\/wp-content\/uploads\/2025\/04\/USATSI_24055433.jpg\",\"contentUrl\":\"https:\/\/theplayoffs.news\/fr\/wp-content\/uploads\/2025\/04\/USATSI_24055433.jpg\",\"width\":1920,\"height\":1280,\"caption\":\"Aug 22, 2024; Kansas City, Missouri, USA; Kansas City Chiefs wide receiver Kadarius Toney (19) returns a kick against the Chicago Bears during the first half at GEHA Field at Arrowhead Stadium. Mandatory Credit: Denny Medley-USA TODAY Sports\"},{\"@type\":\"BreadcrumbList\",\"@id\":\"https:\/\/theplayoffs.news\/fr\/actualite-nfl\/kadarius-toney-va-t-il-vraiment-prendre-sa-retraite\/#breadcrumb\",\"itemListElement\":[{\"@type\":\"ListItem\",\"position\":1,\"name\":\"Accueil\",\"item\":\"https:\/\/theplayoffs.news\/fr\/\"},{\"@type\":\"ListItem\",\"position\":2,\"name\":\"Kadarius Toney va-t-il vraiment prendre sa retraite ?\"}]},{\"@type\":\"WebSite\",\"@id\":\"https:\/\/theplayoffs.news\/fr\/#website\",\"url\":\"https:\/\/theplayoffs.news\/fr\/\",\"name\":\"The Playoffs FR\",\"description\":\"NBA-NFL-NHL-MLB\",\"potentialAction\":[{\"@type\":\"SearchAction\",\"target\":{\"@type\":\"EntryPoint\",\"urlTemplate\":\"https:\/\/theplayoffs.news\/fr\/?s={search_term_string}\"},\"query-input\":{\"@type\":\"PropertyValueSpecification\",\"valueRequired\":true,\"valueName\":\"search_term_string\"}}],\"inLanguage\":\"fr-FR\"},{\"@type\":\"Person\",\"@id\":\"https:\/\/theplayoffs.news\/fr\/#\/schema\/person\/bb40426f4e478f9bd8cdbfeb4f2f9784\",\"name\":\"La r\u00e9daction\",\"image\":{\"@type\":\"ImageObject\",\"inLanguage\":\"fr-FR\",\"@id\":\"https:\/\/theplayoffs.news\/fr\/#\/schema\/person\/image\/\",\"url\":\"https:\/\/secure.gravatar.com\/avatar\/7e69b41460ab2c17d61c8c364b6a0ee006f957a70191383ef42be1f4733d6515?s=96&d=mm&r=g\",\"contentUrl\":\"https:\/\/secure.gravatar.com\/avatar\/7e69b41460ab2c17d61c8c364b6a0ee006f957a70191383ef42be1f4733d6515?s=96&d=mm&r=g\",\"caption\":\"La r\u00e9daction\"},\"description\":\"On dit qu\\\\'il faut un village pour s\\\\'occuper d\\\\'un enfant. Et bien c\\\\'est exactement ce dont il s\\\\'agit ici pour The Playoffs. La r\u00e9daction, ce sont vos r\u00e9dacteurs pr\u00e9f\u00e9r\u00e9s qui collaborent sur ces articles que vous lisez au quotidien.\u00a0\",\"url\":\"https:\/\/theplayoffs.news\/fr\/author\/freeagentfr\/\"}]}<\/script>\n<!-- \/ Yoast SEO plugin. -->","yoast_head_json":{"title":"Kadarius Toney va-t-il vraiment prendre sa retraite ? - The Playoffs FR","robots":{"index":"index","follow":"follow","max-snippet":"max-snippet:-1","max-image-preview":"max-image-preview:large","max-video-preview":"max-video-preview:-1"},"canonical":"https:\/\/theplayoffs.news\/fr\/actualite-nfl\/kadarius-toney-va-t-il-vraiment-prendre-sa-retraite\/","og_locale":"fr_FR","og_type":"article","og_title":"Kadarius Toney va-t-il vraiment prendre sa retraite ? - The Playoffs FR","og_url":"https:\/\/theplayoffs.news\/fr\/actualite-nfl\/kadarius-toney-va-t-il-vraiment-prendre-sa-retraite\/","og_site_name":"The Playoffs FR","article_publisher":"https:\/\/www.facebook.com\/TheFreeAgentFR\/","article_modified_time":"2025-04-18T09:05:35+00:00","og_image":[{"width":1920,"height":1280,"url":"https:\/\/theplayoffs.news\/fr\/wp-content\/uploads\/2025\/04\/USATSI_24055433.jpg","type":"image\/jpeg"}],"author":"La r\u00e9daction","twitter_card":"summary_large_image","twitter_creator":"@TheFreeAgentFR","twitter_site":"@TheFreeAgentFR","twitter_misc":{"\u00c9crit par":"La r\u00e9daction","Dur\u00e9e de lecture estim\u00e9e":"3 minutes"},"schema":{"@context":"https:\/\/schema.org","@graph":[{"@type":"WebPage","@id":"https:\/\/theplayoffs.news\/fr\/actualite-nfl\/kadarius-toney-va-t-il-vraiment-prendre-sa-retraite\/","url":"https:\/\/theplayoffs.news\/fr\/actualite-nfl\/kadarius-toney-va-t-il-vraiment-prendre-sa-retraite\/","name":"Kadarius Toney va-t-il vraiment prendre sa retraite ? - The Playoffs FR","isPartOf":{"@id":"https:\/\/theplayoffs.news\/fr\/#website"},"primaryImageOfPage":{"@id":"https:\/\/theplayoffs.news\/fr\/actualite-nfl\/kadarius-toney-va-t-il-vraiment-prendre-sa-retraite\/#primaryimage"},"image":{"@id":"https:\/\/theplayoffs.news\/fr\/actualite-nfl\/kadarius-toney-va-t-il-vraiment-prendre-sa-retraite\/#primaryimage"},"thumbnailUrl":"https:\/\/theplayoffs.news\/fr\/wp-content\/uploads\/2025\/04\/USATSI_24055433.jpg","datePublished":"2025-04-18T09:05:31+00:00","dateModified":"2025-04-18T09:05:35+00:00","author":{"@id":"https:\/\/theplayoffs.news\/fr\/#\/schema\/person\/bb40426f4e478f9bd8cdbfeb4f2f9784"},"breadcrumb":{"@id":"https:\/\/theplayoffs.news\/fr\/actualite-nfl\/kadarius-toney-va-t-il-vraiment-prendre-sa-retraite\/#breadcrumb"},"inLanguage":"fr-FR","potentialAction":[{"@type":"ReadAction","target":["https:\/\/theplayoffs.news\/fr\/actualite-nfl\/kadarius-toney-va-t-il-vraiment-prendre-sa-retraite\/"]}]},{"@type":"ImageObject","inLanguage":"fr-FR","@id":"https:\/\/theplayoffs.news\/fr\/actualite-nfl\/kadarius-toney-va-t-il-vraiment-prendre-sa-retraite\/#primaryimage","url":"https:\/\/theplayoffs.news\/fr\/wp-content\/uploads\/2025\/04\/USATSI_24055433.jpg","contentUrl":"https:\/\/theplayoffs.news\/fr\/wp-content\/uploads\/2025\/04\/USATSI_24055433.jpg","width":1920,"height":1280,"caption":"Aug 22, 2024; Kansas City, Missouri, USA; Kansas City Chiefs wide receiver Kadarius Toney (19) returns a kick against the Chicago Bears during the first half at GEHA Field at Arrowhead Stadium. Mandatory Credit: Denny Medley-USA TODAY Sports"},{"@type":"BreadcrumbList","@id":"https:\/\/theplayoffs.news\/fr\/actualite-nfl\/kadarius-toney-va-t-il-vraiment-prendre-sa-retraite\/#breadcrumb","itemListElement":[{"@type":"ListItem","position":1,"name":"Accueil","item":"https:\/\/theplayoffs.news\/fr\/"},{"@type":"ListItem","position":2,"name":"Kadarius Toney va-t-il vraiment prendre sa retraite ?"}]},{"@type":"WebSite","@id":"https:\/\/theplayoffs.news\/fr\/#website","url":"https:\/\/theplayoffs.news\/fr\/","name":"The Playoffs FR","description":"NBA-NFL-NHL-MLB","potentialAction":[{"@type":"SearchAction","target":{"@type":"EntryPoint","urlTemplate":"https:\/\/theplayoffs.news\/fr\/?s={search_term_string}"},"query-input":{"@type":"PropertyValueSpecification","valueRequired":true,"valueName":"search_term_string"}}],"inLanguage":"fr-FR"},{"@type":"Person","@id":"https:\/\/theplayoffs.news\/fr\/#\/schema\/person\/bb40426f4e478f9bd8cdbfeb4f2f9784","name":"La r\u00e9daction","image":{"@type":"ImageObject","inLanguage":"fr-FR","@id":"https:\/\/theplayoffs.news\/fr\/#\/schema\/person\/image\/","url":"https:\/\/secure.gravatar.com\/avatar\/7e69b41460ab2c17d61c8c364b6a0ee006f957a70191383ef42be1f4733d6515?s=96&d=mm&r=g","contentUrl":"https:\/\/secure.gravatar.com\/avatar\/7e69b41460ab2c17d61c8c364b6a0ee006f957a70191383ef42be1f4733d6515?s=96&d=mm&r=g","caption":"La r\u00e9daction"},"description":"On dit qu\\'il faut un village pour s\\'occuper d\\'un enfant. Et bien c\\'est exactement ce dont il s\\'agit ici pour The Playoffs. La r\u00e9daction, ce sont vos r\u00e9dacteurs pr\u00e9f\u00e9r\u00e9s qui collaborent sur ces articles que vous lisez au quotidien.\u00a0","url":"https:\/\/theplayoffs.news\/fr\/author\/freeagentfr\/"}]}},"_links":{"self":[{"href":"https:\/\/theplayoffs.news\/fr\/wp-json\/wp\/v2\/posts\/1488808","targetHints":{"allow":["GET"]}}],"collection":[{"href":"https:\/\/theplayoffs.news\/fr\/wp-json\/wp\/v2\/posts"}],"about":[{"href":"https:\/\/theplayoffs.news\/fr\/wp-json\/wp\/v2\/types\/post"}],"author":[{"embeddable":true,"href":"https:\/\/theplayoffs.news\/fr\/wp-json\/wp\/v2\/users\/180309799"}],"replies":[{"embeddable":true,"href":"https:\/\/theplayoffs.news\/fr\/wp-json\/wp\/v2\/comments?post=1488808"}],"version-history":[{"count":1,"href":"https:\/\/theplayoffs.news\/fr\/wp-json\/wp\/v2\/posts\/1488808\/revisions"}],"predecessor-version":[{"id":1488810,"href":"https:\/\/theplayoffs.news\/fr\/wp-json\/wp\/v2\/posts\/1488808\/revisions\/1488810"}],"wp:featuredmedia":[{"embeddable":true,"href":"https:\/\/theplayoffs.news\/fr\/wp-json\/wp\/v2\/media\/1488809"}],"wp:attachment":[{"href":"https:\/\/theplayoffs.news\/fr\/wp-json\/wp\/v2\/media?parent=1488808"}],"wp:term":[{"taxonomy":"category","embeddable":true,"href":"https:\/\/theplayoffs.news\/fr\/wp-json\/wp\/v2\/categories?post=1488808"},{"taxonomy":"post_tag","embeddable":true,"href":"https:\/\/theplayoffs.news\/fr\/wp-json\/wp\/v2\/tags?post=1488808"},{"taxonomy":"sport","embeddable":true,"href":"https:\/\/theplayoffs.news\/fr\/wp-json\/wp\/v2\/sport?post=1488808"},{"taxonomy":"saison","embeddable":true,"href":"https:\/\/theplayoffs.news\/fr\/wp-json\/wp\/v2\/saison?post=1488808"}],"curies":[{"name":"wp","href":"https:\/\/api.w.org\/{rel}","templated":true}]}}