{"id":1488727,"date":"2025-04-17T12:21:21","date_gmt":"2025-04-17T10:21:21","guid":{"rendered":"https:\/\/theplayoffs.news\/fr\/uncategorized\/\/"},"modified":"2025-04-17T14:09:47","modified_gmt":"2025-04-17T12:09:47","slug":"dallas-a-prefere-echanger-doncic-plutot-que-de-lui-offrir-ce-quil-voulait","status":"publish","type":"post","link":"https:\/\/theplayoffs.news\/fr\/actualite-nba\/dallas-a-prefere-echanger-doncic-plutot-que-de-lui-offrir-ce-quil-voulait\/","title":{"rendered":"Dallas a pr\u00e9f\u00e9r\u00e9 \u00e9changer Doncic plut\u00f4t que de lui offrir ce qu\u2019il voulait"},"content":{"rendered":"<p>Nouvel &eacute;l&eacute;ment dans l&rsquo;affaire du trade de Luka Doncic. Depuis quelque temps, chaque jour apporte son lot de r&eacute;v&eacute;lations concernant Dallas et Luka Doncic. Pour rappel, le Slov&egrave;ne a &eacute;t&eacute; &eacute;chang&eacute; par les Mavs contre Anthony Davis et a rejoint les Lakers. <\/p><p>Depuis ce transfert, Doncic est devenu le meilleur vendeur de maillots en NBA et s&rsquo;est qualifi&eacute; pour les playoffs avec Los Angeles. De son c&ocirc;t&eacute;, Dallas a encha&icirc;n&eacute; les blessures et ne s&rsquo;est pas qualifi&eacute; directement pour les playoffs, alors m&ecirc;me qu&rsquo;il &eacute;tait finaliste de la pr&eacute;c&eacute;dente &eacute;dition.&nbsp;<\/p><p>Si, un temps, le d&eacute;part de Doncic avait &eacute;t&eacute; pr&eacute;sent&eacute; comme motiv&eacute; par son refus de prolonger, ESPN vient de r&eacute;v&eacute;ler une toute autre version.&nbsp;<\/p><h2 class=\"wp-block-heading\">Doncic n&rsquo;a pas eu la prolongation attendue&nbsp;<\/h2><p>Un contrat de cinq ans pour un montant de 345 millions de dollars : voil&agrave; ce qu&rsquo;aurait souhait&eacute; Luka Doncic pour rester &agrave; Dallas. Une prolongation &laquo;&nbsp;supermax&nbsp;&raquo; que les Mavs n&rsquo;&eacute;taient pas pr&ecirc;ts &agrave; lui accorder, malgr&eacute; sa volont&eacute; de rester dans la franchise.&nbsp;<\/p><p>Si Nico Harrison, le directeur g&eacute;n&eacute;ral des Mavericks, avait d&eacute;clar&eacute; ne disposer d&rsquo;aucune garantie quant &agrave; la signature du Slov&egrave;ne, le journaliste Tim <a href=\"https:\/\/x.com\/MrBuckBuckNBA\/status\/1912238135401922802?ref_src=twsrc%5Etfw%7Ctwcamp%5Etweetembed%7Ctwterm%5E1912238135401922802%7Ctwgr%5E534afa9cc5d8693f1d3d937d4cc2cb8ff59d0f34%7Ctwcon%5Es1_&amp;ref_url=https%3A%2F%2Fbasketnews.com%2Fnews-223055-mavericks-didnt-trust-luka-doncic-supermax.html\" target=\"_blank\" rel=\"noreferrer noopener\" class=\"trk-cta-link\" data-cta-trk='{\"ctaType\":\"Link\",\"ctaSubType\":\"main\"}'>MacMahon<\/a> a r&eacute;v&eacute;l&eacute; que Dallas avait en r&eacute;alit&eacute; des doutes sur la condition physique de Doncic. Par cons&eacute;quent, la franchise ne souhaitait pas lui offrir un tel contrat. &nbsp;<\/p><p>La venue d&rsquo;Anthony Davis, de son c&ocirc;t&eacute;, &eacute;tait d&eacute;j&agrave; dans les plans des dirigeants texans, et semblait m&ecirc;me plus souhait&eacute;e que la prolongation de l&rsquo;arri&egrave;re star.&nbsp;R&eacute;sultat de l&rsquo;histoire : Doncic a brill&eacute; sous les couleurs des Lakers, affichant une forme olympique, tandis qu&rsquo;Anthony Davis s&rsquo;est bless&eacute; d&egrave;s son arriv&eacute;e &agrave; Dallas.&nbsp;<\/p><ul class=\"wp-block-list\">\n<li><strong>Lire aussi :<\/strong><\/li>\n<\/ul><p><a href=\"https:\/\/theplayoffs.news\/fr\/actualite-nba\/dans-le-role-danthony-edwards-bronny-james\/\" target=\"_blank\" rel=\"noreferrer noopener\" class=\"trk-cta-link\" data-cta-trk='{\"ctaType\":\"Link\",\"ctaSubType\":\"main\"}'>Dans le r&ocirc;le d&rsquo;Anthony Edwards&hellip; Bronny James !<\/a><\/p><p><a href=\"https:\/\/theplayoffs.news\/fr\/actualite-nba\/intenable-face-aux-bulls-tyler-herro-veut-prouver-quil-est-un-vrai-2-way-player\/\" target=\"_blank\" rel=\"noreferrer noopener\" class=\"trk-cta-link\" data-cta-trk='{\"ctaType\":\"Link\",\"ctaSubType\":\"main\"}'>Intenable face aux Bulls, Tyler Herro veut &laquo; prouver qu&rsquo;il est un vrai 2-way player &raquo;<\/a><\/p><p>Le joueur californien a disput&eacute; 28 matchs pour une moyenne de : 35.1 minutes, 28.2 points, 8.1 rebonds, 7.5 passes, 1.6 interception.&nbsp;De son c&ocirc;t&eacute;, Davis, sous le maillot texan, n&rsquo;a jou&eacute; que 9 matchs avec : 29.6 minutes, 20 points, 10.1 rebonds, 4.4 passes, 0.6 interception en moyenne.&nbsp;<\/p><p>Cette nouvelle r&eacute;v&eacute;lation ne va faire qu&rsquo;amplifier les critiques &agrave; l&rsquo;encontre de Nico Harrison, d&eacute;j&agrave; tr&egrave;s contest&eacute; depuis ce trade.&nbsp;<\/p><p>Cr&eacute;dit photo : Jonathan Hui-Imagn Images<\/p>\n","protected":false},"excerpt":{"rendered":"","protected":false},"author":180310250,"featured_media":1488729,"comment_status":"closed","ping_status":"closed","sticky":false,"template":"","format":"standard","meta":{"inline_featured_image":false,"kia_subtitle":"","_mux_skip_reasons":[],"proofreadBy":0,"footnotes":""},"categories":[110,10],"tags":[595,117,545,23,8044],"sport":[2783],"saison":[],"class_list":["post-1488727","post","type-post","status-publish","format-standard","has-post-thumbnail","hentry","category-actualite-nba","category-nba","tag-dallas-mavericks","tag-los-angeles-lakers","tag-luka-doncic","tag-nba-tag","tag-nico-harrison","sport-nba"],"acf":[],"yoast_head":"<!-- This site is optimized with the Yoast SEO plugin v24.2 - https:\/\/yoast.com\/wordpress\/plugins\/seo\/ -->\n<title>Dallas n&rsquo;a pas offert la prolongation attendue&nbsp;&agrave; Doncic<\/title>\n<meta name=\"description\" content=\"Alors qu&#039;on pensait que Luka Doncic avait refus&eacute; de prolonger, ce serait plut&ocirc;t Dallas qui n&#039;aurait pas offert la prolongation attendue.\" \/>\n<meta name=\"robots\" content=\"index, follow, max-snippet:-1, max-image-preview:large, max-video-preview:-1\" \/>\n<link rel=\"canonical\" href=\"https:\/\/theplayoffs.news\/fr\/actualite-nba\/dallas-a-prefere-echanger-doncic-plutot-que-de-lui-offrir-ce-quil-voulait\/\" \/>\n<meta property=\"og:locale\" content=\"fr_FR\" \/>\n<meta property=\"og:type\" content=\"article\" \/>\n<meta property=\"og:title\" content=\"Dallas n&rsquo;a pas offert la prolongation attendue&nbsp;&agrave; Doncic\" \/>\n<meta property=\"og:description\" content=\"Alors qu&#039;on pensait que Luka Doncic avait refus&eacute; de prolonger, ce serait plut&ocirc;t Dallas qui n&#039;aurait pas offert la prolongation attendue.\" \/>\n<meta property=\"og:url\" content=\"https:\/\/theplayoffs.news\/fr\/actualite-nba\/dallas-a-prefere-echanger-doncic-plutot-que-de-lui-offrir-ce-quil-voulait\/\" \/>\n<meta property=\"og:site_name\" content=\"The Playoffs FR\" \/>\n<meta property=\"article:publisher\" content=\"https:\/\/www.facebook.com\/TheFreeAgentFR\/\" \/>\n<meta property=\"article:modified_time\" content=\"2025-04-17T14:09:47+02:00\" \/>\n<meta property=\"og:image\" content=\"https:\/\/theplayoffs.news\/fr\/wp-content\/uploads\/2025\/04\/USATSI_25908976.jpg\" \/>\n\t<meta property=\"og:image:width\" content=\"1920\" \/>\n\t<meta property=\"og:image:height\" content=\"1280\" \/>\n\t<meta property=\"og:image:type\" content=\"image\/jpeg\" \/>\n<meta name=\"author\" content=\"Jean Fabre-Jevanoff\" \/>\n<meta name=\"twitter:card\" content=\"summary_large_image\" \/>\n<meta name=\"twitter:creator\" content=\"@the_jfj_42\" \/>\n<meta name=\"twitter:site\" content=\"@TheFreeAgentFR\" \/>\n<meta name=\"twitter:label1\" content=\"\u00c9crit par\" \/>\n\t<meta name=\"twitter:data1\" content=\"Jean Fabre-Jevanoff\" \/>\n\t<meta name=\"twitter:label2\" content=\"Dur\u00e9e de lecture estim\u00e9e\" \/>\n\t<meta name=\"twitter:data2\" content=\"3 minutes\" \/>\n<script type=\"application\/ld+json\" class=\"yoast-schema-graph\">{\"@context\":\"https:\/\/schema.org\",\"@graph\":[{\"@type\":\"WebPage\",\"@id\":\"https:\/\/theplayoffs.news\/fr\/actualite-nba\/dallas-a-prefere-echanger-doncic-plutot-que-de-lui-offrir-ce-quil-voulait\/\",\"url\":\"https:\/\/theplayoffs.news\/fr\/actualite-nba\/dallas-a-prefere-echanger-doncic-plutot-que-de-lui-offrir-ce-quil-voulait\/\",\"name\":\"Dallas n\u2019a pas offert la prolongation attendue\u00a0\u00e0 Doncic\",\"isPartOf\":{\"@id\":\"https:\/\/theplayoffs.news\/fr\/#website\"},\"primaryImageOfPage\":{\"@id\":\"https:\/\/theplayoffs.news\/fr\/actualite-nba\/dallas-a-prefere-echanger-doncic-plutot-que-de-lui-offrir-ce-quil-voulait\/#primaryimage\"},\"image\":{\"@id\":\"https:\/\/theplayoffs.news\/fr\/actualite-nba\/dallas-a-prefere-echanger-doncic-plutot-que-de-lui-offrir-ce-quil-voulait\/#primaryimage\"},\"thumbnailUrl\":\"https:\/\/theplayoffs.news\/fr\/wp-content\/uploads\/2025\/04\/USATSI_25908976.jpg\",\"datePublished\":\"2025-04-17T10:21:21+00:00\",\"dateModified\":\"2025-04-17T12:09:47+00:00\",\"author\":{\"@id\":\"https:\/\/theplayoffs.news\/fr\/#\/schema\/person\/1ea25b88e79fe4fabd657430b0013d3d\"},\"description\":\"Alors qu\\\\'on pensait que Luka Doncic avait refus\u00e9 de prolonger, ce serait plut\u00f4t Dallas qui n\\\\'aurait pas offert la prolongation attendue.\",\"breadcrumb\":{\"@id\":\"https:\/\/theplayoffs.news\/fr\/actualite-nba\/dallas-a-prefere-echanger-doncic-plutot-que-de-lui-offrir-ce-quil-voulait\/#breadcrumb\"},\"inLanguage\":\"fr-FR\",\"potentialAction\":[{\"@type\":\"ReadAction\",\"target\":[\"https:\/\/theplayoffs.news\/fr\/actualite-nba\/dallas-a-prefere-echanger-doncic-plutot-que-de-lui-offrir-ce-quil-voulait\/\"]}]},{\"@type\":\"ImageObject\",\"inLanguage\":\"fr-FR\",\"@id\":\"https:\/\/theplayoffs.news\/fr\/actualite-nba\/dallas-a-prefere-echanger-doncic-plutot-que-de-lui-offrir-ce-quil-voulait\/#primaryimage\",\"url\":\"https:\/\/theplayoffs.news\/fr\/wp-content\/uploads\/2025\/04\/USATSI_25908976.jpg\",\"contentUrl\":\"https:\/\/theplayoffs.news\/fr\/wp-content\/uploads\/2025\/04\/USATSI_25908976.jpg\",\"width\":1920,\"height\":1280,\"caption\":\"Apr 11, 2025; Los Angeles, California, USA; Los Angeles Lakers guard Luka Doncic (77) moves the ball against the Houston Rockets during the first half at Crypto.com Arena. Mandatory Credit: Jonathan Hui-Imagn Images\"},{\"@type\":\"BreadcrumbList\",\"@id\":\"https:\/\/theplayoffs.news\/fr\/actualite-nba\/dallas-a-prefere-echanger-doncic-plutot-que-de-lui-offrir-ce-quil-voulait\/#breadcrumb\",\"itemListElement\":[{\"@type\":\"ListItem\",\"position\":1,\"name\":\"Accueil\",\"item\":\"https:\/\/theplayoffs.news\/fr\/\"},{\"@type\":\"ListItem\",\"position\":2,\"name\":\"Dallas a pr\u00e9f\u00e9r\u00e9 \u00e9changer Doncic plut\u00f4t que de lui offrir ce qu\u2019il voulait\"}]},{\"@type\":\"WebSite\",\"@id\":\"https:\/\/theplayoffs.news\/fr\/#website\",\"url\":\"https:\/\/theplayoffs.news\/fr\/\",\"name\":\"The Playoffs FR\",\"description\":\"NBA-NFL-NHL-MLB\",\"potentialAction\":[{\"@type\":\"SearchAction\",\"target\":{\"@type\":\"EntryPoint\",\"urlTemplate\":\"https:\/\/theplayoffs.news\/fr\/?s={search_term_string}\"},\"query-input\":{\"@type\":\"PropertyValueSpecification\",\"valueRequired\":true,\"valueName\":\"search_term_string\"}}],\"inLanguage\":\"fr-FR\"},{\"@type\":\"Person\",\"@id\":\"https:\/\/theplayoffs.news\/fr\/#\/schema\/person\/1ea25b88e79fe4fabd657430b0013d3d\",\"name\":\"Jean Fabre-Jevanoff\",\"image\":{\"@type\":\"ImageObject\",\"inLanguage\":\"fr-FR\",\"@id\":\"https:\/\/theplayoffs.news\/fr\/#\/schema\/person\/image\/\",\"url\":\"https:\/\/secure.gravatar.com\/avatar\/18b28dab1159eebc6a17b9787eb8cbbe3242c3d0e8b53b89332f6dc1133aa361?s=96&d=mm&r=g\",\"contentUrl\":\"https:\/\/secure.gravatar.com\/avatar\/18b28dab1159eebc6a17b9787eb8cbbe3242c3d0e8b53b89332f6dc1133aa361?s=96&d=mm&r=g\",\"caption\":\"Jean Fabre-Jevanoff\"},\"description\":\"Journaliste polyvalent sur le football am\u00e9ricain, j\u2019\u00e9cris aussi des articles sur le basket. Commentateur sur Twitch et sur YouTube. Pass\u00e9 par Eurosport notamment. Un mix d\u2019Eminem et de OBJ, fan inconditionnel de Patrick Mahomes et Lebron James\",\"sameAs\":[\"https:\/\/www.instagram.com\/_juaniitooo_\",\"https:\/\/www.linkedin.com\/in\/jean-fabre-jevanoff-84bb9b1a9\/\",\"https:\/\/x.com\/the_jfj_42\"],\"url\":\"https:\/\/theplayoffs.news\/fr\/author\/jeanfj42gmail-com\/\"}]}<\/script>\n<!-- \/ Yoast SEO plugin. -->","yoast_head_json":{"title":"Dallas n&rsquo;a pas offert la prolongation attendue&nbsp;&agrave; Doncic","description":"Alors qu&#039;on pensait que Luka Doncic avait refus&eacute; de prolonger, ce serait plut&ocirc;t Dallas qui n&#039;aurait pas offert la prolongation attendue.","robots":{"index":"index","follow":"follow","max-snippet":"max-snippet:-1","max-image-preview":"max-image-preview:large","max-video-preview":"max-video-preview:-1"},"canonical":"https:\/\/theplayoffs.news\/fr\/actualite-nba\/dallas-a-prefere-echanger-doncic-plutot-que-de-lui-offrir-ce-quil-voulait\/","og_locale":"fr_FR","og_type":"article","og_title":"Dallas n&rsquo;a pas offert la prolongation attendue&nbsp;&agrave; Doncic","og_description":"Alors qu&#039;on pensait que Luka Doncic avait refus&eacute; de prolonger, ce serait plut&ocirc;t Dallas qui n&#039;aurait pas offert la prolongation attendue.","og_url":"https:\/\/theplayoffs.news\/fr\/actualite-nba\/dallas-a-prefere-echanger-doncic-plutot-que-de-lui-offrir-ce-quil-voulait\/","og_site_name":"The Playoffs FR","article_publisher":"https:\/\/www.facebook.com\/TheFreeAgentFR\/","article_modified_time":"2025-04-17T12:09:47+00:00","og_image":[{"width":1920,"height":1280,"url":"https:\/\/theplayoffs.news\/fr\/wp-content\/uploads\/2025\/04\/USATSI_25908976.jpg","type":"image\/jpeg"}],"author":"Jean Fabre-Jevanoff","twitter_card":"summary_large_image","twitter_creator":"@the_jfj_42","twitter_site":"@TheFreeAgentFR","twitter_misc":{"\u00c9crit par":"Jean Fabre-Jevanoff","Dur\u00e9e de lecture estim\u00e9e":"3 minutes"},"schema":{"@context":"https:\/\/schema.org","@graph":[{"@type":"WebPage","@id":"https:\/\/theplayoffs.news\/fr\/actualite-nba\/dallas-a-prefere-echanger-doncic-plutot-que-de-lui-offrir-ce-quil-voulait\/","url":"https:\/\/theplayoffs.news\/fr\/actualite-nba\/dallas-a-prefere-echanger-doncic-plutot-que-de-lui-offrir-ce-quil-voulait\/","name":"Dallas n\u2019a pas offert la prolongation attendue\u00a0\u00e0 Doncic","isPartOf":{"@id":"https:\/\/theplayoffs.news\/fr\/#website"},"primaryImageOfPage":{"@id":"https:\/\/theplayoffs.news\/fr\/actualite-nba\/dallas-a-prefere-echanger-doncic-plutot-que-de-lui-offrir-ce-quil-voulait\/#primaryimage"},"image":{"@id":"https:\/\/theplayoffs.news\/fr\/actualite-nba\/dallas-a-prefere-echanger-doncic-plutot-que-de-lui-offrir-ce-quil-voulait\/#primaryimage"},"thumbnailUrl":"https:\/\/theplayoffs.news\/fr\/wp-content\/uploads\/2025\/04\/USATSI_25908976.jpg","datePublished":"2025-04-17T10:21:21+00:00","dateModified":"2025-04-17T12:09:47+00:00","author":{"@id":"https:\/\/theplayoffs.news\/fr\/#\/schema\/person\/1ea25b88e79fe4fabd657430b0013d3d"},"description":"Alors qu\\'on pensait que Luka Doncic avait refus\u00e9 de prolonger, ce serait plut\u00f4t Dallas qui n\\'aurait pas offert la prolongation attendue.","breadcrumb":{"@id":"https:\/\/theplayoffs.news\/fr\/actualite-nba\/dallas-a-prefere-echanger-doncic-plutot-que-de-lui-offrir-ce-quil-voulait\/#breadcrumb"},"inLanguage":"fr-FR","potentialAction":[{"@type":"ReadAction","target":["https:\/\/theplayoffs.news\/fr\/actualite-nba\/dallas-a-prefere-echanger-doncic-plutot-que-de-lui-offrir-ce-quil-voulait\/"]}]},{"@type":"ImageObject","inLanguage":"fr-FR","@id":"https:\/\/theplayoffs.news\/fr\/actualite-nba\/dallas-a-prefere-echanger-doncic-plutot-que-de-lui-offrir-ce-quil-voulait\/#primaryimage","url":"https:\/\/theplayoffs.news\/fr\/wp-content\/uploads\/2025\/04\/USATSI_25908976.jpg","contentUrl":"https:\/\/theplayoffs.news\/fr\/wp-content\/uploads\/2025\/04\/USATSI_25908976.jpg","width":1920,"height":1280,"caption":"Apr 11, 2025; Los Angeles, California, USA; Los Angeles Lakers guard Luka Doncic (77) moves the ball against the Houston Rockets during the first half at Crypto.com Arena. Mandatory Credit: Jonathan Hui-Imagn Images"},{"@type":"BreadcrumbList","@id":"https:\/\/theplayoffs.news\/fr\/actualite-nba\/dallas-a-prefere-echanger-doncic-plutot-que-de-lui-offrir-ce-quil-voulait\/#breadcrumb","itemListElement":[{"@type":"ListItem","position":1,"name":"Accueil","item":"https:\/\/theplayoffs.news\/fr\/"},{"@type":"ListItem","position":2,"name":"Dallas a pr\u00e9f\u00e9r\u00e9 \u00e9changer Doncic plut\u00f4t que de lui offrir ce qu\u2019il voulait"}]},{"@type":"WebSite","@id":"https:\/\/theplayoffs.news\/fr\/#website","url":"https:\/\/theplayoffs.news\/fr\/","name":"The Playoffs FR","description":"NBA-NFL-NHL-MLB","potentialAction":[{"@type":"SearchAction","target":{"@type":"EntryPoint","urlTemplate":"https:\/\/theplayoffs.news\/fr\/?s={search_term_string}"},"query-input":{"@type":"PropertyValueSpecification","valueRequired":true,"valueName":"search_term_string"}}],"inLanguage":"fr-FR"},{"@type":"Person","@id":"https:\/\/theplayoffs.news\/fr\/#\/schema\/person\/1ea25b88e79fe4fabd657430b0013d3d","name":"Jean Fabre-Jevanoff","image":{"@type":"ImageObject","inLanguage":"fr-FR","@id":"https:\/\/theplayoffs.news\/fr\/#\/schema\/person\/image\/","url":"https:\/\/secure.gravatar.com\/avatar\/18b28dab1159eebc6a17b9787eb8cbbe3242c3d0e8b53b89332f6dc1133aa361?s=96&d=mm&r=g","contentUrl":"https:\/\/secure.gravatar.com\/avatar\/18b28dab1159eebc6a17b9787eb8cbbe3242c3d0e8b53b89332f6dc1133aa361?s=96&d=mm&r=g","caption":"Jean Fabre-Jevanoff"},"description":"Journaliste polyvalent sur le football am\u00e9ricain, j\u2019\u00e9cris aussi des articles sur le basket. Commentateur sur Twitch et sur YouTube. Pass\u00e9 par Eurosport notamment. Un mix d\u2019Eminem et de OBJ, fan inconditionnel de Patrick Mahomes et Lebron James","sameAs":["https:\/\/www.instagram.com\/_juaniitooo_","https:\/\/www.linkedin.com\/in\/jean-fabre-jevanoff-84bb9b1a9\/","https:\/\/x.com\/the_jfj_42"],"url":"https:\/\/theplayoffs.news\/fr\/author\/jeanfj42gmail-com\/"}]}},"_links":{"self":[{"href":"https:\/\/theplayoffs.news\/fr\/wp-json\/wp\/v2\/posts\/1488727","targetHints":{"allow":["GET"]}}],"collection":[{"href":"https:\/\/theplayoffs.news\/fr\/wp-json\/wp\/v2\/posts"}],"about":[{"href":"https:\/\/theplayoffs.news\/fr\/wp-json\/wp\/v2\/types\/post"}],"author":[{"embeddable":true,"href":"https:\/\/theplayoffs.news\/fr\/wp-json\/wp\/v2\/users\/180310250"}],"replies":[{"embeddable":true,"href":"https:\/\/theplayoffs.news\/fr\/wp-json\/wp\/v2\/comments?post=1488727"}],"version-history":[{"count":2,"href":"https:\/\/theplayoffs.news\/fr\/wp-json\/wp\/v2\/posts\/1488727\/revisions"}],"predecessor-version":[{"id":1488740,"href":"https:\/\/theplayoffs.news\/fr\/wp-json\/wp\/v2\/posts\/1488727\/revisions\/1488740"}],"wp:featuredmedia":[{"embeddable":true,"href":"https:\/\/theplayoffs.news\/fr\/wp-json\/wp\/v2\/media\/1488729"}],"wp:attachment":[{"href":"https:\/\/theplayoffs.news\/fr\/wp-json\/wp\/v2\/media?parent=1488727"}],"wp:term":[{"taxonomy":"category","embeddable":true,"href":"https:\/\/theplayoffs.news\/fr\/wp-json\/wp\/v2\/categories?post=1488727"},{"taxonomy":"post_tag","embeddable":true,"href":"https:\/\/theplayoffs.news\/fr\/wp-json\/wp\/v2\/tags?post=1488727"},{"taxonomy":"sport","embeddable":true,"href":"https:\/\/theplayoffs.news\/fr\/wp-json\/wp\/v2\/sport?post=1488727"},{"taxonomy":"saison","embeddable":true,"href":"https:\/\/theplayoffs.news\/fr\/wp-json\/wp\/v2\/saison?post=1488727"}],"curies":[{"name":"wp","href":"https:\/\/api.w.org\/{rel}","templated":true}]}}