{"id":1488591,"date":"2025-04-16T11:35:29","date_gmt":"2025-04-16T09:35:29","guid":{"rendered":"https:\/\/theplayoffs.news\/fr\/uncategorized\/\/"},"modified":"2025-04-16T11:35:35","modified_gmt":"2025-04-16T09:35:35","slug":"tyron-smith-raccroche-les-crampons","status":"publish","type":"post","link":"https:\/\/theplayoffs.news\/fr\/actualite-nfl\/tyron-smith-raccroche-les-crampons\/","title":{"rendered":"Tyron Smith raccroche les crampons\u00a0"},"content":{"rendered":"<p>Apr&egrave;s 14 saisons en NFL, Tyron Smith a annonc&eacute; ce mardi qu&rsquo;il mettait un terme &agrave; sa carri&egrave;re. Le tackle offensif a &eacute;t&eacute; un joueur majeur des Dallas Cowboys durant les deux derni&egrave;res d&eacute;cennies.&nbsp;<\/p><p>Choisi en 9e position lors du premier tour de la Draft 2011, Smith a jou&eacute; pour la franchise texane jusqu&rsquo;en 2023. Sa polyvalence lui a permis d&rsquo;&eacute;voluer aussi bien au poste de right tackle (RT) que de left tackle (LT). Durant son aventure &agrave; Dallas, <a href=\"https:\/\/x.com\/NFL\/status\/1912192858683036054\" target=\"_blank\" rel=\"noreferrer noopener\" class=\"trk-cta-link\" data-cta-trk='{\"ctaType\":\"Link\",\"ctaSubType\":\"main\"}'>le &laquo;&nbsp;big man&nbsp;&raquo;<\/a> a &eacute;t&eacute; s&eacute;lectionn&eacute; deux fois dans la First-team All-Pro (2014, 2016), trois fois dans la Second-team All-Pro (2013, 2015, 2023) et huit fois au Pro Bowl (2013&ndash;2019, 2021). <\/p><ul class=\"wp-block-list\">\n<li><strong>Lire aussi :<\/strong><\/li>\n<\/ul><p><a href=\"https:\/\/theplayoffs.news\/fr\/draft\/will-howard-ohio-state-si-vous-ne-me-draftez-pas-vous-allez-le-regretter\/\" target=\"_blank\" rel=\"noreferrer noopener\" class=\"trk-cta-link\" data-cta-trk='{\"ctaType\":\"Link\",\"ctaSubType\":\"main\"}'>Will Howard (Ohio State): &laquo; Si vous ne me draftez pas vous allez le regretter! &raquo;<\/a><\/p><p><a href=\"https:\/\/theplayoffs.news\/fr\/actualite-nfl\/nfl-fantasy-najee-harris-en-2025\/\" target=\"_blank\" rel=\"noreferrer noopener\" class=\"trk-cta-link\" data-cta-trk='{\"ctaType\":\"Link\",\"ctaSubType\":\"main\"}'>NFL Fantasy : Najee Harris en 2025 !<\/a><\/p><p>Il a marqu&eacute; la d&eacute;cennie 2010 au point d&rsquo;&ecirc;tre int&eacute;gr&eacute; &agrave; la NFL 2010s All-Decade Team. L&rsquo;ancien de USC a &eacute;galement particip&eacute; six fois aux playoffs avec les Cowboys, pour un total de trois victoires.&nbsp;<\/p><p>Pour sa derni&egrave;re saison, en 2024, Tyron Smith avait fait le choix de rejoindre les New York Jets, avec lesquels il a d&eacute;but&eacute; 10 rencontres. Ce d&eacute;part signifiera-t-il un choix de draft &agrave; ce poste pour les Jets ? R&eacute;ponse dans quelques jours.&nbsp;<\/p><p>Cr&eacute;dit photo : Tim Heitman-USA TODAY Sports<\/p><p><\/p>\n","protected":false},"excerpt":{"rendered":"","protected":false},"author":180310250,"featured_media":1488594,"comment_status":"closed","ping_status":"closed","sticky":false,"template":"","format":"standard","meta":{"inline_featured_image":false,"kia_subtitle":"","_mux_skip_reasons":[],"proofreadBy":0,"footnotes":""},"categories":[118,40],"tags":[619,732,79,3212],"sport":[2785],"saison":[],"class_list":["post-1488591","post","type-post","status-publish","format-standard","has-post-thumbnail","hentry","category-actualite-nfl","category-nfl","tag-dallas-cowboys","tag-new-york-jets","tag-nfl","tag-tyron-smith","sport-nfl"],"acf":[],"yoast_head":"<!-- This site is optimized with the Yoast SEO plugin v24.2 - https:\/\/yoast.com\/wordpress\/plugins\/seo\/ -->\n<title>Tyron Smith raccroche les crampons<\/title>\n<meta name=\"description\" content=\"Apr&egrave;s 14 saisons en NFL, Tyron Smith, multiple Pro Bowler et membre de la 2010s All-Decade Team a annonc&eacute; mettre un terme &agrave; sa carri&egrave;re.\" \/>\n<meta name=\"robots\" content=\"index, follow, max-snippet:-1, max-image-preview:large, max-video-preview:-1\" \/>\n<link rel=\"canonical\" href=\"https:\/\/theplayoffs.news\/fr\/actualite-nfl\/tyron-smith-raccroche-les-crampons\/\" \/>\n<meta property=\"og:locale\" content=\"fr_FR\" \/>\n<meta property=\"og:type\" content=\"article\" \/>\n<meta property=\"og:title\" content=\"Tyron Smith raccroche les crampons\" \/>\n<meta property=\"og:description\" content=\"Apr&egrave;s 14 saisons en NFL, Tyron Smith, multiple Pro Bowler et membre de la 2010s All-Decade Team a annonc&eacute; mettre un terme &agrave; sa carri&egrave;re.\" \/>\n<meta property=\"og:url\" content=\"https:\/\/theplayoffs.news\/fr\/actualite-nfl\/tyron-smith-raccroche-les-crampons\/\" \/>\n<meta property=\"og:site_name\" content=\"The Playoffs FR\" \/>\n<meta property=\"article:publisher\" content=\"https:\/\/www.facebook.com\/TheFreeAgentFR\/\" \/>\n<meta property=\"article:modified_time\" content=\"2025-04-16T11:35:35+02:00\" \/>\n<meta property=\"og:image\" content=\"https:\/\/theplayoffs.news\/fr\/wp-content\/uploads\/2025\/04\/USATSI_22079560.jpg\" \/>\n\t<meta property=\"og:image:width\" content=\"1920\" \/>\n\t<meta property=\"og:image:height\" content=\"1280\" \/>\n\t<meta property=\"og:image:type\" content=\"image\/jpeg\" \/>\n<meta name=\"author\" content=\"Jean Fabre-Jevanoff\" \/>\n<meta name=\"twitter:card\" content=\"summary_large_image\" \/>\n<meta name=\"twitter:creator\" content=\"@the_jfj_42\" \/>\n<meta name=\"twitter:site\" content=\"@TheFreeAgentFR\" \/>\n<meta name=\"twitter:label1\" content=\"\u00c9crit par\" \/>\n\t<meta name=\"twitter:data1\" content=\"Jean Fabre-Jevanoff\" \/>\n\t<meta name=\"twitter:label2\" content=\"Dur\u00e9e de lecture estim\u00e9e\" \/>\n\t<meta name=\"twitter:data2\" content=\"2 minutes\" \/>\n<script type=\"application\/ld+json\" class=\"yoast-schema-graph\">{\"@context\":\"https:\/\/schema.org\",\"@graph\":[{\"@type\":\"WebPage\",\"@id\":\"https:\/\/theplayoffs.news\/fr\/actualite-nfl\/tyron-smith-raccroche-les-crampons\/\",\"url\":\"https:\/\/theplayoffs.news\/fr\/actualite-nfl\/tyron-smith-raccroche-les-crampons\/\",\"name\":\"Tyron Smith raccroche les crampons\",\"isPartOf\":{\"@id\":\"https:\/\/theplayoffs.news\/fr\/#website\"},\"primaryImageOfPage\":{\"@id\":\"https:\/\/theplayoffs.news\/fr\/actualite-nfl\/tyron-smith-raccroche-les-crampons\/#primaryimage\"},\"image\":{\"@id\":\"https:\/\/theplayoffs.news\/fr\/actualite-nfl\/tyron-smith-raccroche-les-crampons\/#primaryimage\"},\"thumbnailUrl\":\"https:\/\/theplayoffs.news\/fr\/wp-content\/uploads\/2025\/04\/USATSI_22079560.jpg\",\"datePublished\":\"2025-04-16T09:35:29+00:00\",\"dateModified\":\"2025-04-16T09:35:35+00:00\",\"author\":{\"@id\":\"https:\/\/theplayoffs.news\/fr\/#\/schema\/person\/1ea25b88e79fe4fabd657430b0013d3d\"},\"description\":\"Apr\u00e8s 14 saisons en NFL, Tyron Smith, multiple Pro Bowler et membre de la 2010s All-Decade Team a annonc\u00e9 mettre un terme \u00e0 sa carri\u00e8re.\",\"breadcrumb\":{\"@id\":\"https:\/\/theplayoffs.news\/fr\/actualite-nfl\/tyron-smith-raccroche-les-crampons\/#breadcrumb\"},\"inLanguage\":\"fr-FR\",\"potentialAction\":[{\"@type\":\"ReadAction\",\"target\":[\"https:\/\/theplayoffs.news\/fr\/actualite-nfl\/tyron-smith-raccroche-les-crampons\/\"]}]},{\"@type\":\"ImageObject\",\"inLanguage\":\"fr-FR\",\"@id\":\"https:\/\/theplayoffs.news\/fr\/actualite-nfl\/tyron-smith-raccroche-les-crampons\/#primaryimage\",\"url\":\"https:\/\/theplayoffs.news\/fr\/wp-content\/uploads\/2025\/04\/USATSI_22079560.jpg\",\"contentUrl\":\"https:\/\/theplayoffs.news\/fr\/wp-content\/uploads\/2025\/04\/USATSI_22079560.jpg\",\"width\":1920,\"height\":1280,\"caption\":\"Dec 10, 2023; Arlington, Texas, USA; Dallas Cowboys offensive tackle Tyron Smith (77) on the field before the game against the Philadelphia Eagles at AT&amp;T Stadium. Mandatory Credit: Tim Heitman-USA TODAY Sports\"},{\"@type\":\"BreadcrumbList\",\"@id\":\"https:\/\/theplayoffs.news\/fr\/actualite-nfl\/tyron-smith-raccroche-les-crampons\/#breadcrumb\",\"itemListElement\":[{\"@type\":\"ListItem\",\"position\":1,\"name\":\"Accueil\",\"item\":\"https:\/\/theplayoffs.news\/fr\/\"},{\"@type\":\"ListItem\",\"position\":2,\"name\":\"Tyron Smith raccroche les crampons\u00a0\"}]},{\"@type\":\"WebSite\",\"@id\":\"https:\/\/theplayoffs.news\/fr\/#website\",\"url\":\"https:\/\/theplayoffs.news\/fr\/\",\"name\":\"The Playoffs FR\",\"description\":\"NBA-NFL-NHL-MLB\",\"potentialAction\":[{\"@type\":\"SearchAction\",\"target\":{\"@type\":\"EntryPoint\",\"urlTemplate\":\"https:\/\/theplayoffs.news\/fr\/?s={search_term_string}\"},\"query-input\":{\"@type\":\"PropertyValueSpecification\",\"valueRequired\":true,\"valueName\":\"search_term_string\"}}],\"inLanguage\":\"fr-FR\"},{\"@type\":\"Person\",\"@id\":\"https:\/\/theplayoffs.news\/fr\/#\/schema\/person\/1ea25b88e79fe4fabd657430b0013d3d\",\"name\":\"Jean Fabre-Jevanoff\",\"image\":{\"@type\":\"ImageObject\",\"inLanguage\":\"fr-FR\",\"@id\":\"https:\/\/theplayoffs.news\/fr\/#\/schema\/person\/image\/\",\"url\":\"https:\/\/secure.gravatar.com\/avatar\/18b28dab1159eebc6a17b9787eb8cbbe3242c3d0e8b53b89332f6dc1133aa361?s=96&d=mm&r=g\",\"contentUrl\":\"https:\/\/secure.gravatar.com\/avatar\/18b28dab1159eebc6a17b9787eb8cbbe3242c3d0e8b53b89332f6dc1133aa361?s=96&d=mm&r=g\",\"caption\":\"Jean Fabre-Jevanoff\"},\"description\":\"Journaliste polyvalent sur le football am\u00e9ricain, j\u2019\u00e9cris aussi des articles sur le basket. Commentateur sur Twitch et sur YouTube. Pass\u00e9 par Eurosport notamment. Un mix d\u2019Eminem et de OBJ, fan inconditionnel de Patrick Mahomes et Lebron James\",\"sameAs\":[\"https:\/\/www.instagram.com\/_juaniitooo_\",\"https:\/\/www.linkedin.com\/in\/jean-fabre-jevanoff-84bb9b1a9\/\",\"https:\/\/x.com\/the_jfj_42\"],\"url\":\"https:\/\/theplayoffs.news\/fr\/author\/jeanfj42gmail-com\/\"}]}<\/script>\n<!-- \/ Yoast SEO plugin. -->","yoast_head_json":{"title":"Tyron Smith raccroche les crampons","description":"Apr&egrave;s 14 saisons en NFL, Tyron Smith, multiple Pro Bowler et membre de la 2010s All-Decade Team a annonc&eacute; mettre un terme &agrave; sa carri&egrave;re.","robots":{"index":"index","follow":"follow","max-snippet":"max-snippet:-1","max-image-preview":"max-image-preview:large","max-video-preview":"max-video-preview:-1"},"canonical":"https:\/\/theplayoffs.news\/fr\/actualite-nfl\/tyron-smith-raccroche-les-crampons\/","og_locale":"fr_FR","og_type":"article","og_title":"Tyron Smith raccroche les crampons","og_description":"Apr&egrave;s 14 saisons en NFL, Tyron Smith, multiple Pro Bowler et membre de la 2010s All-Decade Team a annonc&eacute; mettre un terme &agrave; sa carri&egrave;re.","og_url":"https:\/\/theplayoffs.news\/fr\/actualite-nfl\/tyron-smith-raccroche-les-crampons\/","og_site_name":"The Playoffs FR","article_publisher":"https:\/\/www.facebook.com\/TheFreeAgentFR\/","article_modified_time":"2025-04-16T09:35:35+00:00","og_image":[{"width":1920,"height":1280,"url":"https:\/\/theplayoffs.news\/fr\/wp-content\/uploads\/2025\/04\/USATSI_22079560.jpg","type":"image\/jpeg"}],"author":"Jean Fabre-Jevanoff","twitter_card":"summary_large_image","twitter_creator":"@the_jfj_42","twitter_site":"@TheFreeAgentFR","twitter_misc":{"\u00c9crit par":"Jean Fabre-Jevanoff","Dur\u00e9e de lecture estim\u00e9e":"2 minutes"},"schema":{"@context":"https:\/\/schema.org","@graph":[{"@type":"WebPage","@id":"https:\/\/theplayoffs.news\/fr\/actualite-nfl\/tyron-smith-raccroche-les-crampons\/","url":"https:\/\/theplayoffs.news\/fr\/actualite-nfl\/tyron-smith-raccroche-les-crampons\/","name":"Tyron Smith raccroche les crampons","isPartOf":{"@id":"https:\/\/theplayoffs.news\/fr\/#website"},"primaryImageOfPage":{"@id":"https:\/\/theplayoffs.news\/fr\/actualite-nfl\/tyron-smith-raccroche-les-crampons\/#primaryimage"},"image":{"@id":"https:\/\/theplayoffs.news\/fr\/actualite-nfl\/tyron-smith-raccroche-les-crampons\/#primaryimage"},"thumbnailUrl":"https:\/\/theplayoffs.news\/fr\/wp-content\/uploads\/2025\/04\/USATSI_22079560.jpg","datePublished":"2025-04-16T09:35:29+00:00","dateModified":"2025-04-16T09:35:35+00:00","author":{"@id":"https:\/\/theplayoffs.news\/fr\/#\/schema\/person\/1ea25b88e79fe4fabd657430b0013d3d"},"description":"Apr\u00e8s 14 saisons en NFL, Tyron Smith, multiple Pro Bowler et membre de la 2010s All-Decade Team a annonc\u00e9 mettre un terme \u00e0 sa carri\u00e8re.","breadcrumb":{"@id":"https:\/\/theplayoffs.news\/fr\/actualite-nfl\/tyron-smith-raccroche-les-crampons\/#breadcrumb"},"inLanguage":"fr-FR","potentialAction":[{"@type":"ReadAction","target":["https:\/\/theplayoffs.news\/fr\/actualite-nfl\/tyron-smith-raccroche-les-crampons\/"]}]},{"@type":"ImageObject","inLanguage":"fr-FR","@id":"https:\/\/theplayoffs.news\/fr\/actualite-nfl\/tyron-smith-raccroche-les-crampons\/#primaryimage","url":"https:\/\/theplayoffs.news\/fr\/wp-content\/uploads\/2025\/04\/USATSI_22079560.jpg","contentUrl":"https:\/\/theplayoffs.news\/fr\/wp-content\/uploads\/2025\/04\/USATSI_22079560.jpg","width":1920,"height":1280,"caption":"Dec 10, 2023; Arlington, Texas, USA; Dallas Cowboys offensive tackle Tyron Smith (77) on the field before the game against the Philadelphia Eagles at AT&amp;T Stadium. Mandatory Credit: Tim Heitman-USA TODAY Sports"},{"@type":"BreadcrumbList","@id":"https:\/\/theplayoffs.news\/fr\/actualite-nfl\/tyron-smith-raccroche-les-crampons\/#breadcrumb","itemListElement":[{"@type":"ListItem","position":1,"name":"Accueil","item":"https:\/\/theplayoffs.news\/fr\/"},{"@type":"ListItem","position":2,"name":"Tyron Smith raccroche les crampons\u00a0"}]},{"@type":"WebSite","@id":"https:\/\/theplayoffs.news\/fr\/#website","url":"https:\/\/theplayoffs.news\/fr\/","name":"The Playoffs FR","description":"NBA-NFL-NHL-MLB","potentialAction":[{"@type":"SearchAction","target":{"@type":"EntryPoint","urlTemplate":"https:\/\/theplayoffs.news\/fr\/?s={search_term_string}"},"query-input":{"@type":"PropertyValueSpecification","valueRequired":true,"valueName":"search_term_string"}}],"inLanguage":"fr-FR"},{"@type":"Person","@id":"https:\/\/theplayoffs.news\/fr\/#\/schema\/person\/1ea25b88e79fe4fabd657430b0013d3d","name":"Jean Fabre-Jevanoff","image":{"@type":"ImageObject","inLanguage":"fr-FR","@id":"https:\/\/theplayoffs.news\/fr\/#\/schema\/person\/image\/","url":"https:\/\/secure.gravatar.com\/avatar\/18b28dab1159eebc6a17b9787eb8cbbe3242c3d0e8b53b89332f6dc1133aa361?s=96&d=mm&r=g","contentUrl":"https:\/\/secure.gravatar.com\/avatar\/18b28dab1159eebc6a17b9787eb8cbbe3242c3d0e8b53b89332f6dc1133aa361?s=96&d=mm&r=g","caption":"Jean Fabre-Jevanoff"},"description":"Journaliste polyvalent sur le football am\u00e9ricain, j\u2019\u00e9cris aussi des articles sur le basket. Commentateur sur Twitch et sur YouTube. Pass\u00e9 par Eurosport notamment. Un mix d\u2019Eminem et de OBJ, fan inconditionnel de Patrick Mahomes et Lebron James","sameAs":["https:\/\/www.instagram.com\/_juaniitooo_","https:\/\/www.linkedin.com\/in\/jean-fabre-jevanoff-84bb9b1a9\/","https:\/\/x.com\/the_jfj_42"],"url":"https:\/\/theplayoffs.news\/fr\/author\/jeanfj42gmail-com\/"}]}},"_links":{"self":[{"href":"https:\/\/theplayoffs.news\/fr\/wp-json\/wp\/v2\/posts\/1488591","targetHints":{"allow":["GET"]}}],"collection":[{"href":"https:\/\/theplayoffs.news\/fr\/wp-json\/wp\/v2\/posts"}],"about":[{"href":"https:\/\/theplayoffs.news\/fr\/wp-json\/wp\/v2\/types\/post"}],"author":[{"embeddable":true,"href":"https:\/\/theplayoffs.news\/fr\/wp-json\/wp\/v2\/users\/180310250"}],"replies":[{"embeddable":true,"href":"https:\/\/theplayoffs.news\/fr\/wp-json\/wp\/v2\/comments?post=1488591"}],"version-history":[{"count":1,"href":"https:\/\/theplayoffs.news\/fr\/wp-json\/wp\/v2\/posts\/1488591\/revisions"}],"predecessor-version":[{"id":1488595,"href":"https:\/\/theplayoffs.news\/fr\/wp-json\/wp\/v2\/posts\/1488591\/revisions\/1488595"}],"wp:featuredmedia":[{"embeddable":true,"href":"https:\/\/theplayoffs.news\/fr\/wp-json\/wp\/v2\/media\/1488594"}],"wp:attachment":[{"href":"https:\/\/theplayoffs.news\/fr\/wp-json\/wp\/v2\/media?parent=1488591"}],"wp:term":[{"taxonomy":"category","embeddable":true,"href":"https:\/\/theplayoffs.news\/fr\/wp-json\/wp\/v2\/categories?post=1488591"},{"taxonomy":"post_tag","embeddable":true,"href":"https:\/\/theplayoffs.news\/fr\/wp-json\/wp\/v2\/tags?post=1488591"},{"taxonomy":"sport","embeddable":true,"href":"https:\/\/theplayoffs.news\/fr\/wp-json\/wp\/v2\/sport?post=1488591"},{"taxonomy":"saison","embeddable":true,"href":"https:\/\/theplayoffs.news\/fr\/wp-json\/wp\/v2\/saison?post=1488591"}],"curies":[{"name":"wp","href":"https:\/\/api.w.org\/{rel}","templated":true}]}}