{"id":1488412,"date":"2025-04-15T08:42:36","date_gmt":"2025-04-15T06:42:36","guid":{"rendered":"https:\/\/theplayoffs.news\/fr\/uncategorized\/\/"},"modified":"2025-04-15T08:42:42","modified_gmt":"2025-04-15T06:42:42","slug":"podcast-elf-les-paris-musketeers-a-lassaut-de-2025-invite-john-mckeon","status":"publish","type":"post","link":"https:\/\/theplayoffs.news\/fr\/elf\/podcast-elf-les-paris-musketeers-a-lassaut-de-2025-invite-john-mckeon\/","title":{"rendered":"Podcast ELF &#8211; Les Paris Musketeers \u00e0 l&rsquo;assaut de 2025 (invit\u00e9 John McKeon)"},"content":{"rendered":"<p>Dans ce premier &eacute;pisode de la saison 2025 de Tailgate ELF, le podcast d&eacute;di&eacute; &agrave; l&rsquo;actualit&eacute; de l&rsquo;ELF, Flav, Julien et Waick re&ccedil;oivent le propri&eacute;taire des Paris Musketeers, John McKeon!<\/p><p>Avec John McKeon tous les changements avant la saison 2025 seront abord&eacute;s! Comment Jack Del Rio est arriv&eacute; &agrave; Paris? Comment les dirigeants parisiens ont-ils choisi le nouveau quarterback? Pourquoi avoir chang&eacute; de stade lors de l&rsquo;intersaison?<\/p><p>On revient ensuite aussi sur les nouveaux joueurs des Musketeers pour la saison 2025 &agrave; venir ainsi que sur les objectifs de la franchise parisienne pour cette troisi&egrave;me saison en ELF!<\/p><p>Bonne &eacute;coute &agrave; tous et &agrave; toutes<\/p><iframe name=\"Ausha Podcast Player\" frameborder=\"0\" loading=\"lazy\" id=\"ausha-ecyQ\" height=\"220\" style=\"border: none; width:100%; height:220px\" src=\"https:\/\/player.ausha.co\/?showId=bWKXAUV6PAJE&amp;color=%23751CBF&amp;podcastId=3P6dpclEg5kq&amp;v=3&amp;playerId=ausha-ecyQ\"><\/iframe><script src=\"https:\/\/player.ausha.co\/ausha-player.js\"><\/script><h3 class=\"wp-block-heading\">O&ugrave; &eacute;couter ce podcast&nbsp;<a href=\"https:\/\/theplayoffs.news\/fr\/category\/elf\/\" class=\"trk-cta-link\" data-cta-trk='{\"ctaType\":\"Link\",\"ctaSubType\":\"main\"}'>ELF<\/a>&nbsp;?<\/h3><p>Tailgate, le podcast NFL et ELF de TPO est disponible sur toutes les plateformes d&rsquo;&eacute;coute dont voici les liens directs pour acc&eacute;der &agrave; l&rsquo;&eacute;pisode du jour :<\/p><ul class=\"wp-block-list\">\n<li><a href=\"https:\/\/podcasts.apple.com\/us\/podcast\/tailgate-le-podcast-nfl-de-the-free-agent\/id1638308042\" target=\"_blank\" rel=\"noreferrer noopener\" class=\"trk-cta-link\" data-cta-trk='{\"ctaType\":\"Link\",\"ctaSubType\":\"main\"}'>Apple&nbsp;<\/a><\/li>\n\n\n\n<li><a href=\"https:\/\/open.spotify.com\/show\/2C4AFf2o3kZYsTuI9UCdFU\" target=\"_blank\" rel=\"noreferrer noopener\" class=\"trk-cta-link\" data-cta-trk='{\"ctaType\":\"Link\",\"ctaSubType\":\"main\"}'>Spotify<\/a><\/li>\n\n\n\n<li><a href=\"https:\/\/www.youtube.com\/@thefreeagent\/podcasts\" target=\"_blank\" rel=\"noreferrer noopener\" class=\"trk-cta-link\" data-cta-trk='{\"ctaType\":\"Link\",\"ctaSubType\":\"main\"}'>Youtube<\/a><\/li>\n\n\n\n<li><a href=\"https:\/\/www.deezer.com\/show\/4487577\" target=\"_blank\" rel=\"noreferrer noopener\" class=\"trk-cta-link\" data-cta-trk='{\"ctaType\":\"Link\",\"ctaSubType\":\"main\"}'>Deezer<\/a><\/li>\n\n\n\n<li><a href=\"https:\/\/music.amazon.com\/podcasts\/27486843-83db-4844-86e4-e5da148cf9e9\" target=\"_blank\" rel=\"noreferrer noopener\" class=\"trk-cta-link\" data-cta-trk='{\"ctaType\":\"Link\",\"ctaSubType\":\"main\"}'>Amazon<\/a><\/li>\n\n\n\n<li><a href=\"https:\/\/podcasts.google.com\/feed\/aHR0cHM6Ly9mZWVkLmF1c2hhLmNvL2JXS1hBVVY2UEFKRQ?sa=X&amp;ved=0CAMQ4aUDahcKEwjYpJOvnP7-AhUAAAAAHQAAAAAQNQ\" target=\"_blank\" rel=\"noreferrer noopener\" class=\"trk-cta-link\" data-cta-trk='{\"ctaType\":\"Link\",\"ctaSubType\":\"main\"}'>Google Podcast<\/a><\/li>\n\n\n\n<li><a href=\"https:\/\/podcastaddict.com\/podcast\/4053669\" target=\"_blank\" rel=\"noreferrer noopener\" class=\"trk-cta-link\" data-cta-trk='{\"ctaType\":\"Link\",\"ctaSubType\":\"main\"}'>Podcast Addict<\/a><\/li>\n<\/ul><p>N&rsquo;h&eacute;sitez pas &agrave; noter et partager ce podcast!<\/p><p><\/p><p><\/p>\n","protected":false},"excerpt":{"rendered":"<p>ELF &#8211; A un mois du d\u00e9but de la saison d&rsquo;ELF, les Paris Musketeers sont fins pr\u00eats pour tenter de d\u00e9crocher le titre<\/p>\n","protected":false},"author":180309964,"featured_media":382270,"comment_status":"closed","ping_status":"closed","sticky":false,"template":"","format":"standard","meta":{"inline_featured_image":false,"kia_subtitle":"ELF - A un mois du d\u00e9but de la saison d'ELF, les Paris Musketeers sont fins pr\u00eats pour tenter de d\u00e9crocher le titre","_mux_skip_reasons":[],"proofreadBy":0,"footnotes":""},"categories":[5964],"tags":[4569,5999],"sport":[7354],"saison":[7475],"class_list":["post-1488412","post","type-post","status-publish","format-standard","has-post-thumbnail","hentry","category-elf","tag-elf","tag-paris-musketeers","sport-elf","saison-7475"],"acf":[],"yoast_head":"<!-- This site is optimized with the Yoast SEO plugin v24.2 - https:\/\/yoast.com\/wordpress\/plugins\/seo\/ -->\n<title>Podcast ELF - Les Paris Musketeers &agrave; l&#039;assaut de 2025 (invit&eacute; John McKeon) - The Playoffs FR<\/title>\n<meta name=\"robots\" content=\"index, follow, max-snippet:-1, max-image-preview:large, max-video-preview:-1\" \/>\n<link rel=\"canonical\" href=\"https:\/\/theplayoffs.news\/fr\/elf\/podcast-elf-les-paris-musketeers-a-lassaut-de-2025-invite-john-mckeon\/\" \/>\n<meta property=\"og:locale\" content=\"fr_FR\" \/>\n<meta property=\"og:type\" content=\"article\" \/>\n<meta property=\"og:title\" content=\"Podcast ELF - Les Paris Musketeers &agrave; l&#039;assaut de 2025 (invit&eacute; John McKeon) - The Playoffs FR\" \/>\n<meta property=\"og:description\" content=\"ELF - A un mois du d&eacute;but de la saison d&#039;ELF, les Paris Musketeers sont fins pr&ecirc;ts pour tenter de d&eacute;crocher le titre\" \/>\n<meta property=\"og:url\" content=\"https:\/\/theplayoffs.news\/fr\/elf\/podcast-elf-les-paris-musketeers-a-lassaut-de-2025-invite-john-mckeon\/\" \/>\n<meta property=\"og:site_name\" content=\"The Playoffs FR\" \/>\n<meta property=\"article:publisher\" content=\"https:\/\/www.facebook.com\/TheFreeAgentFR\/\" \/>\n<meta property=\"article:modified_time\" content=\"2025-04-15T08:42:42+02:00\" \/>\n<meta property=\"og:image\" content=\"https:\/\/theplayoffs.news\/fr\/wp-content\/uploads\/2022\/08\/PODCAST.jpg\" \/>\n\t<meta property=\"og:image:width\" content=\"1080\" \/>\n\t<meta property=\"og:image:height\" content=\"1080\" \/>\n\t<meta property=\"og:image:type\" content=\"image\/jpeg\" \/>\n<meta name=\"author\" content=\"Flavien Jumeau\" \/>\n<meta name=\"twitter:card\" content=\"summary_large_image\" \/>\n<meta name=\"twitter:creator\" content=\"@TheFreeAgentFR\" \/>\n<meta name=\"twitter:site\" content=\"@TheFreeAgentFR\" \/>\n<meta name=\"twitter:label1\" content=\"\u00c9crit par\" \/>\n\t<meta name=\"twitter:data1\" content=\"Flavien Jumeau\" \/>\n\t<meta name=\"twitter:label2\" content=\"Dur\u00e9e de lecture estim\u00e9e\" \/>\n\t<meta name=\"twitter:data2\" content=\"1 minute\" \/>\n<script type=\"application\/ld+json\" class=\"yoast-schema-graph\">{\"@context\":\"https:\/\/schema.org\",\"@graph\":[{\"@type\":\"WebPage\",\"@id\":\"https:\/\/theplayoffs.news\/fr\/elf\/podcast-elf-les-paris-musketeers-a-lassaut-de-2025-invite-john-mckeon\/\",\"url\":\"https:\/\/theplayoffs.news\/fr\/elf\/podcast-elf-les-paris-musketeers-a-lassaut-de-2025-invite-john-mckeon\/\",\"name\":\"Podcast ELF - Les Paris Musketeers \u00e0 l\\\\'assaut de 2025 (invit\u00e9 John McKeon) - The Playoffs FR\",\"isPartOf\":{\"@id\":\"https:\/\/theplayoffs.news\/fr\/#website\"},\"primaryImageOfPage\":{\"@id\":\"https:\/\/theplayoffs.news\/fr\/elf\/podcast-elf-les-paris-musketeers-a-lassaut-de-2025-invite-john-mckeon\/#primaryimage\"},\"image\":{\"@id\":\"https:\/\/theplayoffs.news\/fr\/elf\/podcast-elf-les-paris-musketeers-a-lassaut-de-2025-invite-john-mckeon\/#primaryimage\"},\"thumbnailUrl\":\"https:\/\/theplayoffs.news\/fr\/wp-content\/uploads\/2022\/08\/PODCAST.jpg\",\"datePublished\":\"2025-04-15T06:42:36+00:00\",\"dateModified\":\"2025-04-15T06:42:42+00:00\",\"author\":{\"@id\":\"https:\/\/theplayoffs.news\/fr\/#\/schema\/person\/def63bc6746dc5957469b75feb99e66d\"},\"breadcrumb\":{\"@id\":\"https:\/\/theplayoffs.news\/fr\/elf\/podcast-elf-les-paris-musketeers-a-lassaut-de-2025-invite-john-mckeon\/#breadcrumb\"},\"inLanguage\":\"fr-FR\",\"potentialAction\":[{\"@type\":\"ReadAction\",\"target\":[\"https:\/\/theplayoffs.news\/fr\/elf\/podcast-elf-les-paris-musketeers-a-lassaut-de-2025-invite-john-mckeon\/\"]}]},{\"@type\":\"ImageObject\",\"inLanguage\":\"fr-FR\",\"@id\":\"https:\/\/theplayoffs.news\/fr\/elf\/podcast-elf-les-paris-musketeers-a-lassaut-de-2025-invite-john-mckeon\/#primaryimage\",\"url\":\"https:\/\/theplayoffs.news\/fr\/wp-content\/uploads\/2022\/08\/PODCAST.jpg\",\"contentUrl\":\"https:\/\/theplayoffs.news\/fr\/wp-content\/uploads\/2022\/08\/PODCAST.jpg\",\"width\":1080,\"height\":1080,\"caption\":\"tailgate podcast NFL D1 ELF\"},{\"@type\":\"BreadcrumbList\",\"@id\":\"https:\/\/theplayoffs.news\/fr\/elf\/podcast-elf-les-paris-musketeers-a-lassaut-de-2025-invite-john-mckeon\/#breadcrumb\",\"itemListElement\":[{\"@type\":\"ListItem\",\"position\":1,\"name\":\"Accueil\",\"item\":\"https:\/\/theplayoffs.news\/fr\/\"},{\"@type\":\"ListItem\",\"position\":2,\"name\":\"Podcast ELF &#8211; Les Paris Musketeers \u00e0 l&rsquo;assaut de 2025 (invit\u00e9 John McKeon)\"}]},{\"@type\":\"WebSite\",\"@id\":\"https:\/\/theplayoffs.news\/fr\/#website\",\"url\":\"https:\/\/theplayoffs.news\/fr\/\",\"name\":\"The Playoffs FR\",\"description\":\"NBA-NFL-NHL-MLB\",\"potentialAction\":[{\"@type\":\"SearchAction\",\"target\":{\"@type\":\"EntryPoint\",\"urlTemplate\":\"https:\/\/theplayoffs.news\/fr\/?s={search_term_string}\"},\"query-input\":{\"@type\":\"PropertyValueSpecification\",\"valueRequired\":true,\"valueName\":\"search_term_string\"}}],\"inLanguage\":\"fr-FR\"},{\"@type\":\"Person\",\"@id\":\"https:\/\/theplayoffs.news\/fr\/#\/schema\/person\/def63bc6746dc5957469b75feb99e66d\",\"name\":\"Flavien Jumeau\",\"image\":{\"@type\":\"ImageObject\",\"inLanguage\":\"fr-FR\",\"@id\":\"https:\/\/theplayoffs.news\/fr\/#\/schema\/person\/image\/\",\"url\":\"https:\/\/secure.gravatar.com\/avatar\/e7fa8ba5a4b7e4ce35fe152f083f352db28ad0acce692004ed88a7a7d78893f7?s=96&d=mm&r=g\",\"contentUrl\":\"https:\/\/secure.gravatar.com\/avatar\/e7fa8ba5a4b7e4ce35fe152f083f352db28ad0acce692004ed88a7a7d78893f7?s=96&d=mm&r=g\",\"caption\":\"Flavien Jumeau\"},\"description\":\"Amoureux du sport (et de vraiment tous les sports) depuis mon plus jeune \u00e2ge, j\u2019ai longtemps h\u00e9site entre le snooker et le curling. Finalement c\u2019est le foot US que j\u2019ai d\u00e9cid\u00e9 de choisir! Responsable foot US sur TPO et animateur du podcast Tailgate j\u2019ai pour mission de vous faire d\u00e9couvrir ce sport passionnant si ce n\u2019est pas encore fait et de vous donner les derni\u00e8res actus. Le tout dans la bonne humeur et avec toujours un jeu de mots ou deux savamment distill\u00e9s! Fan des Saints, pour moi Drew Brees est le vrai GOAT!\",\"url\":\"https:\/\/theplayoffs.news\/fr\/author\/flavien-jumeaugmail-com\/\"}]}<\/script>\n<!-- \/ Yoast SEO plugin. -->","yoast_head_json":{"title":"Podcast ELF - Les Paris Musketeers &agrave; l&#039;assaut de 2025 (invit&eacute; John McKeon) - The Playoffs FR","robots":{"index":"index","follow":"follow","max-snippet":"max-snippet:-1","max-image-preview":"max-image-preview:large","max-video-preview":"max-video-preview:-1"},"canonical":"https:\/\/theplayoffs.news\/fr\/elf\/podcast-elf-les-paris-musketeers-a-lassaut-de-2025-invite-john-mckeon\/","og_locale":"fr_FR","og_type":"article","og_title":"Podcast ELF - Les Paris Musketeers &agrave; l&#039;assaut de 2025 (invit&eacute; John McKeon) - The Playoffs FR","og_description":"ELF - A un mois du d&eacute;but de la saison d&#039;ELF, les Paris Musketeers sont fins pr&ecirc;ts pour tenter de d&eacute;crocher le titre","og_url":"https:\/\/theplayoffs.news\/fr\/elf\/podcast-elf-les-paris-musketeers-a-lassaut-de-2025-invite-john-mckeon\/","og_site_name":"The Playoffs FR","article_publisher":"https:\/\/www.facebook.com\/TheFreeAgentFR\/","article_modified_time":"2025-04-15T06:42:42+00:00","og_image":[{"width":1080,"height":1080,"url":"https:\/\/theplayoffs.news\/fr\/wp-content\/uploads\/2022\/08\/PODCAST.jpg","type":"image\/jpeg"}],"author":"Flavien Jumeau","twitter_card":"summary_large_image","twitter_creator":"@TheFreeAgentFR","twitter_site":"@TheFreeAgentFR","twitter_misc":{"\u00c9crit par":"Flavien Jumeau","Dur\u00e9e de lecture estim\u00e9e":"1 minute"},"schema":{"@context":"https:\/\/schema.org","@graph":[{"@type":"WebPage","@id":"https:\/\/theplayoffs.news\/fr\/elf\/podcast-elf-les-paris-musketeers-a-lassaut-de-2025-invite-john-mckeon\/","url":"https:\/\/theplayoffs.news\/fr\/elf\/podcast-elf-les-paris-musketeers-a-lassaut-de-2025-invite-john-mckeon\/","name":"Podcast ELF - Les Paris Musketeers \u00e0 l\\'assaut de 2025 (invit\u00e9 John McKeon) - The Playoffs FR","isPartOf":{"@id":"https:\/\/theplayoffs.news\/fr\/#website"},"primaryImageOfPage":{"@id":"https:\/\/theplayoffs.news\/fr\/elf\/podcast-elf-les-paris-musketeers-a-lassaut-de-2025-invite-john-mckeon\/#primaryimage"},"image":{"@id":"https:\/\/theplayoffs.news\/fr\/elf\/podcast-elf-les-paris-musketeers-a-lassaut-de-2025-invite-john-mckeon\/#primaryimage"},"thumbnailUrl":"https:\/\/theplayoffs.news\/fr\/wp-content\/uploads\/2022\/08\/PODCAST.jpg","datePublished":"2025-04-15T06:42:36+00:00","dateModified":"2025-04-15T06:42:42+00:00","author":{"@id":"https:\/\/theplayoffs.news\/fr\/#\/schema\/person\/def63bc6746dc5957469b75feb99e66d"},"breadcrumb":{"@id":"https:\/\/theplayoffs.news\/fr\/elf\/podcast-elf-les-paris-musketeers-a-lassaut-de-2025-invite-john-mckeon\/#breadcrumb"},"inLanguage":"fr-FR","potentialAction":[{"@type":"ReadAction","target":["https:\/\/theplayoffs.news\/fr\/elf\/podcast-elf-les-paris-musketeers-a-lassaut-de-2025-invite-john-mckeon\/"]}]},{"@type":"ImageObject","inLanguage":"fr-FR","@id":"https:\/\/theplayoffs.news\/fr\/elf\/podcast-elf-les-paris-musketeers-a-lassaut-de-2025-invite-john-mckeon\/#primaryimage","url":"https:\/\/theplayoffs.news\/fr\/wp-content\/uploads\/2022\/08\/PODCAST.jpg","contentUrl":"https:\/\/theplayoffs.news\/fr\/wp-content\/uploads\/2022\/08\/PODCAST.jpg","width":1080,"height":1080,"caption":"tailgate podcast NFL D1 ELF"},{"@type":"BreadcrumbList","@id":"https:\/\/theplayoffs.news\/fr\/elf\/podcast-elf-les-paris-musketeers-a-lassaut-de-2025-invite-john-mckeon\/#breadcrumb","itemListElement":[{"@type":"ListItem","position":1,"name":"Accueil","item":"https:\/\/theplayoffs.news\/fr\/"},{"@type":"ListItem","position":2,"name":"Podcast ELF &#8211; Les Paris Musketeers \u00e0 l&rsquo;assaut de 2025 (invit\u00e9 John McKeon)"}]},{"@type":"WebSite","@id":"https:\/\/theplayoffs.news\/fr\/#website","url":"https:\/\/theplayoffs.news\/fr\/","name":"The Playoffs FR","description":"NBA-NFL-NHL-MLB","potentialAction":[{"@type":"SearchAction","target":{"@type":"EntryPoint","urlTemplate":"https:\/\/theplayoffs.news\/fr\/?s={search_term_string}"},"query-input":{"@type":"PropertyValueSpecification","valueRequired":true,"valueName":"search_term_string"}}],"inLanguage":"fr-FR"},{"@type":"Person","@id":"https:\/\/theplayoffs.news\/fr\/#\/schema\/person\/def63bc6746dc5957469b75feb99e66d","name":"Flavien Jumeau","image":{"@type":"ImageObject","inLanguage":"fr-FR","@id":"https:\/\/theplayoffs.news\/fr\/#\/schema\/person\/image\/","url":"https:\/\/secure.gravatar.com\/avatar\/e7fa8ba5a4b7e4ce35fe152f083f352db28ad0acce692004ed88a7a7d78893f7?s=96&d=mm&r=g","contentUrl":"https:\/\/secure.gravatar.com\/avatar\/e7fa8ba5a4b7e4ce35fe152f083f352db28ad0acce692004ed88a7a7d78893f7?s=96&d=mm&r=g","caption":"Flavien Jumeau"},"description":"Amoureux du sport (et de vraiment tous les sports) depuis mon plus jeune \u00e2ge, j\u2019ai longtemps h\u00e9site entre le snooker et le curling. Finalement c\u2019est le foot US que j\u2019ai d\u00e9cid\u00e9 de choisir! Responsable foot US sur TPO et animateur du podcast Tailgate j\u2019ai pour mission de vous faire d\u00e9couvrir ce sport passionnant si ce n\u2019est pas encore fait et de vous donner les derni\u00e8res actus. Le tout dans la bonne humeur et avec toujours un jeu de mots ou deux savamment distill\u00e9s! Fan des Saints, pour moi Drew Brees est le vrai GOAT!","url":"https:\/\/theplayoffs.news\/fr\/author\/flavien-jumeaugmail-com\/"}]}},"_links":{"self":[{"href":"https:\/\/theplayoffs.news\/fr\/wp-json\/wp\/v2\/posts\/1488412","targetHints":{"allow":["GET"]}}],"collection":[{"href":"https:\/\/theplayoffs.news\/fr\/wp-json\/wp\/v2\/posts"}],"about":[{"href":"https:\/\/theplayoffs.news\/fr\/wp-json\/wp\/v2\/types\/post"}],"author":[{"embeddable":true,"href":"https:\/\/theplayoffs.news\/fr\/wp-json\/wp\/v2\/users\/180309964"}],"replies":[{"embeddable":true,"href":"https:\/\/theplayoffs.news\/fr\/wp-json\/wp\/v2\/comments?post=1488412"}],"version-history":[{"count":1,"href":"https:\/\/theplayoffs.news\/fr\/wp-json\/wp\/v2\/posts\/1488412\/revisions"}],"predecessor-version":[{"id":1488413,"href":"https:\/\/theplayoffs.news\/fr\/wp-json\/wp\/v2\/posts\/1488412\/revisions\/1488413"}],"wp:featuredmedia":[{"embeddable":true,"href":"https:\/\/theplayoffs.news\/fr\/wp-json\/wp\/v2\/media\/382270"}],"wp:attachment":[{"href":"https:\/\/theplayoffs.news\/fr\/wp-json\/wp\/v2\/media?parent=1488412"}],"wp:term":[{"taxonomy":"category","embeddable":true,"href":"https:\/\/theplayoffs.news\/fr\/wp-json\/wp\/v2\/categories?post=1488412"},{"taxonomy":"post_tag","embeddable":true,"href":"https:\/\/theplayoffs.news\/fr\/wp-json\/wp\/v2\/tags?post=1488412"},{"taxonomy":"sport","embeddable":true,"href":"https:\/\/theplayoffs.news\/fr\/wp-json\/wp\/v2\/sport?post=1488412"},{"taxonomy":"saison","embeddable":true,"href":"https:\/\/theplayoffs.news\/fr\/wp-json\/wp\/v2\/saison?post=1488412"}],"curies":[{"name":"wp","href":"https:\/\/api.w.org\/{rel}","templated":true}]}}