{"id":1488381,"date":"2025-04-14T18:21:27","date_gmt":"2025-04-14T16:21:27","guid":{"rendered":"https:\/\/theplayoffs.news\/fr\/uncategorized\/\/"},"modified":"2025-04-14T18:21:34","modified_gmt":"2025-04-14T16:21:34","slug":"mike-budenholzer-licencie-par-les-suns-apres-une-seule-saison","status":"publish","type":"post","link":"https:\/\/theplayoffs.news\/fr\/actualite-nba\/mike-budenholzer-licencie-par-les-suns-apres-une-seule-saison\/","title":{"rendered":"Mike Budenholzer licenci\u00e9 par les Suns apr\u00e8s une seule saison"},"content":{"rendered":"<p>Un nouvel entra&icirc;neur en chef fait ses valises en NBA. Ce lundi en fin d&rsquo;apr&egrave;s-midi, <a href=\"https:\/\/x.com\/ShamsCharania\/status\/1911812299842834635\" target=\"_blank\" rel=\"noreferrer noopener\" class=\"trk-cta-link\" data-cta-trk='{\"ctaType\":\"Link\",\"ctaSubType\":\"main\"}'>ESPN <\/a>a r&eacute;v&eacute;l&eacute; que les Phoenix Suns ont d&eacute;cid&eacute; de se s&eacute;parer de Mike Budenholzer, &agrave; peine un an apr&egrave;s son arriv&eacute;e &agrave; la t&ecirc;te de la franchise. Le coach de 54 ans n&rsquo;aura donc pas r&eacute;sist&eacute; &agrave; une saison d&eacute;cevante, conclue &agrave; la 11&#7497; place de la Conf&eacute;rence Ouest avec un bilan de 36 victoires pour 46 d&eacute;faites, synonyme de non-qualification pour le Play-In Tournament.<\/p><p>Arriv&eacute; avec de grandes attentes et fort de son exp&eacute;rience, notamment son titre de champion NBA d&eacute;croch&eacute; avec les Milwaukee Bucks en 2021, Mike Budenholzer n&rsquo;a pas r&eacute;ussi &agrave; insuffler une dynamique gagnante &agrave; une &eacute;quipe pourtant riche en talents. Les Suns, men&eacute;s par Kevin Durant, Devin Booker et Bradley Beal, n&rsquo;ont jamais trouv&eacute; leur rythme cette saison, encha&icirc;nant les irr&eacute;gularit&eacute;s et les d&eacute;sillusions.<\/p><ul class=\"wp-block-list\">\n<li>Lire aussi :<\/li>\n<\/ul><p><a href=\"https:\/\/theplayoffs.news\/fr\/actualite-nba\/david-griffin-out\/\" target=\"_blank\" rel=\"noreferrer noopener\" class=\"trk-cta-link\" data-cta-trk='{\"ctaType\":\"Link\",\"ctaSubType\":\"main\"}'>Les Pelicans se s&eacute;parent de leur pr&eacute;sident des op&eacute;rations basket, David Griffin<\/a><\/p><p><a href=\"https:\/\/theplayoffs.news\/fr\/actualite-nba\/bronny-james-pense-avoir-progresse-cette-saison\/\" target=\"_blank\" rel=\"noreferrer noopener\" class=\"trk-cta-link\" data-cta-trk='{\"ctaType\":\"Link\",\"ctaSubType\":\"main\"}'>Bronny James pense avoir progress&eacute; cette saison !<\/a><\/p><p>Cette d&eacute;cision marque un nouveau tournant pour la franchise de l&rsquo;Arizona, qui va d&eacute;sormais devoir se remettre en qu&ecirc;te d&rsquo;un entra&icirc;neur capable de maximiser le potentiel de son effectif et de ramener Phoenix dans la course au titre d&egrave;s la saison prochaine.<\/p><p>Cr&eacute;dit photo : John Hefti-Imagn Images<\/p>\n","protected":false},"excerpt":{"rendered":"","protected":false},"author":180310250,"featured_media":1488384,"comment_status":"closed","ping_status":"closed","sticky":false,"template":"","format":"standard","meta":{"inline_featured_image":false,"kia_subtitle":"","_mux_skip_reasons":[],"proofreadBy":0,"footnotes":""},"categories":[110,10],"tags":[2721,23,804],"sport":[2783],"saison":[7475],"class_list":["post-1488381","post","type-post","status-publish","format-standard","has-post-thumbnail","hentry","category-actualite-nba","category-nba","tag-mike-budenholzer","tag-nba-tag","tag-phoenix-suns","sport-nba","saison-7475"],"acf":[],"yoast_head":"<!-- This site is optimized with the Yoast SEO plugin v24.2 - https:\/\/yoast.com\/wordpress\/plugins\/seo\/ -->\n<title>Mike Budenholzer licenci&eacute; par les Suns<\/title>\n<meta name=\"description\" content=\"Les Phoenix Suns ont d&eacute;cid&eacute; de se s&eacute;parer de Mike Budenholzer, &agrave; peine un an apr&egrave;s son arriv&eacute;e &agrave; la t&ecirc;te de la franchise.\" \/>\n<meta name=\"robots\" content=\"index, follow, max-snippet:-1, max-image-preview:large, max-video-preview:-1\" \/>\n<link rel=\"canonical\" href=\"https:\/\/theplayoffs.news\/fr\/actualite-nba\/mike-budenholzer-licencie-par-les-suns-apres-une-seule-saison\/\" \/>\n<meta property=\"og:locale\" content=\"fr_FR\" \/>\n<meta property=\"og:type\" content=\"article\" \/>\n<meta property=\"og:title\" content=\"Mike Budenholzer licenci&eacute; par les Suns\" \/>\n<meta property=\"og:description\" content=\"Les Phoenix Suns ont d&eacute;cid&eacute; de se s&eacute;parer de Mike Budenholzer, &agrave; peine un an apr&egrave;s son arriv&eacute;e &agrave; la t&ecirc;te de la franchise.\" \/>\n<meta property=\"og:url\" content=\"https:\/\/theplayoffs.news\/fr\/actualite-nba\/mike-budenholzer-licencie-par-les-suns-apres-une-seule-saison\/\" \/>\n<meta property=\"og:site_name\" content=\"The Playoffs FR\" \/>\n<meta property=\"article:publisher\" content=\"https:\/\/www.facebook.com\/TheFreeAgentFR\/\" \/>\n<meta property=\"article:modified_time\" content=\"2025-04-14T18:21:34+02:00\" \/>\n<meta property=\"og:image\" content=\"https:\/\/theplayoffs.news\/fr\/wp-content\/uploads\/2025\/04\/USATSI_25922082.jpg\" \/>\n\t<meta property=\"og:image:width\" content=\"1920\" \/>\n\t<meta property=\"og:image:height\" content=\"1280\" \/>\n\t<meta property=\"og:image:type\" content=\"image\/jpeg\" \/>\n<meta name=\"author\" content=\"Jean Fabre-Jevanoff\" \/>\n<meta name=\"twitter:card\" content=\"summary_large_image\" \/>\n<meta name=\"twitter:creator\" content=\"@the_jfj_42\" \/>\n<meta name=\"twitter:site\" content=\"@TheFreeAgentFR\" \/>\n<meta name=\"twitter:label1\" content=\"\u00c9crit par\" \/>\n\t<meta name=\"twitter:data1\" content=\"Jean Fabre-Jevanoff\" \/>\n\t<meta name=\"twitter:label2\" content=\"Dur\u00e9e de lecture estim\u00e9e\" \/>\n\t<meta name=\"twitter:data2\" content=\"2 minutes\" \/>\n<script type=\"application\/ld+json\" class=\"yoast-schema-graph\">{\"@context\":\"https:\/\/schema.org\",\"@graph\":[{\"@type\":\"WebPage\",\"@id\":\"https:\/\/theplayoffs.news\/fr\/actualite-nba\/mike-budenholzer-licencie-par-les-suns-apres-une-seule-saison\/\",\"url\":\"https:\/\/theplayoffs.news\/fr\/actualite-nba\/mike-budenholzer-licencie-par-les-suns-apres-une-seule-saison\/\",\"name\":\"Mike Budenholzer licenci\u00e9 par les Suns\",\"isPartOf\":{\"@id\":\"https:\/\/theplayoffs.news\/fr\/#website\"},\"primaryImageOfPage\":{\"@id\":\"https:\/\/theplayoffs.news\/fr\/actualite-nba\/mike-budenholzer-licencie-par-les-suns-apres-une-seule-saison\/#primaryimage\"},\"image\":{\"@id\":\"https:\/\/theplayoffs.news\/fr\/actualite-nba\/mike-budenholzer-licencie-par-les-suns-apres-une-seule-saison\/#primaryimage\"},\"thumbnailUrl\":\"https:\/\/theplayoffs.news\/fr\/wp-content\/uploads\/2025\/04\/USATSI_25922082.jpg\",\"datePublished\":\"2025-04-14T16:21:27+00:00\",\"dateModified\":\"2025-04-14T16:21:34+00:00\",\"author\":{\"@id\":\"https:\/\/theplayoffs.news\/fr\/#\/schema\/person\/1ea25b88e79fe4fabd657430b0013d3d\"},\"description\":\"Les Phoenix Suns ont d\u00e9cid\u00e9 de se s\u00e9parer de Mike Budenholzer, \u00e0 peine un an apr\u00e8s son arriv\u00e9e \u00e0 la t\u00eate de la franchise.\",\"breadcrumb\":{\"@id\":\"https:\/\/theplayoffs.news\/fr\/actualite-nba\/mike-budenholzer-licencie-par-les-suns-apres-une-seule-saison\/#breadcrumb\"},\"inLanguage\":\"fr-FR\",\"potentialAction\":[{\"@type\":\"ReadAction\",\"target\":[\"https:\/\/theplayoffs.news\/fr\/actualite-nba\/mike-budenholzer-licencie-par-les-suns-apres-une-seule-saison\/\"]}]},{\"@type\":\"ImageObject\",\"inLanguage\":\"fr-FR\",\"@id\":\"https:\/\/theplayoffs.news\/fr\/actualite-nba\/mike-budenholzer-licencie-par-les-suns-apres-une-seule-saison\/#primaryimage\",\"url\":\"https:\/\/theplayoffs.news\/fr\/wp-content\/uploads\/2025\/04\/USATSI_25922082.jpg\",\"contentUrl\":\"https:\/\/theplayoffs.news\/fr\/wp-content\/uploads\/2025\/04\/USATSI_25922082.jpg\",\"width\":1920,\"height\":1280,\"caption\":\"Apr 13, 2025; Sacramento, California, USA; Phoenix Suns head coach Mike Budenholzer watches the game during the fourth quarter against the Sacramento Kings at Golden 1 Center. Mandatory Credit: John Hefti-Imagn Images\"},{\"@type\":\"BreadcrumbList\",\"@id\":\"https:\/\/theplayoffs.news\/fr\/actualite-nba\/mike-budenholzer-licencie-par-les-suns-apres-une-seule-saison\/#breadcrumb\",\"itemListElement\":[{\"@type\":\"ListItem\",\"position\":1,\"name\":\"Accueil\",\"item\":\"https:\/\/theplayoffs.news\/fr\/\"},{\"@type\":\"ListItem\",\"position\":2,\"name\":\"Mike Budenholzer licenci\u00e9 par les Suns apr\u00e8s une seule saison\"}]},{\"@type\":\"WebSite\",\"@id\":\"https:\/\/theplayoffs.news\/fr\/#website\",\"url\":\"https:\/\/theplayoffs.news\/fr\/\",\"name\":\"The Playoffs FR\",\"description\":\"NBA-NFL-NHL-MLB\",\"potentialAction\":[{\"@type\":\"SearchAction\",\"target\":{\"@type\":\"EntryPoint\",\"urlTemplate\":\"https:\/\/theplayoffs.news\/fr\/?s={search_term_string}\"},\"query-input\":{\"@type\":\"PropertyValueSpecification\",\"valueRequired\":true,\"valueName\":\"search_term_string\"}}],\"inLanguage\":\"fr-FR\"},{\"@type\":\"Person\",\"@id\":\"https:\/\/theplayoffs.news\/fr\/#\/schema\/person\/1ea25b88e79fe4fabd657430b0013d3d\",\"name\":\"Jean Fabre-Jevanoff\",\"image\":{\"@type\":\"ImageObject\",\"inLanguage\":\"fr-FR\",\"@id\":\"https:\/\/theplayoffs.news\/fr\/#\/schema\/person\/image\/\",\"url\":\"https:\/\/secure.gravatar.com\/avatar\/18b28dab1159eebc6a17b9787eb8cbbe3242c3d0e8b53b89332f6dc1133aa361?s=96&d=mm&r=g\",\"contentUrl\":\"https:\/\/secure.gravatar.com\/avatar\/18b28dab1159eebc6a17b9787eb8cbbe3242c3d0e8b53b89332f6dc1133aa361?s=96&d=mm&r=g\",\"caption\":\"Jean Fabre-Jevanoff\"},\"description\":\"Journaliste polyvalent sur le football am\u00e9ricain, j\u2019\u00e9cris aussi des articles sur le basket. Commentateur sur Twitch et sur YouTube. Pass\u00e9 par Eurosport notamment. Un mix d\u2019Eminem et de OBJ, fan inconditionnel de Patrick Mahomes et Lebron James\",\"sameAs\":[\"https:\/\/www.instagram.com\/_juaniitooo_\",\"https:\/\/www.linkedin.com\/in\/jean-fabre-jevanoff-84bb9b1a9\/\",\"https:\/\/x.com\/the_jfj_42\"],\"url\":\"https:\/\/theplayoffs.news\/fr\/author\/jeanfj42gmail-com\/\"}]}<\/script>\n<!-- \/ Yoast SEO plugin. -->","yoast_head_json":{"title":"Mike Budenholzer licenci&eacute; par les Suns","description":"Les Phoenix Suns ont d&eacute;cid&eacute; de se s&eacute;parer de Mike Budenholzer, &agrave; peine un an apr&egrave;s son arriv&eacute;e &agrave; la t&ecirc;te de la franchise.","robots":{"index":"index","follow":"follow","max-snippet":"max-snippet:-1","max-image-preview":"max-image-preview:large","max-video-preview":"max-video-preview:-1"},"canonical":"https:\/\/theplayoffs.news\/fr\/actualite-nba\/mike-budenholzer-licencie-par-les-suns-apres-une-seule-saison\/","og_locale":"fr_FR","og_type":"article","og_title":"Mike Budenholzer licenci&eacute; par les Suns","og_description":"Les Phoenix Suns ont d&eacute;cid&eacute; de se s&eacute;parer de Mike Budenholzer, &agrave; peine un an apr&egrave;s son arriv&eacute;e &agrave; la t&ecirc;te de la franchise.","og_url":"https:\/\/theplayoffs.news\/fr\/actualite-nba\/mike-budenholzer-licencie-par-les-suns-apres-une-seule-saison\/","og_site_name":"The Playoffs FR","article_publisher":"https:\/\/www.facebook.com\/TheFreeAgentFR\/","article_modified_time":"2025-04-14T16:21:34+00:00","og_image":[{"width":1920,"height":1280,"url":"https:\/\/theplayoffs.news\/fr\/wp-content\/uploads\/2025\/04\/USATSI_25922082.jpg","type":"image\/jpeg"}],"author":"Jean Fabre-Jevanoff","twitter_card":"summary_large_image","twitter_creator":"@the_jfj_42","twitter_site":"@TheFreeAgentFR","twitter_misc":{"\u00c9crit par":"Jean Fabre-Jevanoff","Dur\u00e9e de lecture estim\u00e9e":"2 minutes"},"schema":{"@context":"https:\/\/schema.org","@graph":[{"@type":"WebPage","@id":"https:\/\/theplayoffs.news\/fr\/actualite-nba\/mike-budenholzer-licencie-par-les-suns-apres-une-seule-saison\/","url":"https:\/\/theplayoffs.news\/fr\/actualite-nba\/mike-budenholzer-licencie-par-les-suns-apres-une-seule-saison\/","name":"Mike Budenholzer licenci\u00e9 par les Suns","isPartOf":{"@id":"https:\/\/theplayoffs.news\/fr\/#website"},"primaryImageOfPage":{"@id":"https:\/\/theplayoffs.news\/fr\/actualite-nba\/mike-budenholzer-licencie-par-les-suns-apres-une-seule-saison\/#primaryimage"},"image":{"@id":"https:\/\/theplayoffs.news\/fr\/actualite-nba\/mike-budenholzer-licencie-par-les-suns-apres-une-seule-saison\/#primaryimage"},"thumbnailUrl":"https:\/\/theplayoffs.news\/fr\/wp-content\/uploads\/2025\/04\/USATSI_25922082.jpg","datePublished":"2025-04-14T16:21:27+00:00","dateModified":"2025-04-14T16:21:34+00:00","author":{"@id":"https:\/\/theplayoffs.news\/fr\/#\/schema\/person\/1ea25b88e79fe4fabd657430b0013d3d"},"description":"Les Phoenix Suns ont d\u00e9cid\u00e9 de se s\u00e9parer de Mike Budenholzer, \u00e0 peine un an apr\u00e8s son arriv\u00e9e \u00e0 la t\u00eate de la franchise.","breadcrumb":{"@id":"https:\/\/theplayoffs.news\/fr\/actualite-nba\/mike-budenholzer-licencie-par-les-suns-apres-une-seule-saison\/#breadcrumb"},"inLanguage":"fr-FR","potentialAction":[{"@type":"ReadAction","target":["https:\/\/theplayoffs.news\/fr\/actualite-nba\/mike-budenholzer-licencie-par-les-suns-apres-une-seule-saison\/"]}]},{"@type":"ImageObject","inLanguage":"fr-FR","@id":"https:\/\/theplayoffs.news\/fr\/actualite-nba\/mike-budenholzer-licencie-par-les-suns-apres-une-seule-saison\/#primaryimage","url":"https:\/\/theplayoffs.news\/fr\/wp-content\/uploads\/2025\/04\/USATSI_25922082.jpg","contentUrl":"https:\/\/theplayoffs.news\/fr\/wp-content\/uploads\/2025\/04\/USATSI_25922082.jpg","width":1920,"height":1280,"caption":"Apr 13, 2025; Sacramento, California, USA; Phoenix Suns head coach Mike Budenholzer watches the game during the fourth quarter against the Sacramento Kings at Golden 1 Center. Mandatory Credit: John Hefti-Imagn Images"},{"@type":"BreadcrumbList","@id":"https:\/\/theplayoffs.news\/fr\/actualite-nba\/mike-budenholzer-licencie-par-les-suns-apres-une-seule-saison\/#breadcrumb","itemListElement":[{"@type":"ListItem","position":1,"name":"Accueil","item":"https:\/\/theplayoffs.news\/fr\/"},{"@type":"ListItem","position":2,"name":"Mike Budenholzer licenci\u00e9 par les Suns apr\u00e8s une seule saison"}]},{"@type":"WebSite","@id":"https:\/\/theplayoffs.news\/fr\/#website","url":"https:\/\/theplayoffs.news\/fr\/","name":"The Playoffs FR","description":"NBA-NFL-NHL-MLB","potentialAction":[{"@type":"SearchAction","target":{"@type":"EntryPoint","urlTemplate":"https:\/\/theplayoffs.news\/fr\/?s={search_term_string}"},"query-input":{"@type":"PropertyValueSpecification","valueRequired":true,"valueName":"search_term_string"}}],"inLanguage":"fr-FR"},{"@type":"Person","@id":"https:\/\/theplayoffs.news\/fr\/#\/schema\/person\/1ea25b88e79fe4fabd657430b0013d3d","name":"Jean Fabre-Jevanoff","image":{"@type":"ImageObject","inLanguage":"fr-FR","@id":"https:\/\/theplayoffs.news\/fr\/#\/schema\/person\/image\/","url":"https:\/\/secure.gravatar.com\/avatar\/18b28dab1159eebc6a17b9787eb8cbbe3242c3d0e8b53b89332f6dc1133aa361?s=96&d=mm&r=g","contentUrl":"https:\/\/secure.gravatar.com\/avatar\/18b28dab1159eebc6a17b9787eb8cbbe3242c3d0e8b53b89332f6dc1133aa361?s=96&d=mm&r=g","caption":"Jean Fabre-Jevanoff"},"description":"Journaliste polyvalent sur le football am\u00e9ricain, j\u2019\u00e9cris aussi des articles sur le basket. Commentateur sur Twitch et sur YouTube. Pass\u00e9 par Eurosport notamment. Un mix d\u2019Eminem et de OBJ, fan inconditionnel de Patrick Mahomes et Lebron James","sameAs":["https:\/\/www.instagram.com\/_juaniitooo_","https:\/\/www.linkedin.com\/in\/jean-fabre-jevanoff-84bb9b1a9\/","https:\/\/x.com\/the_jfj_42"],"url":"https:\/\/theplayoffs.news\/fr\/author\/jeanfj42gmail-com\/"}]}},"_links":{"self":[{"href":"https:\/\/theplayoffs.news\/fr\/wp-json\/wp\/v2\/posts\/1488381","targetHints":{"allow":["GET"]}}],"collection":[{"href":"https:\/\/theplayoffs.news\/fr\/wp-json\/wp\/v2\/posts"}],"about":[{"href":"https:\/\/theplayoffs.news\/fr\/wp-json\/wp\/v2\/types\/post"}],"author":[{"embeddable":true,"href":"https:\/\/theplayoffs.news\/fr\/wp-json\/wp\/v2\/users\/180310250"}],"replies":[{"embeddable":true,"href":"https:\/\/theplayoffs.news\/fr\/wp-json\/wp\/v2\/comments?post=1488381"}],"version-history":[{"count":1,"href":"https:\/\/theplayoffs.news\/fr\/wp-json\/wp\/v2\/posts\/1488381\/revisions"}],"predecessor-version":[{"id":1488385,"href":"https:\/\/theplayoffs.news\/fr\/wp-json\/wp\/v2\/posts\/1488381\/revisions\/1488385"}],"wp:featuredmedia":[{"embeddable":true,"href":"https:\/\/theplayoffs.news\/fr\/wp-json\/wp\/v2\/media\/1488384"}],"wp:attachment":[{"href":"https:\/\/theplayoffs.news\/fr\/wp-json\/wp\/v2\/media?parent=1488381"}],"wp:term":[{"taxonomy":"category","embeddable":true,"href":"https:\/\/theplayoffs.news\/fr\/wp-json\/wp\/v2\/categories?post=1488381"},{"taxonomy":"post_tag","embeddable":true,"href":"https:\/\/theplayoffs.news\/fr\/wp-json\/wp\/v2\/tags?post=1488381"},{"taxonomy":"sport","embeddable":true,"href":"https:\/\/theplayoffs.news\/fr\/wp-json\/wp\/v2\/sport?post=1488381"},{"taxonomy":"saison","embeddable":true,"href":"https:\/\/theplayoffs.news\/fr\/wp-json\/wp\/v2\/saison?post=1488381"}],"curies":[{"name":"wp","href":"https:\/\/api.w.org\/{rel}","templated":true}]}}