{"id":1488366,"date":"2025-04-14T17:36:07","date_gmt":"2025-04-14T15:36:07","guid":{"rendered":"https:\/\/theplayoffs.news\/fr\/uncategorized\/\/"},"modified":"2025-04-14T17:36:12","modified_gmt":"2025-04-14T15:36:12","slug":"bronny-james-pense-avoir-progresse-cette-saison","status":"publish","type":"post","link":"https:\/\/theplayoffs.news\/fr\/actualite-nba\/bronny-james-pense-avoir-progresse-cette-saison\/","title":{"rendered":"Bronny James pense avoir progress\u00e9 cette saison !"},"content":{"rendered":"<p><strong>Auteur de sa premi&egrave;re titularisation en carri&egrave;re lors de la d&eacute;faite des Lakers face &agrave; Portland, Bronny James a sign&eacute; 4 points, 3 rebonds, 6 passes d&eacute;cisives et 4 interceptions, et s&rsquo;est exprim&eacute; sur sa saison rookie &agrave; la fin de la rencontre.<\/strong><\/p><p>Cette saison, le fils du <strong>King<\/strong> a compil&eacute; en moyenne 2,3 points &agrave; 31,3% au tir et 0,8 passe d&eacute;cisive par match. Des chiffres <strong>modestes,<\/strong> mais ne d&eacute;courageant pas <strong>Bronny,<\/strong> percevant une r&eacute;elle progression depuis le d&eacute;but de l&rsquo;ann&eacute;e.<\/p><blockquote class=\"wp-block-quote is-layout-flow wp-block-quote-is-layout-flow\">\n<p>&laquo; Je pense que je me suis am&eacute;lior&eacute;. J&rsquo;ai grandi en tant que joueur et en tant que personne. Oui, il y a encore du travail &agrave; faire. Ma progression a &eacute;t&eacute; lente, mais je m&rsquo;am&eacute;liore chaque jour. &raquo;<\/p>\n<\/blockquote><blockquote class=\"twitter-tweet\"><p lang=\"en\" dir=\"ltr\">BRONNY JAMES DUNK. <br><br> <a href=\"https:\/\/t.co\/QcQv8Hx6Mi\" class=\"trk-cta-link\" data-cta-trk='{\"ctaType\":\"Link\",\"ctaSubType\":\"main\"}'>pic.twitter.com\/QcQv8Hx6Mi<\/a><\/p>&mdash; Hoop Central (@TheHoopCentral) <a href=\"https:\/\/twitter.com\/TheHoopCentral\/status\/1911531799664332926?ref_src=twsrc%5Etfw\" class=\"trk-cta-link\" data-cta-trk='{\"ctaType\":\"Link\",\"ctaSubType\":\"main\"}'>April 13, 2025<\/a><\/blockquote><script async src=\"https:\/\/platform.twitter.com\/widgets.js\" charset=\"utf-8\"><\/script><p>Si l&rsquo;ancien joueur d&rsquo;<strong>USC<\/strong> reste lucide, <strong>Bronny James<\/strong> demeure confiant pour la suite.<\/p><blockquote class=\"wp-block-quote is-layout-flow wp-block-quote-is-layout-flow\">\n<p>&laquo; Je pense avoir fait quelques pas dans la bonne direction, &raquo; a-t-il ajout&eacute;. &laquo; Et j&rsquo;ai h&acirc;te de continuer sur cette lanc&eacute;e dans les ann&eacute;es &agrave; venir. Donc, oui, je pense que je fais mieux. &raquo;<\/p>\n<\/blockquote><p>Avec seulement 27 matchs disput&eacute;s cette saison en NBA, <strong>James Jr.<\/strong> aimerait en jouer davantage &agrave; l&rsquo;avenir, un &eacute;l&eacute;ment crucial pour son d&eacute;veloppement.<\/p><blockquote class=\"wp-block-quote is-layout-flow wp-block-quote-is-layout-flow\">\n<p>&laquo; Les r&eacute;p&eacute;titions, accumuler des matchs, &raquo; a expliqu&eacute; Bronny. &laquo; Pas seulement en restant assis &agrave; regarder, mais pouvoir sortir et jouer mon jeu. &raquo;<\/p>\n<\/blockquote><p><strong>Lire aussi : <\/strong><\/p><p><a href=\"https:\/\/theplayoffs.news\/fr\/actualite-nba\/jonas-valanciunas-le-roi-du-play-in\/\" class=\"trk-cta-link\" data-cta-trk='{\"ctaType\":\"Link\",\"ctaSubType\":\"main\"}'>Jonas Valanciunas, le roi du Play-In<\/a><\/p><p><a href=\"https:\/\/theplayoffs.news\/fr\/actualite-nba\/preview-play-in-nba-a-lest\/\" class=\"trk-cta-link\" data-cta-trk='{\"ctaType\":\"Link\",\"ctaSubType\":\"main\"}'>Preview Play-in NBA &agrave; l&rsquo;Est !<\/a><\/p><p>Pour le<strong> 55e choix<\/strong> de la derni&egrave;re draft, l&rsquo;opportunit&eacute; de participer aux playoffs constitue une occasion pr&eacute;cieuse d&rsquo;apprendre des v&eacute;t&eacute;rans de son &eacute;quipe.<\/p><blockquote class=\"wp-block-quote is-layout-flow wp-block-quote-is-layout-flow\">\n<p>&laquo; La pr&eacute;paration, penser aux matchs autant qu&rsquo;ils le font lors des playoffs, l&rsquo;intensit&eacute; des matchs de playoffs, et ce genre de choses, &raquo; a-t-il soulign&eacute;. &laquo; Je suis juste pr&ecirc;t &agrave; &ecirc;tre ouvert d&rsquo;esprit et pr&ecirc;t &agrave; apprendre. &raquo;<\/p>\n<\/blockquote><p><strong>Bronny James <\/strong>semble adopter la bonne mentalit&eacute; pour continuer sa progression. Bien que sa pr&eacute;sence sur le parquet lors des<strong> playoffs<\/strong> semble peu probable, <strong>James Jr.<\/strong> sera attendu la saison prochaine apr&egrave;s son premier &eacute;t&eacute; de r&eacute;elle pr&eacute;paration.<\/p><p><strong>Cr&eacute;dit photo : <\/strong>Jaime Valdez-Imagn Images<\/p>\n","protected":false},"excerpt":{"rendered":"","protected":false},"author":180310268,"featured_media":1488368,"comment_status":"closed","ping_status":"closed","sticky":false,"template":"","format":"standard","meta":{"inline_featured_image":false,"kia_subtitle":"","_mux_skip_reasons":[],"proofreadBy":0,"footnotes":""},"categories":[110,10],"tags":[4614,116,117,23],"sport":[2783],"saison":[],"class_list":["post-1488366","post","type-post","status-publish","format-standard","has-post-thumbnail","hentry","category-actualite-nba","category-nba","tag-bronny-james","tag-lebron-james","tag-los-angeles-lakers","tag-nba-tag","sport-nba"],"acf":[],"yoast_head":"<!-- This site is optimized with the Yoast SEO plugin v24.2 - https:\/\/yoast.com\/wordpress\/plugins\/seo\/ -->\n<title>Bronny James pense avoir progress&eacute; cette saison !<\/title>\n<meta name=\"description\" content=\"Apr&egrave;s la d&eacute;faite des Lakers face &agrave; Portland, Bronny James s&#039;est exprim&eacute; sur l&#039;ensemble de sa saison rookie en NBA.\" \/>\n<meta name=\"robots\" content=\"index, follow, max-snippet:-1, max-image-preview:large, max-video-preview:-1\" \/>\n<link rel=\"canonical\" href=\"https:\/\/theplayoffs.news\/fr\/actualite-nba\/bronny-james-pense-avoir-progresse-cette-saison\/\" \/>\n<meta property=\"og:locale\" content=\"fr_FR\" \/>\n<meta property=\"og:type\" content=\"article\" \/>\n<meta property=\"og:title\" content=\"Bronny James pense avoir progress&eacute; cette saison !\" \/>\n<meta property=\"og:description\" content=\"Apr&egrave;s la d&eacute;faite des Lakers face &agrave; Portland, Bronny James s&#039;est exprim&eacute; sur l&#039;ensemble de sa saison rookie en NBA.\" \/>\n<meta property=\"og:url\" content=\"https:\/\/theplayoffs.news\/fr\/actualite-nba\/bronny-james-pense-avoir-progresse-cette-saison\/\" \/>\n<meta property=\"og:site_name\" content=\"The Playoffs FR\" \/>\n<meta property=\"article:publisher\" content=\"https:\/\/www.facebook.com\/TheFreeAgentFR\/\" \/>\n<meta property=\"article:modified_time\" content=\"2025-04-14T17:36:12+02:00\" \/>\n<meta property=\"og:image\" content=\"https:\/\/theplayoffs.news\/fr\/wp-content\/uploads\/2025\/04\/USATSI_25922027.jpg\" \/>\n\t<meta property=\"og:image:width\" content=\"1920\" \/>\n\t<meta property=\"og:image:height\" content=\"1280\" \/>\n\t<meta property=\"og:image:type\" content=\"image\/jpeg\" \/>\n<meta name=\"author\" content=\"Elian Goethals\" \/>\n<meta name=\"twitter:card\" content=\"summary_large_image\" \/>\n<meta name=\"twitter:creator\" content=\"@x.com\/elidwight\" \/>\n<meta name=\"twitter:site\" content=\"@TheFreeAgentFR\" \/>\n<meta name=\"twitter:label1\" content=\"\u00c9crit par\" \/>\n\t<meta name=\"twitter:data1\" content=\"Elian Goethals\" \/>\n\t<meta name=\"twitter:label2\" content=\"Dur\u00e9e de lecture estim\u00e9e\" \/>\n\t<meta name=\"twitter:data2\" content=\"2 minutes\" \/>\n<script type=\"application\/ld+json\" class=\"yoast-schema-graph\">{\"@context\":\"https:\/\/schema.org\",\"@graph\":[{\"@type\":\"WebPage\",\"@id\":\"https:\/\/theplayoffs.news\/fr\/actualite-nba\/bronny-james-pense-avoir-progresse-cette-saison\/\",\"url\":\"https:\/\/theplayoffs.news\/fr\/actualite-nba\/bronny-james-pense-avoir-progresse-cette-saison\/\",\"name\":\"Bronny James pense avoir progress\u00e9 cette saison !\",\"isPartOf\":{\"@id\":\"https:\/\/theplayoffs.news\/fr\/#website\"},\"primaryImageOfPage\":{\"@id\":\"https:\/\/theplayoffs.news\/fr\/actualite-nba\/bronny-james-pense-avoir-progresse-cette-saison\/#primaryimage\"},\"image\":{\"@id\":\"https:\/\/theplayoffs.news\/fr\/actualite-nba\/bronny-james-pense-avoir-progresse-cette-saison\/#primaryimage\"},\"thumbnailUrl\":\"https:\/\/theplayoffs.news\/fr\/wp-content\/uploads\/2025\/04\/USATSI_25922027.jpg\",\"datePublished\":\"2025-04-14T15:36:07+00:00\",\"dateModified\":\"2025-04-14T15:36:12+00:00\",\"author\":{\"@id\":\"https:\/\/theplayoffs.news\/fr\/#\/schema\/person\/2bc470c6a49f4f6229a67af19c87a732\"},\"description\":\"Apr\u00e8s la d\u00e9faite des Lakers face \u00e0 Portland, Bronny James s\\\\'est exprim\u00e9 sur l\\\\'ensemble de sa saison rookie en NBA.\",\"breadcrumb\":{\"@id\":\"https:\/\/theplayoffs.news\/fr\/actualite-nba\/bronny-james-pense-avoir-progresse-cette-saison\/#breadcrumb\"},\"inLanguage\":\"fr-FR\",\"potentialAction\":[{\"@type\":\"ReadAction\",\"target\":[\"https:\/\/theplayoffs.news\/fr\/actualite-nba\/bronny-james-pense-avoir-progresse-cette-saison\/\"]}]},{\"@type\":\"ImageObject\",\"inLanguage\":\"fr-FR\",\"@id\":\"https:\/\/theplayoffs.news\/fr\/actualite-nba\/bronny-james-pense-avoir-progresse-cette-saison\/#primaryimage\",\"url\":\"https:\/\/theplayoffs.news\/fr\/wp-content\/uploads\/2025\/04\/USATSI_25922027.jpg\",\"contentUrl\":\"https:\/\/theplayoffs.news\/fr\/wp-content\/uploads\/2025\/04\/USATSI_25922027.jpg\",\"width\":1920,\"height\":1280,\"caption\":\"Apr 13, 2025; Portland, Oregon, USA; Los Angeles Lakers guard Bronny James (9) enters the line up before playing in a game against the Portland Trail Blazers at Moda Center. Mandatory Credit: Jaime Valdez-Imagn Images\"},{\"@type\":\"BreadcrumbList\",\"@id\":\"https:\/\/theplayoffs.news\/fr\/actualite-nba\/bronny-james-pense-avoir-progresse-cette-saison\/#breadcrumb\",\"itemListElement\":[{\"@type\":\"ListItem\",\"position\":1,\"name\":\"Accueil\",\"item\":\"https:\/\/theplayoffs.news\/fr\/\"},{\"@type\":\"ListItem\",\"position\":2,\"name\":\"Bronny James pense avoir progress\u00e9 cette saison !\"}]},{\"@type\":\"WebSite\",\"@id\":\"https:\/\/theplayoffs.news\/fr\/#website\",\"url\":\"https:\/\/theplayoffs.news\/fr\/\",\"name\":\"The Playoffs FR\",\"description\":\"NBA-NFL-NHL-MLB\",\"potentialAction\":[{\"@type\":\"SearchAction\",\"target\":{\"@type\":\"EntryPoint\",\"urlTemplate\":\"https:\/\/theplayoffs.news\/fr\/?s={search_term_string}\"},\"query-input\":{\"@type\":\"PropertyValueSpecification\",\"valueRequired\":true,\"valueName\":\"search_term_string\"}}],\"inLanguage\":\"fr-FR\"},{\"@type\":\"Person\",\"@id\":\"https:\/\/theplayoffs.news\/fr\/#\/schema\/person\/2bc470c6a49f4f6229a67af19c87a732\",\"name\":\"Elian Goethals\",\"image\":{\"@type\":\"ImageObject\",\"inLanguage\":\"fr-FR\",\"@id\":\"https:\/\/theplayoffs.news\/fr\/#\/schema\/person\/image\/\",\"url\":\"https:\/\/secure.gravatar.com\/avatar\/293e2e649a094756005b611f6122ac1a95e95d453dbfe74b9d434b39855927f6?s=96&d=mm&r=g\",\"contentUrl\":\"https:\/\/secure.gravatar.com\/avatar\/293e2e649a094756005b611f6122ac1a95e95d453dbfe74b9d434b39855927f6?s=96&d=mm&r=g\",\"caption\":\"Elian Goethals\"},\"description\":\"Je suis sp\u00e9cialis\u00e9 dans la r\u00e9daction d\\\\'articles NBA et je suis un grand fan de basket am\u00e9ricain depuis toujours. Cela fait 20 ans que je joue au basket, et mon exp\u00e9rience sur les terrains me permet d\\\\'avoir une analyse approfondie des matchs. J\u2019ai d\u2019abord fait partie d\u2019autres m\u00e9dias sportifs en tant que b\u00e9n\u00e9vole avant de rejoindre ThePlayoffs en janvier. Je termine \u00e9galement un master en \u00e9tudes internationales. Ce que je pr\u00e9f\u00e8re dans mon travail, c\u2019est de transformer ma passion en m\u00e9tier et de partager avec vous l\u2019information NBA. J\u2019essaie de produire un contenu de qualit\u00e9 en esp\u00e9rant qu\u2019il vous plaise !\",\"sameAs\":[\"https:\/\/www.linkedin.com\/in\/elian-goethals-729b71200\/\",\"https:\/\/x.com\/x.com\/elidwight\"],\"url\":\"https:\/\/theplayoffs.news\/fr\/author\/elian\/\"}]}<\/script>\n<!-- \/ Yoast SEO plugin. -->","yoast_head_json":{"title":"Bronny James pense avoir progress&eacute; cette saison !","description":"Apr&egrave;s la d&eacute;faite des Lakers face &agrave; Portland, Bronny James s&#039;est exprim&eacute; sur l&#039;ensemble de sa saison rookie en NBA.","robots":{"index":"index","follow":"follow","max-snippet":"max-snippet:-1","max-image-preview":"max-image-preview:large","max-video-preview":"max-video-preview:-1"},"canonical":"https:\/\/theplayoffs.news\/fr\/actualite-nba\/bronny-james-pense-avoir-progresse-cette-saison\/","og_locale":"fr_FR","og_type":"article","og_title":"Bronny James pense avoir progress&eacute; cette saison !","og_description":"Apr&egrave;s la d&eacute;faite des Lakers face &agrave; Portland, Bronny James s&#039;est exprim&eacute; sur l&#039;ensemble de sa saison rookie en NBA.","og_url":"https:\/\/theplayoffs.news\/fr\/actualite-nba\/bronny-james-pense-avoir-progresse-cette-saison\/","og_site_name":"The Playoffs FR","article_publisher":"https:\/\/www.facebook.com\/TheFreeAgentFR\/","article_modified_time":"2025-04-14T15:36:12+00:00","og_image":[{"width":1920,"height":1280,"url":"https:\/\/theplayoffs.news\/fr\/wp-content\/uploads\/2025\/04\/USATSI_25922027.jpg","type":"image\/jpeg"}],"author":"Elian Goethals","twitter_card":"summary_large_image","twitter_creator":"@x.com\/elidwight","twitter_site":"@TheFreeAgentFR","twitter_misc":{"\u00c9crit par":"Elian Goethals","Dur\u00e9e de lecture estim\u00e9e":"2 minutes"},"schema":{"@context":"https:\/\/schema.org","@graph":[{"@type":"WebPage","@id":"https:\/\/theplayoffs.news\/fr\/actualite-nba\/bronny-james-pense-avoir-progresse-cette-saison\/","url":"https:\/\/theplayoffs.news\/fr\/actualite-nba\/bronny-james-pense-avoir-progresse-cette-saison\/","name":"Bronny James pense avoir progress\u00e9 cette saison !","isPartOf":{"@id":"https:\/\/theplayoffs.news\/fr\/#website"},"primaryImageOfPage":{"@id":"https:\/\/theplayoffs.news\/fr\/actualite-nba\/bronny-james-pense-avoir-progresse-cette-saison\/#primaryimage"},"image":{"@id":"https:\/\/theplayoffs.news\/fr\/actualite-nba\/bronny-james-pense-avoir-progresse-cette-saison\/#primaryimage"},"thumbnailUrl":"https:\/\/theplayoffs.news\/fr\/wp-content\/uploads\/2025\/04\/USATSI_25922027.jpg","datePublished":"2025-04-14T15:36:07+00:00","dateModified":"2025-04-14T15:36:12+00:00","author":{"@id":"https:\/\/theplayoffs.news\/fr\/#\/schema\/person\/2bc470c6a49f4f6229a67af19c87a732"},"description":"Apr\u00e8s la d\u00e9faite des Lakers face \u00e0 Portland, Bronny James s\\'est exprim\u00e9 sur l\\'ensemble de sa saison rookie en NBA.","breadcrumb":{"@id":"https:\/\/theplayoffs.news\/fr\/actualite-nba\/bronny-james-pense-avoir-progresse-cette-saison\/#breadcrumb"},"inLanguage":"fr-FR","potentialAction":[{"@type":"ReadAction","target":["https:\/\/theplayoffs.news\/fr\/actualite-nba\/bronny-james-pense-avoir-progresse-cette-saison\/"]}]},{"@type":"ImageObject","inLanguage":"fr-FR","@id":"https:\/\/theplayoffs.news\/fr\/actualite-nba\/bronny-james-pense-avoir-progresse-cette-saison\/#primaryimage","url":"https:\/\/theplayoffs.news\/fr\/wp-content\/uploads\/2025\/04\/USATSI_25922027.jpg","contentUrl":"https:\/\/theplayoffs.news\/fr\/wp-content\/uploads\/2025\/04\/USATSI_25922027.jpg","width":1920,"height":1280,"caption":"Apr 13, 2025; Portland, Oregon, USA; Los Angeles Lakers guard Bronny James (9) enters the line up before playing in a game against the Portland Trail Blazers at Moda Center. Mandatory Credit: Jaime Valdez-Imagn Images"},{"@type":"BreadcrumbList","@id":"https:\/\/theplayoffs.news\/fr\/actualite-nba\/bronny-james-pense-avoir-progresse-cette-saison\/#breadcrumb","itemListElement":[{"@type":"ListItem","position":1,"name":"Accueil","item":"https:\/\/theplayoffs.news\/fr\/"},{"@type":"ListItem","position":2,"name":"Bronny James pense avoir progress\u00e9 cette saison !"}]},{"@type":"WebSite","@id":"https:\/\/theplayoffs.news\/fr\/#website","url":"https:\/\/theplayoffs.news\/fr\/","name":"The Playoffs FR","description":"NBA-NFL-NHL-MLB","potentialAction":[{"@type":"SearchAction","target":{"@type":"EntryPoint","urlTemplate":"https:\/\/theplayoffs.news\/fr\/?s={search_term_string}"},"query-input":{"@type":"PropertyValueSpecification","valueRequired":true,"valueName":"search_term_string"}}],"inLanguage":"fr-FR"},{"@type":"Person","@id":"https:\/\/theplayoffs.news\/fr\/#\/schema\/person\/2bc470c6a49f4f6229a67af19c87a732","name":"Elian Goethals","image":{"@type":"ImageObject","inLanguage":"fr-FR","@id":"https:\/\/theplayoffs.news\/fr\/#\/schema\/person\/image\/","url":"https:\/\/secure.gravatar.com\/avatar\/293e2e649a094756005b611f6122ac1a95e95d453dbfe74b9d434b39855927f6?s=96&d=mm&r=g","contentUrl":"https:\/\/secure.gravatar.com\/avatar\/293e2e649a094756005b611f6122ac1a95e95d453dbfe74b9d434b39855927f6?s=96&d=mm&r=g","caption":"Elian Goethals"},"description":"Je suis sp\u00e9cialis\u00e9 dans la r\u00e9daction d\\'articles NBA et je suis un grand fan de basket am\u00e9ricain depuis toujours. Cela fait 20 ans que je joue au basket, et mon exp\u00e9rience sur les terrains me permet d\\'avoir une analyse approfondie des matchs. J\u2019ai d\u2019abord fait partie d\u2019autres m\u00e9dias sportifs en tant que b\u00e9n\u00e9vole avant de rejoindre ThePlayoffs en janvier. Je termine \u00e9galement un master en \u00e9tudes internationales. Ce que je pr\u00e9f\u00e8re dans mon travail, c\u2019est de transformer ma passion en m\u00e9tier et de partager avec vous l\u2019information NBA. J\u2019essaie de produire un contenu de qualit\u00e9 en esp\u00e9rant qu\u2019il vous plaise !","sameAs":["https:\/\/www.linkedin.com\/in\/elian-goethals-729b71200\/","https:\/\/x.com\/x.com\/elidwight"],"url":"https:\/\/theplayoffs.news\/fr\/author\/elian\/"}]}},"_links":{"self":[{"href":"https:\/\/theplayoffs.news\/fr\/wp-json\/wp\/v2\/posts\/1488366","targetHints":{"allow":["GET"]}}],"collection":[{"href":"https:\/\/theplayoffs.news\/fr\/wp-json\/wp\/v2\/posts"}],"about":[{"href":"https:\/\/theplayoffs.news\/fr\/wp-json\/wp\/v2\/types\/post"}],"author":[{"embeddable":true,"href":"https:\/\/theplayoffs.news\/fr\/wp-json\/wp\/v2\/users\/180310268"}],"replies":[{"embeddable":true,"href":"https:\/\/theplayoffs.news\/fr\/wp-json\/wp\/v2\/comments?post=1488366"}],"version-history":[{"count":1,"href":"https:\/\/theplayoffs.news\/fr\/wp-json\/wp\/v2\/posts\/1488366\/revisions"}],"predecessor-version":[{"id":1488369,"href":"https:\/\/theplayoffs.news\/fr\/wp-json\/wp\/v2\/posts\/1488366\/revisions\/1488369"}],"wp:featuredmedia":[{"embeddable":true,"href":"https:\/\/theplayoffs.news\/fr\/wp-json\/wp\/v2\/media\/1488368"}],"wp:attachment":[{"href":"https:\/\/theplayoffs.news\/fr\/wp-json\/wp\/v2\/media?parent=1488366"}],"wp:term":[{"taxonomy":"category","embeddable":true,"href":"https:\/\/theplayoffs.news\/fr\/wp-json\/wp\/v2\/categories?post=1488366"},{"taxonomy":"post_tag","embeddable":true,"href":"https:\/\/theplayoffs.news\/fr\/wp-json\/wp\/v2\/tags?post=1488366"},{"taxonomy":"sport","embeddable":true,"href":"https:\/\/theplayoffs.news\/fr\/wp-json\/wp\/v2\/sport?post=1488366"},{"taxonomy":"saison","embeddable":true,"href":"https:\/\/theplayoffs.news\/fr\/wp-json\/wp\/v2\/saison?post=1488366"}],"curies":[{"name":"wp","href":"https:\/\/api.w.org\/{rel}","templated":true}]}}