{"id":1488159,"date":"2025-04-11T14:54:19","date_gmt":"2025-04-11T12:54:19","guid":{"rendered":"https:\/\/theplayoffs.news\/fr\/uncategorized\/\/"},"modified":"2025-04-11T14:54:24","modified_gmt":"2025-04-11T12:54:24","slug":"les-browns-re-signent-joe-flacco","status":"publish","type":"post","link":"https:\/\/theplayoffs.news\/fr\/actualite-nfl\/les-browns-re-signent-joe-flacco\/","title":{"rendered":"Les Browns re-signent Joe Flacco"},"content":{"rendered":"<p>Malgr&eacute; l&rsquo;arriv&eacute;e de Kenny Pickett en provenance de Philadelphie, les Browns &eacute;taient toujours &agrave; la recherche de renforts au poste de quarterback. Cleveland vient d&rsquo;annoncer la signature d&rsquo;un ancien bien connu de la maison : Joe Flacco.&nbsp;<\/p><h2 class=\"wp-block-heading\">Flacco de retour en terrain conquis &agrave; Cleveland&nbsp;<\/h2><p>Il n&rsquo;&eacute;tait rest&eacute; qu&rsquo;une saison, mais Joe Flacco avait marqu&eacute; les esprits chez les Browns. Quarterback rempla&ccedil;ant en 2023, il avait offert &agrave; la franchise une qualification en playoffs apr&egrave;s trois ann&eacute;es de disette.&nbsp;<\/p><p>Backup chez les Colts la saison derni&egrave;re, le v&eacute;t&eacute;ran de 40 ans revient sur les terres de ses derniers exploits. Un accord a &eacute;t&eacute; conclu ce vendredi pour un contrat d&rsquo;un an, d&rsquo;une valeur de 4 millions de dollars, pouvant aller jusqu&rsquo;&agrave; 13 millions avec bonus, selon les informations d&rsquo;<a href=\"https:\/\/x.com\/AdamSchefter\/status\/1910669760091521421\" target=\"_blank\" rel=\"noreferrer noopener\" class=\"trk-cta-link\" data-cta-trk='{\"ctaType\":\"Link\",\"ctaSubType\":\"main\"}'>Adam Schefter<\/a>.&nbsp;<\/p><p>Courtis&eacute; par les Steelers et les Vikings, Flacco a finalement choisi Cleveland, acceptant un r&ocirc;le de mentor pour Kenny Pickett et peut-&ecirc;tre pour un quarterback rookie &agrave; venir.&nbsp;<\/p><ul class=\"wp-block-list\">\n<li><strong>Lire aussi :<\/strong><\/li>\n<\/ul><p><a href=\"https:\/\/theplayoffs.news\/fr\/draft\/draft-nfl-2025-quels-besoins-pour-les-dallas-cowboys\/\" target=\"_blank\" rel=\"noreferrer noopener\" class=\"trk-cta-link\" data-cta-trk='{\"ctaType\":\"Link\",\"ctaSubType\":\"main\"}'>Draft NFL 2025 : quels besoins pour les Dallas Cowboys ?<\/a><\/p><p><a href=\"https:\/\/theplayoffs.news\/fr\/actualite-nfl\/les-bengals-esperent-obtenir-une-aide-de-350-millions-de-dollars\/\" target=\"_blank\" rel=\"noreferrer noopener\" class=\"trk-cta-link\" data-cta-trk='{\"ctaType\":\"Link\",\"ctaSubType\":\"main\"}'>Les Bengals esp&egrave;rent obtenir une aide de 350 millions de dollars<\/a><\/p><p>Priv&eacute; de playoffs l&rsquo;an dernier, il pourrait bien tenter de r&eacute;&eacute;diter l&rsquo;exploit accompli il y a deux ans.&nbsp;<\/p><p>Cette signature renforce aussi les sp&eacute;culations autour d&rsquo;une possible s&eacute;lection de Cam Ward lors de la prochaine draft. Reste d&eacute;sormais &agrave; savoir quelle sera la hi&eacute;rarchie au poste de quarterback chez les Browns pour la saison 2025.&nbsp;<\/p><p>Cr&eacute;dit photo : Troy Taormina-USA TODAY Sports<\/p>\n","protected":false},"excerpt":{"rendered":"","protected":false},"author":180310250,"featured_media":1488171,"comment_status":"closed","ping_status":"closed","sticky":false,"template":"","format":"standard","meta":{"inline_featured_image":false,"kia_subtitle":"","_mux_skip_reasons":[],"proofreadBy":0,"footnotes":""},"categories":[118,40],"tags":[8076,542,1101,2943,79],"sport":[],"saison":[7475],"class_list":["post-1488159","post","type-post","status-publish","format-standard","has-post-thumbnail","hentry","category-actualite-nfl","category-nfl","tag-cam-ward","tag-cleveland-browns","tag-joe-flacco","tag-kenny-pickett","tag-nfl","saison-7475"],"acf":[],"yoast_head":"<!-- This site is optimized with the Yoast SEO plugin v24.2 - https:\/\/yoast.com\/wordpress\/plugins\/seo\/ -->\n<title>Les Browns re-signent Joe Flacco - The Playoffs FR<\/title>\n<meta name=\"description\" content=\"Apr&egrave;s une saison chez les Colts, Joe Flacco retrouve une franchise qu&#039;il connait bien. Le QB avait emmen&eacute; la franchise en playoffs en 2023.\" \/>\n<meta name=\"robots\" content=\"index, follow, max-snippet:-1, max-image-preview:large, max-video-preview:-1\" \/>\n<link rel=\"canonical\" href=\"https:\/\/theplayoffs.news\/fr\/actualite-nfl\/les-browns-re-signent-joe-flacco\/\" \/>\n<meta property=\"og:locale\" content=\"fr_FR\" \/>\n<meta property=\"og:type\" content=\"article\" \/>\n<meta property=\"og:title\" content=\"Les Browns re-signent Joe Flacco - The Playoffs FR\" \/>\n<meta property=\"og:description\" content=\"Apr&egrave;s une saison chez les Colts, Joe Flacco retrouve une franchise qu&#039;il connait bien. Le QB avait emmen&eacute; la franchise en playoffs en 2023.\" \/>\n<meta property=\"og:url\" content=\"https:\/\/theplayoffs.news\/fr\/actualite-nfl\/les-browns-re-signent-joe-flacco\/\" \/>\n<meta property=\"og:site_name\" content=\"The Playoffs FR\" \/>\n<meta property=\"article:publisher\" content=\"https:\/\/www.facebook.com\/TheFreeAgentFR\/\" \/>\n<meta property=\"article:modified_time\" content=\"2025-04-11T14:54:24+02:00\" \/>\n<meta property=\"og:image\" content=\"https:\/\/theplayoffs.news\/fr\/wp-content\/uploads\/2025\/04\/USATSI_22289938.jpg\" \/>\n\t<meta property=\"og:image:width\" content=\"1920\" \/>\n\t<meta property=\"og:image:height\" content=\"1280\" \/>\n\t<meta property=\"og:image:type\" content=\"image\/jpeg\" \/>\n<meta name=\"author\" content=\"Jean Fabre-Jevanoff\" \/>\n<meta name=\"twitter:card\" content=\"summary_large_image\" \/>\n<meta name=\"twitter:creator\" content=\"@the_jfj_42\" \/>\n<meta name=\"twitter:site\" content=\"@TheFreeAgentFR\" \/>\n<meta name=\"twitter:label1\" content=\"\u00c9crit par\" \/>\n\t<meta name=\"twitter:data1\" content=\"Jean Fabre-Jevanoff\" \/>\n\t<meta name=\"twitter:label2\" content=\"Dur\u00e9e de lecture estim\u00e9e\" \/>\n\t<meta name=\"twitter:data2\" content=\"2 minutes\" \/>\n<script type=\"application\/ld+json\" class=\"yoast-schema-graph\">{\"@context\":\"https:\/\/schema.org\",\"@graph\":[{\"@type\":\"WebPage\",\"@id\":\"https:\/\/theplayoffs.news\/fr\/actualite-nfl\/les-browns-re-signent-joe-flacco\/\",\"url\":\"https:\/\/theplayoffs.news\/fr\/actualite-nfl\/les-browns-re-signent-joe-flacco\/\",\"name\":\"Les Browns re-signent Joe Flacco - The Playoffs FR\",\"isPartOf\":{\"@id\":\"https:\/\/theplayoffs.news\/fr\/#website\"},\"primaryImageOfPage\":{\"@id\":\"https:\/\/theplayoffs.news\/fr\/actualite-nfl\/les-browns-re-signent-joe-flacco\/#primaryimage\"},\"image\":{\"@id\":\"https:\/\/theplayoffs.news\/fr\/actualite-nfl\/les-browns-re-signent-joe-flacco\/#primaryimage\"},\"thumbnailUrl\":\"https:\/\/theplayoffs.news\/fr\/wp-content\/uploads\/2025\/04\/USATSI_22289938.jpg\",\"datePublished\":\"2025-04-11T12:54:19+00:00\",\"dateModified\":\"2025-04-11T12:54:24+00:00\",\"author\":{\"@id\":\"https:\/\/theplayoffs.news\/fr\/#\/schema\/person\/1ea25b88e79fe4fabd657430b0013d3d\"},\"description\":\"Apr\u00e8s une saison chez les Colts, Joe Flacco retrouve une franchise qu\\\\'il connait bien. Le QB avait emmen\u00e9 la franchise en playoffs en 2023.\",\"breadcrumb\":{\"@id\":\"https:\/\/theplayoffs.news\/fr\/actualite-nfl\/les-browns-re-signent-joe-flacco\/#breadcrumb\"},\"inLanguage\":\"fr-FR\",\"potentialAction\":[{\"@type\":\"ReadAction\",\"target\":[\"https:\/\/theplayoffs.news\/fr\/actualite-nfl\/les-browns-re-signent-joe-flacco\/\"]}]},{\"@type\":\"ImageObject\",\"inLanguage\":\"fr-FR\",\"@id\":\"https:\/\/theplayoffs.news\/fr\/actualite-nfl\/les-browns-re-signent-joe-flacco\/#primaryimage\",\"url\":\"https:\/\/theplayoffs.news\/fr\/wp-content\/uploads\/2025\/04\/USATSI_22289938.jpg\",\"contentUrl\":\"https:\/\/theplayoffs.news\/fr\/wp-content\/uploads\/2025\/04\/USATSI_22289938.jpg\",\"width\":1920,\"height\":1280,\"caption\":\"Jan 13, 2024; Houston, Texas, USA; Cleveland Browns quarterback Joe Flacco (15) on the field after a 2024 AFC wild card game against the Houston Texans at NRG Stadium. Mandatory Credit: Troy Taormina-USA TODAY Sports\"},{\"@type\":\"BreadcrumbList\",\"@id\":\"https:\/\/theplayoffs.news\/fr\/actualite-nfl\/les-browns-re-signent-joe-flacco\/#breadcrumb\",\"itemListElement\":[{\"@type\":\"ListItem\",\"position\":1,\"name\":\"Accueil\",\"item\":\"https:\/\/theplayoffs.news\/fr\/\"},{\"@type\":\"ListItem\",\"position\":2,\"name\":\"Les Browns re-signent Joe Flacco\"}]},{\"@type\":\"WebSite\",\"@id\":\"https:\/\/theplayoffs.news\/fr\/#website\",\"url\":\"https:\/\/theplayoffs.news\/fr\/\",\"name\":\"The Playoffs FR\",\"description\":\"NBA-NFL-NHL-MLB\",\"potentialAction\":[{\"@type\":\"SearchAction\",\"target\":{\"@type\":\"EntryPoint\",\"urlTemplate\":\"https:\/\/theplayoffs.news\/fr\/?s={search_term_string}\"},\"query-input\":{\"@type\":\"PropertyValueSpecification\",\"valueRequired\":true,\"valueName\":\"search_term_string\"}}],\"inLanguage\":\"fr-FR\"},{\"@type\":\"Person\",\"@id\":\"https:\/\/theplayoffs.news\/fr\/#\/schema\/person\/1ea25b88e79fe4fabd657430b0013d3d\",\"name\":\"Jean Fabre-Jevanoff\",\"image\":{\"@type\":\"ImageObject\",\"inLanguage\":\"fr-FR\",\"@id\":\"https:\/\/theplayoffs.news\/fr\/#\/schema\/person\/image\/\",\"url\":\"https:\/\/secure.gravatar.com\/avatar\/18b28dab1159eebc6a17b9787eb8cbbe3242c3d0e8b53b89332f6dc1133aa361?s=96&d=mm&r=g\",\"contentUrl\":\"https:\/\/secure.gravatar.com\/avatar\/18b28dab1159eebc6a17b9787eb8cbbe3242c3d0e8b53b89332f6dc1133aa361?s=96&d=mm&r=g\",\"caption\":\"Jean Fabre-Jevanoff\"},\"description\":\"Journaliste polyvalent sur le football am\u00e9ricain, j\u2019\u00e9cris aussi des articles sur le basket. Commentateur sur Twitch et sur YouTube. Pass\u00e9 par Eurosport notamment. Un mix d\u2019Eminem et de OBJ, fan inconditionnel de Patrick Mahomes et Lebron James\",\"sameAs\":[\"https:\/\/www.instagram.com\/_juaniitooo_\",\"https:\/\/www.linkedin.com\/in\/jean-fabre-jevanoff-84bb9b1a9\/\",\"https:\/\/x.com\/the_jfj_42\"],\"url\":\"https:\/\/theplayoffs.news\/fr\/author\/jeanfj42gmail-com\/\"}]}<\/script>\n<!-- \/ Yoast SEO plugin. -->","yoast_head_json":{"title":"Les Browns re-signent Joe Flacco - The Playoffs FR","description":"Apr&egrave;s une saison chez les Colts, Joe Flacco retrouve une franchise qu&#039;il connait bien. Le QB avait emmen&eacute; la franchise en playoffs en 2023.","robots":{"index":"index","follow":"follow","max-snippet":"max-snippet:-1","max-image-preview":"max-image-preview:large","max-video-preview":"max-video-preview:-1"},"canonical":"https:\/\/theplayoffs.news\/fr\/actualite-nfl\/les-browns-re-signent-joe-flacco\/","og_locale":"fr_FR","og_type":"article","og_title":"Les Browns re-signent Joe Flacco - The Playoffs FR","og_description":"Apr&egrave;s une saison chez les Colts, Joe Flacco retrouve une franchise qu&#039;il connait bien. Le QB avait emmen&eacute; la franchise en playoffs en 2023.","og_url":"https:\/\/theplayoffs.news\/fr\/actualite-nfl\/les-browns-re-signent-joe-flacco\/","og_site_name":"The Playoffs FR","article_publisher":"https:\/\/www.facebook.com\/TheFreeAgentFR\/","article_modified_time":"2025-04-11T12:54:24+00:00","og_image":[{"width":1920,"height":1280,"url":"https:\/\/theplayoffs.news\/fr\/wp-content\/uploads\/2025\/04\/USATSI_22289938.jpg","type":"image\/jpeg"}],"author":"Jean Fabre-Jevanoff","twitter_card":"summary_large_image","twitter_creator":"@the_jfj_42","twitter_site":"@TheFreeAgentFR","twitter_misc":{"\u00c9crit par":"Jean Fabre-Jevanoff","Dur\u00e9e de lecture estim\u00e9e":"2 minutes"},"schema":{"@context":"https:\/\/schema.org","@graph":[{"@type":"WebPage","@id":"https:\/\/theplayoffs.news\/fr\/actualite-nfl\/les-browns-re-signent-joe-flacco\/","url":"https:\/\/theplayoffs.news\/fr\/actualite-nfl\/les-browns-re-signent-joe-flacco\/","name":"Les Browns re-signent Joe Flacco - The Playoffs FR","isPartOf":{"@id":"https:\/\/theplayoffs.news\/fr\/#website"},"primaryImageOfPage":{"@id":"https:\/\/theplayoffs.news\/fr\/actualite-nfl\/les-browns-re-signent-joe-flacco\/#primaryimage"},"image":{"@id":"https:\/\/theplayoffs.news\/fr\/actualite-nfl\/les-browns-re-signent-joe-flacco\/#primaryimage"},"thumbnailUrl":"https:\/\/theplayoffs.news\/fr\/wp-content\/uploads\/2025\/04\/USATSI_22289938.jpg","datePublished":"2025-04-11T12:54:19+00:00","dateModified":"2025-04-11T12:54:24+00:00","author":{"@id":"https:\/\/theplayoffs.news\/fr\/#\/schema\/person\/1ea25b88e79fe4fabd657430b0013d3d"},"description":"Apr\u00e8s une saison chez les Colts, Joe Flacco retrouve une franchise qu\\'il connait bien. Le QB avait emmen\u00e9 la franchise en playoffs en 2023.","breadcrumb":{"@id":"https:\/\/theplayoffs.news\/fr\/actualite-nfl\/les-browns-re-signent-joe-flacco\/#breadcrumb"},"inLanguage":"fr-FR","potentialAction":[{"@type":"ReadAction","target":["https:\/\/theplayoffs.news\/fr\/actualite-nfl\/les-browns-re-signent-joe-flacco\/"]}]},{"@type":"ImageObject","inLanguage":"fr-FR","@id":"https:\/\/theplayoffs.news\/fr\/actualite-nfl\/les-browns-re-signent-joe-flacco\/#primaryimage","url":"https:\/\/theplayoffs.news\/fr\/wp-content\/uploads\/2025\/04\/USATSI_22289938.jpg","contentUrl":"https:\/\/theplayoffs.news\/fr\/wp-content\/uploads\/2025\/04\/USATSI_22289938.jpg","width":1920,"height":1280,"caption":"Jan 13, 2024; Houston, Texas, USA; Cleveland Browns quarterback Joe Flacco (15) on the field after a 2024 AFC wild card game against the Houston Texans at NRG Stadium. Mandatory Credit: Troy Taormina-USA TODAY Sports"},{"@type":"BreadcrumbList","@id":"https:\/\/theplayoffs.news\/fr\/actualite-nfl\/les-browns-re-signent-joe-flacco\/#breadcrumb","itemListElement":[{"@type":"ListItem","position":1,"name":"Accueil","item":"https:\/\/theplayoffs.news\/fr\/"},{"@type":"ListItem","position":2,"name":"Les Browns re-signent Joe Flacco"}]},{"@type":"WebSite","@id":"https:\/\/theplayoffs.news\/fr\/#website","url":"https:\/\/theplayoffs.news\/fr\/","name":"The Playoffs FR","description":"NBA-NFL-NHL-MLB","potentialAction":[{"@type":"SearchAction","target":{"@type":"EntryPoint","urlTemplate":"https:\/\/theplayoffs.news\/fr\/?s={search_term_string}"},"query-input":{"@type":"PropertyValueSpecification","valueRequired":true,"valueName":"search_term_string"}}],"inLanguage":"fr-FR"},{"@type":"Person","@id":"https:\/\/theplayoffs.news\/fr\/#\/schema\/person\/1ea25b88e79fe4fabd657430b0013d3d","name":"Jean Fabre-Jevanoff","image":{"@type":"ImageObject","inLanguage":"fr-FR","@id":"https:\/\/theplayoffs.news\/fr\/#\/schema\/person\/image\/","url":"https:\/\/secure.gravatar.com\/avatar\/18b28dab1159eebc6a17b9787eb8cbbe3242c3d0e8b53b89332f6dc1133aa361?s=96&d=mm&r=g","contentUrl":"https:\/\/secure.gravatar.com\/avatar\/18b28dab1159eebc6a17b9787eb8cbbe3242c3d0e8b53b89332f6dc1133aa361?s=96&d=mm&r=g","caption":"Jean Fabre-Jevanoff"},"description":"Journaliste polyvalent sur le football am\u00e9ricain, j\u2019\u00e9cris aussi des articles sur le basket. Commentateur sur Twitch et sur YouTube. Pass\u00e9 par Eurosport notamment. Un mix d\u2019Eminem et de OBJ, fan inconditionnel de Patrick Mahomes et Lebron James","sameAs":["https:\/\/www.instagram.com\/_juaniitooo_","https:\/\/www.linkedin.com\/in\/jean-fabre-jevanoff-84bb9b1a9\/","https:\/\/x.com\/the_jfj_42"],"url":"https:\/\/theplayoffs.news\/fr\/author\/jeanfj42gmail-com\/"}]}},"_links":{"self":[{"href":"https:\/\/theplayoffs.news\/fr\/wp-json\/wp\/v2\/posts\/1488159","targetHints":{"allow":["GET"]}}],"collection":[{"href":"https:\/\/theplayoffs.news\/fr\/wp-json\/wp\/v2\/posts"}],"about":[{"href":"https:\/\/theplayoffs.news\/fr\/wp-json\/wp\/v2\/types\/post"}],"author":[{"embeddable":true,"href":"https:\/\/theplayoffs.news\/fr\/wp-json\/wp\/v2\/users\/180310250"}],"replies":[{"embeddable":true,"href":"https:\/\/theplayoffs.news\/fr\/wp-json\/wp\/v2\/comments?post=1488159"}],"version-history":[{"count":1,"href":"https:\/\/theplayoffs.news\/fr\/wp-json\/wp\/v2\/posts\/1488159\/revisions"}],"predecessor-version":[{"id":1488172,"href":"https:\/\/theplayoffs.news\/fr\/wp-json\/wp\/v2\/posts\/1488159\/revisions\/1488172"}],"wp:featuredmedia":[{"embeddable":true,"href":"https:\/\/theplayoffs.news\/fr\/wp-json\/wp\/v2\/media\/1488171"}],"wp:attachment":[{"href":"https:\/\/theplayoffs.news\/fr\/wp-json\/wp\/v2\/media?parent=1488159"}],"wp:term":[{"taxonomy":"category","embeddable":true,"href":"https:\/\/theplayoffs.news\/fr\/wp-json\/wp\/v2\/categories?post=1488159"},{"taxonomy":"post_tag","embeddable":true,"href":"https:\/\/theplayoffs.news\/fr\/wp-json\/wp\/v2\/tags?post=1488159"},{"taxonomy":"sport","embeddable":true,"href":"https:\/\/theplayoffs.news\/fr\/wp-json\/wp\/v2\/sport?post=1488159"},{"taxonomy":"saison","embeddable":true,"href":"https:\/\/theplayoffs.news\/fr\/wp-json\/wp\/v2\/saison?post=1488159"}],"curies":[{"name":"wp","href":"https:\/\/api.w.org\/{rel}","templated":true}]}}