{"id":1487904,"date":"2025-04-09T17:03:04","date_gmt":"2025-04-09T15:03:04","guid":{"rendered":"https:\/\/theplayoffs.news\/fr\/uncategorized\/\/"},"modified":"2025-04-09T17:03:14","modified_gmt":"2025-04-09T15:03:14","slug":"jackson-merrill-rejoint-linfirmerie","status":"publish","type":"post","link":"https:\/\/theplayoffs.news\/fr\/actualite-mlb\/jackson-merrill-rejoint-linfirmerie\/","title":{"rendered":"Jackson Merrill rejoint l&rsquo;infirmerie !"},"content":{"rendered":"<p><strong>MLB &ndash; Soir&eacute;e d&eacute;licate pour les Padres qui peu de temps avant de perdre lourdement contre les Athletics, ont vu leur jeune p&eacute;pite, Jackson Merrill, &ecirc;tre plac&eacute;e sur la liste des bless&eacute;s suite &agrave; une blessure &agrave; l&rsquo;ischio-jambier droit. <\/strong><\/p><figure class=\"wp-block-embed is-type-rich is-provider-twitter wp-block-embed-twitter\"><div class=\"wp-block-embed__wrapper\">\n<blockquote class=\"twitter-tweet\" data-width=\"500\" data-dnt=\"true\"><p lang=\"en\" dir=\"ltr\">We have recalled OF Oscar Gonzalez from Triple-A El Paso and placed OF Jackson Merrill on the 10-day IL (retro: April 7) with a right hamstring strain.<\/p>&mdash; San Diego Padres (@Padres) <a href=\"https:\/\/twitter.com\/Padres\/status\/1909753604015317381?ref_src=twsrc%5Etfw\" class=\"trk-cta-link\" data-cta-trk='{\"ctaType\":\"Link\",\"ctaSubType\":\"main\"}'>April 8, 2025<\/a><\/blockquote><script async src=\"https:\/\/platform.twitter.com\/widgets.js\" charset=\"utf-8\"><\/script>\n<\/div><\/figure><h3 class=\"wp-block-heading\">Jackson Merrill : Plus de peur que de mal <\/h3><p><a href=\"https:\/\/theplayoffs.news\/fr\/actualite-mlb\/national-league-west-des-debuts-tonitruants\/\" class=\"trk-cta-link\" data-cta-trk='{\"ctaType\":\"Link\",\"ctaSubType\":\"main\"}'>Les leaders de la National League West<\/a> connaissent un d&eacute;but de semaine en demi-teinte. Hier soir, les hommes de <a href=\"https:\/\/www.baseball-reference.com\/managers\/shildmi99.shtml\" class=\"trk-cta-link\" data-cta-trk='{\"ctaType\":\"Link\",\"ctaSubType\":\"main\"}'>Mike Schildt<\/a> ont conc&eacute;d&eacute; une lourde d&eacute;faite (10-4) contre les Athletics. Un peu plus t&ocirc;t dans la soir&eacute;e, Jackson Merrill a &eacute;t&eacute; contraint de rejoindre l&rsquo;infirmerie en raison d&rsquo;une blessure &agrave; l&rsquo;ischio-jambier droit. <\/p><p>Toutefois, la nouvelle coqueluche des fans de San Diego ne devrait pas rester &eacute;loign&eacute; des terrains tr&egrave;s longtemps. On parle d&rsquo;une dizaine de jours (le temps minimal lorsqu&rsquo;un joueur rejoint l&nbsp;&raquo;Injury List&nbsp;&raquo;). Le manager des Padres s&rsquo;est montr&eacute; optimiste en conf&eacute;rence de presse.<\/p><blockquote class=\"wp-block-quote is-layout-flow wp-block-quote-is-layout-flow\">\n<p>&laquo;&nbsp;La bonne nouvelle, c&rsquo;est qu&rsquo;&agrave; l&rsquo;heure actuelle, cela ne semble pas &ecirc;tre tr&egrave;s grave.&nbsp;&raquo; a d&eacute;clar&eacute; Mike Shildt<\/p>\n<\/blockquote><p>Pour rappel, cette saison Jackson Merrill c&rsquo;est 3 circuits, 10 points produits pour .378\/.415\/.1091. Cet excellent d&eacute;but de saison fait &eacute;cho &agrave; l&rsquo;exercice 2024 o&ugrave; il avait termin&eacute; avec 24 homeruns,90 RBI et une excellente moyenne de .292 &agrave; la batte. C&rsquo;est donc en toute logique que les dirigeants californiens ont d&eacute;cid&eacute; d&rsquo; offrir un pont d&rsquo;or &agrave; <a href=\"https:\/\/theplayoffs.news\/fr\/actualite-mlb\/trois-prolongations-majeures-en-une-journee-un-signe-avant-coureur-dune-greve-en-mlb\/\" class=\"trk-cta-link\" data-cta-trk='{\"ctaType\":\"Link\",\"ctaSubType\":\"main\"}'>Jackson Merrill avec un contrat de 9 ans et 135 millions de dollars.<\/a><\/p><h3 class=\"wp-block-heading\">Alerte pour Tatis Jr et Jack Cronenworth !<\/h3><p>Au cours du match contre les Athletics, les Padres ont vu Fernando Tatis Jr quitter le terrain peu avant la fin de la cinqui&egrave;me manche. La raison expliqu&eacute;e par Mike Shildt serait une l&eacute;g&egrave;re g&ecirc;ne au niveau de l&rsquo;&eacute;paule. Quant &agrave; Jack Cronenworth, il a d&ucirc; laisser ses co&eacute;quipiers apr&egrave;s avoir ressenti des crampes. Toujours selon le manager de San Diego, la blessure de ce dernier serait en lien avec le &laquo;&nbsp;Hit By Pitch&nbsp;&raquo; re&ccedil;u contre les Chicago Cubs le week end dernier. <\/p><figure class=\"wp-block-embed is-type-rich is-provider-twitter wp-block-embed-twitter\"><div class=\"wp-block-embed__wrapper\">\n<blockquote class=\"twitter-tweet\" data-width=\"500\" data-dnt=\"true\"><p lang=\"en\" dir=\"ltr\">Please&hellip; NOOOOO MAN!!!<br><br>Tatis is out after seemingly hurting that left shoulder, and this is after Jackson Merrill just went on the IL <a href=\"https:\/\/t.co\/EHNozP2ErA\" class=\"trk-cta-link\" data-cta-trk='{\"ctaType\":\"Link\",\"ctaSubType\":\"main\"}'>pic.twitter.com\/EHNozP2ErA<\/a><\/p>&mdash; Fuzzy (@fuzzyfromyt) <a href=\"https:\/\/twitter.com\/fuzzyfromyt\/status\/1909814914769912228?ref_src=twsrc%5Etfw\" class=\"trk-cta-link\" data-cta-trk='{\"ctaType\":\"Link\",\"ctaSubType\":\"main\"}'>April 9, 2025<\/a><\/blockquote><script async src=\"https:\/\/platform.twitter.com\/widgets.js\" charset=\"utf-8\"><\/script>\n<\/div><\/figure><p>Ce n&rsquo;est d&eacute;cid&eacute;ment pas un d&eacute;but de semaine id&eacute;al pour les leaders de la MLB. <\/p><p><\/p><p>Cr&eacute;dit Photo : &copy; Denis Poroy-Imagn Images<\/p>\n","protected":false},"excerpt":{"rendered":"","protected":false},"author":180309823,"featured_media":1487914,"comment_status":"closed","ping_status":"closed","sticky":false,"template":"","format":"standard","meta":{"inline_featured_image":false,"kia_subtitle":"","_mux_skip_reasons":[],"proofreadBy":0,"footnotes":""},"categories":[188,9],"tags":[7402,465],"sport":[2786],"saison":[7475],"class_list":["post-1487904","post","type-post","status-publish","format-standard","has-post-thumbnail","hentry","category-actualite-mlb","category-mlb","tag-jackson-merrill","tag-san-diego-padres","sport-mlb","saison-7475"],"acf":[],"yoast_head":"<!-- This site is optimized with the Yoast SEO plugin v24.2 - https:\/\/yoast.com\/wordpress\/plugins\/seo\/ -->\n<title>Jackson Merrill rejoint l&#039;infirmerie ! - The Playoffs FR<\/title>\n<meta name=\"description\" content=\"leur jeune p&eacute;pite, Jackson Merrill, &ecirc;tre plac&eacute;e sur la liste des bless&eacute;s suite &agrave; une blessure &agrave; l&#039;ischio-jambier droit.\" \/>\n<meta name=\"robots\" content=\"index, follow, max-snippet:-1, max-image-preview:large, max-video-preview:-1\" \/>\n<link rel=\"canonical\" href=\"https:\/\/theplayoffs.news\/fr\/actualite-mlb\/jackson-merrill-rejoint-linfirmerie\/\" \/>\n<meta property=\"og:locale\" content=\"fr_FR\" \/>\n<meta property=\"og:type\" content=\"article\" \/>\n<meta property=\"og:title\" content=\"Jackson Merrill rejoint l&#039;infirmerie ! - The Playoffs FR\" \/>\n<meta property=\"og:description\" content=\"leur jeune p&eacute;pite, Jackson Merrill, &ecirc;tre plac&eacute;e sur la liste des bless&eacute;s suite &agrave; une blessure &agrave; l&#039;ischio-jambier droit.\" \/>\n<meta property=\"og:url\" content=\"https:\/\/theplayoffs.news\/fr\/actualite-mlb\/jackson-merrill-rejoint-linfirmerie\/\" \/>\n<meta property=\"og:site_name\" content=\"The Playoffs FR\" \/>\n<meta property=\"article:publisher\" content=\"https:\/\/www.facebook.com\/TheFreeAgentFR\/\" \/>\n<meta property=\"article:modified_time\" content=\"2025-04-09T17:03:14+02:00\" \/>\n<meta property=\"og:image\" content=\"https:\/\/theplayoffs.news\/fr\/wp-content\/uploads\/2025\/04\/USATSI_25829733.jpg\" \/>\n\t<meta property=\"og:image:width\" content=\"1920\" \/>\n\t<meta property=\"og:image:height\" content=\"1280\" \/>\n\t<meta property=\"og:image:type\" content=\"image\/jpeg\" \/>\n<meta name=\"author\" content=\"Nicolas Blanchard\" \/>\n<meta name=\"twitter:card\" content=\"summary_large_image\" \/>\n<meta name=\"twitter:creator\" content=\"@TheFreeAgentFR\" \/>\n<meta name=\"twitter:site\" content=\"@TheFreeAgentFR\" \/>\n<meta name=\"twitter:label1\" content=\"\u00c9crit par\" \/>\n\t<meta name=\"twitter:data1\" content=\"Nicolas Blanchard\" \/>\n\t<meta name=\"twitter:label2\" content=\"Dur\u00e9e de lecture estim\u00e9e\" \/>\n\t<meta name=\"twitter:data2\" content=\"2 minutes\" \/>\n<script type=\"application\/ld+json\" class=\"yoast-schema-graph\">{\"@context\":\"https:\/\/schema.org\",\"@graph\":[{\"@type\":\"WebPage\",\"@id\":\"https:\/\/theplayoffs.news\/fr\/actualite-mlb\/jackson-merrill-rejoint-linfirmerie\/\",\"url\":\"https:\/\/theplayoffs.news\/fr\/actualite-mlb\/jackson-merrill-rejoint-linfirmerie\/\",\"name\":\"Jackson Merrill rejoint l\\\\'infirmerie ! - The Playoffs FR\",\"isPartOf\":{\"@id\":\"https:\/\/theplayoffs.news\/fr\/#website\"},\"primaryImageOfPage\":{\"@id\":\"https:\/\/theplayoffs.news\/fr\/actualite-mlb\/jackson-merrill-rejoint-linfirmerie\/#primaryimage\"},\"image\":{\"@id\":\"https:\/\/theplayoffs.news\/fr\/actualite-mlb\/jackson-merrill-rejoint-linfirmerie\/#primaryimage\"},\"thumbnailUrl\":\"https:\/\/theplayoffs.news\/fr\/wp-content\/uploads\/2025\/04\/USATSI_25829733.jpg\",\"datePublished\":\"2025-04-09T15:03:04+00:00\",\"dateModified\":\"2025-04-09T15:03:14+00:00\",\"author\":{\"@id\":\"https:\/\/theplayoffs.news\/fr\/#\/schema\/person\/940879031feb6d5e27cf3c6b69917900\"},\"description\":\"leur jeune p\u00e9pite, Jackson Merrill, \u00eatre plac\u00e9e sur la liste des bless\u00e9s suite \u00e0 une blessure \u00e0 l\\\\'ischio-jambier droit.\",\"breadcrumb\":{\"@id\":\"https:\/\/theplayoffs.news\/fr\/actualite-mlb\/jackson-merrill-rejoint-linfirmerie\/#breadcrumb\"},\"inLanguage\":\"fr-FR\",\"potentialAction\":[{\"@type\":\"ReadAction\",\"target\":[\"https:\/\/theplayoffs.news\/fr\/actualite-mlb\/jackson-merrill-rejoint-linfirmerie\/\"]}]},{\"@type\":\"ImageObject\",\"inLanguage\":\"fr-FR\",\"@id\":\"https:\/\/theplayoffs.news\/fr\/actualite-mlb\/jackson-merrill-rejoint-linfirmerie\/#primaryimage\",\"url\":\"https:\/\/theplayoffs.news\/fr\/wp-content\/uploads\/2025\/04\/USATSI_25829733.jpg\",\"contentUrl\":\"https:\/\/theplayoffs.news\/fr\/wp-content\/uploads\/2025\/04\/USATSI_25829733.jpg\",\"width\":1920,\"height\":1280,\"caption\":\"Apr 2, 2025; San Diego, California, USA; San Diego Padres center fielder Jackson Merrill (3) warms-up before a game against the Cleveland Guardians at Petco Park. Mandatory Credit: Denis Poroy-Imagn Images\"},{\"@type\":\"BreadcrumbList\",\"@id\":\"https:\/\/theplayoffs.news\/fr\/actualite-mlb\/jackson-merrill-rejoint-linfirmerie\/#breadcrumb\",\"itemListElement\":[{\"@type\":\"ListItem\",\"position\":1,\"name\":\"Accueil\",\"item\":\"https:\/\/theplayoffs.news\/fr\/\"},{\"@type\":\"ListItem\",\"position\":2,\"name\":\"Jackson Merrill rejoint l&rsquo;infirmerie !\"}]},{\"@type\":\"WebSite\",\"@id\":\"https:\/\/theplayoffs.news\/fr\/#website\",\"url\":\"https:\/\/theplayoffs.news\/fr\/\",\"name\":\"The Playoffs FR\",\"description\":\"NBA-NFL-NHL-MLB\",\"potentialAction\":[{\"@type\":\"SearchAction\",\"target\":{\"@type\":\"EntryPoint\",\"urlTemplate\":\"https:\/\/theplayoffs.news\/fr\/?s={search_term_string}\"},\"query-input\":{\"@type\":\"PropertyValueSpecification\",\"valueRequired\":true,\"valueName\":\"search_term_string\"}}],\"inLanguage\":\"fr-FR\"},{\"@type\":\"Person\",\"@id\":\"https:\/\/theplayoffs.news\/fr\/#\/schema\/person\/940879031feb6d5e27cf3c6b69917900\",\"name\":\"Nicolas Blanchard\",\"image\":{\"@type\":\"ImageObject\",\"inLanguage\":\"fr-FR\",\"@id\":\"https:\/\/theplayoffs.news\/fr\/#\/schema\/person\/image\/\",\"url\":\"https:\/\/secure.gravatar.com\/avatar\/98953498460526f9290cb098aaa573c5e0a48837b1ca5807dd22cace83810899?s=96&d=mm&r=g\",\"contentUrl\":\"https:\/\/secure.gravatar.com\/avatar\/98953498460526f9290cb098aaa573c5e0a48837b1ca5807dd22cace83810899?s=96&d=mm&r=g\",\"caption\":\"Nicolas Blanchard\"},\"description\":\"Fan de MLB depuis une dizaine d\u2019ann\u00e9es, je suis tomb\u00e9 amoureux des Chicago Cubs lorsque j\u2019ai vu Bill Murray c\u00e9l\u00e9brer ce premier sacre depuis 108 ans. Mon premier contact avec le Sport US s\u2019est fait lorsque je suis tomb\u00e9 sur une VHS d\u2019Allen Iverson et se fut la r\u00e9v\u00e9lation. Je suis devenu r\u00e9dacteur depuis maintenant 4 ans et cela m\u2019apporte une nouvelle vision du Sport US \u00e0 la fois analytique et bien plus globale (et oui il faut couvrir toutes les \u00e9quipes m\u00eame les chaussettes rouges de Boston).\",\"url\":\"https:\/\/theplayoffs.news\/fr\/author\/nico4017\/\"}]}<\/script>\n<!-- \/ Yoast SEO plugin. -->","yoast_head_json":{"title":"Jackson Merrill rejoint l&#039;infirmerie ! - The Playoffs FR","description":"leur jeune p&eacute;pite, Jackson Merrill, &ecirc;tre plac&eacute;e sur la liste des bless&eacute;s suite &agrave; une blessure &agrave; l&#039;ischio-jambier droit.","robots":{"index":"index","follow":"follow","max-snippet":"max-snippet:-1","max-image-preview":"max-image-preview:large","max-video-preview":"max-video-preview:-1"},"canonical":"https:\/\/theplayoffs.news\/fr\/actualite-mlb\/jackson-merrill-rejoint-linfirmerie\/","og_locale":"fr_FR","og_type":"article","og_title":"Jackson Merrill rejoint l&#039;infirmerie ! - The Playoffs FR","og_description":"leur jeune p&eacute;pite, Jackson Merrill, &ecirc;tre plac&eacute;e sur la liste des bless&eacute;s suite &agrave; une blessure &agrave; l&#039;ischio-jambier droit.","og_url":"https:\/\/theplayoffs.news\/fr\/actualite-mlb\/jackson-merrill-rejoint-linfirmerie\/","og_site_name":"The Playoffs FR","article_publisher":"https:\/\/www.facebook.com\/TheFreeAgentFR\/","article_modified_time":"2025-04-09T15:03:14+00:00","og_image":[{"width":1920,"height":1280,"url":"https:\/\/theplayoffs.news\/fr\/wp-content\/uploads\/2025\/04\/USATSI_25829733.jpg","type":"image\/jpeg"}],"author":"Nicolas Blanchard","twitter_card":"summary_large_image","twitter_creator":"@TheFreeAgentFR","twitter_site":"@TheFreeAgentFR","twitter_misc":{"\u00c9crit par":"Nicolas Blanchard","Dur\u00e9e de lecture estim\u00e9e":"2 minutes"},"schema":{"@context":"https:\/\/schema.org","@graph":[{"@type":"WebPage","@id":"https:\/\/theplayoffs.news\/fr\/actualite-mlb\/jackson-merrill-rejoint-linfirmerie\/","url":"https:\/\/theplayoffs.news\/fr\/actualite-mlb\/jackson-merrill-rejoint-linfirmerie\/","name":"Jackson Merrill rejoint l\\'infirmerie ! - The Playoffs FR","isPartOf":{"@id":"https:\/\/theplayoffs.news\/fr\/#website"},"primaryImageOfPage":{"@id":"https:\/\/theplayoffs.news\/fr\/actualite-mlb\/jackson-merrill-rejoint-linfirmerie\/#primaryimage"},"image":{"@id":"https:\/\/theplayoffs.news\/fr\/actualite-mlb\/jackson-merrill-rejoint-linfirmerie\/#primaryimage"},"thumbnailUrl":"https:\/\/theplayoffs.news\/fr\/wp-content\/uploads\/2025\/04\/USATSI_25829733.jpg","datePublished":"2025-04-09T15:03:04+00:00","dateModified":"2025-04-09T15:03:14+00:00","author":{"@id":"https:\/\/theplayoffs.news\/fr\/#\/schema\/person\/940879031feb6d5e27cf3c6b69917900"},"description":"leur jeune p\u00e9pite, Jackson Merrill, \u00eatre plac\u00e9e sur la liste des bless\u00e9s suite \u00e0 une blessure \u00e0 l\\'ischio-jambier droit.","breadcrumb":{"@id":"https:\/\/theplayoffs.news\/fr\/actualite-mlb\/jackson-merrill-rejoint-linfirmerie\/#breadcrumb"},"inLanguage":"fr-FR","potentialAction":[{"@type":"ReadAction","target":["https:\/\/theplayoffs.news\/fr\/actualite-mlb\/jackson-merrill-rejoint-linfirmerie\/"]}]},{"@type":"ImageObject","inLanguage":"fr-FR","@id":"https:\/\/theplayoffs.news\/fr\/actualite-mlb\/jackson-merrill-rejoint-linfirmerie\/#primaryimage","url":"https:\/\/theplayoffs.news\/fr\/wp-content\/uploads\/2025\/04\/USATSI_25829733.jpg","contentUrl":"https:\/\/theplayoffs.news\/fr\/wp-content\/uploads\/2025\/04\/USATSI_25829733.jpg","width":1920,"height":1280,"caption":"Apr 2, 2025; San Diego, California, USA; San Diego Padres center fielder Jackson Merrill (3) warms-up before a game against the Cleveland Guardians at Petco Park. Mandatory Credit: Denis Poroy-Imagn Images"},{"@type":"BreadcrumbList","@id":"https:\/\/theplayoffs.news\/fr\/actualite-mlb\/jackson-merrill-rejoint-linfirmerie\/#breadcrumb","itemListElement":[{"@type":"ListItem","position":1,"name":"Accueil","item":"https:\/\/theplayoffs.news\/fr\/"},{"@type":"ListItem","position":2,"name":"Jackson Merrill rejoint l&rsquo;infirmerie !"}]},{"@type":"WebSite","@id":"https:\/\/theplayoffs.news\/fr\/#website","url":"https:\/\/theplayoffs.news\/fr\/","name":"The Playoffs FR","description":"NBA-NFL-NHL-MLB","potentialAction":[{"@type":"SearchAction","target":{"@type":"EntryPoint","urlTemplate":"https:\/\/theplayoffs.news\/fr\/?s={search_term_string}"},"query-input":{"@type":"PropertyValueSpecification","valueRequired":true,"valueName":"search_term_string"}}],"inLanguage":"fr-FR"},{"@type":"Person","@id":"https:\/\/theplayoffs.news\/fr\/#\/schema\/person\/940879031feb6d5e27cf3c6b69917900","name":"Nicolas Blanchard","image":{"@type":"ImageObject","inLanguage":"fr-FR","@id":"https:\/\/theplayoffs.news\/fr\/#\/schema\/person\/image\/","url":"https:\/\/secure.gravatar.com\/avatar\/98953498460526f9290cb098aaa573c5e0a48837b1ca5807dd22cace83810899?s=96&d=mm&r=g","contentUrl":"https:\/\/secure.gravatar.com\/avatar\/98953498460526f9290cb098aaa573c5e0a48837b1ca5807dd22cace83810899?s=96&d=mm&r=g","caption":"Nicolas Blanchard"},"description":"Fan de MLB depuis une dizaine d\u2019ann\u00e9es, je suis tomb\u00e9 amoureux des Chicago Cubs lorsque j\u2019ai vu Bill Murray c\u00e9l\u00e9brer ce premier sacre depuis 108 ans. Mon premier contact avec le Sport US s\u2019est fait lorsque je suis tomb\u00e9 sur une VHS d\u2019Allen Iverson et se fut la r\u00e9v\u00e9lation. Je suis devenu r\u00e9dacteur depuis maintenant 4 ans et cela m\u2019apporte une nouvelle vision du Sport US \u00e0 la fois analytique et bien plus globale (et oui il faut couvrir toutes les \u00e9quipes m\u00eame les chaussettes rouges de Boston).","url":"https:\/\/theplayoffs.news\/fr\/author\/nico4017\/"}]}},"_links":{"self":[{"href":"https:\/\/theplayoffs.news\/fr\/wp-json\/wp\/v2\/posts\/1487904","targetHints":{"allow":["GET"]}}],"collection":[{"href":"https:\/\/theplayoffs.news\/fr\/wp-json\/wp\/v2\/posts"}],"about":[{"href":"https:\/\/theplayoffs.news\/fr\/wp-json\/wp\/v2\/types\/post"}],"author":[{"embeddable":true,"href":"https:\/\/theplayoffs.news\/fr\/wp-json\/wp\/v2\/users\/180309823"}],"replies":[{"embeddable":true,"href":"https:\/\/theplayoffs.news\/fr\/wp-json\/wp\/v2\/comments?post=1487904"}],"version-history":[{"count":1,"href":"https:\/\/theplayoffs.news\/fr\/wp-json\/wp\/v2\/posts\/1487904\/revisions"}],"predecessor-version":[{"id":1487916,"href":"https:\/\/theplayoffs.news\/fr\/wp-json\/wp\/v2\/posts\/1487904\/revisions\/1487916"}],"wp:featuredmedia":[{"embeddable":true,"href":"https:\/\/theplayoffs.news\/fr\/wp-json\/wp\/v2\/media\/1487914"}],"wp:attachment":[{"href":"https:\/\/theplayoffs.news\/fr\/wp-json\/wp\/v2\/media?parent=1487904"}],"wp:term":[{"taxonomy":"category","embeddable":true,"href":"https:\/\/theplayoffs.news\/fr\/wp-json\/wp\/v2\/categories?post=1487904"},{"taxonomy":"post_tag","embeddable":true,"href":"https:\/\/theplayoffs.news\/fr\/wp-json\/wp\/v2\/tags?post=1487904"},{"taxonomy":"sport","embeddable":true,"href":"https:\/\/theplayoffs.news\/fr\/wp-json\/wp\/v2\/sport?post=1487904"},{"taxonomy":"saison","embeddable":true,"href":"https:\/\/theplayoffs.news\/fr\/wp-json\/wp\/v2\/saison?post=1487904"}],"curies":[{"name":"wp","href":"https:\/\/api.w.org\/{rel}","templated":true}]}}