{"id":1487890,"date":"2025-04-09T15:31:27","date_gmt":"2025-04-09T13:31:27","guid":{"rendered":"https:\/\/theplayoffs.news\/fr\/uncategorized\/\/"},"modified":"2025-04-09T15:31:58","modified_gmt":"2025-04-09T13:31:58","slug":"mike-malone-evince-par-les-nuggets-joe-mazzulla-se-dit-remplacable-aux-celtics","status":"publish","type":"post","link":"https:\/\/theplayoffs.news\/fr\/actualite-nba\/mike-malone-evince-par-les-nuggets-joe-mazzulla-se-dit-remplacable-aux-celtics\/","title":{"rendered":"Mike Malone \u00e9vinc\u00e9 par les Nuggets, Joe Mazzulla se dit \u00ab\u00a0rempla\u00e7able\u00a0\u00bb aux Celtics"},"content":{"rendered":"<p>Le licenciement de <strong>Mike Malone<\/strong> &agrave; Denver mardi a eu l&rsquo;effet d&rsquo;une bombe dans le microcosme <a href=\"https:\/\/theplayoffs.news\/fr\/category\/nba\/\" target=\"_blank\" rel=\"noreferrer noopener\" class=\"trk-cta-link\" data-cta-trk='{\"ctaType\":\"Link\",\"ctaSubType\":\"main\"}'>NBA<\/a>. Dix jours &agrave; peine apr&egrave;s celui de <strong>Taylor Jenkins<\/strong> &agrave; la t&ecirc;te des Grizzlies, le limogeage du champion NBA 2023 a, au regard des performances de l&rsquo;&eacute;quipe (5&egrave;me &agrave; l&rsquo;Ouest) et du timing (les Playoffs d&eacute;butent le 19 avril), soulev&eacute; de nombreuses questions. Interrog&eacute; sur le sujet au sortir d&rsquo;une superbe victoire 119-117 apr&egrave;s prolongation sur le parquet des Knicks, <strong>Joe Mazzulla<\/strong>, l&rsquo;entra&icirc;neur des Celtics, se montrait philosophe.<\/p><figure class=\"wp-block-embed is-type-video is-provider-youtube wp-block-embed-youtube wp-embed-aspect-16-9 wp-has-aspect-ratio\"><div class=\"wp-block-embed__wrapper\">\n<iframe loading=\"lazy\" title=\"Game Recap: Celtics 119, Knicks 117\" width=\"500\" height=\"281\" src=\"https:\/\/www.youtube.com\/embed\/bWrwFOl3xkM?feature=oembed\" frameborder=\"0\" allow=\"accelerometer; autoplay; clipboard-write; encrypted-media; gyroscope; picture-in-picture; web-share\" referrerpolicy=\"strict-origin-when-cross-origin\" allowfullscreen><\/iframe>\n<\/div><\/figure><blockquote class=\"wp-block-quote is-layout-flow wp-block-quote-is-layout-flow\">\n<p>&laquo;&nbsp;C&rsquo;est aussi ce qui me motive au quotidien. Quand bien m&ecirc;me je me r&eacute;veille chaque matin en me demandant s&rsquo;il s&rsquo;ag&icirc;t de mon dernier jour (&agrave; la t&ecirc;te des Celtics). C&rsquo;est comme cela qu&rsquo;il faut voir les choses. Ca permet d&rsquo;&ecirc;tre reconnaissant et d&rsquo;en vouloir toujours plus&nbsp;&raquo;<\/p>\n<\/blockquote><p>Dans des propos empreints d&rsquo;humilit&eacute; et de sagesse, l&rsquo;ex disciple d&rsquo;<strong>Ime Udoka<\/strong> poursuivait alors l&rsquo;analyse, n&rsquo;h&eacute;sitant pas &agrave; &eacute;mettre l&rsquo;hypoth&egrave;se de sa propre &eacute;viction du banc des Celtics.<\/p><blockquote class=\"wp-block-quote is-layout-flow wp-block-quote-is-layout-flow\">\n<p>&laquo;&nbsp;Il faut trouver le juste &eacute;quilibre entre la volont&eacute; de faire ce boulot le plus longtemps possible, et le fait que vous &ecirc;tes rempla&ccedil;able. Car finalement, c&rsquo;est comme cela que fonctionnent les choses. Chaque jour je me rappelle que je suis mortel, et c&rsquo;est ce qui me permet de garder la t&ecirc;te sur les &eacute;paules, et de mesurer la chance qui est la mienne d&rsquo;occuper un tel poste.&nbsp;&raquo; <\/p>\n<\/blockquote><p><strong>Lire aussi:<\/strong><\/p><p><a href=\"https:\/\/theplayoffs.news\/fr\/actualite-nba\/luka-doncic-une-expulsion-qui-pousse-a-lincomprehension\/\" class=\"trk-cta-link\" data-cta-trk='{\"ctaType\":\"Link\",\"ctaSubType\":\"main\"}'>Luka Doncic, une expulsion qui pousse &agrave; l&rsquo;incompr&eacute;hension<\/a><\/p><p><a href=\"https:\/\/theplayoffs.news\/fr\/actualite-nba\/alex-sarr-croit-pouvoir-succeder-a-victor-wembanyama\/\" class=\"trk-cta-link\" data-cta-trk='{\"ctaType\":\"Link\",\"ctaSubType\":\"main\"}'>Alex Sarr croit pouvoir succ&eacute;der &agrave; Victor Wembanyama !<\/a><\/p><p>Propuls&eacute; &agrave; la t&ecirc;te des Celtics suite au renvoi d&rsquo;<strong>Ime Udoka<\/strong> pour raisons extra-sportives en 2022, <strong>Joe Mazzulla<\/strong> n&rsquo;a connu qu&rsquo;une &eacute;quipe en 6 ans de carri&egrave;re. Et si les choses semblent vite tourner ces temps-ci en NBA, le technicien de 36 ans peut dormir sur ses deux oreilles. Champion NBA au bout de sa deuxi&egrave;me ann&eacute;e aux commandes de la franchise (2024), d&eacute;tenteur du 2eme bilan &agrave; l&rsquo;Est cette saison apr&egrave;s s&rsquo;&ecirc;tre empar&eacute; du record de victoires &agrave; l&rsquo;ext&eacute;rieur sur un exercice NBA (33), <a href=\"https:\/\/www.basketball-reference.com\/coaches\/mazzujo99c.html\" target=\"_blank\" rel=\"noreferrer noopener\" class=\"trk-cta-link\" data-cta-trk='{\"ctaType\":\"Link\",\"ctaSubType\":\"main\"}'>Joe Mazzulla<\/a> devrait passer l&rsquo;intersaison au chaud. <\/p><p>Credit : &copy; David Butler II-Imagn Images<\/p>\n","protected":false},"excerpt":{"rendered":"","protected":false},"author":180310263,"featured_media":1487896,"comment_status":"closed","ping_status":"closed","sticky":false,"template":"","format":"standard","meta":{"inline_featured_image":false,"kia_subtitle":"","_mux_skip_reasons":[],"proofreadBy":0,"footnotes":""},"categories":[110],"tags":[603,1253,5918,23,8012],"sport":[2783],"saison":[],"class_list":["post-1487890","post","type-post","status-publish","format-standard","has-post-thumbnail","hentry","category-actualite-nba","tag-boston-celtics","tag-ime-udoka","tag-joe-mazzulla","tag-nba-tag","tag-new-york-knicks-2","sport-nba"],"acf":[],"yoast_head":"<!-- This site is optimized with the Yoast SEO plugin v24.2 - https:\/\/yoast.com\/wordpress\/plugins\/seo\/ -->\n<title>Mike Malone &eacute;vinc&eacute;, Joe Mazzulla se dit &quot;rempla&ccedil;able&quot; aux Celtics<\/title>\n<meta name=\"description\" content=\"Victorieux de New York au bout du suspense mardi, le coach des Celtics Joe Mazzulla, n&#039;a pas manqu&eacute; d&#039;&eacute;voqu&eacute; le renvoi de Mike Malone &agrave; Denver\" \/>\n<meta name=\"robots\" content=\"index, follow, max-snippet:-1, max-image-preview:large, max-video-preview:-1\" \/>\n<link rel=\"canonical\" href=\"https:\/\/theplayoffs.news\/fr\/actualite-nba\/mike-malone-evince-par-les-nuggets-joe-mazzulla-se-dit-remplacable-aux-celtics\/\" \/>\n<meta property=\"og:locale\" content=\"fr_FR\" \/>\n<meta property=\"og:type\" content=\"article\" \/>\n<meta property=\"og:title\" content=\"Mike Malone &eacute;vinc&eacute;, Joe Mazzulla se dit &quot;rempla&ccedil;able&quot; aux Celtics\" \/>\n<meta property=\"og:description\" content=\"Victorieux de New York au bout du suspense mardi, le coach des Celtics Joe Mazzulla, n&#039;a pas manqu&eacute; d&#039;&eacute;voqu&eacute; le renvoi de Mike Malone &agrave; Denver\" \/>\n<meta property=\"og:url\" content=\"https:\/\/theplayoffs.news\/fr\/actualite-nba\/mike-malone-evince-par-les-nuggets-joe-mazzulla-se-dit-remplacable-aux-celtics\/\" \/>\n<meta property=\"og:site_name\" content=\"The Playoffs FR\" \/>\n<meta property=\"article:publisher\" content=\"https:\/\/www.facebook.com\/TheFreeAgentFR\/\" \/>\n<meta property=\"article:modified_time\" content=\"2025-04-09T15:31:58+02:00\" \/>\n<meta property=\"og:image\" content=\"https:\/\/theplayoffs.news\/fr\/wp-content\/uploads\/2025\/04\/USATSI_21551411.jpg\" \/>\n\t<meta property=\"og:image:width\" content=\"1920\" \/>\n\t<meta property=\"og:image:height\" content=\"1434\" \/>\n\t<meta property=\"og:image:type\" content=\"image\/jpeg\" \/>\n<meta name=\"author\" content=\"Maxime Bodilis\" \/>\n<meta name=\"twitter:card\" content=\"summary_large_image\" \/>\n<meta name=\"twitter:creator\" content=\"@TheFreeAgentFR\" \/>\n<meta name=\"twitter:site\" content=\"@TheFreeAgentFR\" \/>\n<meta name=\"twitter:label1\" content=\"\u00c9crit par\" \/>\n\t<meta name=\"twitter:data1\" content=\"Maxime Bodilis\" \/>\n\t<meta name=\"twitter:label2\" content=\"Dur\u00e9e de lecture estim\u00e9e\" \/>\n\t<meta name=\"twitter:data2\" content=\"2 minutes\" \/>\n<script type=\"application\/ld+json\" class=\"yoast-schema-graph\">{\"@context\":\"https:\/\/schema.org\",\"@graph\":[{\"@type\":\"WebPage\",\"@id\":\"https:\/\/theplayoffs.news\/fr\/actualite-nba\/mike-malone-evince-par-les-nuggets-joe-mazzulla-se-dit-remplacable-aux-celtics\/\",\"url\":\"https:\/\/theplayoffs.news\/fr\/actualite-nba\/mike-malone-evince-par-les-nuggets-joe-mazzulla-se-dit-remplacable-aux-celtics\/\",\"name\":\"Mike Malone \u00e9vinc\u00e9, Joe Mazzulla se dit \\\\\\\"rempla\u00e7able\\\\\\\" aux Celtics\",\"isPartOf\":{\"@id\":\"https:\/\/theplayoffs.news\/fr\/#website\"},\"primaryImageOfPage\":{\"@id\":\"https:\/\/theplayoffs.news\/fr\/actualite-nba\/mike-malone-evince-par-les-nuggets-joe-mazzulla-se-dit-remplacable-aux-celtics\/#primaryimage\"},\"image\":{\"@id\":\"https:\/\/theplayoffs.news\/fr\/actualite-nba\/mike-malone-evince-par-les-nuggets-joe-mazzulla-se-dit-remplacable-aux-celtics\/#primaryimage\"},\"thumbnailUrl\":\"https:\/\/theplayoffs.news\/fr\/wp-content\/uploads\/2025\/04\/USATSI_21551411.jpg\",\"datePublished\":\"2025-04-09T13:31:27+00:00\",\"dateModified\":\"2025-04-09T13:31:58+00:00\",\"author\":{\"@id\":\"https:\/\/theplayoffs.news\/fr\/#\/schema\/person\/d871768c70a3f830131ee72b74bbd11d\"},\"description\":\"Victorieux de New York au bout du suspense mardi, le coach des Celtics Joe Mazzulla, n\\\\'a pas manqu\u00e9 d\\\\'\u00e9voqu\u00e9 le renvoi de Mike Malone \u00e0 Denver\",\"breadcrumb\":{\"@id\":\"https:\/\/theplayoffs.news\/fr\/actualite-nba\/mike-malone-evince-par-les-nuggets-joe-mazzulla-se-dit-remplacable-aux-celtics\/#breadcrumb\"},\"inLanguage\":\"fr-FR\",\"potentialAction\":[{\"@type\":\"ReadAction\",\"target\":[\"https:\/\/theplayoffs.news\/fr\/actualite-nba\/mike-malone-evince-par-les-nuggets-joe-mazzulla-se-dit-remplacable-aux-celtics\/\"]}]},{\"@type\":\"ImageObject\",\"inLanguage\":\"fr-FR\",\"@id\":\"https:\/\/theplayoffs.news\/fr\/actualite-nba\/mike-malone-evince-par-les-nuggets-joe-mazzulla-se-dit-remplacable-aux-celtics\/#primaryimage\",\"url\":\"https:\/\/theplayoffs.news\/fr\/wp-content\/uploads\/2025\/04\/USATSI_21551411.jpg\",\"contentUrl\":\"https:\/\/theplayoffs.news\/fr\/wp-content\/uploads\/2025\/04\/USATSI_21551411.jpg\",\"width\":1920,\"height\":1434,\"caption\":\"Joe Mazzulla Celtics\"},{\"@type\":\"BreadcrumbList\",\"@id\":\"https:\/\/theplayoffs.news\/fr\/actualite-nba\/mike-malone-evince-par-les-nuggets-joe-mazzulla-se-dit-remplacable-aux-celtics\/#breadcrumb\",\"itemListElement\":[{\"@type\":\"ListItem\",\"position\":1,\"name\":\"Accueil\",\"item\":\"https:\/\/theplayoffs.news\/fr\/\"},{\"@type\":\"ListItem\",\"position\":2,\"name\":\"Mike Malone \u00e9vinc\u00e9 par les Nuggets, Joe Mazzulla se dit \u00ab\u00a0rempla\u00e7able\u00a0\u00bb aux Celtics\"}]},{\"@type\":\"WebSite\",\"@id\":\"https:\/\/theplayoffs.news\/fr\/#website\",\"url\":\"https:\/\/theplayoffs.news\/fr\/\",\"name\":\"The Playoffs FR\",\"description\":\"NBA-NFL-NHL-MLB\",\"potentialAction\":[{\"@type\":\"SearchAction\",\"target\":{\"@type\":\"EntryPoint\",\"urlTemplate\":\"https:\/\/theplayoffs.news\/fr\/?s={search_term_string}\"},\"query-input\":{\"@type\":\"PropertyValueSpecification\",\"valueRequired\":true,\"valueName\":\"search_term_string\"}}],\"inLanguage\":\"fr-FR\"},{\"@type\":\"Person\",\"@id\":\"https:\/\/theplayoffs.news\/fr\/#\/schema\/person\/d871768c70a3f830131ee72b74bbd11d\",\"name\":\"Maxime Bodilis\",\"image\":{\"@type\":\"ImageObject\",\"inLanguage\":\"fr-FR\",\"@id\":\"https:\/\/theplayoffs.news\/fr\/#\/schema\/person\/image\/\",\"url\":\"https:\/\/secure.gravatar.com\/avatar\/5e151acde6515a05571e0035bf803336362ba4f5e565dba89323f14d014ea180?s=96&d=mm&r=g\",\"contentUrl\":\"https:\/\/secure.gravatar.com\/avatar\/5e151acde6515a05571e0035bf803336362ba4f5e565dba89323f14d014ea180?s=96&d=mm&r=g\",\"caption\":\"Maxime Bodilis\"},\"description\":\"R\u00e9dac\\\\' Chef \u00ab Basket \u00bb charg\u00e9 de la qualit\u00e9 des contenus et du respect de notre ligne \u00e9ditoriale. Ancien joueur de la SIG Strasbourg reconverti dans le journalisme. Pass\u00e9 par les centres de formation BeBasket, Reverse et Skweek avant de rejoindre The Playoffs. Biberonn\u00e9 aux dunks de Shawn Kemp et aux duels Pau-Limoges. Fan inconditionnel de Damian Lillard et Laurent Sciarra. Les highlights de Wemby illuminent mes journ\u00e9es. Et le shoot de Diamantidis continue de hanter mes nuits.\",\"sameAs\":[\"https:\/\/www.linkedin.com\/in\/maxime-bodilis-766a04153\/\"],\"url\":\"https:\/\/theplayoffs.news\/fr\/author\/maximebodilis\/\"}]}<\/script>\n<!-- \/ Yoast SEO plugin. -->","yoast_head_json":{"title":"Mike Malone &eacute;vinc&eacute;, Joe Mazzulla se dit &quot;rempla&ccedil;able&quot; aux Celtics","description":"Victorieux de New York au bout du suspense mardi, le coach des Celtics Joe Mazzulla, n&#039;a pas manqu&eacute; d&#039;&eacute;voqu&eacute; le renvoi de Mike Malone &agrave; Denver","robots":{"index":"index","follow":"follow","max-snippet":"max-snippet:-1","max-image-preview":"max-image-preview:large","max-video-preview":"max-video-preview:-1"},"canonical":"https:\/\/theplayoffs.news\/fr\/actualite-nba\/mike-malone-evince-par-les-nuggets-joe-mazzulla-se-dit-remplacable-aux-celtics\/","og_locale":"fr_FR","og_type":"article","og_title":"Mike Malone &eacute;vinc&eacute;, Joe Mazzulla se dit &quot;rempla&ccedil;able&quot; aux Celtics","og_description":"Victorieux de New York au bout du suspense mardi, le coach des Celtics Joe Mazzulla, n&#039;a pas manqu&eacute; d&#039;&eacute;voqu&eacute; le renvoi de Mike Malone &agrave; Denver","og_url":"https:\/\/theplayoffs.news\/fr\/actualite-nba\/mike-malone-evince-par-les-nuggets-joe-mazzulla-se-dit-remplacable-aux-celtics\/","og_site_name":"The Playoffs FR","article_publisher":"https:\/\/www.facebook.com\/TheFreeAgentFR\/","article_modified_time":"2025-04-09T13:31:58+00:00","og_image":[{"width":1920,"height":1434,"url":"https:\/\/theplayoffs.news\/fr\/wp-content\/uploads\/2025\/04\/USATSI_21551411.jpg","type":"image\/jpeg"}],"author":"Maxime Bodilis","twitter_card":"summary_large_image","twitter_creator":"@TheFreeAgentFR","twitter_site":"@TheFreeAgentFR","twitter_misc":{"\u00c9crit par":"Maxime Bodilis","Dur\u00e9e de lecture estim\u00e9e":"2 minutes"},"schema":{"@context":"https:\/\/schema.org","@graph":[{"@type":"WebPage","@id":"https:\/\/theplayoffs.news\/fr\/actualite-nba\/mike-malone-evince-par-les-nuggets-joe-mazzulla-se-dit-remplacable-aux-celtics\/","url":"https:\/\/theplayoffs.news\/fr\/actualite-nba\/mike-malone-evince-par-les-nuggets-joe-mazzulla-se-dit-remplacable-aux-celtics\/","name":"Mike Malone \u00e9vinc\u00e9, Joe Mazzulla se dit \\\"rempla\u00e7able\\\" aux Celtics","isPartOf":{"@id":"https:\/\/theplayoffs.news\/fr\/#website"},"primaryImageOfPage":{"@id":"https:\/\/theplayoffs.news\/fr\/actualite-nba\/mike-malone-evince-par-les-nuggets-joe-mazzulla-se-dit-remplacable-aux-celtics\/#primaryimage"},"image":{"@id":"https:\/\/theplayoffs.news\/fr\/actualite-nba\/mike-malone-evince-par-les-nuggets-joe-mazzulla-se-dit-remplacable-aux-celtics\/#primaryimage"},"thumbnailUrl":"https:\/\/theplayoffs.news\/fr\/wp-content\/uploads\/2025\/04\/USATSI_21551411.jpg","datePublished":"2025-04-09T13:31:27+00:00","dateModified":"2025-04-09T13:31:58+00:00","author":{"@id":"https:\/\/theplayoffs.news\/fr\/#\/schema\/person\/d871768c70a3f830131ee72b74bbd11d"},"description":"Victorieux de New York au bout du suspense mardi, le coach des Celtics Joe Mazzulla, n\\'a pas manqu\u00e9 d\\'\u00e9voqu\u00e9 le renvoi de Mike Malone \u00e0 Denver","breadcrumb":{"@id":"https:\/\/theplayoffs.news\/fr\/actualite-nba\/mike-malone-evince-par-les-nuggets-joe-mazzulla-se-dit-remplacable-aux-celtics\/#breadcrumb"},"inLanguage":"fr-FR","potentialAction":[{"@type":"ReadAction","target":["https:\/\/theplayoffs.news\/fr\/actualite-nba\/mike-malone-evince-par-les-nuggets-joe-mazzulla-se-dit-remplacable-aux-celtics\/"]}]},{"@type":"ImageObject","inLanguage":"fr-FR","@id":"https:\/\/theplayoffs.news\/fr\/actualite-nba\/mike-malone-evince-par-les-nuggets-joe-mazzulla-se-dit-remplacable-aux-celtics\/#primaryimage","url":"https:\/\/theplayoffs.news\/fr\/wp-content\/uploads\/2025\/04\/USATSI_21551411.jpg","contentUrl":"https:\/\/theplayoffs.news\/fr\/wp-content\/uploads\/2025\/04\/USATSI_21551411.jpg","width":1920,"height":1434,"caption":"Joe Mazzulla Celtics"},{"@type":"BreadcrumbList","@id":"https:\/\/theplayoffs.news\/fr\/actualite-nba\/mike-malone-evince-par-les-nuggets-joe-mazzulla-se-dit-remplacable-aux-celtics\/#breadcrumb","itemListElement":[{"@type":"ListItem","position":1,"name":"Accueil","item":"https:\/\/theplayoffs.news\/fr\/"},{"@type":"ListItem","position":2,"name":"Mike Malone \u00e9vinc\u00e9 par les Nuggets, Joe Mazzulla se dit \u00ab\u00a0rempla\u00e7able\u00a0\u00bb aux Celtics"}]},{"@type":"WebSite","@id":"https:\/\/theplayoffs.news\/fr\/#website","url":"https:\/\/theplayoffs.news\/fr\/","name":"The Playoffs FR","description":"NBA-NFL-NHL-MLB","potentialAction":[{"@type":"SearchAction","target":{"@type":"EntryPoint","urlTemplate":"https:\/\/theplayoffs.news\/fr\/?s={search_term_string}"},"query-input":{"@type":"PropertyValueSpecification","valueRequired":true,"valueName":"search_term_string"}}],"inLanguage":"fr-FR"},{"@type":"Person","@id":"https:\/\/theplayoffs.news\/fr\/#\/schema\/person\/d871768c70a3f830131ee72b74bbd11d","name":"Maxime Bodilis","image":{"@type":"ImageObject","inLanguage":"fr-FR","@id":"https:\/\/theplayoffs.news\/fr\/#\/schema\/person\/image\/","url":"https:\/\/secure.gravatar.com\/avatar\/5e151acde6515a05571e0035bf803336362ba4f5e565dba89323f14d014ea180?s=96&d=mm&r=g","contentUrl":"https:\/\/secure.gravatar.com\/avatar\/5e151acde6515a05571e0035bf803336362ba4f5e565dba89323f14d014ea180?s=96&d=mm&r=g","caption":"Maxime Bodilis"},"description":"R\u00e9dac\\' Chef \u00ab Basket \u00bb charg\u00e9 de la qualit\u00e9 des contenus et du respect de notre ligne \u00e9ditoriale. Ancien joueur de la SIG Strasbourg reconverti dans le journalisme. Pass\u00e9 par les centres de formation BeBasket, Reverse et Skweek avant de rejoindre The Playoffs. Biberonn\u00e9 aux dunks de Shawn Kemp et aux duels Pau-Limoges. Fan inconditionnel de Damian Lillard et Laurent Sciarra. Les highlights de Wemby illuminent mes journ\u00e9es. Et le shoot de Diamantidis continue de hanter mes nuits.","sameAs":["https:\/\/www.linkedin.com\/in\/maxime-bodilis-766a04153\/"],"url":"https:\/\/theplayoffs.news\/fr\/author\/maximebodilis\/"}]}},"_links":{"self":[{"href":"https:\/\/theplayoffs.news\/fr\/wp-json\/wp\/v2\/posts\/1487890","targetHints":{"allow":["GET"]}}],"collection":[{"href":"https:\/\/theplayoffs.news\/fr\/wp-json\/wp\/v2\/posts"}],"about":[{"href":"https:\/\/theplayoffs.news\/fr\/wp-json\/wp\/v2\/types\/post"}],"author":[{"embeddable":true,"href":"https:\/\/theplayoffs.news\/fr\/wp-json\/wp\/v2\/users\/180310263"}],"replies":[{"embeddable":true,"href":"https:\/\/theplayoffs.news\/fr\/wp-json\/wp\/v2\/comments?post=1487890"}],"version-history":[{"count":2,"href":"https:\/\/theplayoffs.news\/fr\/wp-json\/wp\/v2\/posts\/1487890\/revisions"}],"predecessor-version":[{"id":1487898,"href":"https:\/\/theplayoffs.news\/fr\/wp-json\/wp\/v2\/posts\/1487890\/revisions\/1487898"}],"wp:featuredmedia":[{"embeddable":true,"href":"https:\/\/theplayoffs.news\/fr\/wp-json\/wp\/v2\/media\/1487896"}],"wp:attachment":[{"href":"https:\/\/theplayoffs.news\/fr\/wp-json\/wp\/v2\/media?parent=1487890"}],"wp:term":[{"taxonomy":"category","embeddable":true,"href":"https:\/\/theplayoffs.news\/fr\/wp-json\/wp\/v2\/categories?post=1487890"},{"taxonomy":"post_tag","embeddable":true,"href":"https:\/\/theplayoffs.news\/fr\/wp-json\/wp\/v2\/tags?post=1487890"},{"taxonomy":"sport","embeddable":true,"href":"https:\/\/theplayoffs.news\/fr\/wp-json\/wp\/v2\/sport?post=1487890"},{"taxonomy":"saison","embeddable":true,"href":"https:\/\/theplayoffs.news\/fr\/wp-json\/wp\/v2\/saison?post=1487890"}],"curies":[{"name":"wp","href":"https:\/\/api.w.org\/{rel}","templated":true}]}}