{"id":1487789,"date":"2025-04-08T16:25:21","date_gmt":"2025-04-08T14:25:21","guid":{"rendered":"https:\/\/theplayoffs.news\/fr\/uncategorized\/\/"},"modified":"2025-04-08T16:25:30","modified_gmt":"2025-04-08T14:25:30","slug":"lakers-thunder-lebron-james-et-luka-doncic-incertains","status":"publish","type":"post","link":"https:\/\/theplayoffs.news\/fr\/actualite-nba\/lakers-thunder-lebron-james-et-luka-doncic-incertains\/","title":{"rendered":"Lakers &#8211; Thunder : LeBron James et Luka Doncic incertains !"},"content":{"rendered":"<p><strong>Remake ce soir du duel entre le Thunder et les Lakers, disput&eacute; dimanche dernier. En d&eacute;placement &agrave; Oklahoma City, LeBron James et ses co&eacute;quipiers avaient frapp&eacute; fort en s&rsquo;imposant face au leader de l&rsquo;Ouest. Objectif d&eacute;sormais : r&eacute;&eacute;diter l&rsquo;exploit.<\/strong><\/p><p>Lors de cette pr&eacute;c&eacute;dente confrontation, les<strong> Lakers <\/strong>avaient brill&eacute; par leur adresse, &eacute;tablissant m&ecirc;me un record de franchise avec <strong>15 tirs &agrave; trois points<\/strong> inscrits en une seule mi-temps. <strong>Luka Doncic <\/strong>avait livr&eacute; une prestation &eacute;tincelante : 30 points, 7 rebonds, 6 passes, dont 22 unit&eacute;s avant la pause. <strong>Le Slov&egrave;ne<\/strong> s&rsquo;&eacute;tait montr&eacute; inarr&ecirc;table dans les 24 premi&egrave;res minutes.<\/p><blockquote class=\"twitter-tweet\"><p lang=\"en\" dir=\"ltr\">Final Stats &#128202;<br><br>Luka: 30 pts, 7 reb, 6 ast, 2 stl<br>AR: 20 pts, 2 reb, 3 ast<br>Bron: 19 pts, 3 reb, 7 ast<br>Dorian: 14 pts, 7 reb, 2 ast<br>Gabe: 12 pts, 3 reb, 3 ast<br>Rui: 11 pts, 7 reb <a href=\"https:\/\/t.co\/UK9xwFRajM\" class=\"trk-cta-link\" data-cta-trk='{\"ctaType\":\"Link\",\"ctaSubType\":\"main\"}'>pic.twitter.com\/UK9xwFRajM<\/a><\/p>&mdash; Los Angeles Lakers (@Lakers) <a href=\"https:\/\/twitter.com\/Lakers\/status\/1909007421877649740?ref_src=twsrc%5Etfw\" class=\"trk-cta-link\" data-cta-trk='{\"ctaType\":\"Link\",\"ctaSubType\":\"main\"}'>April 6, 2025<\/a><\/blockquote><script async src=\"https:\/\/platform.twitter.com\/widgets.js\" charset=\"utf-8\"><\/script><p>La donne pourrait toutefois changer ce soir. Malgr&eacute; un statut de leader de la Conf&eacute;rence Ouest (64 victoires &ndash; 14 d&eacute;faites), <strong>Oklahoma City<\/strong> doit encore s&eacute;curiser la premi&egrave;re place au classement g&eacute;n&eacute;ral devant Cleveland. Une motivation suppl&eacute;mentaire pour <strong>Shai Gilgeous-Alexander <\/strong>et ses partenaires, d&eacute;sireux d&rsquo;effacer la contre-performance du week-end. Le <strong>Thunder <\/strong>reste sur deux revers cons&eacute;cutifs, une situation rare cette saison, et entend bien r&eacute;agir imm&eacute;diatement.<\/p><p><strong>Lire aussi : <\/strong><\/p><p><a href=\"https:\/\/theplayoffs.news\/fr\/actualite-nba\/stephon-castle-pret-a-marcher-dans-les-pas-de-victor-wembanyama\/\" class=\"trk-cta-link\" data-cta-trk='{\"ctaType\":\"Link\",\"ctaSubType\":\"main\"}'>Stephon Castle pr&ecirc;t &agrave; marcher dans les pas de Wembanyama !<\/a><\/p><p><a href=\"https:\/\/theplayoffs.news\/fr\/actualite-nba\/jaylen-brown-denonce-violemment-le-modele-des-agences-en-nba\/\" class=\"trk-cta-link\" data-cta-trk='{\"ctaType\":\"Link\",\"ctaSubType\":\"main\"}'>Jaylen Brown d&eacute;nonce le mod&egrave;le des agences en NBA !<\/a><\/p><p>En face,<strong> Los Angeles<\/strong> occupe la 3e place de l&rsquo;Ouest (48 victoires &ndash; 30 d&eacute;faites) et doit encore valider sa qualification directe pour les playoffs. Deux succ&egrave;s de rang pour la bande de <strong>J.J. Redick, <\/strong>lanc&eacute;e dans une dynamique positive &agrave; l&rsquo;approche du sprint final.<\/p><h2 class=\"wp-block-heading\"><strong>Rapport des blessures :<\/strong><\/h2><ul class=\"wp-block-list\">\n<li><strong>Lakers : <\/strong>Rui Hachimura et Max Kleber forfaits. Lebron James, Austin Reaves, Luka Doncic, Gabe Vincent, Dorian Finney-Smith et Bronny James sont not&eacute;s comme incertains.<br><\/li>\n\n\n\n<li><strong>Thunder : <\/strong>Ousmane Dieng, Jaylin Williams, Ajay Mitchell, Alex Ducas et Nikola Topic indisponibles.<br><\/li>\n<\/ul><p><strong>Cr&eacute;dit photo :<\/strong> Jonathan Hui-Imagn Images<\/p>\n","protected":false},"excerpt":{"rendered":"","protected":false},"author":180310268,"featured_media":1487793,"comment_status":"closed","ping_status":"closed","sticky":false,"template":"","format":"standard","meta":{"inline_featured_image":false,"kia_subtitle":"","_mux_skip_reasons":[],"proofreadBy":0,"footnotes":""},"categories":[110,10],"tags":[5094,116,117,545,23,648,8037],"sport":[2783],"saison":[],"class_list":["post-1487789","post","type-post","status-publish","format-standard","has-post-thumbnail","hentry","category-actualite-nba","category-nba","tag-austin-reaves","tag-lebron-james","tag-los-angeles-lakers","tag-luka-doncic","tag-nba-tag","tag-oklahoma-city-thunder","tag-shai-gilgeous-alexander-2","sport-nba"],"acf":[],"yoast_head":"<!-- This site is optimized with the Yoast SEO plugin v24.2 - https:\/\/yoast.com\/wordpress\/plugins\/seo\/ -->\n<title>Lakers - Thunder : LeBron James et Luka Doncic incertains !<\/title>\n<meta name=\"description\" content=\"Le Thunder tentera de prendre sa revanche face aux Lakers mardi soir, apr&egrave;s la lourde d&eacute;faite conc&eacute;d&eacute;e dimanche.\" \/>\n<meta name=\"robots\" content=\"index, follow, max-snippet:-1, max-image-preview:large, max-video-preview:-1\" \/>\n<link rel=\"canonical\" href=\"https:\/\/theplayoffs.news\/fr\/actualite-nba\/lakers-thunder-lebron-james-et-luka-doncic-incertains\/\" \/>\n<meta property=\"og:locale\" content=\"fr_FR\" \/>\n<meta property=\"og:type\" content=\"article\" \/>\n<meta property=\"og:title\" content=\"Lakers - Thunder : LeBron James et Luka Doncic incertains !\" \/>\n<meta property=\"og:description\" content=\"Le Thunder tentera de prendre sa revanche face aux Lakers mardi soir, apr&egrave;s la lourde d&eacute;faite conc&eacute;d&eacute;e dimanche.\" \/>\n<meta property=\"og:url\" content=\"https:\/\/theplayoffs.news\/fr\/actualite-nba\/lakers-thunder-lebron-james-et-luka-doncic-incertains\/\" \/>\n<meta property=\"og:site_name\" content=\"The Playoffs FR\" \/>\n<meta property=\"article:publisher\" content=\"https:\/\/www.facebook.com\/TheFreeAgentFR\/\" \/>\n<meta property=\"article:modified_time\" content=\"2025-04-08T16:25:30+02:00\" \/>\n<meta property=\"og:image\" content=\"https:\/\/theplayoffs.news\/fr\/wp-content\/uploads\/2025\/04\/USATSI_25745618.jpg\" \/>\n\t<meta property=\"og:image:width\" content=\"1920\" \/>\n\t<meta property=\"og:image:height\" content=\"1280\" \/>\n\t<meta property=\"og:image:type\" content=\"image\/jpeg\" \/>\n<meta name=\"author\" content=\"Elian Goethals\" \/>\n<meta name=\"twitter:card\" content=\"summary_large_image\" \/>\n<meta name=\"twitter:creator\" content=\"@x.com\/elidwight\" \/>\n<meta name=\"twitter:site\" content=\"@TheFreeAgentFR\" \/>\n<meta name=\"twitter:label1\" content=\"\u00c9crit par\" \/>\n\t<meta name=\"twitter:data1\" content=\"Elian Goethals\" \/>\n\t<meta name=\"twitter:label2\" content=\"Dur\u00e9e de lecture estim\u00e9e\" \/>\n\t<meta name=\"twitter:data2\" content=\"2 minutes\" \/>\n<script type=\"application\/ld+json\" class=\"yoast-schema-graph\">{\"@context\":\"https:\/\/schema.org\",\"@graph\":[{\"@type\":\"WebPage\",\"@id\":\"https:\/\/theplayoffs.news\/fr\/actualite-nba\/lakers-thunder-lebron-james-et-luka-doncic-incertains\/\",\"url\":\"https:\/\/theplayoffs.news\/fr\/actualite-nba\/lakers-thunder-lebron-james-et-luka-doncic-incertains\/\",\"name\":\"Lakers - Thunder : LeBron James et Luka Doncic incertains !\",\"isPartOf\":{\"@id\":\"https:\/\/theplayoffs.news\/fr\/#website\"},\"primaryImageOfPage\":{\"@id\":\"https:\/\/theplayoffs.news\/fr\/actualite-nba\/lakers-thunder-lebron-james-et-luka-doncic-incertains\/#primaryimage\"},\"image\":{\"@id\":\"https:\/\/theplayoffs.news\/fr\/actualite-nba\/lakers-thunder-lebron-james-et-luka-doncic-incertains\/#primaryimage\"},\"thumbnailUrl\":\"https:\/\/theplayoffs.news\/fr\/wp-content\/uploads\/2025\/04\/USATSI_25745618.jpg\",\"datePublished\":\"2025-04-08T14:25:21+00:00\",\"dateModified\":\"2025-04-08T14:25:30+00:00\",\"author\":{\"@id\":\"https:\/\/theplayoffs.news\/fr\/#\/schema\/person\/2bc470c6a49f4f6229a67af19c87a732\"},\"description\":\"Le Thunder tentera de prendre sa revanche face aux Lakers mardi soir, apr\u00e8s la lourde d\u00e9faite conc\u00e9d\u00e9e dimanche.\",\"breadcrumb\":{\"@id\":\"https:\/\/theplayoffs.news\/fr\/actualite-nba\/lakers-thunder-lebron-james-et-luka-doncic-incertains\/#breadcrumb\"},\"inLanguage\":\"fr-FR\",\"potentialAction\":[{\"@type\":\"ReadAction\",\"target\":[\"https:\/\/theplayoffs.news\/fr\/actualite-nba\/lakers-thunder-lebron-james-et-luka-doncic-incertains\/\"]}]},{\"@type\":\"ImageObject\",\"inLanguage\":\"fr-FR\",\"@id\":\"https:\/\/theplayoffs.news\/fr\/actualite-nba\/lakers-thunder-lebron-james-et-luka-doncic-incertains\/#primaryimage\",\"url\":\"https:\/\/theplayoffs.news\/fr\/wp-content\/uploads\/2025\/04\/USATSI_25745618.jpg\",\"contentUrl\":\"https:\/\/theplayoffs.news\/fr\/wp-content\/uploads\/2025\/04\/USATSI_25745618.jpg\",\"width\":1920,\"height\":1280,\"caption\":\"Mar 22, 2025; Los Angeles, California, USA; Los Angeles Lakers guard Luka Doncic (77) and Los Angeles Lakers forward LeBron James (23) on the sidelines against the Chicago Bulls during the first half at Crypto.com Arena. Mandatory Credit: Jonathan Hui-Imagn Images\"},{\"@type\":\"BreadcrumbList\",\"@id\":\"https:\/\/theplayoffs.news\/fr\/actualite-nba\/lakers-thunder-lebron-james-et-luka-doncic-incertains\/#breadcrumb\",\"itemListElement\":[{\"@type\":\"ListItem\",\"position\":1,\"name\":\"Accueil\",\"item\":\"https:\/\/theplayoffs.news\/fr\/\"},{\"@type\":\"ListItem\",\"position\":2,\"name\":\"Lakers &#8211; Thunder : LeBron James et Luka Doncic incertains !\"}]},{\"@type\":\"WebSite\",\"@id\":\"https:\/\/theplayoffs.news\/fr\/#website\",\"url\":\"https:\/\/theplayoffs.news\/fr\/\",\"name\":\"The Playoffs FR\",\"description\":\"NBA-NFL-NHL-MLB\",\"potentialAction\":[{\"@type\":\"SearchAction\",\"target\":{\"@type\":\"EntryPoint\",\"urlTemplate\":\"https:\/\/theplayoffs.news\/fr\/?s={search_term_string}\"},\"query-input\":{\"@type\":\"PropertyValueSpecification\",\"valueRequired\":true,\"valueName\":\"search_term_string\"}}],\"inLanguage\":\"fr-FR\"},{\"@type\":\"Person\",\"@id\":\"https:\/\/theplayoffs.news\/fr\/#\/schema\/person\/2bc470c6a49f4f6229a67af19c87a732\",\"name\":\"Elian Goethals\",\"image\":{\"@type\":\"ImageObject\",\"inLanguage\":\"fr-FR\",\"@id\":\"https:\/\/theplayoffs.news\/fr\/#\/schema\/person\/image\/\",\"url\":\"https:\/\/secure.gravatar.com\/avatar\/293e2e649a094756005b611f6122ac1a95e95d453dbfe74b9d434b39855927f6?s=96&d=mm&r=g\",\"contentUrl\":\"https:\/\/secure.gravatar.com\/avatar\/293e2e649a094756005b611f6122ac1a95e95d453dbfe74b9d434b39855927f6?s=96&d=mm&r=g\",\"caption\":\"Elian Goethals\"},\"description\":\"Je suis sp\u00e9cialis\u00e9 dans la r\u00e9daction d\\\\'articles NBA et je suis un grand fan de basket am\u00e9ricain depuis toujours. Cela fait 20 ans que je joue au basket, et mon exp\u00e9rience sur les terrains me permet d\\\\'avoir une analyse approfondie des matchs. J\u2019ai d\u2019abord fait partie d\u2019autres m\u00e9dias sportifs en tant que b\u00e9n\u00e9vole avant de rejoindre ThePlayoffs en janvier. Je termine \u00e9galement un master en \u00e9tudes internationales. Ce que je pr\u00e9f\u00e8re dans mon travail, c\u2019est de transformer ma passion en m\u00e9tier et de partager avec vous l\u2019information NBA. J\u2019essaie de produire un contenu de qualit\u00e9 en esp\u00e9rant qu\u2019il vous plaise !\",\"sameAs\":[\"https:\/\/www.linkedin.com\/in\/elian-goethals-729b71200\/\",\"https:\/\/x.com\/x.com\/elidwight\"],\"url\":\"https:\/\/theplayoffs.news\/fr\/author\/elian\/\"}]}<\/script>\n<!-- \/ Yoast SEO plugin. -->","yoast_head_json":{"title":"Lakers - Thunder : LeBron James et Luka Doncic incertains !","description":"Le Thunder tentera de prendre sa revanche face aux Lakers mardi soir, apr&egrave;s la lourde d&eacute;faite conc&eacute;d&eacute;e dimanche.","robots":{"index":"index","follow":"follow","max-snippet":"max-snippet:-1","max-image-preview":"max-image-preview:large","max-video-preview":"max-video-preview:-1"},"canonical":"https:\/\/theplayoffs.news\/fr\/actualite-nba\/lakers-thunder-lebron-james-et-luka-doncic-incertains\/","og_locale":"fr_FR","og_type":"article","og_title":"Lakers - Thunder : LeBron James et Luka Doncic incertains !","og_description":"Le Thunder tentera de prendre sa revanche face aux Lakers mardi soir, apr&egrave;s la lourde d&eacute;faite conc&eacute;d&eacute;e dimanche.","og_url":"https:\/\/theplayoffs.news\/fr\/actualite-nba\/lakers-thunder-lebron-james-et-luka-doncic-incertains\/","og_site_name":"The Playoffs FR","article_publisher":"https:\/\/www.facebook.com\/TheFreeAgentFR\/","article_modified_time":"2025-04-08T14:25:30+00:00","og_image":[{"width":1920,"height":1280,"url":"https:\/\/theplayoffs.news\/fr\/wp-content\/uploads\/2025\/04\/USATSI_25745618.jpg","type":"image\/jpeg"}],"author":"Elian Goethals","twitter_card":"summary_large_image","twitter_creator":"@x.com\/elidwight","twitter_site":"@TheFreeAgentFR","twitter_misc":{"\u00c9crit par":"Elian Goethals","Dur\u00e9e de lecture estim\u00e9e":"2 minutes"},"schema":{"@context":"https:\/\/schema.org","@graph":[{"@type":"WebPage","@id":"https:\/\/theplayoffs.news\/fr\/actualite-nba\/lakers-thunder-lebron-james-et-luka-doncic-incertains\/","url":"https:\/\/theplayoffs.news\/fr\/actualite-nba\/lakers-thunder-lebron-james-et-luka-doncic-incertains\/","name":"Lakers - Thunder : LeBron James et Luka Doncic incertains !","isPartOf":{"@id":"https:\/\/theplayoffs.news\/fr\/#website"},"primaryImageOfPage":{"@id":"https:\/\/theplayoffs.news\/fr\/actualite-nba\/lakers-thunder-lebron-james-et-luka-doncic-incertains\/#primaryimage"},"image":{"@id":"https:\/\/theplayoffs.news\/fr\/actualite-nba\/lakers-thunder-lebron-james-et-luka-doncic-incertains\/#primaryimage"},"thumbnailUrl":"https:\/\/theplayoffs.news\/fr\/wp-content\/uploads\/2025\/04\/USATSI_25745618.jpg","datePublished":"2025-04-08T14:25:21+00:00","dateModified":"2025-04-08T14:25:30+00:00","author":{"@id":"https:\/\/theplayoffs.news\/fr\/#\/schema\/person\/2bc470c6a49f4f6229a67af19c87a732"},"description":"Le Thunder tentera de prendre sa revanche face aux Lakers mardi soir, apr\u00e8s la lourde d\u00e9faite conc\u00e9d\u00e9e dimanche.","breadcrumb":{"@id":"https:\/\/theplayoffs.news\/fr\/actualite-nba\/lakers-thunder-lebron-james-et-luka-doncic-incertains\/#breadcrumb"},"inLanguage":"fr-FR","potentialAction":[{"@type":"ReadAction","target":["https:\/\/theplayoffs.news\/fr\/actualite-nba\/lakers-thunder-lebron-james-et-luka-doncic-incertains\/"]}]},{"@type":"ImageObject","inLanguage":"fr-FR","@id":"https:\/\/theplayoffs.news\/fr\/actualite-nba\/lakers-thunder-lebron-james-et-luka-doncic-incertains\/#primaryimage","url":"https:\/\/theplayoffs.news\/fr\/wp-content\/uploads\/2025\/04\/USATSI_25745618.jpg","contentUrl":"https:\/\/theplayoffs.news\/fr\/wp-content\/uploads\/2025\/04\/USATSI_25745618.jpg","width":1920,"height":1280,"caption":"Mar 22, 2025; Los Angeles, California, USA; Los Angeles Lakers guard Luka Doncic (77) and Los Angeles Lakers forward LeBron James (23) on the sidelines against the Chicago Bulls during the first half at Crypto.com Arena. Mandatory Credit: Jonathan Hui-Imagn Images"},{"@type":"BreadcrumbList","@id":"https:\/\/theplayoffs.news\/fr\/actualite-nba\/lakers-thunder-lebron-james-et-luka-doncic-incertains\/#breadcrumb","itemListElement":[{"@type":"ListItem","position":1,"name":"Accueil","item":"https:\/\/theplayoffs.news\/fr\/"},{"@type":"ListItem","position":2,"name":"Lakers &#8211; Thunder : LeBron James et Luka Doncic incertains !"}]},{"@type":"WebSite","@id":"https:\/\/theplayoffs.news\/fr\/#website","url":"https:\/\/theplayoffs.news\/fr\/","name":"The Playoffs FR","description":"NBA-NFL-NHL-MLB","potentialAction":[{"@type":"SearchAction","target":{"@type":"EntryPoint","urlTemplate":"https:\/\/theplayoffs.news\/fr\/?s={search_term_string}"},"query-input":{"@type":"PropertyValueSpecification","valueRequired":true,"valueName":"search_term_string"}}],"inLanguage":"fr-FR"},{"@type":"Person","@id":"https:\/\/theplayoffs.news\/fr\/#\/schema\/person\/2bc470c6a49f4f6229a67af19c87a732","name":"Elian Goethals","image":{"@type":"ImageObject","inLanguage":"fr-FR","@id":"https:\/\/theplayoffs.news\/fr\/#\/schema\/person\/image\/","url":"https:\/\/secure.gravatar.com\/avatar\/293e2e649a094756005b611f6122ac1a95e95d453dbfe74b9d434b39855927f6?s=96&d=mm&r=g","contentUrl":"https:\/\/secure.gravatar.com\/avatar\/293e2e649a094756005b611f6122ac1a95e95d453dbfe74b9d434b39855927f6?s=96&d=mm&r=g","caption":"Elian Goethals"},"description":"Je suis sp\u00e9cialis\u00e9 dans la r\u00e9daction d\\'articles NBA et je suis un grand fan de basket am\u00e9ricain depuis toujours. Cela fait 20 ans que je joue au basket, et mon exp\u00e9rience sur les terrains me permet d\\'avoir une analyse approfondie des matchs. J\u2019ai d\u2019abord fait partie d\u2019autres m\u00e9dias sportifs en tant que b\u00e9n\u00e9vole avant de rejoindre ThePlayoffs en janvier. Je termine \u00e9galement un master en \u00e9tudes internationales. Ce que je pr\u00e9f\u00e8re dans mon travail, c\u2019est de transformer ma passion en m\u00e9tier et de partager avec vous l\u2019information NBA. J\u2019essaie de produire un contenu de qualit\u00e9 en esp\u00e9rant qu\u2019il vous plaise !","sameAs":["https:\/\/www.linkedin.com\/in\/elian-goethals-729b71200\/","https:\/\/x.com\/x.com\/elidwight"],"url":"https:\/\/theplayoffs.news\/fr\/author\/elian\/"}]}},"_links":{"self":[{"href":"https:\/\/theplayoffs.news\/fr\/wp-json\/wp\/v2\/posts\/1487789","targetHints":{"allow":["GET"]}}],"collection":[{"href":"https:\/\/theplayoffs.news\/fr\/wp-json\/wp\/v2\/posts"}],"about":[{"href":"https:\/\/theplayoffs.news\/fr\/wp-json\/wp\/v2\/types\/post"}],"author":[{"embeddable":true,"href":"https:\/\/theplayoffs.news\/fr\/wp-json\/wp\/v2\/users\/180310268"}],"replies":[{"embeddable":true,"href":"https:\/\/theplayoffs.news\/fr\/wp-json\/wp\/v2\/comments?post=1487789"}],"version-history":[{"count":1,"href":"https:\/\/theplayoffs.news\/fr\/wp-json\/wp\/v2\/posts\/1487789\/revisions"}],"predecessor-version":[{"id":1487794,"href":"https:\/\/theplayoffs.news\/fr\/wp-json\/wp\/v2\/posts\/1487789\/revisions\/1487794"}],"wp:featuredmedia":[{"embeddable":true,"href":"https:\/\/theplayoffs.news\/fr\/wp-json\/wp\/v2\/media\/1487793"}],"wp:attachment":[{"href":"https:\/\/theplayoffs.news\/fr\/wp-json\/wp\/v2\/media?parent=1487789"}],"wp:term":[{"taxonomy":"category","embeddable":true,"href":"https:\/\/theplayoffs.news\/fr\/wp-json\/wp\/v2\/categories?post=1487789"},{"taxonomy":"post_tag","embeddable":true,"href":"https:\/\/theplayoffs.news\/fr\/wp-json\/wp\/v2\/tags?post=1487789"},{"taxonomy":"sport","embeddable":true,"href":"https:\/\/theplayoffs.news\/fr\/wp-json\/wp\/v2\/sport?post=1487789"},{"taxonomy":"saison","embeddable":true,"href":"https:\/\/theplayoffs.news\/fr\/wp-json\/wp\/v2\/saison?post=1487789"}],"curies":[{"name":"wp","href":"https:\/\/api.w.org\/{rel}","templated":true}]}}