{"id":1487765,"date":"2025-04-08T12:51:19","date_gmt":"2025-04-08T10:51:19","guid":{"rendered":"https:\/\/theplayoffs.news\/fr\/uncategorized\/\/"},"modified":"2025-04-08T15:44:00","modified_gmt":"2025-04-08T13:44:00","slug":"zaccharie-risacher-reve-deurobasket-avec-les-bleus","status":"publish","type":"post","link":"https:\/\/theplayoffs.news\/fr\/actualite-nba\/zaccharie-risacher-reve-deurobasket-avec-les-bleus\/","title":{"rendered":"Zaccharie Risacher a 20 ans et \u00ab\u00a0l&rsquo;intention\u00a0\u00bb de disputer l&rsquo;EuroBasket 2025 avec les Bleus"},"content":{"rendered":"<p>Alors que Zaccharie Risacher f&ecirc;te ses 20 ans ce mardi et termine sa saison rookie NBA, le Fran&ccedil;ais pense d&eacute;j&agrave; &agrave; son programme estival. Le joueur des Hawks a un but : repr&eacute;senter l&rsquo;&eacute;quipe de France du 27 ao&ucirc;t au 14 septembre 2025 avec sa s&eacute;lection. <\/p><p>Apr&egrave;s un potentiel titre de rookie de l&rsquo;ann&eacute;e, il vise une premi&egrave;re grande comp&eacute;tition avec les Tricolores.<\/p><h2 class=\"wp-block-heading\">Zaccharie Risacher veut repr&eacute;senter son pays<\/h2><p>D&eacute;j&agrave; porte-drapeau de la France comme tous ses compatriotes durant la saison NBA, Zaccharie Risacher veut de nouveau porter le maillot bleu. Lui qui a connu sa seule et unique s&eacute;lection en 2024, veut participer aux prochains championnats d&rsquo;Europe.<\/p><blockquote class=\"wp-block-quote is-layout-flow wp-block-quote-is-layout-flow\">\n<p>&ldquo;Je veux faire partie de l&rsquo;&eacute;quipe nationale fran&ccedil;aise, ouais, je ne serais pas en train de parler de repr&eacute;senter mon pays dans la ligue sans avoir l&rsquo;intention d&rsquo;y aller cet &eacute;t&eacute;. C&rsquo;est un privil&egrave;ge pour moi de pouvoir jouer dans cette &eacute;quipe, et ouais, je suis vraiment fier de jouer pour l&rsquo;&eacute;quipe nationale, et c&rsquo;est ce que je veux faire pour les ann&eacute;es &agrave; venir&rdquo;, <a href=\"https:\/\/www.youtube.com\/watch?v=rMEQWdchGrI\" target=\"_blank\" rel=\"noreferrer noopener\" class=\"trk-cta-link\" data-cta-trk='{\"ctaType\":\"Link\",\"ctaSubType\":\"main\"}'>a-t-il confi&eacute;.<\/a><\/p>\n<\/blockquote><p>Pour rejoindre l&rsquo;&eacute;quipe dirig&eacute;e par Fr&eacute;d&eacute;ric Fauthoux, le rookie devra avoir l&rsquo;accord de sa franchise. Apr&egrave;s une saison &eacute;prouvante physiquement, le joueur d&rsquo;Atlanta compte bien aider la France &agrave; remporter l&rsquo;or. La seule fois que l&rsquo;&eacute;quipe de France a gagn&eacute; cette comp&eacute;tition, c&rsquo;&eacute;tait en 2013. Lors de la derni&egrave;re &eacute;dition, nos Bleus avaient perdu en finale face &agrave; l&rsquo;Espagne.<\/p><ul class=\"wp-block-list\">\n<li><strong>Lire aussi :<\/strong><\/li>\n<\/ul><p><a href=\"https:\/\/theplayoffs.news\/fr\/actualite-nba\/nba-europe-une-menace-pour-leuroleague\/\" target=\"_blank\" rel=\"noreferrer noopener\" class=\"trk-cta-link\" data-cta-trk='{\"ctaType\":\"Link\",\"ctaSubType\":\"main\"}'>NBA Europe : une menace pour l&rsquo;EuroLeague ?<\/a><\/p><p><a href=\"https:\/\/theplayoffs.news\/fr\/actualite-nba\/stephon-castle-pret-a-marcher-dans-les-pas-de-victor-wembanyama\/\" target=\"_blank\" rel=\"noreferrer noopener\" class=\"trk-cta-link\" data-cta-trk='{\"ctaType\":\"Link\",\"ctaSubType\":\"main\"}'>Stephon Castle pr&ecirc;t &agrave; marcher dans les pas de Victor Wembanyama !<\/a><\/p><p>Cette &eacute;dition 2025 va se d&eacute;rouler &agrave; travers plusieurs pays : Lettonie, Chypre, Finlande et Pologne. Lors de la phase de groupes, la France jouera face &agrave; la Slov&eacute;nie, la Pologne, Isra&euml;l, la Belgique et l&rsquo;Islande.<\/p><p>EuroBasket et Rookie de l&rsquo;ann&eacute;e, Zaccharie Risacher pourrait vivre une vingti&egrave;me ann&eacute;e dor&eacute;e.<\/p><p>Cr&eacute;dit photo : Dale Zanine-Imagn Images<\/p>\n","protected":false},"excerpt":{"rendered":"","protected":false},"author":180310250,"featured_media":1487766,"comment_status":"closed","ping_status":"closed","sticky":false,"template":"","format":"standard","meta":{"inline_featured_image":false,"kia_subtitle":"","_mux_skip_reasons":[],"proofreadBy":0,"footnotes":""},"categories":[110,8226,8232,10],"tags":[642,7571,2774,8227,23,1194,5959],"sport":[2783],"saison":[7475],"class_list":["post-1487765","post","type-post","status-publish","format-standard","has-post-thumbnail","hentry","category-actualite-nba","category-equipe-de-france","category-eurobasket","category-nba","tag-atlanta-hawks","tag-belgique","tag-equipe-de-france-de-basket","tag-eurobasket-2025","tag-nba-tag","tag-victor-wembanyama","tag-zaccharie-risacher","sport-nba","saison-7475"],"acf":[],"yoast_head":"<!-- This site is optimized with the Yoast SEO plugin v24.2 - https:\/\/yoast.com\/wordpress\/plugins\/seo\/ -->\n<title>Zaccharie Risacher r&ecirc;ve d&rsquo;EuroBasket avec les Bleus<\/title>\n<meta name=\"description\" content=\"&Agrave; l&#039;issue de sa saison NBA rookie, Zaccharie Risacher n&#039;a qu&#039;une id&eacute;e en t&ecirc;te : participer &agrave; l&#039;EuroBasket avec la France cet &eacute;t&eacute;.\" \/>\n<meta name=\"robots\" content=\"index, follow, max-snippet:-1, max-image-preview:large, max-video-preview:-1\" \/>\n<link rel=\"canonical\" href=\"https:\/\/theplayoffs.news\/fr\/actualite-nba\/zaccharie-risacher-reve-deurobasket-avec-les-bleus\/\" \/>\n<meta property=\"og:locale\" content=\"fr_FR\" \/>\n<meta property=\"og:type\" content=\"article\" \/>\n<meta property=\"og:title\" content=\"Zaccharie Risacher r&ecirc;ve d&rsquo;EuroBasket avec les Bleus\" \/>\n<meta property=\"og:description\" content=\"&Agrave; l&#039;issue de sa saison NBA rookie, Zaccharie Risacher n&#039;a qu&#039;une id&eacute;e en t&ecirc;te : participer &agrave; l&#039;EuroBasket avec la France cet &eacute;t&eacute;.\" \/>\n<meta property=\"og:url\" content=\"https:\/\/theplayoffs.news\/fr\/actualite-nba\/zaccharie-risacher-reve-deurobasket-avec-les-bleus\/\" \/>\n<meta property=\"og:site_name\" content=\"The Playoffs FR\" \/>\n<meta property=\"article:publisher\" content=\"https:\/\/www.facebook.com\/TheFreeAgentFR\/\" \/>\n<meta property=\"article:modified_time\" content=\"2025-04-08T15:44:00+02:00\" \/>\n<meta property=\"og:image\" content=\"https:\/\/theplayoffs.news\/fr\/wp-content\/uploads\/2025\/04\/USATSI_25852688.jpg\" \/>\n\t<meta property=\"og:image:width\" content=\"1920\" \/>\n\t<meta property=\"og:image:height\" content=\"1280\" \/>\n\t<meta property=\"og:image:type\" content=\"image\/jpeg\" \/>\n<meta name=\"author\" content=\"Jean Fabre-Jevanoff\" \/>\n<meta name=\"twitter:card\" content=\"summary_large_image\" \/>\n<meta name=\"twitter:creator\" content=\"@the_jfj_42\" \/>\n<meta name=\"twitter:site\" content=\"@TheFreeAgentFR\" \/>\n<meta name=\"twitter:label1\" content=\"\u00c9crit par\" \/>\n\t<meta name=\"twitter:data1\" content=\"Jean Fabre-Jevanoff\" \/>\n\t<meta name=\"twitter:label2\" content=\"Dur\u00e9e de lecture estim\u00e9e\" \/>\n\t<meta name=\"twitter:data2\" content=\"2 minutes\" \/>\n<script type=\"application\/ld+json\" class=\"yoast-schema-graph\">{\"@context\":\"https:\/\/schema.org\",\"@graph\":[{\"@type\":\"WebPage\",\"@id\":\"https:\/\/theplayoffs.news\/fr\/actualite-nba\/zaccharie-risacher-reve-deurobasket-avec-les-bleus\/\",\"url\":\"https:\/\/theplayoffs.news\/fr\/actualite-nba\/zaccharie-risacher-reve-deurobasket-avec-les-bleus\/\",\"name\":\"Zaccharie Risacher r\u00eave d\u2019EuroBasket avec les Bleus\",\"isPartOf\":{\"@id\":\"https:\/\/theplayoffs.news\/fr\/#website\"},\"primaryImageOfPage\":{\"@id\":\"https:\/\/theplayoffs.news\/fr\/actualite-nba\/zaccharie-risacher-reve-deurobasket-avec-les-bleus\/#primaryimage\"},\"image\":{\"@id\":\"https:\/\/theplayoffs.news\/fr\/actualite-nba\/zaccharie-risacher-reve-deurobasket-avec-les-bleus\/#primaryimage\"},\"thumbnailUrl\":\"https:\/\/theplayoffs.news\/fr\/wp-content\/uploads\/2025\/04\/USATSI_25852688.jpg\",\"datePublished\":\"2025-04-08T10:51:19+00:00\",\"dateModified\":\"2025-04-08T13:44:00+00:00\",\"author\":{\"@id\":\"https:\/\/theplayoffs.news\/fr\/#\/schema\/person\/1ea25b88e79fe4fabd657430b0013d3d\"},\"description\":\"\u00c0 l\\\\'issue de sa saison NBA rookie, Zaccharie Risacher n\\\\'a qu\\\\'une id\u00e9e en t\u00eate : participer \u00e0 l\\\\'EuroBasket avec la France cet \u00e9t\u00e9.\",\"breadcrumb\":{\"@id\":\"https:\/\/theplayoffs.news\/fr\/actualite-nba\/zaccharie-risacher-reve-deurobasket-avec-les-bleus\/#breadcrumb\"},\"inLanguage\":\"fr-FR\",\"potentialAction\":[{\"@type\":\"ReadAction\",\"target\":[\"https:\/\/theplayoffs.news\/fr\/actualite-nba\/zaccharie-risacher-reve-deurobasket-avec-les-bleus\/\"]}]},{\"@type\":\"ImageObject\",\"inLanguage\":\"fr-FR\",\"@id\":\"https:\/\/theplayoffs.news\/fr\/actualite-nba\/zaccharie-risacher-reve-deurobasket-avec-les-bleus\/#primaryimage\",\"url\":\"https:\/\/theplayoffs.news\/fr\/wp-content\/uploads\/2025\/04\/USATSI_25852688.jpg\",\"contentUrl\":\"https:\/\/theplayoffs.news\/fr\/wp-content\/uploads\/2025\/04\/USATSI_25852688.jpg\",\"width\":1920,\"height\":1280,\"caption\":\"Apr 5, 2025; Atlanta, Georgia, USA; Atlanta Hawks forward Zaccharie Risacher (10) shown on the court before the game against New York Knicks at State Farm Arena. Mandatory Credit: Dale Zanine-Imagn Images\"},{\"@type\":\"BreadcrumbList\",\"@id\":\"https:\/\/theplayoffs.news\/fr\/actualite-nba\/zaccharie-risacher-reve-deurobasket-avec-les-bleus\/#breadcrumb\",\"itemListElement\":[{\"@type\":\"ListItem\",\"position\":1,\"name\":\"Accueil\",\"item\":\"https:\/\/theplayoffs.news\/fr\/\"},{\"@type\":\"ListItem\",\"position\":2,\"name\":\"Zaccharie Risacher a 20 ans et \u00ab\u00a0l&rsquo;intention\u00a0\u00bb de disputer l&rsquo;EuroBasket 2025 avec les Bleus\"}]},{\"@type\":\"WebSite\",\"@id\":\"https:\/\/theplayoffs.news\/fr\/#website\",\"url\":\"https:\/\/theplayoffs.news\/fr\/\",\"name\":\"The Playoffs FR\",\"description\":\"NBA-NFL-NHL-MLB\",\"potentialAction\":[{\"@type\":\"SearchAction\",\"target\":{\"@type\":\"EntryPoint\",\"urlTemplate\":\"https:\/\/theplayoffs.news\/fr\/?s={search_term_string}\"},\"query-input\":{\"@type\":\"PropertyValueSpecification\",\"valueRequired\":true,\"valueName\":\"search_term_string\"}}],\"inLanguage\":\"fr-FR\"},{\"@type\":\"Person\",\"@id\":\"https:\/\/theplayoffs.news\/fr\/#\/schema\/person\/1ea25b88e79fe4fabd657430b0013d3d\",\"name\":\"Jean Fabre-Jevanoff\",\"image\":{\"@type\":\"ImageObject\",\"inLanguage\":\"fr-FR\",\"@id\":\"https:\/\/theplayoffs.news\/fr\/#\/schema\/person\/image\/\",\"url\":\"https:\/\/secure.gravatar.com\/avatar\/18b28dab1159eebc6a17b9787eb8cbbe3242c3d0e8b53b89332f6dc1133aa361?s=96&d=mm&r=g\",\"contentUrl\":\"https:\/\/secure.gravatar.com\/avatar\/18b28dab1159eebc6a17b9787eb8cbbe3242c3d0e8b53b89332f6dc1133aa361?s=96&d=mm&r=g\",\"caption\":\"Jean Fabre-Jevanoff\"},\"description\":\"Journaliste polyvalent sur le football am\u00e9ricain, j\u2019\u00e9cris aussi des articles sur le basket. Commentateur sur Twitch et sur YouTube. Pass\u00e9 par Eurosport notamment. Un mix d\u2019Eminem et de OBJ, fan inconditionnel de Patrick Mahomes et Lebron James\",\"sameAs\":[\"https:\/\/www.instagram.com\/_juaniitooo_\",\"https:\/\/www.linkedin.com\/in\/jean-fabre-jevanoff-84bb9b1a9\/\",\"https:\/\/x.com\/the_jfj_42\"],\"url\":\"https:\/\/theplayoffs.news\/fr\/author\/jeanfj42gmail-com\/\"}]}<\/script>\n<!-- \/ Yoast SEO plugin. -->","yoast_head_json":{"title":"Zaccharie Risacher r&ecirc;ve d&rsquo;EuroBasket avec les Bleus","description":"&Agrave; l&#039;issue de sa saison NBA rookie, Zaccharie Risacher n&#039;a qu&#039;une id&eacute;e en t&ecirc;te : participer &agrave; l&#039;EuroBasket avec la France cet &eacute;t&eacute;.","robots":{"index":"index","follow":"follow","max-snippet":"max-snippet:-1","max-image-preview":"max-image-preview:large","max-video-preview":"max-video-preview:-1"},"canonical":"https:\/\/theplayoffs.news\/fr\/actualite-nba\/zaccharie-risacher-reve-deurobasket-avec-les-bleus\/","og_locale":"fr_FR","og_type":"article","og_title":"Zaccharie Risacher r&ecirc;ve d&rsquo;EuroBasket avec les Bleus","og_description":"&Agrave; l&#039;issue de sa saison NBA rookie, Zaccharie Risacher n&#039;a qu&#039;une id&eacute;e en t&ecirc;te : participer &agrave; l&#039;EuroBasket avec la France cet &eacute;t&eacute;.","og_url":"https:\/\/theplayoffs.news\/fr\/actualite-nba\/zaccharie-risacher-reve-deurobasket-avec-les-bleus\/","og_site_name":"The Playoffs FR","article_publisher":"https:\/\/www.facebook.com\/TheFreeAgentFR\/","article_modified_time":"2025-04-08T13:44:00+00:00","og_image":[{"width":1920,"height":1280,"url":"https:\/\/theplayoffs.news\/fr\/wp-content\/uploads\/2025\/04\/USATSI_25852688.jpg","type":"image\/jpeg"}],"author":"Jean Fabre-Jevanoff","twitter_card":"summary_large_image","twitter_creator":"@the_jfj_42","twitter_site":"@TheFreeAgentFR","twitter_misc":{"\u00c9crit par":"Jean Fabre-Jevanoff","Dur\u00e9e de lecture estim\u00e9e":"2 minutes"},"schema":{"@context":"https:\/\/schema.org","@graph":[{"@type":"WebPage","@id":"https:\/\/theplayoffs.news\/fr\/actualite-nba\/zaccharie-risacher-reve-deurobasket-avec-les-bleus\/","url":"https:\/\/theplayoffs.news\/fr\/actualite-nba\/zaccharie-risacher-reve-deurobasket-avec-les-bleus\/","name":"Zaccharie Risacher r\u00eave d\u2019EuroBasket avec les Bleus","isPartOf":{"@id":"https:\/\/theplayoffs.news\/fr\/#website"},"primaryImageOfPage":{"@id":"https:\/\/theplayoffs.news\/fr\/actualite-nba\/zaccharie-risacher-reve-deurobasket-avec-les-bleus\/#primaryimage"},"image":{"@id":"https:\/\/theplayoffs.news\/fr\/actualite-nba\/zaccharie-risacher-reve-deurobasket-avec-les-bleus\/#primaryimage"},"thumbnailUrl":"https:\/\/theplayoffs.news\/fr\/wp-content\/uploads\/2025\/04\/USATSI_25852688.jpg","datePublished":"2025-04-08T10:51:19+00:00","dateModified":"2025-04-08T13:44:00+00:00","author":{"@id":"https:\/\/theplayoffs.news\/fr\/#\/schema\/person\/1ea25b88e79fe4fabd657430b0013d3d"},"description":"\u00c0 l\\'issue de sa saison NBA rookie, Zaccharie Risacher n\\'a qu\\'une id\u00e9e en t\u00eate : participer \u00e0 l\\'EuroBasket avec la France cet \u00e9t\u00e9.","breadcrumb":{"@id":"https:\/\/theplayoffs.news\/fr\/actualite-nba\/zaccharie-risacher-reve-deurobasket-avec-les-bleus\/#breadcrumb"},"inLanguage":"fr-FR","potentialAction":[{"@type":"ReadAction","target":["https:\/\/theplayoffs.news\/fr\/actualite-nba\/zaccharie-risacher-reve-deurobasket-avec-les-bleus\/"]}]},{"@type":"ImageObject","inLanguage":"fr-FR","@id":"https:\/\/theplayoffs.news\/fr\/actualite-nba\/zaccharie-risacher-reve-deurobasket-avec-les-bleus\/#primaryimage","url":"https:\/\/theplayoffs.news\/fr\/wp-content\/uploads\/2025\/04\/USATSI_25852688.jpg","contentUrl":"https:\/\/theplayoffs.news\/fr\/wp-content\/uploads\/2025\/04\/USATSI_25852688.jpg","width":1920,"height":1280,"caption":"Apr 5, 2025; Atlanta, Georgia, USA; Atlanta Hawks forward Zaccharie Risacher (10) shown on the court before the game against New York Knicks at State Farm Arena. Mandatory Credit: Dale Zanine-Imagn Images"},{"@type":"BreadcrumbList","@id":"https:\/\/theplayoffs.news\/fr\/actualite-nba\/zaccharie-risacher-reve-deurobasket-avec-les-bleus\/#breadcrumb","itemListElement":[{"@type":"ListItem","position":1,"name":"Accueil","item":"https:\/\/theplayoffs.news\/fr\/"},{"@type":"ListItem","position":2,"name":"Zaccharie Risacher a 20 ans et \u00ab\u00a0l&rsquo;intention\u00a0\u00bb de disputer l&rsquo;EuroBasket 2025 avec les Bleus"}]},{"@type":"WebSite","@id":"https:\/\/theplayoffs.news\/fr\/#website","url":"https:\/\/theplayoffs.news\/fr\/","name":"The Playoffs FR","description":"NBA-NFL-NHL-MLB","potentialAction":[{"@type":"SearchAction","target":{"@type":"EntryPoint","urlTemplate":"https:\/\/theplayoffs.news\/fr\/?s={search_term_string}"},"query-input":{"@type":"PropertyValueSpecification","valueRequired":true,"valueName":"search_term_string"}}],"inLanguage":"fr-FR"},{"@type":"Person","@id":"https:\/\/theplayoffs.news\/fr\/#\/schema\/person\/1ea25b88e79fe4fabd657430b0013d3d","name":"Jean Fabre-Jevanoff","image":{"@type":"ImageObject","inLanguage":"fr-FR","@id":"https:\/\/theplayoffs.news\/fr\/#\/schema\/person\/image\/","url":"https:\/\/secure.gravatar.com\/avatar\/18b28dab1159eebc6a17b9787eb8cbbe3242c3d0e8b53b89332f6dc1133aa361?s=96&d=mm&r=g","contentUrl":"https:\/\/secure.gravatar.com\/avatar\/18b28dab1159eebc6a17b9787eb8cbbe3242c3d0e8b53b89332f6dc1133aa361?s=96&d=mm&r=g","caption":"Jean Fabre-Jevanoff"},"description":"Journaliste polyvalent sur le football am\u00e9ricain, j\u2019\u00e9cris aussi des articles sur le basket. Commentateur sur Twitch et sur YouTube. Pass\u00e9 par Eurosport notamment. Un mix d\u2019Eminem et de OBJ, fan inconditionnel de Patrick Mahomes et Lebron James","sameAs":["https:\/\/www.instagram.com\/_juaniitooo_","https:\/\/www.linkedin.com\/in\/jean-fabre-jevanoff-84bb9b1a9\/","https:\/\/x.com\/the_jfj_42"],"url":"https:\/\/theplayoffs.news\/fr\/author\/jeanfj42gmail-com\/"}]}},"_links":{"self":[{"href":"https:\/\/theplayoffs.news\/fr\/wp-json\/wp\/v2\/posts\/1487765","targetHints":{"allow":["GET"]}}],"collection":[{"href":"https:\/\/theplayoffs.news\/fr\/wp-json\/wp\/v2\/posts"}],"about":[{"href":"https:\/\/theplayoffs.news\/fr\/wp-json\/wp\/v2\/types\/post"}],"author":[{"embeddable":true,"href":"https:\/\/theplayoffs.news\/fr\/wp-json\/wp\/v2\/users\/180310250"}],"replies":[{"embeddable":true,"href":"https:\/\/theplayoffs.news\/fr\/wp-json\/wp\/v2\/comments?post=1487765"}],"version-history":[{"count":4,"href":"https:\/\/theplayoffs.news\/fr\/wp-json\/wp\/v2\/posts\/1487765\/revisions"}],"predecessor-version":[{"id":1487783,"href":"https:\/\/theplayoffs.news\/fr\/wp-json\/wp\/v2\/posts\/1487765\/revisions\/1487783"}],"wp:featuredmedia":[{"embeddable":true,"href":"https:\/\/theplayoffs.news\/fr\/wp-json\/wp\/v2\/media\/1487766"}],"wp:attachment":[{"href":"https:\/\/theplayoffs.news\/fr\/wp-json\/wp\/v2\/media?parent=1487765"}],"wp:term":[{"taxonomy":"category","embeddable":true,"href":"https:\/\/theplayoffs.news\/fr\/wp-json\/wp\/v2\/categories?post=1487765"},{"taxonomy":"post_tag","embeddable":true,"href":"https:\/\/theplayoffs.news\/fr\/wp-json\/wp\/v2\/tags?post=1487765"},{"taxonomy":"sport","embeddable":true,"href":"https:\/\/theplayoffs.news\/fr\/wp-json\/wp\/v2\/sport?post=1487765"},{"taxonomy":"saison","embeddable":true,"href":"https:\/\/theplayoffs.news\/fr\/wp-json\/wp\/v2\/saison?post=1487765"}],"curies":[{"name":"wp","href":"https:\/\/api.w.org\/{rel}","templated":true}]}}