{"id":1487678,"date":"2025-04-07T17:27:22","date_gmt":"2025-04-07T15:27:22","guid":{"rendered":"https:\/\/theplayoffs.news\/fr\/uncategorized\/\/"},"modified":"2025-04-08T09:16:04","modified_gmt":"2025-04-08T07:16:04","slug":"deni-avdija-donne-son-avis-sur-une-possible-nba-europe","status":"publish","type":"post","link":"https:\/\/theplayoffs.news\/fr\/actualite-nba\/deni-avdija-donne-son-avis-sur-une-possible-nba-europe\/","title":{"rendered":"NBA Europe : Deni Avdija joue la prudence"},"content":{"rendered":"<p><strong>Deni Avdija, actuel leader des Blazers de Portland, s&rsquo;est confi&eacute; au journal <\/strong><strong><em>Mundo Deportivo<\/em><\/strong><strong> au sujet d&rsquo;un projet d&rsquo;expansion de la NBA en Europe.<\/strong><\/p><p>Auteur d&rsquo;une saison remarquable avec 16,9 points, 7,3 rebonds et 3,9 passes d&eacute;cisives de moyenne, l&rsquo;ailier isra&eacute;lien form&eacute; au <strong>Maccabi Tel-Aviv <\/strong>poss&egrave;de une solide exp&eacute;rience du basket europ&eacute;en. En effet, <strong>34 matchs <\/strong>d&rsquo;EuroLeague figurent &agrave; son actif avec le club isra&eacute;lien, r&eacute;f&eacute;rence du continent.<\/p><blockquote class=\"twitter-tweet\"><p lang=\"en\" dir=\"ltr\">Even as a teenager, Deni Avdija was a problem &#9889;&#65039;<br><br>Watch some of his highlights from the <a href=\"https:\/\/twitter.com\/EuroLeague?ref_src=twsrc%5Etfw\" class=\"trk-cta-link\" data-cta-trk='{\"ctaType\":\"Link\",\"ctaSubType\":\"main\"}'>@EuroLeague<\/a> &#128064; <a href=\"https:\/\/t.co\/x2IOFd47KQ\" class=\"trk-cta-link\" data-cta-trk='{\"ctaType\":\"Link\",\"ctaSubType\":\"main\"}'>pic.twitter.com\/x2IOFd47KQ<\/a><\/p>&mdash; Maccabi Tel Aviv BC &#127470;&#127473;&#8203; (@MaccabiTLVBC) <a href=\"https:\/\/twitter.com\/MaccabiTLVBC\/status\/1903520445850161582?ref_src=twsrc%5Etfw\" class=\"trk-cta-link\" data-cta-trk='{\"ctaType\":\"Link\",\"ctaSubType\":\"main\"}'>March 22, 2025<\/a><\/blockquote><script async src=\"https:\/\/platform.twitter.com\/widgets.js\" charset=\"utf-8\"><\/script><p>Favorable &agrave; une ouverture de la <strong>NBA &agrave; l&rsquo;international<\/strong>, <strong>Deni Avdija<\/strong> demeure n&eacute;anmoins prudent quant &agrave; ses implications.<\/p><blockquote class=\"wp-block-quote is-layout-flow wp-block-quote-is-layout-flow\">\n<p><em>&laquo; Je ne r&eacute;fl&eacute;chis pas trop &agrave; cette id&eacute;e ou &agrave; ce qui va se passer. Je suis simplement content que le jeu se d&eacute;veloppe. J&rsquo;esp&egrave;re juste que &ccedil;a ne g&acirc;chera rien en Europe. Il y a des choses authentiques en Europe qu&rsquo;on ne veut pas voir dispara&icirc;tre, et j&rsquo;esp&egrave;re simplement que &ccedil;a attirera plus de fans, tout en maintenant le m&ecirc;me niveau de comp&eacute;tition &raquo;, a d&eacute;clar&eacute; l&rsquo;ailier des <\/em><strong><em>Blazers<\/em><\/strong><em>, fin connaisseur des ambiances survolt&eacute;es de l&rsquo;<\/em><strong><em>EuroLeague<\/em><\/strong><em>.<\/em><\/p>\n<\/blockquote><p><strong>Lire aussi :&nbsp;<\/strong><\/p><p><a href=\"https:\/\/theplayoffs.news\/fr\/actualite-nba\/playoffs-nba-louest-en-ebullition\/\" class=\"trk-cta-link\" data-cta-trk='{\"ctaType\":\"Link\",\"ctaSubType\":\"main\"}'>Playoffs NBA : l&rsquo;Ouest en &eacute;bullition !<\/a><\/p><p><a href=\"https:\/\/theplayoffs.news\/fr\/actualite-nba\/jimmy-butler-je-nai-jamais-vu-un-joueur-subir-autant-de-fautes-que-stephen-curry\/\" class=\"trk-cta-link\" data-cta-trk='{\"ctaType\":\"Link\",\"ctaSubType\":\"main\"}'>Butler n&rsquo;a jamais vu un joueur subir autant de faute que Curry !<\/a><\/p><p>Souvent cit&eacute; comme l&rsquo;un des meilleurs produits du <strong>basket europ&eacute;en<\/strong> de ces derni&egrave;res ann&eacute;es, <strong>Avdija <\/strong>reste attach&eacute; &agrave; ses racines. Si ce dernier reconna&icirc;t des marges de progression dans l&rsquo;organisation de la <strong>ligue europ&eacute;enne<\/strong>, l&rsquo;ancien du <strong>Maccabi <\/strong>milite pour le respect de son identit&eacute;.<\/p><blockquote class=\"wp-block-quote is-layout-flow wp-block-quote-is-layout-flow\">\n<p><em>&laquo; Pour moi, c&rsquo;est tr&egrave;s difficile &agrave; dire, car j&rsquo;ai &eacute;t&eacute; joueur en EuroLeague et je sais ce que &ccedil;a repr&eacute;sente d&rsquo;y jouer. Je pense qu&rsquo;on peut clairement am&eacute;liorer l&rsquo;EuroLeague et la fa&ccedil;on dont la ligue est organis&eacute;e. Mais j&rsquo;esp&egrave;re simplement que, quoi qu&rsquo;il arrive, cela ne provoquera pas de chaos &raquo;, a-t-il conclu.<\/em><\/p>\n<\/blockquote><p>Cr&eacute;&eacute;e en <strong>1958 <\/strong>sous le nom de <strong>Coupe des Champions Europ&eacute;ens<\/strong>, l&rsquo;EuroLeague incarne une tradition bien ancr&eacute;e dans le paysage du basketball international, d&rsquo;o&ugrave; l&rsquo;attachement de nombreux joueurs pass&eacute;s par cette<strong> comp&eacute;tition historique<\/strong>.<\/p><p><strong>Cr&eacute;dit photo :&nbsp;<\/strong>Soobum Im-Imagn Images<\/p>\n","protected":false},"excerpt":{"rendered":"","protected":false},"author":180310268,"featured_media":1487679,"comment_status":"closed","ping_status":"closed","sticky":false,"template":"","format":"standard","meta":{"inline_featured_image":false,"kia_subtitle":"","_mux_skip_reasons":[],"proofreadBy":0,"footnotes":""},"categories":[110,10],"tags":[2456,2914,23,6034],"sport":[2783],"saison":[],"class_list":["post-1487678","post","type-post","status-publish","format-standard","has-post-thumbnail","hentry","category-actualite-nba","category-nba","tag-deni-avdija","tag-euroleague","tag-nba-tag","tag-portland-trai-blazers","sport-nba"],"acf":[],"yoast_head":"<!-- This site is optimized with the Yoast SEO plugin v24.2 - https:\/\/yoast.com\/wordpress\/plugins\/seo\/ -->\n<title>NBA Europe : Deni Avdija joue la prudence<\/title>\n<meta name=\"description\" content=\"Deni Avdija, actuel leader des Blazers, s&rsquo;est confi&eacute; au journal Mundo Deportivo au sujet d&rsquo;un projet d&rsquo;expansion de la NBA en Europe.\" \/>\n<meta name=\"robots\" content=\"index, follow, max-snippet:-1, max-image-preview:large, max-video-preview:-1\" \/>\n<link rel=\"canonical\" href=\"https:\/\/theplayoffs.news\/fr\/actualite-nba\/deni-avdija-donne-son-avis-sur-une-possible-nba-europe\/\" \/>\n<meta property=\"og:locale\" content=\"fr_FR\" \/>\n<meta property=\"og:type\" content=\"article\" \/>\n<meta property=\"og:title\" content=\"NBA Europe : Deni Avdija joue la prudence\" \/>\n<meta property=\"og:description\" content=\"Deni Avdija, actuel leader des Blazers, s&rsquo;est confi&eacute; au journal Mundo Deportivo au sujet d&rsquo;un projet d&rsquo;expansion de la NBA en Europe.\" \/>\n<meta property=\"og:url\" content=\"https:\/\/theplayoffs.news\/fr\/actualite-nba\/deni-avdija-donne-son-avis-sur-une-possible-nba-europe\/\" \/>\n<meta property=\"og:site_name\" content=\"The Playoffs FR\" \/>\n<meta property=\"article:publisher\" content=\"https:\/\/www.facebook.com\/TheFreeAgentFR\/\" \/>\n<meta property=\"article:modified_time\" content=\"2025-04-08T09:16:04+02:00\" \/>\n<meta property=\"og:image\" content=\"https:\/\/theplayoffs.news\/fr\/wp-content\/uploads\/2025\/04\/USATSI_25867250.jpg\" \/>\n\t<meta property=\"og:image:width\" content=\"1920\" \/>\n\t<meta property=\"og:image:height\" content=\"1280\" \/>\n\t<meta property=\"og:image:type\" content=\"image\/jpeg\" \/>\n<meta name=\"author\" content=\"Elian Goethals\" \/>\n<meta name=\"twitter:card\" content=\"summary_large_image\" \/>\n<meta name=\"twitter:creator\" content=\"@x.com\/elidwight\" \/>\n<meta name=\"twitter:site\" content=\"@TheFreeAgentFR\" \/>\n<meta name=\"twitter:label1\" content=\"\u00c9crit par\" \/>\n\t<meta name=\"twitter:data1\" content=\"Elian Goethals\" \/>\n\t<meta name=\"twitter:label2\" content=\"Dur\u00e9e de lecture estim\u00e9e\" \/>\n\t<meta name=\"twitter:data2\" content=\"2 minutes\" \/>\n<script type=\"application\/ld+json\" class=\"yoast-schema-graph\">{\"@context\":\"https:\/\/schema.org\",\"@graph\":[{\"@type\":\"WebPage\",\"@id\":\"https:\/\/theplayoffs.news\/fr\/actualite-nba\/deni-avdija-donne-son-avis-sur-une-possible-nba-europe\/\",\"url\":\"https:\/\/theplayoffs.news\/fr\/actualite-nba\/deni-avdija-donne-son-avis-sur-une-possible-nba-europe\/\",\"name\":\"NBA Europe : Deni Avdija joue la prudence\",\"isPartOf\":{\"@id\":\"https:\/\/theplayoffs.news\/fr\/#website\"},\"primaryImageOfPage\":{\"@id\":\"https:\/\/theplayoffs.news\/fr\/actualite-nba\/deni-avdija-donne-son-avis-sur-une-possible-nba-europe\/#primaryimage\"},\"image\":{\"@id\":\"https:\/\/theplayoffs.news\/fr\/actualite-nba\/deni-avdija-donne-son-avis-sur-une-possible-nba-europe\/#primaryimage\"},\"thumbnailUrl\":\"https:\/\/theplayoffs.news\/fr\/wp-content\/uploads\/2025\/04\/USATSI_25867250.jpg\",\"datePublished\":\"2025-04-07T15:27:22+00:00\",\"dateModified\":\"2025-04-08T07:16:04+00:00\",\"author\":{\"@id\":\"https:\/\/theplayoffs.news\/fr\/#\/schema\/person\/2bc470c6a49f4f6229a67af19c87a732\"},\"description\":\"Deni Avdija, actuel leader des Blazers, s\u2019est confi\u00e9 au journal Mundo Deportivo au sujet d\u2019un projet d\u2019expansion de la NBA en Europe.\",\"breadcrumb\":{\"@id\":\"https:\/\/theplayoffs.news\/fr\/actualite-nba\/deni-avdija-donne-son-avis-sur-une-possible-nba-europe\/#breadcrumb\"},\"inLanguage\":\"fr-FR\",\"potentialAction\":[{\"@type\":\"ReadAction\",\"target\":[\"https:\/\/theplayoffs.news\/fr\/actualite-nba\/deni-avdija-donne-son-avis-sur-une-possible-nba-europe\/\"]}]},{\"@type\":\"ImageObject\",\"inLanguage\":\"fr-FR\",\"@id\":\"https:\/\/theplayoffs.news\/fr\/actualite-nba\/deni-avdija-donne-son-avis-sur-une-possible-nba-europe\/#primaryimage\",\"url\":\"https:\/\/theplayoffs.news\/fr\/wp-content\/uploads\/2025\/04\/USATSI_25867250.jpg\",\"contentUrl\":\"https:\/\/theplayoffs.news\/fr\/wp-content\/uploads\/2025\/04\/USATSI_25867250.jpg\",\"width\":1920,\"height\":1280,\"caption\":\"Apr 6, 2025; Portland, Oregon, USA; Portland Trail Blazers small forward Deni Avdija (8) looks on before the game against the San Antonio Spurs at Moda Center. Mandatory Credit: Soobum Im-Imagn Images\"},{\"@type\":\"BreadcrumbList\",\"@id\":\"https:\/\/theplayoffs.news\/fr\/actualite-nba\/deni-avdija-donne-son-avis-sur-une-possible-nba-europe\/#breadcrumb\",\"itemListElement\":[{\"@type\":\"ListItem\",\"position\":1,\"name\":\"Accueil\",\"item\":\"https:\/\/theplayoffs.news\/fr\/\"},{\"@type\":\"ListItem\",\"position\":2,\"name\":\"NBA Europe : Deni Avdija joue la prudence\"}]},{\"@type\":\"WebSite\",\"@id\":\"https:\/\/theplayoffs.news\/fr\/#website\",\"url\":\"https:\/\/theplayoffs.news\/fr\/\",\"name\":\"The Playoffs FR\",\"description\":\"NBA-NFL-NHL-MLB\",\"potentialAction\":[{\"@type\":\"SearchAction\",\"target\":{\"@type\":\"EntryPoint\",\"urlTemplate\":\"https:\/\/theplayoffs.news\/fr\/?s={search_term_string}\"},\"query-input\":{\"@type\":\"PropertyValueSpecification\",\"valueRequired\":true,\"valueName\":\"search_term_string\"}}],\"inLanguage\":\"fr-FR\"},{\"@type\":\"Person\",\"@id\":\"https:\/\/theplayoffs.news\/fr\/#\/schema\/person\/2bc470c6a49f4f6229a67af19c87a732\",\"name\":\"Elian Goethals\",\"image\":{\"@type\":\"ImageObject\",\"inLanguage\":\"fr-FR\",\"@id\":\"https:\/\/theplayoffs.news\/fr\/#\/schema\/person\/image\/\",\"url\":\"https:\/\/secure.gravatar.com\/avatar\/293e2e649a094756005b611f6122ac1a95e95d453dbfe74b9d434b39855927f6?s=96&d=mm&r=g\",\"contentUrl\":\"https:\/\/secure.gravatar.com\/avatar\/293e2e649a094756005b611f6122ac1a95e95d453dbfe74b9d434b39855927f6?s=96&d=mm&r=g\",\"caption\":\"Elian Goethals\"},\"description\":\"Je suis sp\u00e9cialis\u00e9 dans la r\u00e9daction d\\\\'articles NBA et je suis un grand fan de basket am\u00e9ricain depuis toujours. Cela fait 20 ans que je joue au basket, et mon exp\u00e9rience sur les terrains me permet d\\\\'avoir une analyse approfondie des matchs. J\u2019ai d\u2019abord fait partie d\u2019autres m\u00e9dias sportifs en tant que b\u00e9n\u00e9vole avant de rejoindre ThePlayoffs en janvier. Je termine \u00e9galement un master en \u00e9tudes internationales. Ce que je pr\u00e9f\u00e8re dans mon travail, c\u2019est de transformer ma passion en m\u00e9tier et de partager avec vous l\u2019information NBA. J\u2019essaie de produire un contenu de qualit\u00e9 en esp\u00e9rant qu\u2019il vous plaise !\",\"sameAs\":[\"https:\/\/www.linkedin.com\/in\/elian-goethals-729b71200\/\",\"https:\/\/x.com\/x.com\/elidwight\"],\"url\":\"https:\/\/theplayoffs.news\/fr\/author\/elian\/\"}]}<\/script>\n<!-- \/ Yoast SEO plugin. -->","yoast_head_json":{"title":"NBA Europe : Deni Avdija joue la prudence","description":"Deni Avdija, actuel leader des Blazers, s&rsquo;est confi&eacute; au journal Mundo Deportivo au sujet d&rsquo;un projet d&rsquo;expansion de la NBA en Europe.","robots":{"index":"index","follow":"follow","max-snippet":"max-snippet:-1","max-image-preview":"max-image-preview:large","max-video-preview":"max-video-preview:-1"},"canonical":"https:\/\/theplayoffs.news\/fr\/actualite-nba\/deni-avdija-donne-son-avis-sur-une-possible-nba-europe\/","og_locale":"fr_FR","og_type":"article","og_title":"NBA Europe : Deni Avdija joue la prudence","og_description":"Deni Avdija, actuel leader des Blazers, s&rsquo;est confi&eacute; au journal Mundo Deportivo au sujet d&rsquo;un projet d&rsquo;expansion de la NBA en Europe.","og_url":"https:\/\/theplayoffs.news\/fr\/actualite-nba\/deni-avdija-donne-son-avis-sur-une-possible-nba-europe\/","og_site_name":"The Playoffs FR","article_publisher":"https:\/\/www.facebook.com\/TheFreeAgentFR\/","article_modified_time":"2025-04-08T07:16:04+00:00","og_image":[{"width":1920,"height":1280,"url":"https:\/\/theplayoffs.news\/fr\/wp-content\/uploads\/2025\/04\/USATSI_25867250.jpg","type":"image\/jpeg"}],"author":"Elian Goethals","twitter_card":"summary_large_image","twitter_creator":"@x.com\/elidwight","twitter_site":"@TheFreeAgentFR","twitter_misc":{"\u00c9crit par":"Elian Goethals","Dur\u00e9e de lecture estim\u00e9e":"2 minutes"},"schema":{"@context":"https:\/\/schema.org","@graph":[{"@type":"WebPage","@id":"https:\/\/theplayoffs.news\/fr\/actualite-nba\/deni-avdija-donne-son-avis-sur-une-possible-nba-europe\/","url":"https:\/\/theplayoffs.news\/fr\/actualite-nba\/deni-avdija-donne-son-avis-sur-une-possible-nba-europe\/","name":"NBA Europe : Deni Avdija joue la prudence","isPartOf":{"@id":"https:\/\/theplayoffs.news\/fr\/#website"},"primaryImageOfPage":{"@id":"https:\/\/theplayoffs.news\/fr\/actualite-nba\/deni-avdija-donne-son-avis-sur-une-possible-nba-europe\/#primaryimage"},"image":{"@id":"https:\/\/theplayoffs.news\/fr\/actualite-nba\/deni-avdija-donne-son-avis-sur-une-possible-nba-europe\/#primaryimage"},"thumbnailUrl":"https:\/\/theplayoffs.news\/fr\/wp-content\/uploads\/2025\/04\/USATSI_25867250.jpg","datePublished":"2025-04-07T15:27:22+00:00","dateModified":"2025-04-08T07:16:04+00:00","author":{"@id":"https:\/\/theplayoffs.news\/fr\/#\/schema\/person\/2bc470c6a49f4f6229a67af19c87a732"},"description":"Deni Avdija, actuel leader des Blazers, s\u2019est confi\u00e9 au journal Mundo Deportivo au sujet d\u2019un projet d\u2019expansion de la NBA en Europe.","breadcrumb":{"@id":"https:\/\/theplayoffs.news\/fr\/actualite-nba\/deni-avdija-donne-son-avis-sur-une-possible-nba-europe\/#breadcrumb"},"inLanguage":"fr-FR","potentialAction":[{"@type":"ReadAction","target":["https:\/\/theplayoffs.news\/fr\/actualite-nba\/deni-avdija-donne-son-avis-sur-une-possible-nba-europe\/"]}]},{"@type":"ImageObject","inLanguage":"fr-FR","@id":"https:\/\/theplayoffs.news\/fr\/actualite-nba\/deni-avdija-donne-son-avis-sur-une-possible-nba-europe\/#primaryimage","url":"https:\/\/theplayoffs.news\/fr\/wp-content\/uploads\/2025\/04\/USATSI_25867250.jpg","contentUrl":"https:\/\/theplayoffs.news\/fr\/wp-content\/uploads\/2025\/04\/USATSI_25867250.jpg","width":1920,"height":1280,"caption":"Apr 6, 2025; Portland, Oregon, USA; Portland Trail Blazers small forward Deni Avdija (8) looks on before the game against the San Antonio Spurs at Moda Center. Mandatory Credit: Soobum Im-Imagn Images"},{"@type":"BreadcrumbList","@id":"https:\/\/theplayoffs.news\/fr\/actualite-nba\/deni-avdija-donne-son-avis-sur-une-possible-nba-europe\/#breadcrumb","itemListElement":[{"@type":"ListItem","position":1,"name":"Accueil","item":"https:\/\/theplayoffs.news\/fr\/"},{"@type":"ListItem","position":2,"name":"NBA Europe : Deni Avdija joue la prudence"}]},{"@type":"WebSite","@id":"https:\/\/theplayoffs.news\/fr\/#website","url":"https:\/\/theplayoffs.news\/fr\/","name":"The Playoffs FR","description":"NBA-NFL-NHL-MLB","potentialAction":[{"@type":"SearchAction","target":{"@type":"EntryPoint","urlTemplate":"https:\/\/theplayoffs.news\/fr\/?s={search_term_string}"},"query-input":{"@type":"PropertyValueSpecification","valueRequired":true,"valueName":"search_term_string"}}],"inLanguage":"fr-FR"},{"@type":"Person","@id":"https:\/\/theplayoffs.news\/fr\/#\/schema\/person\/2bc470c6a49f4f6229a67af19c87a732","name":"Elian Goethals","image":{"@type":"ImageObject","inLanguage":"fr-FR","@id":"https:\/\/theplayoffs.news\/fr\/#\/schema\/person\/image\/","url":"https:\/\/secure.gravatar.com\/avatar\/293e2e649a094756005b611f6122ac1a95e95d453dbfe74b9d434b39855927f6?s=96&d=mm&r=g","contentUrl":"https:\/\/secure.gravatar.com\/avatar\/293e2e649a094756005b611f6122ac1a95e95d453dbfe74b9d434b39855927f6?s=96&d=mm&r=g","caption":"Elian Goethals"},"description":"Je suis sp\u00e9cialis\u00e9 dans la r\u00e9daction d\\'articles NBA et je suis un grand fan de basket am\u00e9ricain depuis toujours. Cela fait 20 ans que je joue au basket, et mon exp\u00e9rience sur les terrains me permet d\\'avoir une analyse approfondie des matchs. J\u2019ai d\u2019abord fait partie d\u2019autres m\u00e9dias sportifs en tant que b\u00e9n\u00e9vole avant de rejoindre ThePlayoffs en janvier. Je termine \u00e9galement un master en \u00e9tudes internationales. Ce que je pr\u00e9f\u00e8re dans mon travail, c\u2019est de transformer ma passion en m\u00e9tier et de partager avec vous l\u2019information NBA. J\u2019essaie de produire un contenu de qualit\u00e9 en esp\u00e9rant qu\u2019il vous plaise !","sameAs":["https:\/\/www.linkedin.com\/in\/elian-goethals-729b71200\/","https:\/\/x.com\/x.com\/elidwight"],"url":"https:\/\/theplayoffs.news\/fr\/author\/elian\/"}]}},"_links":{"self":[{"href":"https:\/\/theplayoffs.news\/fr\/wp-json\/wp\/v2\/posts\/1487678","targetHints":{"allow":["GET"]}}],"collection":[{"href":"https:\/\/theplayoffs.news\/fr\/wp-json\/wp\/v2\/posts"}],"about":[{"href":"https:\/\/theplayoffs.news\/fr\/wp-json\/wp\/v2\/types\/post"}],"author":[{"embeddable":true,"href":"https:\/\/theplayoffs.news\/fr\/wp-json\/wp\/v2\/users\/180310268"}],"replies":[{"embeddable":true,"href":"https:\/\/theplayoffs.news\/fr\/wp-json\/wp\/v2\/comments?post=1487678"}],"version-history":[{"count":2,"href":"https:\/\/theplayoffs.news\/fr\/wp-json\/wp\/v2\/posts\/1487678\/revisions"}],"predecessor-version":[{"id":1487726,"href":"https:\/\/theplayoffs.news\/fr\/wp-json\/wp\/v2\/posts\/1487678\/revisions\/1487726"}],"wp:featuredmedia":[{"embeddable":true,"href":"https:\/\/theplayoffs.news\/fr\/wp-json\/wp\/v2\/media\/1487679"}],"wp:attachment":[{"href":"https:\/\/theplayoffs.news\/fr\/wp-json\/wp\/v2\/media?parent=1487678"}],"wp:term":[{"taxonomy":"category","embeddable":true,"href":"https:\/\/theplayoffs.news\/fr\/wp-json\/wp\/v2\/categories?post=1487678"},{"taxonomy":"post_tag","embeddable":true,"href":"https:\/\/theplayoffs.news\/fr\/wp-json\/wp\/v2\/tags?post=1487678"},{"taxonomy":"sport","embeddable":true,"href":"https:\/\/theplayoffs.news\/fr\/wp-json\/wp\/v2\/sport?post=1487678"},{"taxonomy":"saison","embeddable":true,"href":"https:\/\/theplayoffs.news\/fr\/wp-json\/wp\/v2\/saison?post=1487678"}],"curies":[{"name":"wp","href":"https:\/\/api.w.org\/{rel}","templated":true}]}}