{"id":1487645,"date":"2025-04-07T14:23:39","date_gmt":"2025-04-07T12:23:39","guid":{"rendered":"https:\/\/theplayoffs.news\/fr\/uncategorized\/\/"},"modified":"2025-04-07T14:23:49","modified_gmt":"2025-04-07T12:23:49","slug":"a-quand-un-retour-de-jamal-murray-linterrogation-demeure-chez-les-nuggets","status":"publish","type":"post","link":"https:\/\/theplayoffs.news\/fr\/actualite-nba\/a-quand-un-retour-de-jamal-murray-linterrogation-demeure-chez-les-nuggets\/","title":{"rendered":"\u00c0 quand un retour de Jamal Murray ? L&rsquo;interrogation demeure chez les Nuggets"},"content":{"rendered":"<p>Priv&eacute;s de Jamal Murray, bless&eacute; &agrave; la cuisse depuis cinq matchs, les Nuggets restent sur trois d&eacute;faites cons&eacute;cutives. Denver ne sait toujours pas quand elle pourra r&eacute;cup&eacute;rer le Canadien. Une incertitude qui commence &agrave; devenir source d&rsquo;inqui&eacute;tude.<\/p><h2 class=\"wp-block-heading\">Objectif playoffs pour Jamal Murray ?<\/h2><p>Quatri&egrave;mes de la conf&eacute;rence Ouest, et alors que les playoffs d&eacute;buteront dans quelques jours, certains pensaient que Denver souhaitait m&eacute;nager Jamal Murray. Pourtant, Mike Malone, son entra&icirc;neur, a d&eacute;menti cette id&eacute;e :<\/p><blockquote class=\"wp-block-quote is-layout-flow wp-block-quote-is-layout-flow\">\n<p>&laquo; Jamal est bless&eacute;. Ce n&rsquo;est pas une question de prudence. Il est bless&eacute;. &raquo;<\/p>\n<\/blockquote><p>Le Canadien serait donc r&eacute;ellement dans l&rsquo;incapacit&eacute; de jouer. Un temps, l&rsquo;espoir d&rsquo;un retour rapide existait, mais la situation semble d&eacute;sormais plus pr&eacute;occupante. Plus les jours passent, plus l&rsquo;inqui&eacute;tude grandit.<\/p><blockquote class=\"wp-block-quote is-layout-flow wp-block-quote-is-layout-flow\">\n<p>&laquo; C&rsquo;&eacute;tait une p&eacute;riode &eacute;trange. On parlait d&rsquo;un retour &laquo;&nbsp;au jour le jour&nbsp;&raquo;. Et puis, on se rend compte que ce n&rsquo;est plus vraiment le cas &raquo;, confie Malone rapporte <a href=\"https:\/\/www.espn.com\/nba\/story\/_\/id\/44565276\/nuggets-hope-jamal-murray-hamstring-back-playoffs\" target=\"_blank\" rel=\"noreferrer noopener\" class=\"trk-cta-link\" data-cta-trk='{\"ctaType\":\"Link\",\"ctaSubType\":\"main\"}'>ESPN<\/a>.<\/p>\n<\/blockquote><p>&Agrave; l&rsquo;instar des Knicks lors de l&rsquo;absence de Jalen Brunson, la franchise de Denver doit trouver des solutions pour compenser le manque de rendement de son meneur. Malgr&eacute; les r&eacute;centes d&eacute;faites, le coach reste confiant :<\/p><blockquote class=\"wp-block-quote is-layout-flow wp-block-quote-is-layout-flow\">\n<p>&laquo; C&rsquo;est &eacute;videmment une grosse perte pour nous. Mais on a largement assez de ressources. On l&rsquo;a prouv&eacute; &agrave; maintes reprises dans ce vestiaire. Donc, si Jamal ne peut pas jouer, d&rsquo;autres devront se montrer &agrave; la hauteur, jouer avec acharnement et urgence. &raquo;<\/p>\n<\/blockquote><p>Avec les playoffs &agrave; l&rsquo;horizon, les matchs d&eacute;cisifs vont s&rsquo;encha&icirc;ner, et les Nuggets auront besoin de toutes leurs forces vives. Raison pour laquelle Mike Malone esp&egrave;re un retour de son joueur &agrave; temps :<\/p><blockquote class=\"wp-block-quote is-layout-flow wp-block-quote-is-layout-flow\">\n<p>&laquo; J&rsquo;esp&egrave;re qu&rsquo;il pourra &ecirc;tre de retour d&rsquo;ici l&agrave;. &raquo;<\/p>\n<\/blockquote><ul class=\"wp-block-list\">\n<li>Lire aussi :<\/li>\n<\/ul><p><a href=\"https:\/\/theplayoffs.news\/fr\/actualite-nba\/un-nikola-jokic-phenomenal-nempeche-pas-denver-de-sombrer\/\" target=\"_blank\" rel=\"noreferrer noopener\" class=\"trk-cta-link\" data-cta-trk='{\"ctaType\":\"Link\",\"ctaSubType\":\"main\"}'>Un Nikola Jokic ph&eacute;nom&eacute;nal n&rsquo;emp&ecirc;che pas Denver de sombrer<\/a><\/p><p><a href=\"https:\/\/theplayoffs.news\/fr\/actualite-nba\/jalen-brunson-fete-son-retour-avant-les-playoffs\/\" target=\"_blank\" rel=\"noreferrer noopener\" class=\"trk-cta-link\" data-cta-trk='{\"ctaType\":\"Link\",\"ctaSubType\":\"main\"}'>Jalen Brunson f&ecirc;te son retour avant les playoffs !<\/a><\/p><p>Mais attention &agrave; ne pas pr&eacute;cipiter les choses. Pour rappel, Jamal Murray avait d&eacute;j&agrave; souffert d&rsquo;une entorse &agrave; la cheville en fin de saison derni&egrave;re. Il avait ensuite affich&eacute; un niveau d&eacute;cevant, aussi bien lors des playoffs face &agrave; Minnesota que sous les couleurs du Canada aux Jeux Olympiques de Paris.<\/p><p>Avec un Nikola Jokic en pleine forme, et si Murray revient &agrave; son meilleur niveau, tout pourrait encore changer du c&ocirc;t&eacute; de Denver.<\/p><p>Cr&eacute;dit photo : Ron Chenoy-Imagn Images<\/p>\n","protected":false},"excerpt":{"rendered":"","protected":false},"author":180310250,"featured_media":1487646,"comment_status":"closed","ping_status":"closed","sticky":false,"template":"","format":"standard","meta":{"inline_featured_image":false,"kia_subtitle":"","_mux_skip_reasons":[],"proofreadBy":0,"footnotes":""},"categories":[110,10],"tags":[620,3069,23],"sport":[2783],"saison":[7475],"class_list":["post-1487645","post","type-post","status-publish","format-standard","has-post-thumbnail","hentry","category-actualite-nba","category-nba","tag-denver-nuggets","tag-jamal-murray","tag-nba-tag","sport-nba","saison-7475"],"acf":[],"yoast_head":"<!-- This site is optimized with the Yoast SEO plugin v24.2 - https:\/\/yoast.com\/wordpress\/plugins\/seo\/ -->\n<title>L&#039;interrogation autour de Jamal Murray demeure chez les Nuggets<\/title>\n<meta name=\"description\" content=\"Priv&eacute;s de Jamal Murray depuis cinq matchs, les Nuggets restent sur trois d&eacute;faites cons&eacute;cutives. Denver ne sait pas quand il reviendra.\" \/>\n<meta name=\"robots\" content=\"index, follow, max-snippet:-1, max-image-preview:large, max-video-preview:-1\" \/>\n<link rel=\"canonical\" href=\"https:\/\/theplayoffs.news\/fr\/actualite-nba\/a-quand-un-retour-de-jamal-murray-linterrogation-demeure-chez-les-nuggets\/\" \/>\n<meta property=\"og:locale\" content=\"fr_FR\" \/>\n<meta property=\"og:type\" content=\"article\" \/>\n<meta property=\"og:title\" content=\"L&#039;interrogation autour de Jamal Murray demeure chez les Nuggets\" \/>\n<meta property=\"og:description\" content=\"Priv&eacute;s de Jamal Murray depuis cinq matchs, les Nuggets restent sur trois d&eacute;faites cons&eacute;cutives. Denver ne sait pas quand il reviendra.\" \/>\n<meta property=\"og:url\" content=\"https:\/\/theplayoffs.news\/fr\/actualite-nba\/a-quand-un-retour-de-jamal-murray-linterrogation-demeure-chez-les-nuggets\/\" \/>\n<meta property=\"og:site_name\" content=\"The Playoffs FR\" \/>\n<meta property=\"article:publisher\" content=\"https:\/\/www.facebook.com\/TheFreeAgentFR\/\" \/>\n<meta property=\"article:modified_time\" content=\"2025-04-07T14:23:49+02:00\" \/>\n<meta property=\"og:image\" content=\"https:\/\/theplayoffs.news\/fr\/wp-content\/uploads\/2025\/04\/USATSI_25867836.jpg\" \/>\n\t<meta property=\"og:image:width\" content=\"1920\" \/>\n\t<meta property=\"og:image:height\" content=\"1280\" \/>\n\t<meta property=\"og:image:type\" content=\"image\/jpeg\" \/>\n<meta name=\"author\" content=\"Jean Fabre-Jevanoff\" \/>\n<meta name=\"twitter:card\" content=\"summary_large_image\" \/>\n<meta name=\"twitter:creator\" content=\"@the_jfj_42\" \/>\n<meta name=\"twitter:site\" content=\"@TheFreeAgentFR\" \/>\n<meta name=\"twitter:label1\" content=\"\u00c9crit par\" \/>\n\t<meta name=\"twitter:data1\" content=\"Jean Fabre-Jevanoff\" \/>\n\t<meta name=\"twitter:label2\" content=\"Dur\u00e9e de lecture estim\u00e9e\" \/>\n\t<meta name=\"twitter:data2\" content=\"2 minutes\" \/>\n<script type=\"application\/ld+json\" class=\"yoast-schema-graph\">{\"@context\":\"https:\/\/schema.org\",\"@graph\":[{\"@type\":\"WebPage\",\"@id\":\"https:\/\/theplayoffs.news\/fr\/actualite-nba\/a-quand-un-retour-de-jamal-murray-linterrogation-demeure-chez-les-nuggets\/\",\"url\":\"https:\/\/theplayoffs.news\/fr\/actualite-nba\/a-quand-un-retour-de-jamal-murray-linterrogation-demeure-chez-les-nuggets\/\",\"name\":\"L\\\\'interrogation autour de Jamal Murray demeure chez les Nuggets\",\"isPartOf\":{\"@id\":\"https:\/\/theplayoffs.news\/fr\/#website\"},\"primaryImageOfPage\":{\"@id\":\"https:\/\/theplayoffs.news\/fr\/actualite-nba\/a-quand-un-retour-de-jamal-murray-linterrogation-demeure-chez-les-nuggets\/#primaryimage\"},\"image\":{\"@id\":\"https:\/\/theplayoffs.news\/fr\/actualite-nba\/a-quand-un-retour-de-jamal-murray-linterrogation-demeure-chez-les-nuggets\/#primaryimage\"},\"thumbnailUrl\":\"https:\/\/theplayoffs.news\/fr\/wp-content\/uploads\/2025\/04\/USATSI_25867836.jpg\",\"datePublished\":\"2025-04-07T12:23:39+00:00\",\"dateModified\":\"2025-04-07T12:23:49+00:00\",\"author\":{\"@id\":\"https:\/\/theplayoffs.news\/fr\/#\/schema\/person\/1ea25b88e79fe4fabd657430b0013d3d\"},\"description\":\"Priv\u00e9s de Jamal Murray depuis cinq matchs, les Nuggets restent sur trois d\u00e9faites cons\u00e9cutives. Denver ne sait pas quand il reviendra.\",\"breadcrumb\":{\"@id\":\"https:\/\/theplayoffs.news\/fr\/actualite-nba\/a-quand-un-retour-de-jamal-murray-linterrogation-demeure-chez-les-nuggets\/#breadcrumb\"},\"inLanguage\":\"fr-FR\",\"potentialAction\":[{\"@type\":\"ReadAction\",\"target\":[\"https:\/\/theplayoffs.news\/fr\/actualite-nba\/a-quand-un-retour-de-jamal-murray-linterrogation-demeure-chez-les-nuggets\/\"]}]},{\"@type\":\"ImageObject\",\"inLanguage\":\"fr-FR\",\"@id\":\"https:\/\/theplayoffs.news\/fr\/actualite-nba\/a-quand-un-retour-de-jamal-murray-linterrogation-demeure-chez-les-nuggets\/#primaryimage\",\"url\":\"https:\/\/theplayoffs.news\/fr\/wp-content\/uploads\/2025\/04\/USATSI_25867836.jpg\",\"contentUrl\":\"https:\/\/theplayoffs.news\/fr\/wp-content\/uploads\/2025\/04\/USATSI_25867836.jpg\",\"width\":1920,\"height\":1280,\"caption\":\"Apr 6, 2025; Denver, Colorado, USA; Denver Nuggets forward Vlatko Cancar (31), guard Jamal Murray (27) and center PJ Hall (13) on the bench during the fourth quarter against the Indiana Pacers at Ball Arena. Mandatory Credit: Ron Chenoy-Imagn Images\"},{\"@type\":\"BreadcrumbList\",\"@id\":\"https:\/\/theplayoffs.news\/fr\/actualite-nba\/a-quand-un-retour-de-jamal-murray-linterrogation-demeure-chez-les-nuggets\/#breadcrumb\",\"itemListElement\":[{\"@type\":\"ListItem\",\"position\":1,\"name\":\"Accueil\",\"item\":\"https:\/\/theplayoffs.news\/fr\/\"},{\"@type\":\"ListItem\",\"position\":2,\"name\":\"\u00c0 quand un retour de Jamal Murray ? L&rsquo;interrogation demeure chez les Nuggets\"}]},{\"@type\":\"WebSite\",\"@id\":\"https:\/\/theplayoffs.news\/fr\/#website\",\"url\":\"https:\/\/theplayoffs.news\/fr\/\",\"name\":\"The Playoffs FR\",\"description\":\"NBA-NFL-NHL-MLB\",\"potentialAction\":[{\"@type\":\"SearchAction\",\"target\":{\"@type\":\"EntryPoint\",\"urlTemplate\":\"https:\/\/theplayoffs.news\/fr\/?s={search_term_string}\"},\"query-input\":{\"@type\":\"PropertyValueSpecification\",\"valueRequired\":true,\"valueName\":\"search_term_string\"}}],\"inLanguage\":\"fr-FR\"},{\"@type\":\"Person\",\"@id\":\"https:\/\/theplayoffs.news\/fr\/#\/schema\/person\/1ea25b88e79fe4fabd657430b0013d3d\",\"name\":\"Jean Fabre-Jevanoff\",\"image\":{\"@type\":\"ImageObject\",\"inLanguage\":\"fr-FR\",\"@id\":\"https:\/\/theplayoffs.news\/fr\/#\/schema\/person\/image\/\",\"url\":\"https:\/\/secure.gravatar.com\/avatar\/18b28dab1159eebc6a17b9787eb8cbbe3242c3d0e8b53b89332f6dc1133aa361?s=96&d=mm&r=g\",\"contentUrl\":\"https:\/\/secure.gravatar.com\/avatar\/18b28dab1159eebc6a17b9787eb8cbbe3242c3d0e8b53b89332f6dc1133aa361?s=96&d=mm&r=g\",\"caption\":\"Jean Fabre-Jevanoff\"},\"description\":\"Journaliste polyvalent sur le football am\u00e9ricain, j\u2019\u00e9cris aussi des articles sur le basket. Commentateur sur Twitch et sur YouTube. Pass\u00e9 par Eurosport notamment. Un mix d\u2019Eminem et de OBJ, fan inconditionnel de Patrick Mahomes et Lebron James\",\"sameAs\":[\"https:\/\/www.instagram.com\/_juaniitooo_\",\"https:\/\/www.linkedin.com\/in\/jean-fabre-jevanoff-84bb9b1a9\/\",\"https:\/\/x.com\/the_jfj_42\"],\"url\":\"https:\/\/theplayoffs.news\/fr\/author\/jeanfj42gmail-com\/\"}]}<\/script>\n<!-- \/ Yoast SEO plugin. -->","yoast_head_json":{"title":"L&#039;interrogation autour de Jamal Murray demeure chez les Nuggets","description":"Priv&eacute;s de Jamal Murray depuis cinq matchs, les Nuggets restent sur trois d&eacute;faites cons&eacute;cutives. Denver ne sait pas quand il reviendra.","robots":{"index":"index","follow":"follow","max-snippet":"max-snippet:-1","max-image-preview":"max-image-preview:large","max-video-preview":"max-video-preview:-1"},"canonical":"https:\/\/theplayoffs.news\/fr\/actualite-nba\/a-quand-un-retour-de-jamal-murray-linterrogation-demeure-chez-les-nuggets\/","og_locale":"fr_FR","og_type":"article","og_title":"L&#039;interrogation autour de Jamal Murray demeure chez les Nuggets","og_description":"Priv&eacute;s de Jamal Murray depuis cinq matchs, les Nuggets restent sur trois d&eacute;faites cons&eacute;cutives. Denver ne sait pas quand il reviendra.","og_url":"https:\/\/theplayoffs.news\/fr\/actualite-nba\/a-quand-un-retour-de-jamal-murray-linterrogation-demeure-chez-les-nuggets\/","og_site_name":"The Playoffs FR","article_publisher":"https:\/\/www.facebook.com\/TheFreeAgentFR\/","article_modified_time":"2025-04-07T12:23:49+00:00","og_image":[{"width":1920,"height":1280,"url":"https:\/\/theplayoffs.news\/fr\/wp-content\/uploads\/2025\/04\/USATSI_25867836.jpg","type":"image\/jpeg"}],"author":"Jean Fabre-Jevanoff","twitter_card":"summary_large_image","twitter_creator":"@the_jfj_42","twitter_site":"@TheFreeAgentFR","twitter_misc":{"\u00c9crit par":"Jean Fabre-Jevanoff","Dur\u00e9e de lecture estim\u00e9e":"2 minutes"},"schema":{"@context":"https:\/\/schema.org","@graph":[{"@type":"WebPage","@id":"https:\/\/theplayoffs.news\/fr\/actualite-nba\/a-quand-un-retour-de-jamal-murray-linterrogation-demeure-chez-les-nuggets\/","url":"https:\/\/theplayoffs.news\/fr\/actualite-nba\/a-quand-un-retour-de-jamal-murray-linterrogation-demeure-chez-les-nuggets\/","name":"L\\'interrogation autour de Jamal Murray demeure chez les Nuggets","isPartOf":{"@id":"https:\/\/theplayoffs.news\/fr\/#website"},"primaryImageOfPage":{"@id":"https:\/\/theplayoffs.news\/fr\/actualite-nba\/a-quand-un-retour-de-jamal-murray-linterrogation-demeure-chez-les-nuggets\/#primaryimage"},"image":{"@id":"https:\/\/theplayoffs.news\/fr\/actualite-nba\/a-quand-un-retour-de-jamal-murray-linterrogation-demeure-chez-les-nuggets\/#primaryimage"},"thumbnailUrl":"https:\/\/theplayoffs.news\/fr\/wp-content\/uploads\/2025\/04\/USATSI_25867836.jpg","datePublished":"2025-04-07T12:23:39+00:00","dateModified":"2025-04-07T12:23:49+00:00","author":{"@id":"https:\/\/theplayoffs.news\/fr\/#\/schema\/person\/1ea25b88e79fe4fabd657430b0013d3d"},"description":"Priv\u00e9s de Jamal Murray depuis cinq matchs, les Nuggets restent sur trois d\u00e9faites cons\u00e9cutives. Denver ne sait pas quand il reviendra.","breadcrumb":{"@id":"https:\/\/theplayoffs.news\/fr\/actualite-nba\/a-quand-un-retour-de-jamal-murray-linterrogation-demeure-chez-les-nuggets\/#breadcrumb"},"inLanguage":"fr-FR","potentialAction":[{"@type":"ReadAction","target":["https:\/\/theplayoffs.news\/fr\/actualite-nba\/a-quand-un-retour-de-jamal-murray-linterrogation-demeure-chez-les-nuggets\/"]}]},{"@type":"ImageObject","inLanguage":"fr-FR","@id":"https:\/\/theplayoffs.news\/fr\/actualite-nba\/a-quand-un-retour-de-jamal-murray-linterrogation-demeure-chez-les-nuggets\/#primaryimage","url":"https:\/\/theplayoffs.news\/fr\/wp-content\/uploads\/2025\/04\/USATSI_25867836.jpg","contentUrl":"https:\/\/theplayoffs.news\/fr\/wp-content\/uploads\/2025\/04\/USATSI_25867836.jpg","width":1920,"height":1280,"caption":"Apr 6, 2025; Denver, Colorado, USA; Denver Nuggets forward Vlatko Cancar (31), guard Jamal Murray (27) and center PJ Hall (13) on the bench during the fourth quarter against the Indiana Pacers at Ball Arena. Mandatory Credit: Ron Chenoy-Imagn Images"},{"@type":"BreadcrumbList","@id":"https:\/\/theplayoffs.news\/fr\/actualite-nba\/a-quand-un-retour-de-jamal-murray-linterrogation-demeure-chez-les-nuggets\/#breadcrumb","itemListElement":[{"@type":"ListItem","position":1,"name":"Accueil","item":"https:\/\/theplayoffs.news\/fr\/"},{"@type":"ListItem","position":2,"name":"\u00c0 quand un retour de Jamal Murray ? L&rsquo;interrogation demeure chez les Nuggets"}]},{"@type":"WebSite","@id":"https:\/\/theplayoffs.news\/fr\/#website","url":"https:\/\/theplayoffs.news\/fr\/","name":"The Playoffs FR","description":"NBA-NFL-NHL-MLB","potentialAction":[{"@type":"SearchAction","target":{"@type":"EntryPoint","urlTemplate":"https:\/\/theplayoffs.news\/fr\/?s={search_term_string}"},"query-input":{"@type":"PropertyValueSpecification","valueRequired":true,"valueName":"search_term_string"}}],"inLanguage":"fr-FR"},{"@type":"Person","@id":"https:\/\/theplayoffs.news\/fr\/#\/schema\/person\/1ea25b88e79fe4fabd657430b0013d3d","name":"Jean Fabre-Jevanoff","image":{"@type":"ImageObject","inLanguage":"fr-FR","@id":"https:\/\/theplayoffs.news\/fr\/#\/schema\/person\/image\/","url":"https:\/\/secure.gravatar.com\/avatar\/18b28dab1159eebc6a17b9787eb8cbbe3242c3d0e8b53b89332f6dc1133aa361?s=96&d=mm&r=g","contentUrl":"https:\/\/secure.gravatar.com\/avatar\/18b28dab1159eebc6a17b9787eb8cbbe3242c3d0e8b53b89332f6dc1133aa361?s=96&d=mm&r=g","caption":"Jean Fabre-Jevanoff"},"description":"Journaliste polyvalent sur le football am\u00e9ricain, j\u2019\u00e9cris aussi des articles sur le basket. Commentateur sur Twitch et sur YouTube. Pass\u00e9 par Eurosport notamment. Un mix d\u2019Eminem et de OBJ, fan inconditionnel de Patrick Mahomes et Lebron James","sameAs":["https:\/\/www.instagram.com\/_juaniitooo_","https:\/\/www.linkedin.com\/in\/jean-fabre-jevanoff-84bb9b1a9\/","https:\/\/x.com\/the_jfj_42"],"url":"https:\/\/theplayoffs.news\/fr\/author\/jeanfj42gmail-com\/"}]}},"_links":{"self":[{"href":"https:\/\/theplayoffs.news\/fr\/wp-json\/wp\/v2\/posts\/1487645","targetHints":{"allow":["GET"]}}],"collection":[{"href":"https:\/\/theplayoffs.news\/fr\/wp-json\/wp\/v2\/posts"}],"about":[{"href":"https:\/\/theplayoffs.news\/fr\/wp-json\/wp\/v2\/types\/post"}],"author":[{"embeddable":true,"href":"https:\/\/theplayoffs.news\/fr\/wp-json\/wp\/v2\/users\/180310250"}],"replies":[{"embeddable":true,"href":"https:\/\/theplayoffs.news\/fr\/wp-json\/wp\/v2\/comments?post=1487645"}],"version-history":[{"count":1,"href":"https:\/\/theplayoffs.news\/fr\/wp-json\/wp\/v2\/posts\/1487645\/revisions"}],"predecessor-version":[{"id":1487647,"href":"https:\/\/theplayoffs.news\/fr\/wp-json\/wp\/v2\/posts\/1487645\/revisions\/1487647"}],"wp:featuredmedia":[{"embeddable":true,"href":"https:\/\/theplayoffs.news\/fr\/wp-json\/wp\/v2\/media\/1487646"}],"wp:attachment":[{"href":"https:\/\/theplayoffs.news\/fr\/wp-json\/wp\/v2\/media?parent=1487645"}],"wp:term":[{"taxonomy":"category","embeddable":true,"href":"https:\/\/theplayoffs.news\/fr\/wp-json\/wp\/v2\/categories?post=1487645"},{"taxonomy":"post_tag","embeddable":true,"href":"https:\/\/theplayoffs.news\/fr\/wp-json\/wp\/v2\/tags?post=1487645"},{"taxonomy":"sport","embeddable":true,"href":"https:\/\/theplayoffs.news\/fr\/wp-json\/wp\/v2\/sport?post=1487645"},{"taxonomy":"saison","embeddable":true,"href":"https:\/\/theplayoffs.news\/fr\/wp-json\/wp\/v2\/saison?post=1487645"}],"curies":[{"name":"wp","href":"https:\/\/api.w.org\/{rel}","templated":true}]}}