{"id":1487278,"date":"2025-04-03T10:10:11","date_gmt":"2025-04-03T08:10:11","guid":{"rendered":"https:\/\/theplayoffs.news\/fr\/uncategorized\/\/"},"modified":"2025-04-03T10:10:18","modified_gmt":"2025-04-03T08:10:18","slug":"maudit-joel-embiid-va-subir-la-6eme-operation-de-sa-carriere","status":"publish","type":"post","link":"https:\/\/theplayoffs.news\/fr\/actualite-nba\/maudit-joel-embiid-va-subir-la-6eme-operation-de-sa-carriere\/","title":{"rendered":"Maudit, Jo\u00ebl Embiid va subir la 6\u00e8me op\u00e9ration de sa carri\u00e8re"},"content":{"rendered":"<p>Les gal&egrave;res continuent pour les Sixers. D&rsquo;apr&egrave;s Shams Charania d&rsquo;ESPN, <strong>Joel Embiid<\/strong>, &eacute;loign&eacute; des parquets depuis le 22 f&eacute;vrier dernier, devrait subir une arthroscopie du genou gauche la semaine prochaine. Le pivot des Philadelphia 76ers sera r&eacute;&eacute;valu&eacute; dans un mois et demi, et la franchise esp&egrave;re le voir pr&ecirc;t pour le d&eacute;but de la prochaine saison.<\/p><p>Op&eacute;r&eacute; du m&eacute;nisque d&eacute;but 2024, le natif de Yaound&eacute; subira donc sa deuxi&egrave;me op&eacute;ration du genou gauche en pr&egrave;s d&rsquo;un an. Revenu &agrave; temps pour les playoffs sans pour autant &ecirc;tre &agrave; 100%, l&rsquo;ancien de Kansas avait quand m&ecirc;me pu prendre part &ndash; et rafler l&rsquo;or &ndash; aux jeux de Paris sous le maillot de Team USA. Malheureusement pour la franchise de Pennsylvanie, des inflammations dans la zone op&eacute;r&eacute;e avaient refait surface d&egrave;s le d&eacute;but de l&rsquo;exercice en cours, limitant <a href=\"https:\/\/www.basketball-reference.com\/players\/e\/embiijo01.html\" target=\"_blank\" rel=\"noreferrer noopener\" class=\"trk-cta-link\" data-cta-trk='{\"ctaType\":\"Link\",\"ctaSubType\":\"main\"}'>Jo&euml;l Embiid<\/a> &agrave; seulement 19 matchs en 2024-2025.<\/p><figure class=\"wp-block-embed is-type-rich is-provider-twitter wp-block-embed-twitter\"><div class=\"wp-block-embed__wrapper\">\n<blockquote class=\"twitter-tweet\" data-width=\"500\" data-dnt=\"true\"><p lang=\"en\" dir=\"ltr\">Philadelphia 76ers star Joel Embiid will undergo arthroscopic surgery on his left knee next week, a team official tells ESPN. Embiid was ruled out for season in late February as he and the 76ers met with doctors to determine the best treatment to alleviate his knee issues. <a href=\"https:\/\/t.co\/3Be9DzYjfl\" class=\"trk-cta-link\" data-cta-trk='{\"ctaType\":\"Link\",\"ctaSubType\":\"main\"}'>pic.twitter.com\/3Be9DzYjfl<\/a><\/p>&mdash; Shams Charania (@ShamsCharania) <a href=\"https:\/\/twitter.com\/ShamsCharania\/status\/1907538545641754918?ref_src=twsrc%5Etfw\" class=\"trk-cta-link\" data-cta-trk='{\"ctaType\":\"Link\",\"ctaSubType\":\"main\"}'>April 2, 2025<\/a><\/blockquote><script async src=\"https:\/\/platform.twitter.com\/widgets.js\" charset=\"utf-8\"><\/script>\n<\/div><\/figure><p>Toujours selon Shams Charania, le pivot recevait des injections de mani&egrave;re &laquo;&nbsp;r&eacute;guli&egrave;re et fr&eacute;quente&nbsp;&raquo; afin de pouvoir jouer. N&eacute;anmoins, d&egrave;s le mois de janvier, lui et l&rsquo;&eacute;quipe ont commenc&eacute; &agrave; explorer d&rsquo;autres options de traitement, sans exclure la possibilit&eacute; d&rsquo;une nouvelle intervention chirurgicale. Ce sera ainsi la sixi&egrave;me op&eacute;ration de la carri&egrave;re du MVP <a href=\"https:\/\/theplayoffs.news\/fr\/category\/nba\/\" target=\"_blank\" rel=\"noreferrer noopener\" class=\"trk-cta-link\" data-cta-trk='{\"ctaType\":\"Link\",\"ctaSubType\":\"main\"}'>NBA<\/a> 2023.<\/p><p><strong>Lire aussi :<\/strong><\/p><p><a href=\"https:\/\/theplayoffs.news\/fr\/actualite-nba\/nikola-jokic-compare-athletes-chevaux\/\" class=\"trk-cta-link\" data-cta-trk='{\"ctaType\":\"Link\",\"ctaSubType\":\"main\"}'>Nikola Jokic compare les athl&egrave;tes &agrave; des chevaux &ndash; The Playoffs<\/a><\/p><p><a href=\"https:\/\/theplayoffs.news\/fr\/actualite-nba\/resultats-nba-anthony-davis-arrache-la-victoire-okc-roule-sur-la-nba\/\" class=\"trk-cta-link\" data-cta-trk='{\"ctaType\":\"Link\",\"ctaSubType\":\"main\"}'>R&eacute;sultats NBA du 3 avril : Anthony Davis arrache la victoire !<\/a><\/p><p>Par ailleurs, les Sixers ont &eacute;galement d&ucirc; faire face aux absences de <strong>Paul George<\/strong>, qui souffre lui aussi de douleurs au genou, ainsi que de Jared McCain, &eacute;loign&eacute; des terrains pendant une grande partie de la saison en raison d&rsquo;une blessure ligamentaire. Face &agrave; ces difficult&eacute;s, l&rsquo;&eacute;quipe a d&eacute;cid&eacute; de renoncer &agrave; la course aux playoffs et se concentre d&eacute;sormais sur l&rsquo;obtention d&rsquo;un meilleur choix &agrave; la Draft.<\/p><p>Cette saison, Embiid affiche des moyennes de 23,8 points, 8,2 rebonds et 4,5 passes d&eacute;cisives, ses plus faibles statistiques depuis sa seconde ann&eacute;e en NBA.<\/p><p>Credit : &copy; Dale Zanine-Imagn Images<\/p>\n","protected":false},"excerpt":{"rendered":"","protected":false},"author":180309799,"featured_media":1487281,"comment_status":"closed","ping_status":"closed","sticky":false,"template":"","format":"standard","meta":{"inline_featured_image":false,"kia_subtitle":"","_mux_skip_reasons":[],"proofreadBy":0,"footnotes":""},"categories":[110],"tags":[742,23,997,5522,1949],"sport":[2783],"saison":[],"class_list":["post-1487278","post","type-post","status-publish","format-standard","has-post-thumbnail","hentry","category-actualite-nba","tag-joel-embiid","tag-nba-tag","tag-paul-george","tag-philadelphia-sixers","tag-shams-charania","sport-nba"],"acf":[],"yoast_head":"<!-- This site is optimized with the Yoast SEO plugin v24.2 - https:\/\/yoast.com\/wordpress\/plugins\/seo\/ -->\n<title>Maudit, Jo&euml;l Embiid va subir la 6&egrave;me op&eacute;ration de sa carri&egrave;re<\/title>\n<meta name=\"description\" content=\"Eloign&eacute; des parquets depuis le 22 f&eacute;vrier dans apr&egrave;s une saison min&eacute;e par les blessures, Jo&euml;l Embiid va se faire op&eacute;rer du genou.\" \/>\n<meta name=\"robots\" content=\"index, follow, max-snippet:-1, max-image-preview:large, max-video-preview:-1\" \/>\n<link rel=\"canonical\" href=\"https:\/\/theplayoffs.news\/fr\/actualite-nba\/maudit-joel-embiid-va-subir-la-6eme-operation-de-sa-carriere\/\" \/>\n<meta property=\"og:locale\" content=\"fr_FR\" \/>\n<meta property=\"og:type\" content=\"article\" \/>\n<meta property=\"og:title\" content=\"Maudit, Jo&euml;l Embiid va subir la 6&egrave;me op&eacute;ration de sa carri&egrave;re\" \/>\n<meta property=\"og:description\" content=\"Eloign&eacute; des parquets depuis le 22 f&eacute;vrier dans apr&egrave;s une saison min&eacute;e par les blessures, Jo&euml;l Embiid va se faire op&eacute;rer du genou.\" \/>\n<meta property=\"og:url\" content=\"https:\/\/theplayoffs.news\/fr\/actualite-nba\/maudit-joel-embiid-va-subir-la-6eme-operation-de-sa-carriere\/\" \/>\n<meta property=\"og:site_name\" content=\"The Playoffs FR\" \/>\n<meta property=\"article:publisher\" content=\"https:\/\/www.facebook.com\/TheFreeAgentFR\/\" \/>\n<meta property=\"article:modified_time\" content=\"2025-04-03T10:10:18+02:00\" \/>\n<meta property=\"og:image\" content=\"https:\/\/theplayoffs.news\/fr\/wp-content\/uploads\/2025\/04\/USATSI_16276601-1.jpg\" \/>\n\t<meta property=\"og:image:width\" content=\"1920\" \/>\n\t<meta property=\"og:image:height\" content=\"1280\" \/>\n\t<meta property=\"og:image:type\" content=\"image\/jpeg\" \/>\n<meta name=\"author\" content=\"La r\u00e9daction\" \/>\n<meta name=\"twitter:card\" content=\"summary_large_image\" \/>\n<meta name=\"twitter:creator\" content=\"@TheFreeAgentFR\" \/>\n<meta name=\"twitter:site\" content=\"@TheFreeAgentFR\" \/>\n<meta name=\"twitter:label1\" content=\"\u00c9crit par\" \/>\n\t<meta name=\"twitter:data1\" content=\"La r\u00e9daction\" \/>\n\t<meta name=\"twitter:label2\" content=\"Dur\u00e9e de lecture estim\u00e9e\" \/>\n\t<meta name=\"twitter:data2\" content=\"2 minutes\" \/>\n<script type=\"application\/ld+json\" class=\"yoast-schema-graph\">{\"@context\":\"https:\/\/schema.org\",\"@graph\":[{\"@type\":\"WebPage\",\"@id\":\"https:\/\/theplayoffs.news\/fr\/actualite-nba\/maudit-joel-embiid-va-subir-la-6eme-operation-de-sa-carriere\/\",\"url\":\"https:\/\/theplayoffs.news\/fr\/actualite-nba\/maudit-joel-embiid-va-subir-la-6eme-operation-de-sa-carriere\/\",\"name\":\"Maudit, Jo\u00ebl Embiid va subir la 6\u00e8me op\u00e9ration de sa carri\u00e8re\",\"isPartOf\":{\"@id\":\"https:\/\/theplayoffs.news\/fr\/#website\"},\"primaryImageOfPage\":{\"@id\":\"https:\/\/theplayoffs.news\/fr\/actualite-nba\/maudit-joel-embiid-va-subir-la-6eme-operation-de-sa-carriere\/#primaryimage\"},\"image\":{\"@id\":\"https:\/\/theplayoffs.news\/fr\/actualite-nba\/maudit-joel-embiid-va-subir-la-6eme-operation-de-sa-carriere\/#primaryimage\"},\"thumbnailUrl\":\"https:\/\/theplayoffs.news\/fr\/wp-content\/uploads\/2025\/04\/USATSI_16276601-1.jpg\",\"datePublished\":\"2025-04-03T08:10:11+00:00\",\"dateModified\":\"2025-04-03T08:10:18+00:00\",\"author\":{\"@id\":\"https:\/\/theplayoffs.news\/fr\/#\/schema\/person\/bb40426f4e478f9bd8cdbfeb4f2f9784\"},\"description\":\"Eloign\u00e9 des parquets depuis le 22 f\u00e9vrier dans apr\u00e8s une saison min\u00e9e par les blessures, Jo\u00ebl Embiid va se faire op\u00e9rer du genou.\",\"breadcrumb\":{\"@id\":\"https:\/\/theplayoffs.news\/fr\/actualite-nba\/maudit-joel-embiid-va-subir-la-6eme-operation-de-sa-carriere\/#breadcrumb\"},\"inLanguage\":\"fr-FR\",\"potentialAction\":[{\"@type\":\"ReadAction\",\"target\":[\"https:\/\/theplayoffs.news\/fr\/actualite-nba\/maudit-joel-embiid-va-subir-la-6eme-operation-de-sa-carriere\/\"]}]},{\"@type\":\"ImageObject\",\"inLanguage\":\"fr-FR\",\"@id\":\"https:\/\/theplayoffs.news\/fr\/actualite-nba\/maudit-joel-embiid-va-subir-la-6eme-operation-de-sa-carriere\/#primaryimage\",\"url\":\"https:\/\/theplayoffs.news\/fr\/wp-content\/uploads\/2025\/04\/USATSI_16276601-1.jpg\",\"contentUrl\":\"https:\/\/theplayoffs.news\/fr\/wp-content\/uploads\/2025\/04\/USATSI_16276601-1.jpg\",\"width\":1920,\"height\":1280,\"caption\":\"Jo\u00ebl Embiid NBA\"},{\"@type\":\"BreadcrumbList\",\"@id\":\"https:\/\/theplayoffs.news\/fr\/actualite-nba\/maudit-joel-embiid-va-subir-la-6eme-operation-de-sa-carriere\/#breadcrumb\",\"itemListElement\":[{\"@type\":\"ListItem\",\"position\":1,\"name\":\"Accueil\",\"item\":\"https:\/\/theplayoffs.news\/fr\/\"},{\"@type\":\"ListItem\",\"position\":2,\"name\":\"Maudit, Jo\u00ebl Embiid va subir la 6\u00e8me op\u00e9ration de sa carri\u00e8re\"}]},{\"@type\":\"WebSite\",\"@id\":\"https:\/\/theplayoffs.news\/fr\/#website\",\"url\":\"https:\/\/theplayoffs.news\/fr\/\",\"name\":\"The Playoffs FR\",\"description\":\"NBA-NFL-NHL-MLB\",\"potentialAction\":[{\"@type\":\"SearchAction\",\"target\":{\"@type\":\"EntryPoint\",\"urlTemplate\":\"https:\/\/theplayoffs.news\/fr\/?s={search_term_string}\"},\"query-input\":{\"@type\":\"PropertyValueSpecification\",\"valueRequired\":true,\"valueName\":\"search_term_string\"}}],\"inLanguage\":\"fr-FR\"},{\"@type\":\"Person\",\"@id\":\"https:\/\/theplayoffs.news\/fr\/#\/schema\/person\/bb40426f4e478f9bd8cdbfeb4f2f9784\",\"name\":\"La r\u00e9daction\",\"image\":{\"@type\":\"ImageObject\",\"inLanguage\":\"fr-FR\",\"@id\":\"https:\/\/theplayoffs.news\/fr\/#\/schema\/person\/image\/\",\"url\":\"https:\/\/secure.gravatar.com\/avatar\/7e69b41460ab2c17d61c8c364b6a0ee006f957a70191383ef42be1f4733d6515?s=96&d=mm&r=g\",\"contentUrl\":\"https:\/\/secure.gravatar.com\/avatar\/7e69b41460ab2c17d61c8c364b6a0ee006f957a70191383ef42be1f4733d6515?s=96&d=mm&r=g\",\"caption\":\"La r\u00e9daction\"},\"description\":\"On dit qu\\\\'il faut un village pour s\\\\'occuper d\\\\'un enfant. Et bien c\\\\'est exactement ce dont il s\\\\'agit ici pour The Playoffs. La r\u00e9daction, ce sont vos r\u00e9dacteurs pr\u00e9f\u00e9r\u00e9s qui collaborent sur ces articles que vous lisez au quotidien.\u00a0\",\"url\":\"https:\/\/theplayoffs.news\/fr\/author\/freeagentfr\/\"}]}<\/script>\n<!-- \/ Yoast SEO plugin. -->","yoast_head_json":{"title":"Maudit, Jo&euml;l Embiid va subir la 6&egrave;me op&eacute;ration de sa carri&egrave;re","description":"Eloign&eacute; des parquets depuis le 22 f&eacute;vrier dans apr&egrave;s une saison min&eacute;e par les blessures, Jo&euml;l Embiid va se faire op&eacute;rer du genou.","robots":{"index":"index","follow":"follow","max-snippet":"max-snippet:-1","max-image-preview":"max-image-preview:large","max-video-preview":"max-video-preview:-1"},"canonical":"https:\/\/theplayoffs.news\/fr\/actualite-nba\/maudit-joel-embiid-va-subir-la-6eme-operation-de-sa-carriere\/","og_locale":"fr_FR","og_type":"article","og_title":"Maudit, Jo&euml;l Embiid va subir la 6&egrave;me op&eacute;ration de sa carri&egrave;re","og_description":"Eloign&eacute; des parquets depuis le 22 f&eacute;vrier dans apr&egrave;s une saison min&eacute;e par les blessures, Jo&euml;l Embiid va se faire op&eacute;rer du genou.","og_url":"https:\/\/theplayoffs.news\/fr\/actualite-nba\/maudit-joel-embiid-va-subir-la-6eme-operation-de-sa-carriere\/","og_site_name":"The Playoffs FR","article_publisher":"https:\/\/www.facebook.com\/TheFreeAgentFR\/","article_modified_time":"2025-04-03T08:10:18+00:00","og_image":[{"width":1920,"height":1280,"url":"https:\/\/theplayoffs.news\/fr\/wp-content\/uploads\/2025\/04\/USATSI_16276601-1.jpg","type":"image\/jpeg"}],"author":"La r\u00e9daction","twitter_card":"summary_large_image","twitter_creator":"@TheFreeAgentFR","twitter_site":"@TheFreeAgentFR","twitter_misc":{"\u00c9crit par":"La r\u00e9daction","Dur\u00e9e de lecture estim\u00e9e":"2 minutes"},"schema":{"@context":"https:\/\/schema.org","@graph":[{"@type":"WebPage","@id":"https:\/\/theplayoffs.news\/fr\/actualite-nba\/maudit-joel-embiid-va-subir-la-6eme-operation-de-sa-carriere\/","url":"https:\/\/theplayoffs.news\/fr\/actualite-nba\/maudit-joel-embiid-va-subir-la-6eme-operation-de-sa-carriere\/","name":"Maudit, Jo\u00ebl Embiid va subir la 6\u00e8me op\u00e9ration de sa carri\u00e8re","isPartOf":{"@id":"https:\/\/theplayoffs.news\/fr\/#website"},"primaryImageOfPage":{"@id":"https:\/\/theplayoffs.news\/fr\/actualite-nba\/maudit-joel-embiid-va-subir-la-6eme-operation-de-sa-carriere\/#primaryimage"},"image":{"@id":"https:\/\/theplayoffs.news\/fr\/actualite-nba\/maudit-joel-embiid-va-subir-la-6eme-operation-de-sa-carriere\/#primaryimage"},"thumbnailUrl":"https:\/\/theplayoffs.news\/fr\/wp-content\/uploads\/2025\/04\/USATSI_16276601-1.jpg","datePublished":"2025-04-03T08:10:11+00:00","dateModified":"2025-04-03T08:10:18+00:00","author":{"@id":"https:\/\/theplayoffs.news\/fr\/#\/schema\/person\/bb40426f4e478f9bd8cdbfeb4f2f9784"},"description":"Eloign\u00e9 des parquets depuis le 22 f\u00e9vrier dans apr\u00e8s une saison min\u00e9e par les blessures, Jo\u00ebl Embiid va se faire op\u00e9rer du genou.","breadcrumb":{"@id":"https:\/\/theplayoffs.news\/fr\/actualite-nba\/maudit-joel-embiid-va-subir-la-6eme-operation-de-sa-carriere\/#breadcrumb"},"inLanguage":"fr-FR","potentialAction":[{"@type":"ReadAction","target":["https:\/\/theplayoffs.news\/fr\/actualite-nba\/maudit-joel-embiid-va-subir-la-6eme-operation-de-sa-carriere\/"]}]},{"@type":"ImageObject","inLanguage":"fr-FR","@id":"https:\/\/theplayoffs.news\/fr\/actualite-nba\/maudit-joel-embiid-va-subir-la-6eme-operation-de-sa-carriere\/#primaryimage","url":"https:\/\/theplayoffs.news\/fr\/wp-content\/uploads\/2025\/04\/USATSI_16276601-1.jpg","contentUrl":"https:\/\/theplayoffs.news\/fr\/wp-content\/uploads\/2025\/04\/USATSI_16276601-1.jpg","width":1920,"height":1280,"caption":"Jo\u00ebl Embiid NBA"},{"@type":"BreadcrumbList","@id":"https:\/\/theplayoffs.news\/fr\/actualite-nba\/maudit-joel-embiid-va-subir-la-6eme-operation-de-sa-carriere\/#breadcrumb","itemListElement":[{"@type":"ListItem","position":1,"name":"Accueil","item":"https:\/\/theplayoffs.news\/fr\/"},{"@type":"ListItem","position":2,"name":"Maudit, Jo\u00ebl Embiid va subir la 6\u00e8me op\u00e9ration de sa carri\u00e8re"}]},{"@type":"WebSite","@id":"https:\/\/theplayoffs.news\/fr\/#website","url":"https:\/\/theplayoffs.news\/fr\/","name":"The Playoffs FR","description":"NBA-NFL-NHL-MLB","potentialAction":[{"@type":"SearchAction","target":{"@type":"EntryPoint","urlTemplate":"https:\/\/theplayoffs.news\/fr\/?s={search_term_string}"},"query-input":{"@type":"PropertyValueSpecification","valueRequired":true,"valueName":"search_term_string"}}],"inLanguage":"fr-FR"},{"@type":"Person","@id":"https:\/\/theplayoffs.news\/fr\/#\/schema\/person\/bb40426f4e478f9bd8cdbfeb4f2f9784","name":"La r\u00e9daction","image":{"@type":"ImageObject","inLanguage":"fr-FR","@id":"https:\/\/theplayoffs.news\/fr\/#\/schema\/person\/image\/","url":"https:\/\/secure.gravatar.com\/avatar\/7e69b41460ab2c17d61c8c364b6a0ee006f957a70191383ef42be1f4733d6515?s=96&d=mm&r=g","contentUrl":"https:\/\/secure.gravatar.com\/avatar\/7e69b41460ab2c17d61c8c364b6a0ee006f957a70191383ef42be1f4733d6515?s=96&d=mm&r=g","caption":"La r\u00e9daction"},"description":"On dit qu\\'il faut un village pour s\\'occuper d\\'un enfant. Et bien c\\'est exactement ce dont il s\\'agit ici pour The Playoffs. La r\u00e9daction, ce sont vos r\u00e9dacteurs pr\u00e9f\u00e9r\u00e9s qui collaborent sur ces articles que vous lisez au quotidien.\u00a0","url":"https:\/\/theplayoffs.news\/fr\/author\/freeagentfr\/"}]}},"_links":{"self":[{"href":"https:\/\/theplayoffs.news\/fr\/wp-json\/wp\/v2\/posts\/1487278","targetHints":{"allow":["GET"]}}],"collection":[{"href":"https:\/\/theplayoffs.news\/fr\/wp-json\/wp\/v2\/posts"}],"about":[{"href":"https:\/\/theplayoffs.news\/fr\/wp-json\/wp\/v2\/types\/post"}],"author":[{"embeddable":true,"href":"https:\/\/theplayoffs.news\/fr\/wp-json\/wp\/v2\/users\/180309799"}],"replies":[{"embeddable":true,"href":"https:\/\/theplayoffs.news\/fr\/wp-json\/wp\/v2\/comments?post=1487278"}],"version-history":[{"count":1,"href":"https:\/\/theplayoffs.news\/fr\/wp-json\/wp\/v2\/posts\/1487278\/revisions"}],"predecessor-version":[{"id":1487285,"href":"https:\/\/theplayoffs.news\/fr\/wp-json\/wp\/v2\/posts\/1487278\/revisions\/1487285"}],"wp:featuredmedia":[{"embeddable":true,"href":"https:\/\/theplayoffs.news\/fr\/wp-json\/wp\/v2\/media\/1487281"}],"wp:attachment":[{"href":"https:\/\/theplayoffs.news\/fr\/wp-json\/wp\/v2\/media?parent=1487278"}],"wp:term":[{"taxonomy":"category","embeddable":true,"href":"https:\/\/theplayoffs.news\/fr\/wp-json\/wp\/v2\/categories?post=1487278"},{"taxonomy":"post_tag","embeddable":true,"href":"https:\/\/theplayoffs.news\/fr\/wp-json\/wp\/v2\/tags?post=1487278"},{"taxonomy":"sport","embeddable":true,"href":"https:\/\/theplayoffs.news\/fr\/wp-json\/wp\/v2\/sport?post=1487278"},{"taxonomy":"saison","embeddable":true,"href":"https:\/\/theplayoffs.news\/fr\/wp-json\/wp\/v2\/saison?post=1487278"}],"curies":[{"name":"wp","href":"https:\/\/api.w.org\/{rel}","templated":true}]}}