{"id":1487239,"date":"2025-04-02T19:13:53","date_gmt":"2025-04-02T17:13:53","guid":{"rendered":"https:\/\/theplayoffs.news\/fr\/uncategorized\/\/"},"modified":"2025-04-02T19:14:03","modified_gmt":"2025-04-02T17:14:03","slug":"les-wolves-changent-de-proprietaire","status":"publish","type":"post","link":"https:\/\/theplayoffs.news\/fr\/actualite-nba\/les-wolves-changent-de-proprietaire\/","title":{"rendered":"Les Wolves changent de propri\u00e9taire"},"content":{"rendered":"<p>C&rsquo;est la fin d&rsquo;un litige d&eacute;but&eacute; en mars 2024. Glen Taylor avait initialement convenu de vendre la franchise des Wolves en 2021. Les acqu&eacute;reurs, Marc Lore et Alex Rodriguez, devaient la racheter dans le cadre d&rsquo;une vente en trois phases. Les deux premi&egrave;res tranches, totalisant 36 %, ont &eacute;t&eacute; vendues pour environ 500 millions de dollars. <\/p><p>Alors qu&rsquo;il ne restait plus qu&rsquo;une derni&egrave;re tranche, Taylor a finalement annul&eacute; la vente en mars 2024, estimant que Lore et Rodriguez avaient viol&eacute; les termes du contrat et manqu&eacute; la date limite de finalisation de la transaction, rappelle ESPN. <\/p><p>L&rsquo;affaire a finalement &eacute;t&eacute; port&eacute;e devant la justice avant qu&rsquo;un accord ne soit trouv&eacute; ce mercredi.<\/p><h2 class=\"wp-block-heading\">30 ans apr&egrave;s, les Wolves ont un nouveau propri&eacute;taire<\/h2><p>Marc Lore et Alex Rodriguez ont renforc&eacute; leur camp en int&eacute;grant de nouveaux partenaires, rapporte le <a href=\"https:\/\/www.espn.com\/nba\/story\/_\/id\/44504541\/sources-rodriguez-lore-own-timberwolves-standoff\" target=\"_blank\" rel=\"noreferrer noopener\" class=\"trk-cta-link\" data-cta-trk='{\"ctaType\":\"Link\",\"ctaSubType\":\"main\"}'>m&eacute;dia am&eacute;ricain<\/a>. L&rsquo;ancien maire de New York, Michael Bloomberg, le milliardaire Eric Schmidt, ancien dirigeant de Google, ainsi que Blue Owl Capital, un fonds de capital-investissement agr&eacute;&eacute; par la NBA, les ont rejoints. <\/p><p>Le groupe a lev&eacute; 950 millions de dollars suppl&eacute;mentaires, plac&eacute;s dans un fonds de capital-investissement, pour d&eacute;montrer sa volont&eacute; de conclure la vente. Apr&egrave;s discussions, les deux parties sont finalement tomb&eacute;es d&rsquo;accord. Ils deviennent ainsi propri&eacute;taires des Minnesota Timberwolves et des Minnesota Lynx.<\/p><figure class=\"wp-block-embed is-type-rich is-provider-twitter wp-block-embed-twitter\"><div class=\"wp-block-embed__wrapper\">\n<blockquote class=\"twitter-tweet\" data-width=\"500\" data-dnt=\"true\"><p lang=\"en\" dir=\"ltr\">Glen Taylor, 83, purchased the Timberwolves for $94 million in 1994.<br><br>Now, 31 years later, Taylor agrees to sell for $1.5 billion &ndash; the original price tag from his deal with Marc Lore and Alex Rodriguez.<br><br>&#128176;&#128176;&#128176; <a href=\"https:\/\/t.co\/T06ElIbdTN\" class=\"trk-cta-link\" data-cta-trk='{\"ctaType\":\"Link\",\"ctaSubType\":\"main\"}'>https:\/\/t.co\/T06ElIbdTN<\/a><\/p>&mdash; Shams Charania (@ShamsCharania) <a href=\"https:\/\/twitter.com\/ShamsCharania\/status\/1907454971462717497?ref_src=twsrc%5Etfw\" class=\"trk-cta-link\" data-cta-trk='{\"ctaType\":\"Link\",\"ctaSubType\":\"main\"}'>April 2, 2025<\/a><\/blockquote><script async src=\"https:\/\/platform.twitter.com\/widgets.js\" charset=\"utf-8\"><\/script>\n<\/div><\/figure><ul class=\"wp-block-list\">\n<li>Lire aussi :<\/li>\n<\/ul><p><a href=\"https:\/\/theplayoffs.news\/fr\/actualite-nba\/carmelo-anthony-intronise-au-hall-of-fame-en-2025\/\" target=\"_blank\" rel=\"noreferrer noopener\" class=\"trk-cta-link\" data-cta-trk='{\"ctaType\":\"Link\",\"ctaSubType\":\"main\"}'>Carmelo Anthony intronis&eacute; au Hall of Fame en 2025<\/a><\/p><p><a href=\"https:\/\/theplayoffs.news\/fr\/actualite-nba\/regle-des-65-matchs-la-double-peine-des-stars-nba\/\" target=\"_blank\" rel=\"noreferrer noopener\" class=\"trk-cta-link\" data-cta-trk='{\"ctaType\":\"Link\",\"ctaSubType\":\"main\"}'>R&egrave;gle des 65 matchs : la double peine des Stars NBA !<\/a><\/p><p>C&rsquo;est une page qui se tourne dans l&rsquo;histoire de la franchise. Glen Taylor, 83 ans, avait achet&eacute; les Wolves en 1994 pour 94 millions de dollars, alors que l&rsquo;&eacute;quipe &eacute;tait menac&eacute;e d&rsquo;un d&eacute;m&eacute;nagement &agrave; La Nouvelle-Orl&eacute;ans.<\/p><p>Le duo form&eacute; par Marc Lore, homme d&rsquo;affaires, et Alex Rodriguez, ancien joueur de MLB, pourrait bien donner un nouvel &eacute;lan &agrave; Minnesota avec l&rsquo;appui de leurs nouveaux associ&eacute;s.<\/p><p>Cr&eacute;dit photo : Nick Wosika-USA TODAY Sports<\/p>\n","protected":false},"excerpt":{"rendered":"<p>Les Minnesota Timberwolves vont conna\u00eetre un nouveau propri\u00e9taire. Ce mercredi, Glen Taylor a accept\u00e9 de vendre sa franchise au duo Marc Lore-Alex Rodriguez.<\/p>\n","protected":false},"author":180310250,"featured_media":1487241,"comment_status":"closed","ping_status":"closed","sticky":false,"template":"","format":"standard","meta":{"inline_featured_image":false,"kia_subtitle":"Les Minnesota Timberwolves vont conna\u00eetre un nouveau propri\u00e9taire. Ce mercredi, Glen Taylor a accept\u00e9 de vendre sa franchise au duo Marc Lore-Alex Rodriguez.","_mux_skip_reasons":[],"proofreadBy":0,"footnotes":""},"categories":[110,10],"tags":[1874,856,23],"sport":[2783],"saison":[7475],"class_list":["post-1487239","post","type-post","status-publish","format-standard","has-post-thumbnail","hentry","category-actualite-nba","category-nba","tag-minnesota-lynx","tag-minnesota-timberwolves","tag-nba-tag","sport-nba","saison-7475"],"acf":[],"yoast_head":"<!-- This site is optimized with the Yoast SEO plugin v24.2 - https:\/\/yoast.com\/wordpress\/plugins\/seo\/ -->\n<title>Les Wolves changent de propri&eacute;taire<\/title>\n<meta name=\"description\" content=\"Les Wolves vont conna&icirc;tre un nouveau propri&eacute;taire. Ce mercredi, Glen Taylor a accept&eacute; de vendre sa franchise au duo Marc Lore-Alex Rodriguez.\" \/>\n<meta name=\"robots\" content=\"index, follow, max-snippet:-1, max-image-preview:large, max-video-preview:-1\" \/>\n<link rel=\"canonical\" href=\"https:\/\/theplayoffs.news\/fr\/actualite-nba\/les-wolves-changent-de-proprietaire\/\" \/>\n<meta property=\"og:locale\" content=\"fr_FR\" \/>\n<meta property=\"og:type\" content=\"article\" \/>\n<meta property=\"og:title\" content=\"Les Wolves changent de propri&eacute;taire\" \/>\n<meta property=\"og:description\" content=\"Les Wolves vont conna&icirc;tre un nouveau propri&eacute;taire. Ce mercredi, Glen Taylor a accept&eacute; de vendre sa franchise au duo Marc Lore-Alex Rodriguez.\" \/>\n<meta property=\"og:url\" content=\"https:\/\/theplayoffs.news\/fr\/actualite-nba\/les-wolves-changent-de-proprietaire\/\" \/>\n<meta property=\"og:site_name\" content=\"The Playoffs FR\" \/>\n<meta property=\"article:publisher\" content=\"https:\/\/www.facebook.com\/TheFreeAgentFR\/\" \/>\n<meta property=\"article:modified_time\" content=\"2025-04-02T19:14:03+02:00\" \/>\n<meta property=\"og:image\" content=\"https:\/\/theplayoffs.news\/fr\/wp-content\/uploads\/2025\/04\/USATSI_18081206.jpg\" \/>\n\t<meta property=\"og:image:width\" content=\"1920\" \/>\n\t<meta property=\"og:image:height\" content=\"1280\" \/>\n\t<meta property=\"og:image:type\" content=\"image\/jpeg\" \/>\n<meta name=\"author\" content=\"Jean Fabre-Jevanoff\" \/>\n<meta name=\"twitter:card\" content=\"summary_large_image\" \/>\n<meta name=\"twitter:creator\" content=\"@the_jfj_42\" \/>\n<meta name=\"twitter:site\" content=\"@TheFreeAgentFR\" \/>\n<meta name=\"twitter:label1\" content=\"\u00c9crit par\" \/>\n\t<meta name=\"twitter:data1\" content=\"Jean Fabre-Jevanoff\" \/>\n\t<meta name=\"twitter:label2\" content=\"Dur\u00e9e de lecture estim\u00e9e\" \/>\n\t<meta name=\"twitter:data2\" content=\"2 minutes\" \/>\n<script type=\"application\/ld+json\" class=\"yoast-schema-graph\">{\"@context\":\"https:\/\/schema.org\",\"@graph\":[{\"@type\":\"WebPage\",\"@id\":\"https:\/\/theplayoffs.news\/fr\/actualite-nba\/les-wolves-changent-de-proprietaire\/\",\"url\":\"https:\/\/theplayoffs.news\/fr\/actualite-nba\/les-wolves-changent-de-proprietaire\/\",\"name\":\"Les Wolves changent de propri\u00e9taire\",\"isPartOf\":{\"@id\":\"https:\/\/theplayoffs.news\/fr\/#website\"},\"primaryImageOfPage\":{\"@id\":\"https:\/\/theplayoffs.news\/fr\/actualite-nba\/les-wolves-changent-de-proprietaire\/#primaryimage\"},\"image\":{\"@id\":\"https:\/\/theplayoffs.news\/fr\/actualite-nba\/les-wolves-changent-de-proprietaire\/#primaryimage\"},\"thumbnailUrl\":\"https:\/\/theplayoffs.news\/fr\/wp-content\/uploads\/2025\/04\/USATSI_18081206.jpg\",\"datePublished\":\"2025-04-02T17:13:53+00:00\",\"dateModified\":\"2025-04-02T17:14:03+00:00\",\"author\":{\"@id\":\"https:\/\/theplayoffs.news\/fr\/#\/schema\/person\/1ea25b88e79fe4fabd657430b0013d3d\"},\"description\":\"Les Wolves vont conna\u00eetre un nouveau propri\u00e9taire. Ce mercredi, Glen Taylor a accept\u00e9 de vendre sa franchise au duo Marc Lore-Alex Rodriguez.\",\"breadcrumb\":{\"@id\":\"https:\/\/theplayoffs.news\/fr\/actualite-nba\/les-wolves-changent-de-proprietaire\/#breadcrumb\"},\"inLanguage\":\"fr-FR\",\"potentialAction\":[{\"@type\":\"ReadAction\",\"target\":[\"https:\/\/theplayoffs.news\/fr\/actualite-nba\/les-wolves-changent-de-proprietaire\/\"]}]},{\"@type\":\"ImageObject\",\"inLanguage\":\"fr-FR\",\"@id\":\"https:\/\/theplayoffs.news\/fr\/actualite-nba\/les-wolves-changent-de-proprietaire\/#primaryimage\",\"url\":\"https:\/\/theplayoffs.news\/fr\/wp-content\/uploads\/2025\/04\/USATSI_18081206.jpg\",\"contentUrl\":\"https:\/\/theplayoffs.news\/fr\/wp-content\/uploads\/2025\/04\/USATSI_18081206.jpg\",\"width\":1920,\"height\":1280,\"caption\":\"Apr 12, 2022; Minneapolis, Minnesota, USA; Minnesota Timberwolves co-minority owners Alex Rodriguez and Marc Lore celebrate a victory over the Los Angeles Clippers after a play-in game at Target Center. Mandatory Credit: Nick Wosika-USA TODAY Sports\"},{\"@type\":\"BreadcrumbList\",\"@id\":\"https:\/\/theplayoffs.news\/fr\/actualite-nba\/les-wolves-changent-de-proprietaire\/#breadcrumb\",\"itemListElement\":[{\"@type\":\"ListItem\",\"position\":1,\"name\":\"Accueil\",\"item\":\"https:\/\/theplayoffs.news\/fr\/\"},{\"@type\":\"ListItem\",\"position\":2,\"name\":\"Les Wolves changent de propri\u00e9taire\"}]},{\"@type\":\"WebSite\",\"@id\":\"https:\/\/theplayoffs.news\/fr\/#website\",\"url\":\"https:\/\/theplayoffs.news\/fr\/\",\"name\":\"The Playoffs FR\",\"description\":\"NBA-NFL-NHL-MLB\",\"potentialAction\":[{\"@type\":\"SearchAction\",\"target\":{\"@type\":\"EntryPoint\",\"urlTemplate\":\"https:\/\/theplayoffs.news\/fr\/?s={search_term_string}\"},\"query-input\":{\"@type\":\"PropertyValueSpecification\",\"valueRequired\":true,\"valueName\":\"search_term_string\"}}],\"inLanguage\":\"fr-FR\"},{\"@type\":\"Person\",\"@id\":\"https:\/\/theplayoffs.news\/fr\/#\/schema\/person\/1ea25b88e79fe4fabd657430b0013d3d\",\"name\":\"Jean Fabre-Jevanoff\",\"image\":{\"@type\":\"ImageObject\",\"inLanguage\":\"fr-FR\",\"@id\":\"https:\/\/theplayoffs.news\/fr\/#\/schema\/person\/image\/\",\"url\":\"https:\/\/secure.gravatar.com\/avatar\/18b28dab1159eebc6a17b9787eb8cbbe3242c3d0e8b53b89332f6dc1133aa361?s=96&d=mm&r=g\",\"contentUrl\":\"https:\/\/secure.gravatar.com\/avatar\/18b28dab1159eebc6a17b9787eb8cbbe3242c3d0e8b53b89332f6dc1133aa361?s=96&d=mm&r=g\",\"caption\":\"Jean Fabre-Jevanoff\"},\"description\":\"Journaliste polyvalent sur le football am\u00e9ricain, j\u2019\u00e9cris aussi des articles sur le basket. Commentateur sur Twitch et sur YouTube. Pass\u00e9 par Eurosport notamment. Un mix d\u2019Eminem et de OBJ, fan inconditionnel de Patrick Mahomes et Lebron James\",\"sameAs\":[\"https:\/\/www.instagram.com\/_juaniitooo_\",\"https:\/\/www.linkedin.com\/in\/jean-fabre-jevanoff-84bb9b1a9\/\",\"https:\/\/x.com\/the_jfj_42\"],\"url\":\"https:\/\/theplayoffs.news\/fr\/author\/jeanfj42gmail-com\/\"}]}<\/script>\n<!-- \/ Yoast SEO plugin. -->","yoast_head_json":{"title":"Les Wolves changent de propri&eacute;taire","description":"Les Wolves vont conna&icirc;tre un nouveau propri&eacute;taire. Ce mercredi, Glen Taylor a accept&eacute; de vendre sa franchise au duo Marc Lore-Alex Rodriguez.","robots":{"index":"index","follow":"follow","max-snippet":"max-snippet:-1","max-image-preview":"max-image-preview:large","max-video-preview":"max-video-preview:-1"},"canonical":"https:\/\/theplayoffs.news\/fr\/actualite-nba\/les-wolves-changent-de-proprietaire\/","og_locale":"fr_FR","og_type":"article","og_title":"Les Wolves changent de propri&eacute;taire","og_description":"Les Wolves vont conna&icirc;tre un nouveau propri&eacute;taire. Ce mercredi, Glen Taylor a accept&eacute; de vendre sa franchise au duo Marc Lore-Alex Rodriguez.","og_url":"https:\/\/theplayoffs.news\/fr\/actualite-nba\/les-wolves-changent-de-proprietaire\/","og_site_name":"The Playoffs FR","article_publisher":"https:\/\/www.facebook.com\/TheFreeAgentFR\/","article_modified_time":"2025-04-02T17:14:03+00:00","og_image":[{"width":1920,"height":1280,"url":"https:\/\/theplayoffs.news\/fr\/wp-content\/uploads\/2025\/04\/USATSI_18081206.jpg","type":"image\/jpeg"}],"author":"Jean Fabre-Jevanoff","twitter_card":"summary_large_image","twitter_creator":"@the_jfj_42","twitter_site":"@TheFreeAgentFR","twitter_misc":{"\u00c9crit par":"Jean Fabre-Jevanoff","Dur\u00e9e de lecture estim\u00e9e":"2 minutes"},"schema":{"@context":"https:\/\/schema.org","@graph":[{"@type":"WebPage","@id":"https:\/\/theplayoffs.news\/fr\/actualite-nba\/les-wolves-changent-de-proprietaire\/","url":"https:\/\/theplayoffs.news\/fr\/actualite-nba\/les-wolves-changent-de-proprietaire\/","name":"Les Wolves changent de propri\u00e9taire","isPartOf":{"@id":"https:\/\/theplayoffs.news\/fr\/#website"},"primaryImageOfPage":{"@id":"https:\/\/theplayoffs.news\/fr\/actualite-nba\/les-wolves-changent-de-proprietaire\/#primaryimage"},"image":{"@id":"https:\/\/theplayoffs.news\/fr\/actualite-nba\/les-wolves-changent-de-proprietaire\/#primaryimage"},"thumbnailUrl":"https:\/\/theplayoffs.news\/fr\/wp-content\/uploads\/2025\/04\/USATSI_18081206.jpg","datePublished":"2025-04-02T17:13:53+00:00","dateModified":"2025-04-02T17:14:03+00:00","author":{"@id":"https:\/\/theplayoffs.news\/fr\/#\/schema\/person\/1ea25b88e79fe4fabd657430b0013d3d"},"description":"Les Wolves vont conna\u00eetre un nouveau propri\u00e9taire. Ce mercredi, Glen Taylor a accept\u00e9 de vendre sa franchise au duo Marc Lore-Alex Rodriguez.","breadcrumb":{"@id":"https:\/\/theplayoffs.news\/fr\/actualite-nba\/les-wolves-changent-de-proprietaire\/#breadcrumb"},"inLanguage":"fr-FR","potentialAction":[{"@type":"ReadAction","target":["https:\/\/theplayoffs.news\/fr\/actualite-nba\/les-wolves-changent-de-proprietaire\/"]}]},{"@type":"ImageObject","inLanguage":"fr-FR","@id":"https:\/\/theplayoffs.news\/fr\/actualite-nba\/les-wolves-changent-de-proprietaire\/#primaryimage","url":"https:\/\/theplayoffs.news\/fr\/wp-content\/uploads\/2025\/04\/USATSI_18081206.jpg","contentUrl":"https:\/\/theplayoffs.news\/fr\/wp-content\/uploads\/2025\/04\/USATSI_18081206.jpg","width":1920,"height":1280,"caption":"Apr 12, 2022; Minneapolis, Minnesota, USA; Minnesota Timberwolves co-minority owners Alex Rodriguez and Marc Lore celebrate a victory over the Los Angeles Clippers after a play-in game at Target Center. Mandatory Credit: Nick Wosika-USA TODAY Sports"},{"@type":"BreadcrumbList","@id":"https:\/\/theplayoffs.news\/fr\/actualite-nba\/les-wolves-changent-de-proprietaire\/#breadcrumb","itemListElement":[{"@type":"ListItem","position":1,"name":"Accueil","item":"https:\/\/theplayoffs.news\/fr\/"},{"@type":"ListItem","position":2,"name":"Les Wolves changent de propri\u00e9taire"}]},{"@type":"WebSite","@id":"https:\/\/theplayoffs.news\/fr\/#website","url":"https:\/\/theplayoffs.news\/fr\/","name":"The Playoffs FR","description":"NBA-NFL-NHL-MLB","potentialAction":[{"@type":"SearchAction","target":{"@type":"EntryPoint","urlTemplate":"https:\/\/theplayoffs.news\/fr\/?s={search_term_string}"},"query-input":{"@type":"PropertyValueSpecification","valueRequired":true,"valueName":"search_term_string"}}],"inLanguage":"fr-FR"},{"@type":"Person","@id":"https:\/\/theplayoffs.news\/fr\/#\/schema\/person\/1ea25b88e79fe4fabd657430b0013d3d","name":"Jean Fabre-Jevanoff","image":{"@type":"ImageObject","inLanguage":"fr-FR","@id":"https:\/\/theplayoffs.news\/fr\/#\/schema\/person\/image\/","url":"https:\/\/secure.gravatar.com\/avatar\/18b28dab1159eebc6a17b9787eb8cbbe3242c3d0e8b53b89332f6dc1133aa361?s=96&d=mm&r=g","contentUrl":"https:\/\/secure.gravatar.com\/avatar\/18b28dab1159eebc6a17b9787eb8cbbe3242c3d0e8b53b89332f6dc1133aa361?s=96&d=mm&r=g","caption":"Jean Fabre-Jevanoff"},"description":"Journaliste polyvalent sur le football am\u00e9ricain, j\u2019\u00e9cris aussi des articles sur le basket. Commentateur sur Twitch et sur YouTube. Pass\u00e9 par Eurosport notamment. Un mix d\u2019Eminem et de OBJ, fan inconditionnel de Patrick Mahomes et Lebron James","sameAs":["https:\/\/www.instagram.com\/_juaniitooo_","https:\/\/www.linkedin.com\/in\/jean-fabre-jevanoff-84bb9b1a9\/","https:\/\/x.com\/the_jfj_42"],"url":"https:\/\/theplayoffs.news\/fr\/author\/jeanfj42gmail-com\/"}]}},"_links":{"self":[{"href":"https:\/\/theplayoffs.news\/fr\/wp-json\/wp\/v2\/posts\/1487239","targetHints":{"allow":["GET"]}}],"collection":[{"href":"https:\/\/theplayoffs.news\/fr\/wp-json\/wp\/v2\/posts"}],"about":[{"href":"https:\/\/theplayoffs.news\/fr\/wp-json\/wp\/v2\/types\/post"}],"author":[{"embeddable":true,"href":"https:\/\/theplayoffs.news\/fr\/wp-json\/wp\/v2\/users\/180310250"}],"replies":[{"embeddable":true,"href":"https:\/\/theplayoffs.news\/fr\/wp-json\/wp\/v2\/comments?post=1487239"}],"version-history":[{"count":1,"href":"https:\/\/theplayoffs.news\/fr\/wp-json\/wp\/v2\/posts\/1487239\/revisions"}],"predecessor-version":[{"id":1487242,"href":"https:\/\/theplayoffs.news\/fr\/wp-json\/wp\/v2\/posts\/1487239\/revisions\/1487242"}],"wp:featuredmedia":[{"embeddable":true,"href":"https:\/\/theplayoffs.news\/fr\/wp-json\/wp\/v2\/media\/1487241"}],"wp:attachment":[{"href":"https:\/\/theplayoffs.news\/fr\/wp-json\/wp\/v2\/media?parent=1487239"}],"wp:term":[{"taxonomy":"category","embeddable":true,"href":"https:\/\/theplayoffs.news\/fr\/wp-json\/wp\/v2\/categories?post=1487239"},{"taxonomy":"post_tag","embeddable":true,"href":"https:\/\/theplayoffs.news\/fr\/wp-json\/wp\/v2\/tags?post=1487239"},{"taxonomy":"sport","embeddable":true,"href":"https:\/\/theplayoffs.news\/fr\/wp-json\/wp\/v2\/sport?post=1487239"},{"taxonomy":"saison","embeddable":true,"href":"https:\/\/theplayoffs.news\/fr\/wp-json\/wp\/v2\/saison?post=1487239"}],"curies":[{"name":"wp","href":"https:\/\/api.w.org\/{rel}","templated":true}]}}