{"id":1487230,"date":"2025-04-02T18:37:49","date_gmt":"2025-04-02T16:37:49","guid":{"rendered":"https:\/\/theplayoffs.news\/fr\/uncategorized\/\/"},"modified":"2025-04-02T18:37:55","modified_gmt":"2025-04-02T16:37:55","slug":"carmelo-anthony-intronise-au-hall-of-fame-en-2025","status":"publish","type":"post","link":"https:\/\/theplayoffs.news\/fr\/actualite-nba\/carmelo-anthony-intronise-au-hall-of-fame-en-2025\/","title":{"rendered":"Carmelo Anthony intronis\u00e9 au Hall of Fame en 2025"},"content":{"rendered":"<p>En 2025, Carmelo Anthony rejoint enfin le panth&eacute;on du basketball : le Naismith Memorial Hall of Fame. <\/p><figure class=\"wp-block-embed is-type-rich is-provider-twitter wp-block-embed-twitter\"><div class=\"wp-block-embed__wrapper\">\n<blockquote class=\"twitter-tweet\" data-width=\"500\" data-dnt=\"true\"><p lang=\"en\" dir=\"ltr\">First ballot: Carmelo Anthony has been notified that he's been elected into the Naismith Basketball Hall of Fame Class of 2025, sources tell ESPN. Anthony made 10 All-Star appearances and six All-NBA teams in 19 seasons to go along with three Olympic gold medals for Team USA. <a href=\"https:\/\/t.co\/b079xHPqZB\" class=\"trk-cta-link\" data-cta-trk='{\"ctaType\":\"Link\",\"ctaSubType\":\"main\"}'>pic.twitter.com\/b079xHPqZB<\/a><\/p>&mdash; Shams Charania (@ShamsCharania) <a href=\"https:\/\/twitter.com\/ShamsCharania\/status\/1907468669770420417?ref_src=twsrc%5Etfw\" class=\"trk-cta-link\" data-cta-trk='{\"ctaType\":\"Link\",\"ctaSubType\":\"main\"}'>April 2, 2025<\/a><\/blockquote><script async src=\"https:\/\/platform.twitter.com\/widgets.js\" charset=\"utf-8\"><\/script>\n<\/div><\/figure><p>Une juste r&eacute;compense pour l&rsquo;un des scoreurs les plus &eacute;l&eacute;gants et marquants de sa g&eacute;n&eacute;ration. Un joueur qui a marqu&eacute; de son empreinte chaque parquet qu&rsquo;il a foul&eacute;.<\/p><h2 class=\"wp-block-heading\"><strong>De Syracuse au sommet<\/strong><\/h2><p>Tout a commenc&eacute; &agrave; Syracuse, en 2003. &Agrave; seulement 18 ans, Carmelo d&eacute;barque &agrave; l&rsquo;universit&eacute; et emm&egrave;ne les Orange jusqu&rsquo;au titre NCAA d&egrave;s sa premi&egrave;re saison. Un exploit majuscule. Il est &eacute;lu MVP du Final Four et se pr&eacute;sente &agrave; la draft dans la foul&eacute;e, o&ugrave; les Nuggets de Denver le s&eacute;lectionnent en 3e position.<\/p><p>&Agrave; Denver, il devient rapidement la figure de proue d&rsquo;une franchise qui n&rsquo;avait plus connu les playoffs depuis des ann&eacute;es. En huit saisons, il tourne &agrave; pr&egrave;s de 25 points par match, avec une finale de conf&eacute;rence en 2009 comme point d&rsquo;orgue. <\/p><p>Scoreur naturel, adepte du &ldquo;mid-range&rdquo; l&eacute;tal, Melo &eacute;tait un cauchemar pour les d&eacute;fenses.<\/p><h2 class=\"wp-block-heading\"><strong>La parenth&egrave;se new-yorkaise<\/strong><\/h2><p>En 2011, Carmelo r&eacute;alise son r&ecirc;ve : jouer pour les Knicks, &agrave; domicile, au Madison Square Garden. Il y offre certaines de ses plus grandes performances, comme ce match &agrave; 62 points contre Charlotte. <\/p><p>En 2013, il termine meilleur marqueur de la ligue. Melo &agrave; New York, c&rsquo;&eacute;tait plus qu&rsquo;un joueur : c&rsquo;&eacute;tait une vibe.<\/p><p>Il conna&icirc;tra ensuite des passages plus discrets &agrave; OKC, Houston, Portland et Los Angeles, mais toujours avec cette capacit&eacute; &agrave; scorer, peu importe son &acirc;ge ou son r&ocirc;le.<\/p><p>Au total : 19 saisons NBA, 10 s&eacute;lections All-Star, 6 All-NBA Teams, plus de 28 000 points inscrits. Une carri&egrave;re XXL.<\/p><h2 class=\"wp-block-heading\"><strong>Le roi des Jeux Olympiques<\/strong><\/h2><p>Mais Carmelo, c&rsquo;est aussi un immense palmar&egrave;s avec Team USA. Quatre Jeux Olympiques, trois m&eacute;dailles d&rsquo;or (2008, 2012, 2016), une de bronze (2004), et des moments grav&eacute;s dans l&rsquo;histoire de la s&eacute;lection am&eacute;ricaine. Il est, encore aujourd&rsquo;hui, le meilleur marqueur de l&rsquo;histoire de Team USA en comp&eacute;titions officielles.<\/p><p>Carmelo Anthony n&rsquo;a jamais remport&eacute; de titre <a href=\"https:\/\/theplayoffs.news\/fr\/category\/nba\/\" target=\"_blank\" rel=\"noreferrer noopener\" class=\"trk-cta-link\" data-cta-trk='{\"ctaType\":\"Link\",\"ctaSubType\":\"main\"}'>NBA<\/a>. Mais il a offert aux fans des ann&eacute;es de pur spectacle, de moves soyeux et de tirs clutch. Il a &eacute;t&eacute; une ic&ocirc;ne, un style, une attitude. <\/p><p>Et aujourd&rsquo;hui, il re&ccedil;oit la reconnaissance ultime : une place au Hall of Fame.<\/p><p><\/p><p><em>Credit Photo: Brett Davis-USA TODAY Sports<\/em><\/p>\n","protected":false},"excerpt":{"rendered":"","protected":false},"author":13,"featured_media":1487233,"comment_status":"closed","ping_status":"closed","sticky":false,"template":"","format":"standard","meta":{"inline_featured_image":false,"kia_subtitle":"","_mux_skip_reasons":[],"proofreadBy":0,"footnotes":""},"categories":[110,10],"tags":[],"sport":[],"saison":[],"class_list":["post-1487230","post","type-post","status-publish","format-standard","has-post-thumbnail","hentry","category-actualite-nba","category-nba"],"acf":[],"yoast_head":"<!-- This site is optimized with the Yoast SEO plugin v24.2 - https:\/\/yoast.com\/wordpress\/plugins\/seo\/ -->\n<title>Carmelo Anthony intronis&eacute; au Hall of Fame en 2025 - The Playoffs FR<\/title>\n<meta name=\"robots\" content=\"index, follow, max-snippet:-1, max-image-preview:large, max-video-preview:-1\" \/>\n<link rel=\"canonical\" href=\"https:\/\/theplayoffs.news\/fr\/actualite-nba\/carmelo-anthony-intronise-au-hall-of-fame-en-2025\/\" \/>\n<meta property=\"og:locale\" content=\"fr_FR\" \/>\n<meta property=\"og:type\" content=\"article\" \/>\n<meta property=\"og:title\" content=\"Carmelo Anthony intronis&eacute; au Hall of Fame en 2025 - The Playoffs FR\" \/>\n<meta property=\"og:url\" content=\"https:\/\/theplayoffs.news\/fr\/actualite-nba\/carmelo-anthony-intronise-au-hall-of-fame-en-2025\/\" \/>\n<meta property=\"og:site_name\" content=\"The Playoffs FR\" \/>\n<meta property=\"article:publisher\" content=\"https:\/\/www.facebook.com\/TheFreeAgentFR\/\" \/>\n<meta property=\"article:modified_time\" content=\"2025-04-02T18:37:55+02:00\" \/>\n<meta property=\"og:image\" content=\"https:\/\/theplayoffs.news\/fr\/wp-content\/uploads\/2025\/04\/USATSI_22017497.jpg\" \/>\n\t<meta property=\"og:image:width\" content=\"1920\" \/>\n\t<meta property=\"og:image:height\" content=\"1280\" \/>\n\t<meta property=\"og:image:type\" content=\"image\/jpeg\" \/>\n<meta name=\"author\" content=\"Charles Taudin\" \/>\n<meta name=\"twitter:card\" content=\"summary_large_image\" \/>\n<meta name=\"twitter:creator\" content=\"@TheFreeAgentFR\" \/>\n<meta name=\"twitter:site\" content=\"@TheFreeAgentFR\" \/>\n<meta name=\"twitter:label1\" content=\"\u00c9crit par\" \/>\n\t<meta name=\"twitter:data1\" content=\"Charles Taudin\" \/>\n\t<meta name=\"twitter:label2\" content=\"Dur\u00e9e de lecture estim\u00e9e\" \/>\n\t<meta name=\"twitter:data2\" content=\"3 minutes\" \/>\n<script type=\"application\/ld+json\" class=\"yoast-schema-graph\">{\"@context\":\"https:\/\/schema.org\",\"@graph\":[{\"@type\":\"WebPage\",\"@id\":\"https:\/\/theplayoffs.news\/fr\/actualite-nba\/carmelo-anthony-intronise-au-hall-of-fame-en-2025\/\",\"url\":\"https:\/\/theplayoffs.news\/fr\/actualite-nba\/carmelo-anthony-intronise-au-hall-of-fame-en-2025\/\",\"name\":\"Carmelo Anthony intronis\u00e9 au Hall of Fame en 2025 - The Playoffs FR\",\"isPartOf\":{\"@id\":\"https:\/\/theplayoffs.news\/fr\/#website\"},\"primaryImageOfPage\":{\"@id\":\"https:\/\/theplayoffs.news\/fr\/actualite-nba\/carmelo-anthony-intronise-au-hall-of-fame-en-2025\/#primaryimage\"},\"image\":{\"@id\":\"https:\/\/theplayoffs.news\/fr\/actualite-nba\/carmelo-anthony-intronise-au-hall-of-fame-en-2025\/#primaryimage\"},\"thumbnailUrl\":\"https:\/\/theplayoffs.news\/fr\/wp-content\/uploads\/2025\/04\/USATSI_22017497.jpg\",\"datePublished\":\"2025-04-02T16:37:49+00:00\",\"dateModified\":\"2025-04-02T16:37:55+00:00\",\"author\":{\"@id\":\"https:\/\/theplayoffs.news\/fr\/#\/schema\/person\/eee5b69ad5d3c51cabe881c839dbe133\"},\"breadcrumb\":{\"@id\":\"https:\/\/theplayoffs.news\/fr\/actualite-nba\/carmelo-anthony-intronise-au-hall-of-fame-en-2025\/#breadcrumb\"},\"inLanguage\":\"fr-FR\",\"potentialAction\":[{\"@type\":\"ReadAction\",\"target\":[\"https:\/\/theplayoffs.news\/fr\/actualite-nba\/carmelo-anthony-intronise-au-hall-of-fame-en-2025\/\"]}]},{\"@type\":\"ImageObject\",\"inLanguage\":\"fr-FR\",\"@id\":\"https:\/\/theplayoffs.news\/fr\/actualite-nba\/carmelo-anthony-intronise-au-hall-of-fame-en-2025\/#primaryimage\",\"url\":\"https:\/\/theplayoffs.news\/fr\/wp-content\/uploads\/2025\/04\/USATSI_22017497.jpg\",\"contentUrl\":\"https:\/\/theplayoffs.news\/fr\/wp-content\/uploads\/2025\/04\/USATSI_22017497.jpg\",\"width\":1920,\"height\":1280,\"caption\":\"Dec 2, 2023; Atlanta, GA, USA; Former NBA player, Carmelo Anthony before the SEC Championship game at Mercedes-Benz Stadium. Mandatory Credit: Brett Davis-USA TODAY Sports\"},{\"@type\":\"BreadcrumbList\",\"@id\":\"https:\/\/theplayoffs.news\/fr\/actualite-nba\/carmelo-anthony-intronise-au-hall-of-fame-en-2025\/#breadcrumb\",\"itemListElement\":[{\"@type\":\"ListItem\",\"position\":1,\"name\":\"Accueil\",\"item\":\"https:\/\/theplayoffs.news\/fr\/\"},{\"@type\":\"ListItem\",\"position\":2,\"name\":\"Carmelo Anthony intronis\u00e9 au Hall of Fame en 2025\"}]},{\"@type\":\"WebSite\",\"@id\":\"https:\/\/theplayoffs.news\/fr\/#website\",\"url\":\"https:\/\/theplayoffs.news\/fr\/\",\"name\":\"The Playoffs FR\",\"description\":\"NBA-NFL-NHL-MLB\",\"potentialAction\":[{\"@type\":\"SearchAction\",\"target\":{\"@type\":\"EntryPoint\",\"urlTemplate\":\"https:\/\/theplayoffs.news\/fr\/?s={search_term_string}\"},\"query-input\":{\"@type\":\"PropertyValueSpecification\",\"valueRequired\":true,\"valueName\":\"search_term_string\"}}],\"inLanguage\":\"fr-FR\"},{\"@type\":\"Person\",\"@id\":\"https:\/\/theplayoffs.news\/fr\/#\/schema\/person\/eee5b69ad5d3c51cabe881c839dbe133\",\"name\":\"Charles Taudin\",\"image\":{\"@type\":\"ImageObject\",\"inLanguage\":\"fr-FR\",\"@id\":\"https:\/\/theplayoffs.news\/fr\/#\/schema\/person\/image\/\",\"url\":\"https:\/\/secure.gravatar.com\/avatar\/59a1e772205ce9fd255edfcafc93013736822e20261f294c5753b20c41ede9f2?s=96&d=mm&r=g\",\"contentUrl\":\"https:\/\/secure.gravatar.com\/avatar\/59a1e772205ce9fd255edfcafc93013736822e20261f294c5753b20c41ede9f2?s=96&d=mm&r=g\",\"caption\":\"Charles Taudin\"},\"description\":\"R\u00e9dacteur en chef global de The Playoffs, j\u2019ai cr\u00e9\u00e9 The Free Agent, devenu The Playoffs FR, en 2020 durant la pand\u00e9mie. Amoureux depuis des ann\u00e9es des 4 sports majeurs am\u00e9ricains, j\u2019organise maintenant la strat\u00e9gie \u00e9ditoriale et les r\u00e9seaux sociaux de l\u2019ensemble des versions de The Playoffs. Il m\u2019arrive encore d\u2019\u00e9crire sur certains sports que j\u2019affectionne particuli\u00e8rement comme la NFL ou la MLB. Si vous devez retenir qu\u2019une chose : Eli Manning est le vrai GOAT pour avoir battu deux fois Tom Brady.\",\"sameAs\":[\"https:\/\/www.instagram.com\/ctaudin_\/\"],\"url\":\"https:\/\/theplayoffs.news\/fr\/author\/charles-taudin\/\"}]}<\/script>\n<!-- \/ Yoast SEO plugin. -->","yoast_head_json":{"title":"Carmelo Anthony intronis&eacute; au Hall of Fame en 2025 - The Playoffs FR","robots":{"index":"index","follow":"follow","max-snippet":"max-snippet:-1","max-image-preview":"max-image-preview:large","max-video-preview":"max-video-preview:-1"},"canonical":"https:\/\/theplayoffs.news\/fr\/actualite-nba\/carmelo-anthony-intronise-au-hall-of-fame-en-2025\/","og_locale":"fr_FR","og_type":"article","og_title":"Carmelo Anthony intronis&eacute; au Hall of Fame en 2025 - The Playoffs FR","og_url":"https:\/\/theplayoffs.news\/fr\/actualite-nba\/carmelo-anthony-intronise-au-hall-of-fame-en-2025\/","og_site_name":"The Playoffs FR","article_publisher":"https:\/\/www.facebook.com\/TheFreeAgentFR\/","article_modified_time":"2025-04-02T16:37:55+00:00","og_image":[{"width":1920,"height":1280,"url":"https:\/\/theplayoffs.news\/fr\/wp-content\/uploads\/2025\/04\/USATSI_22017497.jpg","type":"image\/jpeg"}],"author":"Charles Taudin","twitter_card":"summary_large_image","twitter_creator":"@TheFreeAgentFR","twitter_site":"@TheFreeAgentFR","twitter_misc":{"\u00c9crit par":"Charles Taudin","Dur\u00e9e de lecture estim\u00e9e":"3 minutes"},"schema":{"@context":"https:\/\/schema.org","@graph":[{"@type":"WebPage","@id":"https:\/\/theplayoffs.news\/fr\/actualite-nba\/carmelo-anthony-intronise-au-hall-of-fame-en-2025\/","url":"https:\/\/theplayoffs.news\/fr\/actualite-nba\/carmelo-anthony-intronise-au-hall-of-fame-en-2025\/","name":"Carmelo Anthony intronis\u00e9 au Hall of Fame en 2025 - The Playoffs FR","isPartOf":{"@id":"https:\/\/theplayoffs.news\/fr\/#website"},"primaryImageOfPage":{"@id":"https:\/\/theplayoffs.news\/fr\/actualite-nba\/carmelo-anthony-intronise-au-hall-of-fame-en-2025\/#primaryimage"},"image":{"@id":"https:\/\/theplayoffs.news\/fr\/actualite-nba\/carmelo-anthony-intronise-au-hall-of-fame-en-2025\/#primaryimage"},"thumbnailUrl":"https:\/\/theplayoffs.news\/fr\/wp-content\/uploads\/2025\/04\/USATSI_22017497.jpg","datePublished":"2025-04-02T16:37:49+00:00","dateModified":"2025-04-02T16:37:55+00:00","author":{"@id":"https:\/\/theplayoffs.news\/fr\/#\/schema\/person\/eee5b69ad5d3c51cabe881c839dbe133"},"breadcrumb":{"@id":"https:\/\/theplayoffs.news\/fr\/actualite-nba\/carmelo-anthony-intronise-au-hall-of-fame-en-2025\/#breadcrumb"},"inLanguage":"fr-FR","potentialAction":[{"@type":"ReadAction","target":["https:\/\/theplayoffs.news\/fr\/actualite-nba\/carmelo-anthony-intronise-au-hall-of-fame-en-2025\/"]}]},{"@type":"ImageObject","inLanguage":"fr-FR","@id":"https:\/\/theplayoffs.news\/fr\/actualite-nba\/carmelo-anthony-intronise-au-hall-of-fame-en-2025\/#primaryimage","url":"https:\/\/theplayoffs.news\/fr\/wp-content\/uploads\/2025\/04\/USATSI_22017497.jpg","contentUrl":"https:\/\/theplayoffs.news\/fr\/wp-content\/uploads\/2025\/04\/USATSI_22017497.jpg","width":1920,"height":1280,"caption":"Dec 2, 2023; Atlanta, GA, USA; Former NBA player, Carmelo Anthony before the SEC Championship game at Mercedes-Benz Stadium. Mandatory Credit: Brett Davis-USA TODAY Sports"},{"@type":"BreadcrumbList","@id":"https:\/\/theplayoffs.news\/fr\/actualite-nba\/carmelo-anthony-intronise-au-hall-of-fame-en-2025\/#breadcrumb","itemListElement":[{"@type":"ListItem","position":1,"name":"Accueil","item":"https:\/\/theplayoffs.news\/fr\/"},{"@type":"ListItem","position":2,"name":"Carmelo Anthony intronis\u00e9 au Hall of Fame en 2025"}]},{"@type":"WebSite","@id":"https:\/\/theplayoffs.news\/fr\/#website","url":"https:\/\/theplayoffs.news\/fr\/","name":"The Playoffs FR","description":"NBA-NFL-NHL-MLB","potentialAction":[{"@type":"SearchAction","target":{"@type":"EntryPoint","urlTemplate":"https:\/\/theplayoffs.news\/fr\/?s={search_term_string}"},"query-input":{"@type":"PropertyValueSpecification","valueRequired":true,"valueName":"search_term_string"}}],"inLanguage":"fr-FR"},{"@type":"Person","@id":"https:\/\/theplayoffs.news\/fr\/#\/schema\/person\/eee5b69ad5d3c51cabe881c839dbe133","name":"Charles Taudin","image":{"@type":"ImageObject","inLanguage":"fr-FR","@id":"https:\/\/theplayoffs.news\/fr\/#\/schema\/person\/image\/","url":"https:\/\/secure.gravatar.com\/avatar\/59a1e772205ce9fd255edfcafc93013736822e20261f294c5753b20c41ede9f2?s=96&d=mm&r=g","contentUrl":"https:\/\/secure.gravatar.com\/avatar\/59a1e772205ce9fd255edfcafc93013736822e20261f294c5753b20c41ede9f2?s=96&d=mm&r=g","caption":"Charles Taudin"},"description":"R\u00e9dacteur en chef global de The Playoffs, j\u2019ai cr\u00e9\u00e9 The Free Agent, devenu The Playoffs FR, en 2020 durant la pand\u00e9mie. Amoureux depuis des ann\u00e9es des 4 sports majeurs am\u00e9ricains, j\u2019organise maintenant la strat\u00e9gie \u00e9ditoriale et les r\u00e9seaux sociaux de l\u2019ensemble des versions de The Playoffs. Il m\u2019arrive encore d\u2019\u00e9crire sur certains sports que j\u2019affectionne particuli\u00e8rement comme la NFL ou la MLB. Si vous devez retenir qu\u2019une chose : Eli Manning est le vrai GOAT pour avoir battu deux fois Tom Brady.","sameAs":["https:\/\/www.instagram.com\/ctaudin_\/"],"url":"https:\/\/theplayoffs.news\/fr\/author\/charles-taudin\/"}]}},"_links":{"self":[{"href":"https:\/\/theplayoffs.news\/fr\/wp-json\/wp\/v2\/posts\/1487230","targetHints":{"allow":["GET"]}}],"collection":[{"href":"https:\/\/theplayoffs.news\/fr\/wp-json\/wp\/v2\/posts"}],"about":[{"href":"https:\/\/theplayoffs.news\/fr\/wp-json\/wp\/v2\/types\/post"}],"author":[{"embeddable":true,"href":"https:\/\/theplayoffs.news\/fr\/wp-json\/wp\/v2\/users\/13"}],"replies":[{"embeddable":true,"href":"https:\/\/theplayoffs.news\/fr\/wp-json\/wp\/v2\/comments?post=1487230"}],"version-history":[{"count":1,"href":"https:\/\/theplayoffs.news\/fr\/wp-json\/wp\/v2\/posts\/1487230\/revisions"}],"predecessor-version":[{"id":1487236,"href":"https:\/\/theplayoffs.news\/fr\/wp-json\/wp\/v2\/posts\/1487230\/revisions\/1487236"}],"wp:featuredmedia":[{"embeddable":true,"href":"https:\/\/theplayoffs.news\/fr\/wp-json\/wp\/v2\/media\/1487233"}],"wp:attachment":[{"href":"https:\/\/theplayoffs.news\/fr\/wp-json\/wp\/v2\/media?parent=1487230"}],"wp:term":[{"taxonomy":"category","embeddable":true,"href":"https:\/\/theplayoffs.news\/fr\/wp-json\/wp\/v2\/categories?post=1487230"},{"taxonomy":"post_tag","embeddable":true,"href":"https:\/\/theplayoffs.news\/fr\/wp-json\/wp\/v2\/tags?post=1487230"},{"taxonomy":"sport","embeddable":true,"href":"https:\/\/theplayoffs.news\/fr\/wp-json\/wp\/v2\/sport?post=1487230"},{"taxonomy":"saison","embeddable":true,"href":"https:\/\/theplayoffs.news\/fr\/wp-json\/wp\/v2\/saison?post=1487230"}],"curies":[{"name":"wp","href":"https:\/\/api.w.org\/{rel}","templated":true}]}}