{"id":1487011,"date":"2025-04-01T10:15:00","date_gmt":"2025-04-01T08:15:00","guid":{"rendered":"https:\/\/theplayoffs.news\/fr\/uncategorized\/\/"},"modified":"2025-04-01T10:17:09","modified_gmt":"2025-04-01T08:17:09","slug":"les-nets-pourraient-aller-chercher-giannis-antetokounmpo","status":"publish","type":"post","link":"https:\/\/theplayoffs.news\/fr\/actualite-nba\/les-nets-pourraient-aller-chercher-giannis-antetokounmpo\/","title":{"rendered":"Les Nets pourraient aller chercher Giannis Antetokounmpo"},"content":{"rendered":"<p>Brooklyn et les stars n&rsquo;ont pas fait bon m&eacute;nage ces derni&egrave;res ann&eacute;es. On peut notamment penser &agrave; Kevin Durant, James Harden ou Kyrie Irving. Pourtant, les Nets auraient coch&eacute; un nouveau gros nom, Giannis Antetokounmpo, et sa venue serait leur priorit&eacute;.&nbsp;<\/p><h2 class=\"wp-block-heading\">Giannis Antetokounmpo, le plan A&nbsp;<\/h2><p>Selon Brian Lewis, journaliste suivant les Nets pour le New York Post, Giannis Antetokounmpo serait la priorit&eacute; de Brooklyn lors de la prochaine intersaison. Une information confirm&eacute;e par plusieurs <a href=\"https:\/\/nypost.com\/2025\/03\/31\/sports\/how-nets-are-planning-to-use-flexibility-to-acquire-needed-stars\/\" target=\"_blank\" rel=\"noreferrer noopener\" class=\"trk-cta-link\" data-cta-trk='{\"ctaType\":\"Link\",\"ctaSubType\":\"main\"}'>m&eacute;dias am&eacute;ricains<\/a>.<\/p><figure class=\"wp-block-embed is-type-rich is-provider-twitter wp-block-embed-twitter\"><div class=\"wp-block-embed__wrapper\">\n<blockquote class=\"twitter-tweet\" data-width=\"500\" data-dnt=\"true\"><p lang=\"en\" dir=\"ltr\">The Brooklyn Nets&rsquo; &lsquo;Plan A&rsquo; is to go after Giannis Antetokounmpo, per <a href=\"https:\/\/twitter.com\/NYPost_Lewis?ref_src=twsrc%5Etfw\" class=\"trk-cta-link\" data-cta-trk='{\"ctaType\":\"Link\",\"ctaSubType\":\"main\"}'>@NYPost_Lewis<\/a> <a href=\"https:\/\/t.co\/PscUouYNXu\" class=\"trk-cta-link\" data-cta-trk='{\"ctaType\":\"Link\",\"ctaSubType\":\"main\"}'>pic.twitter.com\/PscUouYNXu<\/a><\/p>&mdash; NBACentral (@TheDunkCentral) <a href=\"https:\/\/twitter.com\/TheDunkCentral\/status\/1906907059880173853?ref_src=twsrc%5Etfw\" class=\"trk-cta-link\" data-cta-trk='{\"ctaType\":\"Link\",\"ctaSubType\":\"main\"}'>April 1, 2025<\/a><\/blockquote><script async src=\"https:\/\/platform.twitter.com\/widgets.js\" charset=\"utf-8\"><\/script>\n<\/div><\/figure><p>N&eacute;anmoins, le Grec est encore sous contrat jusqu&rsquo;en 2027 avec Milwaukee, et la franchise ne devrait pas se s&eacute;parer de son joueur aussi facilement. Par cons&eacute;quent, les Nets vont devoir trouver une monnaie d&rsquo;&eacute;change pour attirer le huit fois All-Star. <\/p><ul class=\"wp-block-list\">\n<li>Lire aussi :<\/li>\n<\/ul><p><a href=\"https:\/\/theplayoffs.news\/fr\/actualite-nba\/resultats-nba-du-1er-avril-les-lakers-simposent-indiana-renverse-sacramento\/\" target=\"_blank\" rel=\"noreferrer noopener\" class=\"trk-cta-link\" data-cta-trk='{\"ctaType\":\"Link\",\"ctaSubType\":\"main\"}'>R&eacute;sultats NBA du 1er avril : Les Lakers s&rsquo;imposent, Indiana renverse Sacramento !<\/a><\/p><p><a href=\"https:\/\/theplayoffs.news\/fr\/actualite-nba\/nba-french-quarter-tidjane-salaun-remet-ca-alex-sarr-devisse\/\" target=\"_blank\" rel=\"noreferrer noopener\" class=\"trk-cta-link\" data-cta-trk='{\"ctaType\":\"Link\",\"ctaSubType\":\"main\"}'>NBA French Quarter : Tidjane Sala&uuml;n remet &ccedil;a, Alex Sarr d&eacute;visse !<\/a><\/p><p>Cette saison, Antetokounmpo affiche des moyennes de 30,2 points, 11,9 rebonds et 5,9 passes.&nbsp;<\/p><p>Alors, tour de draft, joueurs ou les deux ? Un &eacute;change pourrait avoir lieu entre les Bucks et les Nets cet &eacute;t&eacute;.<\/p><p>Cr&eacute;dit photo : Jeff Hanisch-Imagn Images<\/p>\n","protected":false},"excerpt":{"rendered":"<p>12\u1d49 \u00e0 l\u2019Est, Brooklyn semble avoir dit adieu \u00e0 toute chance de playoffs. La priorit\u00e9 des Nets se nommerait Giannis Antetokounmpo.<\/p>\n","protected":false},"author":180310250,"featured_media":1487018,"comment_status":"closed","ping_status":"closed","sticky":false,"template":"","format":"standard","meta":{"inline_featured_image":false,"kia_subtitle":"12\u1d49 \u00e0 l\u2019Est, Brooklyn semble avoir dit adieu \u00e0 toute chance de playoffs. La priorit\u00e9 des Nets se nommerait Giannis Antetokounmpo.","_mux_skip_reasons":[],"proofreadBy":0,"footnotes":""},"categories":[110,10],"tags":[499,489,23],"sport":[2783],"saison":[7475],"class_list":["post-1487011","post","type-post","status-publish","format-standard","has-post-thumbnail","hentry","category-actualite-nba","category-nba","tag-brooklyn-nets","tag-milwaukee-bucks","tag-nba-tag","sport-nba","saison-7475"],"acf":[],"yoast_head":"<!-- This site is optimized with the Yoast SEO plugin v24.2 - https:\/\/yoast.com\/wordpress\/plugins\/seo\/ -->\n<title>Giannis Antetokounmpo pourrait filer aux Nets<\/title>\n<meta name=\"description\" content=\"12\u1d49 &agrave; l&rsquo;Est, Brooklyn semble avoir dit adieu &agrave; toute chance de playoffs. La priorit&eacute; des Nets se nommerait Giannis Antetokounmpo.\" \/>\n<meta name=\"robots\" content=\"index, follow, max-snippet:-1, max-image-preview:large, max-video-preview:-1\" \/>\n<link rel=\"canonical\" href=\"https:\/\/theplayoffs.news\/fr\/actualite-nba\/les-nets-pourraient-aller-chercher-giannis-antetokounmpo\/\" \/>\n<meta property=\"og:locale\" content=\"fr_FR\" \/>\n<meta property=\"og:type\" content=\"article\" \/>\n<meta property=\"og:title\" content=\"Giannis Antetokounmpo pourrait filer aux Nets\" \/>\n<meta property=\"og:description\" content=\"12\u1d49 &agrave; l&rsquo;Est, Brooklyn semble avoir dit adieu &agrave; toute chance de playoffs. La priorit&eacute; des Nets se nommerait Giannis Antetokounmpo.\" \/>\n<meta property=\"og:url\" content=\"https:\/\/theplayoffs.news\/fr\/actualite-nba\/les-nets-pourraient-aller-chercher-giannis-antetokounmpo\/\" \/>\n<meta property=\"og:site_name\" content=\"The Playoffs FR\" \/>\n<meta property=\"article:publisher\" content=\"https:\/\/www.facebook.com\/TheFreeAgentFR\/\" \/>\n<meta property=\"article:modified_time\" content=\"2025-04-01T10:17:09+02:00\" \/>\n<meta property=\"og:image\" content=\"https:\/\/theplayoffs.news\/fr\/wp-content\/uploads\/2025\/04\/USATSI_25810069.jpg\" \/>\n\t<meta property=\"og:image:width\" content=\"1920\" \/>\n\t<meta property=\"og:image:height\" content=\"1280\" \/>\n\t<meta property=\"og:image:type\" content=\"image\/jpeg\" \/>\n<meta name=\"author\" content=\"Jean Fabre-Jevanoff\" \/>\n<meta name=\"twitter:card\" content=\"summary_large_image\" \/>\n<meta name=\"twitter:creator\" content=\"@the_jfj_42\" \/>\n<meta name=\"twitter:site\" content=\"@TheFreeAgentFR\" \/>\n<meta name=\"twitter:label1\" content=\"\u00c9crit par\" \/>\n\t<meta name=\"twitter:data1\" content=\"Jean Fabre-Jevanoff\" \/>\n\t<meta name=\"twitter:label2\" content=\"Dur\u00e9e de lecture estim\u00e9e\" \/>\n\t<meta name=\"twitter:data2\" content=\"2 minutes\" \/>\n<script type=\"application\/ld+json\" class=\"yoast-schema-graph\">{\"@context\":\"https:\/\/schema.org\",\"@graph\":[{\"@type\":\"WebPage\",\"@id\":\"https:\/\/theplayoffs.news\/fr\/actualite-nba\/les-nets-pourraient-aller-chercher-giannis-antetokounmpo\/\",\"url\":\"https:\/\/theplayoffs.news\/fr\/actualite-nba\/les-nets-pourraient-aller-chercher-giannis-antetokounmpo\/\",\"name\":\"Giannis Antetokounmpo pourrait filer aux Nets\",\"isPartOf\":{\"@id\":\"https:\/\/theplayoffs.news\/fr\/#website\"},\"primaryImageOfPage\":{\"@id\":\"https:\/\/theplayoffs.news\/fr\/actualite-nba\/les-nets-pourraient-aller-chercher-giannis-antetokounmpo\/#primaryimage\"},\"image\":{\"@id\":\"https:\/\/theplayoffs.news\/fr\/actualite-nba\/les-nets-pourraient-aller-chercher-giannis-antetokounmpo\/#primaryimage\"},\"thumbnailUrl\":\"https:\/\/theplayoffs.news\/fr\/wp-content\/uploads\/2025\/04\/USATSI_25810069.jpg\",\"datePublished\":\"2025-04-01T08:15:00+00:00\",\"dateModified\":\"2025-04-01T08:17:09+00:00\",\"author\":{\"@id\":\"https:\/\/theplayoffs.news\/fr\/#\/schema\/person\/1ea25b88e79fe4fabd657430b0013d3d\"},\"description\":\"12\u1d49 \u00e0 l\u2019Est, Brooklyn semble avoir dit adieu \u00e0 toute chance de playoffs. La priorit\u00e9 des Nets se nommerait Giannis Antetokounmpo.\",\"breadcrumb\":{\"@id\":\"https:\/\/theplayoffs.news\/fr\/actualite-nba\/les-nets-pourraient-aller-chercher-giannis-antetokounmpo\/#breadcrumb\"},\"inLanguage\":\"fr-FR\",\"potentialAction\":[{\"@type\":\"ReadAction\",\"target\":[\"https:\/\/theplayoffs.news\/fr\/actualite-nba\/les-nets-pourraient-aller-chercher-giannis-antetokounmpo\/\"]}]},{\"@type\":\"ImageObject\",\"inLanguage\":\"fr-FR\",\"@id\":\"https:\/\/theplayoffs.news\/fr\/actualite-nba\/les-nets-pourraient-aller-chercher-giannis-antetokounmpo\/#primaryimage\",\"url\":\"https:\/\/theplayoffs.news\/fr\/wp-content\/uploads\/2025\/04\/USATSI_25810069.jpg\",\"contentUrl\":\"https:\/\/theplayoffs.news\/fr\/wp-content\/uploads\/2025\/04\/USATSI_25810069.jpg\",\"width\":1920,\"height\":1280,\"caption\":\"Mar 30, 2025; Milwaukee, Wisconsin, USA; Milwaukee Bucks forward Giannis Antetokounmpo (34) looks on during the first quarter against the Atlanta Hawks at Fiserv Forum. Mandatory Credit: Jeff Hanisch-Imagn Images\"},{\"@type\":\"BreadcrumbList\",\"@id\":\"https:\/\/theplayoffs.news\/fr\/actualite-nba\/les-nets-pourraient-aller-chercher-giannis-antetokounmpo\/#breadcrumb\",\"itemListElement\":[{\"@type\":\"ListItem\",\"position\":1,\"name\":\"Accueil\",\"item\":\"https:\/\/theplayoffs.news\/fr\/\"},{\"@type\":\"ListItem\",\"position\":2,\"name\":\"Les Nets pourraient aller chercher Giannis Antetokounmpo\"}]},{\"@type\":\"WebSite\",\"@id\":\"https:\/\/theplayoffs.news\/fr\/#website\",\"url\":\"https:\/\/theplayoffs.news\/fr\/\",\"name\":\"The Playoffs FR\",\"description\":\"NBA-NFL-NHL-MLB\",\"potentialAction\":[{\"@type\":\"SearchAction\",\"target\":{\"@type\":\"EntryPoint\",\"urlTemplate\":\"https:\/\/theplayoffs.news\/fr\/?s={search_term_string}\"},\"query-input\":{\"@type\":\"PropertyValueSpecification\",\"valueRequired\":true,\"valueName\":\"search_term_string\"}}],\"inLanguage\":\"fr-FR\"},{\"@type\":\"Person\",\"@id\":\"https:\/\/theplayoffs.news\/fr\/#\/schema\/person\/1ea25b88e79fe4fabd657430b0013d3d\",\"name\":\"Jean Fabre-Jevanoff\",\"image\":{\"@type\":\"ImageObject\",\"inLanguage\":\"fr-FR\",\"@id\":\"https:\/\/theplayoffs.news\/fr\/#\/schema\/person\/image\/\",\"url\":\"https:\/\/secure.gravatar.com\/avatar\/18b28dab1159eebc6a17b9787eb8cbbe3242c3d0e8b53b89332f6dc1133aa361?s=96&d=mm&r=g\",\"contentUrl\":\"https:\/\/secure.gravatar.com\/avatar\/18b28dab1159eebc6a17b9787eb8cbbe3242c3d0e8b53b89332f6dc1133aa361?s=96&d=mm&r=g\",\"caption\":\"Jean Fabre-Jevanoff\"},\"description\":\"Journaliste polyvalent sur le football am\u00e9ricain, j\u2019\u00e9cris aussi des articles sur le basket. Commentateur sur Twitch et sur YouTube. Pass\u00e9 par Eurosport notamment. Un mix d\u2019Eminem et de OBJ, fan inconditionnel de Patrick Mahomes et Lebron James\",\"sameAs\":[\"https:\/\/www.instagram.com\/_juaniitooo_\",\"https:\/\/www.linkedin.com\/in\/jean-fabre-jevanoff-84bb9b1a9\/\",\"https:\/\/x.com\/the_jfj_42\"],\"url\":\"https:\/\/theplayoffs.news\/fr\/author\/jeanfj42gmail-com\/\"}]}<\/script>\n<!-- \/ Yoast SEO plugin. -->","yoast_head_json":{"title":"Giannis Antetokounmpo pourrait filer aux Nets","description":"12\u1d49 &agrave; l&rsquo;Est, Brooklyn semble avoir dit adieu &agrave; toute chance de playoffs. La priorit&eacute; des Nets se nommerait Giannis Antetokounmpo.","robots":{"index":"index","follow":"follow","max-snippet":"max-snippet:-1","max-image-preview":"max-image-preview:large","max-video-preview":"max-video-preview:-1"},"canonical":"https:\/\/theplayoffs.news\/fr\/actualite-nba\/les-nets-pourraient-aller-chercher-giannis-antetokounmpo\/","og_locale":"fr_FR","og_type":"article","og_title":"Giannis Antetokounmpo pourrait filer aux Nets","og_description":"12\u1d49 &agrave; l&rsquo;Est, Brooklyn semble avoir dit adieu &agrave; toute chance de playoffs. La priorit&eacute; des Nets se nommerait Giannis Antetokounmpo.","og_url":"https:\/\/theplayoffs.news\/fr\/actualite-nba\/les-nets-pourraient-aller-chercher-giannis-antetokounmpo\/","og_site_name":"The Playoffs FR","article_publisher":"https:\/\/www.facebook.com\/TheFreeAgentFR\/","article_modified_time":"2025-04-01T08:17:09+00:00","og_image":[{"width":1920,"height":1280,"url":"https:\/\/theplayoffs.news\/fr\/wp-content\/uploads\/2025\/04\/USATSI_25810069.jpg","type":"image\/jpeg"}],"author":"Jean Fabre-Jevanoff","twitter_card":"summary_large_image","twitter_creator":"@the_jfj_42","twitter_site":"@TheFreeAgentFR","twitter_misc":{"\u00c9crit par":"Jean Fabre-Jevanoff","Dur\u00e9e de lecture estim\u00e9e":"2 minutes"},"schema":{"@context":"https:\/\/schema.org","@graph":[{"@type":"WebPage","@id":"https:\/\/theplayoffs.news\/fr\/actualite-nba\/les-nets-pourraient-aller-chercher-giannis-antetokounmpo\/","url":"https:\/\/theplayoffs.news\/fr\/actualite-nba\/les-nets-pourraient-aller-chercher-giannis-antetokounmpo\/","name":"Giannis Antetokounmpo pourrait filer aux Nets","isPartOf":{"@id":"https:\/\/theplayoffs.news\/fr\/#website"},"primaryImageOfPage":{"@id":"https:\/\/theplayoffs.news\/fr\/actualite-nba\/les-nets-pourraient-aller-chercher-giannis-antetokounmpo\/#primaryimage"},"image":{"@id":"https:\/\/theplayoffs.news\/fr\/actualite-nba\/les-nets-pourraient-aller-chercher-giannis-antetokounmpo\/#primaryimage"},"thumbnailUrl":"https:\/\/theplayoffs.news\/fr\/wp-content\/uploads\/2025\/04\/USATSI_25810069.jpg","datePublished":"2025-04-01T08:15:00+00:00","dateModified":"2025-04-01T08:17:09+00:00","author":{"@id":"https:\/\/theplayoffs.news\/fr\/#\/schema\/person\/1ea25b88e79fe4fabd657430b0013d3d"},"description":"12\u1d49 \u00e0 l\u2019Est, Brooklyn semble avoir dit adieu \u00e0 toute chance de playoffs. La priorit\u00e9 des Nets se nommerait Giannis Antetokounmpo.","breadcrumb":{"@id":"https:\/\/theplayoffs.news\/fr\/actualite-nba\/les-nets-pourraient-aller-chercher-giannis-antetokounmpo\/#breadcrumb"},"inLanguage":"fr-FR","potentialAction":[{"@type":"ReadAction","target":["https:\/\/theplayoffs.news\/fr\/actualite-nba\/les-nets-pourraient-aller-chercher-giannis-antetokounmpo\/"]}]},{"@type":"ImageObject","inLanguage":"fr-FR","@id":"https:\/\/theplayoffs.news\/fr\/actualite-nba\/les-nets-pourraient-aller-chercher-giannis-antetokounmpo\/#primaryimage","url":"https:\/\/theplayoffs.news\/fr\/wp-content\/uploads\/2025\/04\/USATSI_25810069.jpg","contentUrl":"https:\/\/theplayoffs.news\/fr\/wp-content\/uploads\/2025\/04\/USATSI_25810069.jpg","width":1920,"height":1280,"caption":"Mar 30, 2025; Milwaukee, Wisconsin, USA; Milwaukee Bucks forward Giannis Antetokounmpo (34) looks on during the first quarter against the Atlanta Hawks at Fiserv Forum. Mandatory Credit: Jeff Hanisch-Imagn Images"},{"@type":"BreadcrumbList","@id":"https:\/\/theplayoffs.news\/fr\/actualite-nba\/les-nets-pourraient-aller-chercher-giannis-antetokounmpo\/#breadcrumb","itemListElement":[{"@type":"ListItem","position":1,"name":"Accueil","item":"https:\/\/theplayoffs.news\/fr\/"},{"@type":"ListItem","position":2,"name":"Les Nets pourraient aller chercher Giannis Antetokounmpo"}]},{"@type":"WebSite","@id":"https:\/\/theplayoffs.news\/fr\/#website","url":"https:\/\/theplayoffs.news\/fr\/","name":"The Playoffs FR","description":"NBA-NFL-NHL-MLB","potentialAction":[{"@type":"SearchAction","target":{"@type":"EntryPoint","urlTemplate":"https:\/\/theplayoffs.news\/fr\/?s={search_term_string}"},"query-input":{"@type":"PropertyValueSpecification","valueRequired":true,"valueName":"search_term_string"}}],"inLanguage":"fr-FR"},{"@type":"Person","@id":"https:\/\/theplayoffs.news\/fr\/#\/schema\/person\/1ea25b88e79fe4fabd657430b0013d3d","name":"Jean Fabre-Jevanoff","image":{"@type":"ImageObject","inLanguage":"fr-FR","@id":"https:\/\/theplayoffs.news\/fr\/#\/schema\/person\/image\/","url":"https:\/\/secure.gravatar.com\/avatar\/18b28dab1159eebc6a17b9787eb8cbbe3242c3d0e8b53b89332f6dc1133aa361?s=96&d=mm&r=g","contentUrl":"https:\/\/secure.gravatar.com\/avatar\/18b28dab1159eebc6a17b9787eb8cbbe3242c3d0e8b53b89332f6dc1133aa361?s=96&d=mm&r=g","caption":"Jean Fabre-Jevanoff"},"description":"Journaliste polyvalent sur le football am\u00e9ricain, j\u2019\u00e9cris aussi des articles sur le basket. Commentateur sur Twitch et sur YouTube. Pass\u00e9 par Eurosport notamment. Un mix d\u2019Eminem et de OBJ, fan inconditionnel de Patrick Mahomes et Lebron James","sameAs":["https:\/\/www.instagram.com\/_juaniitooo_","https:\/\/www.linkedin.com\/in\/jean-fabre-jevanoff-84bb9b1a9\/","https:\/\/x.com\/the_jfj_42"],"url":"https:\/\/theplayoffs.news\/fr\/author\/jeanfj42gmail-com\/"}]}},"_links":{"self":[{"href":"https:\/\/theplayoffs.news\/fr\/wp-json\/wp\/v2\/posts\/1487011","targetHints":{"allow":["GET"]}}],"collection":[{"href":"https:\/\/theplayoffs.news\/fr\/wp-json\/wp\/v2\/posts"}],"about":[{"href":"https:\/\/theplayoffs.news\/fr\/wp-json\/wp\/v2\/types\/post"}],"author":[{"embeddable":true,"href":"https:\/\/theplayoffs.news\/fr\/wp-json\/wp\/v2\/users\/180310250"}],"replies":[{"embeddable":true,"href":"https:\/\/theplayoffs.news\/fr\/wp-json\/wp\/v2\/comments?post=1487011"}],"version-history":[{"count":1,"href":"https:\/\/theplayoffs.news\/fr\/wp-json\/wp\/v2\/posts\/1487011\/revisions"}],"predecessor-version":[{"id":1487020,"href":"https:\/\/theplayoffs.news\/fr\/wp-json\/wp\/v2\/posts\/1487011\/revisions\/1487020"}],"wp:featuredmedia":[{"embeddable":true,"href":"https:\/\/theplayoffs.news\/fr\/wp-json\/wp\/v2\/media\/1487018"}],"wp:attachment":[{"href":"https:\/\/theplayoffs.news\/fr\/wp-json\/wp\/v2\/media?parent=1487011"}],"wp:term":[{"taxonomy":"category","embeddable":true,"href":"https:\/\/theplayoffs.news\/fr\/wp-json\/wp\/v2\/categories?post=1487011"},{"taxonomy":"post_tag","embeddable":true,"href":"https:\/\/theplayoffs.news\/fr\/wp-json\/wp\/v2\/tags?post=1487011"},{"taxonomy":"sport","embeddable":true,"href":"https:\/\/theplayoffs.news\/fr\/wp-json\/wp\/v2\/sport?post=1487011"},{"taxonomy":"saison","embeddable":true,"href":"https:\/\/theplayoffs.news\/fr\/wp-json\/wp\/v2\/saison?post=1487011"}],"curies":[{"name":"wp","href":"https:\/\/api.w.org\/{rel}","templated":true}]}}