{"id":1486994,"date":"2025-04-01T08:54:33","date_gmt":"2025-04-01T06:54:33","guid":{"rendered":"https:\/\/theplayoffs.news\/fr\/uncategorized\/\/"},"modified":"2025-04-01T08:55:01","modified_gmt":"2025-04-01T06:55:01","slug":"jurickson-profar-suspension","status":"publish","type":"post","link":"https:\/\/theplayoffs.news\/fr\/actualite-mlb\/jurickson-profar-suspension\/","title":{"rendered":"Pourquoi Jurickson Profar a-t-il \u00e9t\u00e9 suspendu ? Quelle est la dur\u00e9e de la suspension de la star des Braves d\u2019Atlanta ?"},"content":{"rendered":"<p>Apr&egrave;s avoir commenc&eacute; la nouvelle saison MLB avec quatre d&eacute;faites cons&eacute;cutives, les Braves d&rsquo;Atlanta ont re&ccedil;u une mauvaise nouvelle ce lundi 31 mars 2025. <\/p><p>La ligue a annonc&eacute; la suspension de Jurickson Profar apr&egrave;s qu&rsquo;il ait &eacute;t&eacute; contr&ocirc;l&eacute; positif &agrave; une substance interdite.<\/p><p>Profar avait sign&eacute; un contrat de trois ans avec les Braves durant l&rsquo;intersaison, apr&egrave;s avoir r&eacute;alis&eacute; la meilleure saison de sa carri&egrave;re. Sous les couleurs des Padres de San Diego, il avait enregistr&eacute; 158 coups s&ucirc;rs, 24 home runs et 85 points produits, avec une moyenne au b&acirc;ton de .280, un pourcentage de slugging de .459 et un OPS de .839 &mdash; tous des records personnels. <\/p><p>Cette performance lui avait valu une premi&egrave;re s&eacute;lection au All-Star Game et son premier Silver Slugger Award.<\/p><p>&Acirc;g&eacute; de 32 ans, Profar a connu un d&eacute;but de saison discret. Face &agrave; son ancienne &eacute;quipe lors d&rsquo;une s&eacute;rie de quatre matchs, le voltigeur gauche n&rsquo;a r&eacute;ussi que trois coups s&ucirc;rs en 16 pr&eacute;sences au b&acirc;ton (moyenne de .188), marquant deux points mais n&rsquo;en produisant aucun.<\/p><h2 class=\"wp-block-heading\"><strong>Pourquoi Jurickson Profar a-t-il &eacute;t&eacute; suspendu ?<\/strong><\/h2><p>Profar a enfreint le programme conjoint de pr&eacute;vention et de traitement des drogues de la MLB apr&egrave;s avoir &eacute;t&eacute; contr&ocirc;l&eacute; positif &agrave; la gonadotrophine chorionique humaine (hCG). Cette substance, qui peut am&eacute;liorer les performances athl&eacute;tiques, est interdite par la MLB depuis 2008.<\/p><p>Profar a ensuite publi&eacute; une d&eacute;claration via <a href=\"https:\/\/x.com\/MLBPA_News\/status\/1906831802821386688?ref_src=twsrc%5Etfw%7Ctwcamp%5Etweetembed%7Ctwterm%5E1906831802821386688%7Ctwgr%5E7370256df2775b376a1623bd5002627101a53eda%7Ctwcon%5Es1_c10&amp;ref_url=https%3A%2F%2Ftheplayoffs.news%2Fen%2Fwhy-did-jurickson-profar-get-banned-how-long-will-atlanta-braves-stars-suspension-last%2F\" target=\"_blank\" rel=\"noreferrer noopener nofollow\" class=\"trk-cta-link\" data-cta-trk='{\"ctaType\":\"Link\",\"ctaSubType\":\"main\"}'>l&rsquo;Association des joueurs de la MLB<\/a>, d&eacute;clarant :<\/p><p>&laquo; Aujourd&rsquo;hui est le jour le plus difficile de ma carri&egrave;re de joueur de baseball. &raquo;<\/p><p>&laquo; C&rsquo;est justement parce que j&rsquo;aime et respecte profond&eacute;ment ce sport que je ne ferais jamais volontairement quoi que ce soit pour le tricher, &raquo; a-t-il ajout&eacute;. &laquo; J&rsquo;ai &eacute;t&eacute; test&eacute; tout au long de ma carri&egrave;re, dont huit fois rien que la saison derni&egrave;re, et je n&rsquo;ai jamais &eacute;t&eacute; positif. Je n&rsquo;aurais jamais pris volontairement une substance interdite, mais j&rsquo;assume l&rsquo;enti&egrave;re responsabilit&eacute; et j&rsquo;accepte la d&eacute;cision de la MLB. &raquo;<\/p><figure class=\"wp-block-embed is-type-rich is-provider-twitter wp-block-embed-twitter\"><div class=\"wp-block-embed__wrapper\">\n<blockquote class=\"twitter-tweet\" data-width=\"500\" data-dnt=\"true\"><p lang=\"en\" dir=\"ltr\">FOR IMMEDIATE RELEASE<br><br>The <a href=\"https:\/\/twitter.com\/MLBPA?ref_src=twsrc%5Etfw\" class=\"trk-cta-link\" data-cta-trk='{\"ctaType\":\"Link\",\"ctaSubType\":\"main\"}'>@MLBPA<\/a> is releasing the statement below on behalf of Jurickson Profar. <a href=\"https:\/\/t.co\/BIQ7jc9BP9\" class=\"trk-cta-link\" data-cta-trk='{\"ctaType\":\"Link\",\"ctaSubType\":\"main\"}'>pic.twitter.com\/BIQ7jc9BP9<\/a><\/p>&mdash; MLBPA Communications (@MLBPA_News) <a href=\"https:\/\/twitter.com\/MLBPA_News\/status\/1906831802821386688?ref_src=twsrc%5Etfw\" class=\"trk-cta-link\" data-cta-trk='{\"ctaType\":\"Link\",\"ctaSubType\":\"main\"}'>March 31, 2025<\/a><\/blockquote><script async src=\"https:\/\/platform.twitter.com\/widgets.js\" charset=\"utf-8\"><\/script>\n<\/div><\/figure><p><strong>Quelle est la dur&eacute;e de la suspension de Jurickson Profar ?<\/strong><\/p><p>La ligue a annonc&eacute; une suspension de 80 matchs pour le voltigeur en raison de la violation de sa politique antidopage (PED). &Agrave; l&rsquo;issue de cette suspension, il devrait &ecirc;tre &eacute;ligible pour un retour le 28 juin, lors du deuxi&egrave;me match d&rsquo;une s&eacute;rie de trois contre les Phillies de Philadelphie.<\/p><p><strong>&Agrave; lire aussi :<\/strong> <em>Les d&eacute;buts &eacute;mouvants de Roki Sasaki avec les Dodgers se terminent en larmes, mais il est exactement l&agrave; o&ugrave; il doit &ecirc;tre.<\/em><\/p><p>N&eacute; &agrave; Cura&ccedil;ao, Profar a fait ses d&eacute;buts en <a href=\"https:\/\/theplayoffs.news\/fr\/category\/mlb\/\" target=\"_blank\" rel=\"noreferrer noopener\" class=\"trk-cta-link\" data-cta-trk='{\"ctaType\":\"Link\",\"ctaSubType\":\"main\"}'>MLB<\/a> en 2012 avec les Rangers du Texas en tant que joueur d&rsquo;int&eacute;rieur. Apr&egrave;s six saisons avec l&rsquo;&eacute;quipe, il a &eacute;t&eacute; &eacute;chang&eacute; aux Athletics d&rsquo;Oakland. La m&ecirc;me ann&eacute;e, il a rejoint les Padres, a connu un bref passage chez les Rockies du Colorado, puis est retourn&eacute; &agrave; San Diego.<\/p><p><\/p><p><em>Credit Photo : Kim Klement Neitzel-Imagn Images<\/em><\/p>\n","protected":false},"excerpt":{"rendered":"<p>Les Braves sont toujours \u00e0 la recherche de leur premi\u00e8re victoire apr\u00e8s quatre matchs.<\/p>\n","protected":false},"author":13,"featured_media":1486996,"comment_status":"closed","ping_status":"closed","sticky":false,"template":"","format":"standard","meta":{"inline_featured_image":false,"kia_subtitle":"Les Braves sont toujours \u00e0 la recherche de leur premi\u00e8re victoire apr\u00e8s quatre matchs.","_mux_skip_reasons":[],"proofreadBy":0,"footnotes":""},"categories":[188,9],"tags":[],"sport":[],"saison":[],"class_list":["post-1486994","post","type-post","status-publish","format-standard","has-post-thumbnail","hentry","category-actualite-mlb","category-mlb"],"acf":[],"yoast_head":"<!-- This site is optimized with the Yoast SEO plugin v24.2 - https:\/\/yoast.com\/wordpress\/plugins\/seo\/ -->\n<title>Pourquoi Jurickson Profar a-t-il &eacute;t&eacute; suspendu ? Quelle est la dur&eacute;e de la suspension de la star des Braves d&rsquo;Atlanta ? - The Playoffs FR<\/title>\n<meta name=\"robots\" content=\"index, follow, max-snippet:-1, max-image-preview:large, max-video-preview:-1\" \/>\n<link rel=\"canonical\" href=\"https:\/\/theplayoffs.news\/fr\/actualite-mlb\/jurickson-profar-suspension\/\" \/>\n<meta property=\"og:locale\" content=\"fr_FR\" \/>\n<meta property=\"og:type\" content=\"article\" \/>\n<meta property=\"og:title\" content=\"Pourquoi Jurickson Profar a-t-il &eacute;t&eacute; suspendu ? Quelle est la dur&eacute;e de la suspension de la star des Braves d&rsquo;Atlanta ? - The Playoffs FR\" \/>\n<meta property=\"og:description\" content=\"Les Braves sont toujours &agrave; la recherche de leur premi&egrave;re victoire apr&egrave;s quatre matchs.\" \/>\n<meta property=\"og:url\" content=\"https:\/\/theplayoffs.news\/fr\/actualite-mlb\/jurickson-profar-suspension\/\" \/>\n<meta property=\"og:site_name\" content=\"The Playoffs FR\" \/>\n<meta property=\"article:publisher\" content=\"https:\/\/www.facebook.com\/TheFreeAgentFR\/\" \/>\n<meta property=\"article:modified_time\" content=\"2025-04-01T08:55:01+02:00\" \/>\n<meta property=\"og:image\" content=\"https:\/\/theplayoffs.news\/fr\/wp-content\/uploads\/2025\/04\/USATSI_25471862-1.jpg\" \/>\n\t<meta property=\"og:image:width\" content=\"1920\" \/>\n\t<meta property=\"og:image:height\" content=\"1280\" \/>\n\t<meta property=\"og:image:type\" content=\"image\/jpeg\" \/>\n<meta name=\"author\" content=\"Charles Taudin\" \/>\n<meta name=\"twitter:card\" content=\"summary_large_image\" \/>\n<meta name=\"twitter:creator\" content=\"@TheFreeAgentFR\" \/>\n<meta name=\"twitter:site\" content=\"@TheFreeAgentFR\" \/>\n<meta name=\"twitter:label1\" content=\"\u00c9crit par\" \/>\n\t<meta name=\"twitter:data1\" content=\"Charles Taudin\" \/>\n\t<meta name=\"twitter:label2\" content=\"Dur\u00e9e de lecture estim\u00e9e\" \/>\n\t<meta name=\"twitter:data2\" content=\"3 minutes\" \/>\n<script type=\"application\/ld+json\" class=\"yoast-schema-graph\">{\"@context\":\"https:\/\/schema.org\",\"@graph\":[{\"@type\":\"WebPage\",\"@id\":\"https:\/\/theplayoffs.news\/fr\/actualite-mlb\/jurickson-profar-suspension\/\",\"url\":\"https:\/\/theplayoffs.news\/fr\/actualite-mlb\/jurickson-profar-suspension\/\",\"name\":\"Pourquoi Jurickson Profar a-t-il \u00e9t\u00e9 suspendu ? Quelle est la dur\u00e9e de la suspension de la star des Braves d\u2019Atlanta ? - The Playoffs FR\",\"isPartOf\":{\"@id\":\"https:\/\/theplayoffs.news\/fr\/#website\"},\"primaryImageOfPage\":{\"@id\":\"https:\/\/theplayoffs.news\/fr\/actualite-mlb\/jurickson-profar-suspension\/#primaryimage\"},\"image\":{\"@id\":\"https:\/\/theplayoffs.news\/fr\/actualite-mlb\/jurickson-profar-suspension\/#primaryimage\"},\"thumbnailUrl\":\"https:\/\/theplayoffs.news\/fr\/wp-content\/uploads\/2025\/04\/USATSI_25471862-1.jpg\",\"datePublished\":\"2025-04-01T06:54:33+00:00\",\"dateModified\":\"2025-04-01T06:55:01+00:00\",\"author\":{\"@id\":\"https:\/\/theplayoffs.news\/fr\/#\/schema\/person\/eee5b69ad5d3c51cabe881c839dbe133\"},\"breadcrumb\":{\"@id\":\"https:\/\/theplayoffs.news\/fr\/actualite-mlb\/jurickson-profar-suspension\/#breadcrumb\"},\"inLanguage\":\"fr-FR\",\"potentialAction\":[{\"@type\":\"ReadAction\",\"target\":[\"https:\/\/theplayoffs.news\/fr\/actualite-mlb\/jurickson-profar-suspension\/\"]}]},{\"@type\":\"ImageObject\",\"inLanguage\":\"fr-FR\",\"@id\":\"https:\/\/theplayoffs.news\/fr\/actualite-mlb\/jurickson-profar-suspension\/#primaryimage\",\"url\":\"https:\/\/theplayoffs.news\/fr\/wp-content\/uploads\/2025\/04\/USATSI_25471862-1.jpg\",\"contentUrl\":\"https:\/\/theplayoffs.news\/fr\/wp-content\/uploads\/2025\/04\/USATSI_25471862-1.jpg\",\"width\":1920,\"height\":1280,\"caption\":\"Feb 21, 2025; North Port, FL, USA; Atlanta Braves outfielder Jurickson Profar (7) takes photos during media day CoolToday Park. Mandatory Credit: Kim Klement Neitzel-Imagn Images\"},{\"@type\":\"BreadcrumbList\",\"@id\":\"https:\/\/theplayoffs.news\/fr\/actualite-mlb\/jurickson-profar-suspension\/#breadcrumb\",\"itemListElement\":[{\"@type\":\"ListItem\",\"position\":1,\"name\":\"Accueil\",\"item\":\"https:\/\/theplayoffs.news\/fr\/\"},{\"@type\":\"ListItem\",\"position\":2,\"name\":\"Pourquoi Jurickson Profar a-t-il \u00e9t\u00e9 suspendu ? Quelle est la dur\u00e9e de la suspension de la star des Braves d\u2019Atlanta ?\"}]},{\"@type\":\"WebSite\",\"@id\":\"https:\/\/theplayoffs.news\/fr\/#website\",\"url\":\"https:\/\/theplayoffs.news\/fr\/\",\"name\":\"The Playoffs FR\",\"description\":\"NBA-NFL-NHL-MLB\",\"potentialAction\":[{\"@type\":\"SearchAction\",\"target\":{\"@type\":\"EntryPoint\",\"urlTemplate\":\"https:\/\/theplayoffs.news\/fr\/?s={search_term_string}\"},\"query-input\":{\"@type\":\"PropertyValueSpecification\",\"valueRequired\":true,\"valueName\":\"search_term_string\"}}],\"inLanguage\":\"fr-FR\"},{\"@type\":\"Person\",\"@id\":\"https:\/\/theplayoffs.news\/fr\/#\/schema\/person\/eee5b69ad5d3c51cabe881c839dbe133\",\"name\":\"Charles Taudin\",\"image\":{\"@type\":\"ImageObject\",\"inLanguage\":\"fr-FR\",\"@id\":\"https:\/\/theplayoffs.news\/fr\/#\/schema\/person\/image\/\",\"url\":\"https:\/\/secure.gravatar.com\/avatar\/59a1e772205ce9fd255edfcafc93013736822e20261f294c5753b20c41ede9f2?s=96&d=mm&r=g\",\"contentUrl\":\"https:\/\/secure.gravatar.com\/avatar\/59a1e772205ce9fd255edfcafc93013736822e20261f294c5753b20c41ede9f2?s=96&d=mm&r=g\",\"caption\":\"Charles Taudin\"},\"description\":\"R\u00e9dacteur en chef global de The Playoffs, j\u2019ai cr\u00e9\u00e9 The Free Agent, devenu The Playoffs FR, en 2020 durant la pand\u00e9mie. Amoureux depuis des ann\u00e9es des 4 sports majeurs am\u00e9ricains, j\u2019organise maintenant la strat\u00e9gie \u00e9ditoriale et les r\u00e9seaux sociaux de l\u2019ensemble des versions de The Playoffs. Il m\u2019arrive encore d\u2019\u00e9crire sur certains sports que j\u2019affectionne particuli\u00e8rement comme la NFL ou la MLB. Si vous devez retenir qu\u2019une chose : Eli Manning est le vrai GOAT pour avoir battu deux fois Tom Brady.\",\"sameAs\":[\"https:\/\/www.instagram.com\/ctaudin_\/\"],\"url\":\"https:\/\/theplayoffs.news\/fr\/author\/charles-taudin\/\"}]}<\/script>\n<!-- \/ Yoast SEO plugin. -->","yoast_head_json":{"title":"Pourquoi Jurickson Profar a-t-il &eacute;t&eacute; suspendu ? Quelle est la dur&eacute;e de la suspension de la star des Braves d&rsquo;Atlanta ? - The Playoffs FR","robots":{"index":"index","follow":"follow","max-snippet":"max-snippet:-1","max-image-preview":"max-image-preview:large","max-video-preview":"max-video-preview:-1"},"canonical":"https:\/\/theplayoffs.news\/fr\/actualite-mlb\/jurickson-profar-suspension\/","og_locale":"fr_FR","og_type":"article","og_title":"Pourquoi Jurickson Profar a-t-il &eacute;t&eacute; suspendu ? Quelle est la dur&eacute;e de la suspension de la star des Braves d&rsquo;Atlanta ? - The Playoffs FR","og_description":"Les Braves sont toujours &agrave; la recherche de leur premi&egrave;re victoire apr&egrave;s quatre matchs.","og_url":"https:\/\/theplayoffs.news\/fr\/actualite-mlb\/jurickson-profar-suspension\/","og_site_name":"The Playoffs FR","article_publisher":"https:\/\/www.facebook.com\/TheFreeAgentFR\/","article_modified_time":"2025-04-01T06:55:01+00:00","og_image":[{"width":1920,"height":1280,"url":"https:\/\/theplayoffs.news\/fr\/wp-content\/uploads\/2025\/04\/USATSI_25471862-1.jpg","type":"image\/jpeg"}],"author":"Charles Taudin","twitter_card":"summary_large_image","twitter_creator":"@TheFreeAgentFR","twitter_site":"@TheFreeAgentFR","twitter_misc":{"\u00c9crit par":"Charles Taudin","Dur\u00e9e de lecture estim\u00e9e":"3 minutes"},"schema":{"@context":"https:\/\/schema.org","@graph":[{"@type":"WebPage","@id":"https:\/\/theplayoffs.news\/fr\/actualite-mlb\/jurickson-profar-suspension\/","url":"https:\/\/theplayoffs.news\/fr\/actualite-mlb\/jurickson-profar-suspension\/","name":"Pourquoi Jurickson Profar a-t-il \u00e9t\u00e9 suspendu ? Quelle est la dur\u00e9e de la suspension de la star des Braves d\u2019Atlanta ? - The Playoffs FR","isPartOf":{"@id":"https:\/\/theplayoffs.news\/fr\/#website"},"primaryImageOfPage":{"@id":"https:\/\/theplayoffs.news\/fr\/actualite-mlb\/jurickson-profar-suspension\/#primaryimage"},"image":{"@id":"https:\/\/theplayoffs.news\/fr\/actualite-mlb\/jurickson-profar-suspension\/#primaryimage"},"thumbnailUrl":"https:\/\/theplayoffs.news\/fr\/wp-content\/uploads\/2025\/04\/USATSI_25471862-1.jpg","datePublished":"2025-04-01T06:54:33+00:00","dateModified":"2025-04-01T06:55:01+00:00","author":{"@id":"https:\/\/theplayoffs.news\/fr\/#\/schema\/person\/eee5b69ad5d3c51cabe881c839dbe133"},"breadcrumb":{"@id":"https:\/\/theplayoffs.news\/fr\/actualite-mlb\/jurickson-profar-suspension\/#breadcrumb"},"inLanguage":"fr-FR","potentialAction":[{"@type":"ReadAction","target":["https:\/\/theplayoffs.news\/fr\/actualite-mlb\/jurickson-profar-suspension\/"]}]},{"@type":"ImageObject","inLanguage":"fr-FR","@id":"https:\/\/theplayoffs.news\/fr\/actualite-mlb\/jurickson-profar-suspension\/#primaryimage","url":"https:\/\/theplayoffs.news\/fr\/wp-content\/uploads\/2025\/04\/USATSI_25471862-1.jpg","contentUrl":"https:\/\/theplayoffs.news\/fr\/wp-content\/uploads\/2025\/04\/USATSI_25471862-1.jpg","width":1920,"height":1280,"caption":"Feb 21, 2025; North Port, FL, USA; Atlanta Braves outfielder Jurickson Profar (7) takes photos during media day CoolToday Park. Mandatory Credit: Kim Klement Neitzel-Imagn Images"},{"@type":"BreadcrumbList","@id":"https:\/\/theplayoffs.news\/fr\/actualite-mlb\/jurickson-profar-suspension\/#breadcrumb","itemListElement":[{"@type":"ListItem","position":1,"name":"Accueil","item":"https:\/\/theplayoffs.news\/fr\/"},{"@type":"ListItem","position":2,"name":"Pourquoi Jurickson Profar a-t-il \u00e9t\u00e9 suspendu ? Quelle est la dur\u00e9e de la suspension de la star des Braves d\u2019Atlanta ?"}]},{"@type":"WebSite","@id":"https:\/\/theplayoffs.news\/fr\/#website","url":"https:\/\/theplayoffs.news\/fr\/","name":"The Playoffs FR","description":"NBA-NFL-NHL-MLB","potentialAction":[{"@type":"SearchAction","target":{"@type":"EntryPoint","urlTemplate":"https:\/\/theplayoffs.news\/fr\/?s={search_term_string}"},"query-input":{"@type":"PropertyValueSpecification","valueRequired":true,"valueName":"search_term_string"}}],"inLanguage":"fr-FR"},{"@type":"Person","@id":"https:\/\/theplayoffs.news\/fr\/#\/schema\/person\/eee5b69ad5d3c51cabe881c839dbe133","name":"Charles Taudin","image":{"@type":"ImageObject","inLanguage":"fr-FR","@id":"https:\/\/theplayoffs.news\/fr\/#\/schema\/person\/image\/","url":"https:\/\/secure.gravatar.com\/avatar\/59a1e772205ce9fd255edfcafc93013736822e20261f294c5753b20c41ede9f2?s=96&d=mm&r=g","contentUrl":"https:\/\/secure.gravatar.com\/avatar\/59a1e772205ce9fd255edfcafc93013736822e20261f294c5753b20c41ede9f2?s=96&d=mm&r=g","caption":"Charles Taudin"},"description":"R\u00e9dacteur en chef global de The Playoffs, j\u2019ai cr\u00e9\u00e9 The Free Agent, devenu The Playoffs FR, en 2020 durant la pand\u00e9mie. Amoureux depuis des ann\u00e9es des 4 sports majeurs am\u00e9ricains, j\u2019organise maintenant la strat\u00e9gie \u00e9ditoriale et les r\u00e9seaux sociaux de l\u2019ensemble des versions de The Playoffs. Il m\u2019arrive encore d\u2019\u00e9crire sur certains sports que j\u2019affectionne particuli\u00e8rement comme la NFL ou la MLB. Si vous devez retenir qu\u2019une chose : Eli Manning est le vrai GOAT pour avoir battu deux fois Tom Brady.","sameAs":["https:\/\/www.instagram.com\/ctaudin_\/"],"url":"https:\/\/theplayoffs.news\/fr\/author\/charles-taudin\/"}]}},"_links":{"self":[{"href":"https:\/\/theplayoffs.news\/fr\/wp-json\/wp\/v2\/posts\/1486994","targetHints":{"allow":["GET"]}}],"collection":[{"href":"https:\/\/theplayoffs.news\/fr\/wp-json\/wp\/v2\/posts"}],"about":[{"href":"https:\/\/theplayoffs.news\/fr\/wp-json\/wp\/v2\/types\/post"}],"author":[{"embeddable":true,"href":"https:\/\/theplayoffs.news\/fr\/wp-json\/wp\/v2\/users\/13"}],"replies":[{"embeddable":true,"href":"https:\/\/theplayoffs.news\/fr\/wp-json\/wp\/v2\/comments?post=1486994"}],"version-history":[{"count":1,"href":"https:\/\/theplayoffs.news\/fr\/wp-json\/wp\/v2\/posts\/1486994\/revisions"}],"predecessor-version":[{"id":1486997,"href":"https:\/\/theplayoffs.news\/fr\/wp-json\/wp\/v2\/posts\/1486994\/revisions\/1486997"}],"wp:featuredmedia":[{"embeddable":true,"href":"https:\/\/theplayoffs.news\/fr\/wp-json\/wp\/v2\/media\/1486996"}],"wp:attachment":[{"href":"https:\/\/theplayoffs.news\/fr\/wp-json\/wp\/v2\/media?parent=1486994"}],"wp:term":[{"taxonomy":"category","embeddable":true,"href":"https:\/\/theplayoffs.news\/fr\/wp-json\/wp\/v2\/categories?post=1486994"},{"taxonomy":"post_tag","embeddable":true,"href":"https:\/\/theplayoffs.news\/fr\/wp-json\/wp\/v2\/tags?post=1486994"},{"taxonomy":"sport","embeddable":true,"href":"https:\/\/theplayoffs.news\/fr\/wp-json\/wp\/v2\/sport?post=1486994"},{"taxonomy":"saison","embeddable":true,"href":"https:\/\/theplayoffs.news\/fr\/wp-json\/wp\/v2\/saison?post=1486994"}],"curies":[{"name":"wp","href":"https:\/\/api.w.org\/{rel}","templated":true}]}}