{"id":1486874,"date":"2025-03-31T11:05:05","date_gmt":"2025-03-31T09:05:05","guid":{"rendered":"https:\/\/theplayoffs.news\/fr\/uncategorized\/\/"},"modified":"2025-03-31T11:05:15","modified_gmt":"2025-03-31T09:05:15","slug":"jalen-brunson-de-retour-avant-les-playoffs","status":"publish","type":"post","link":"https:\/\/theplayoffs.news\/fr\/actualite-nba\/jalen-brunson-de-retour-avant-les-playoffs\/","title":{"rendered":"Jalen Brunson de retour avant les Playoffs\u00a0?"},"content":{"rendered":"<p><strong>Avant la victoire des Knicks face aux Blazers dimanche soir, Jalen Brunson s&rsquo;est exprim&eacute; sur un possible retour.<\/strong><\/p><p>Bless&eacute; &agrave; la cheville le 6 mars dernier lors d&rsquo;une rencontre face aux<strong> Lakers<\/strong>, le meneur new-yorkais r&eacute;alisait une nouvelle performance de haut niveau (39 points et 10 passes) avant de quitter pr&eacute;matur&eacute;ment le parquet. Depuis, la question d&rsquo;un retour &agrave; <strong>100 % <\/strong>reste en suspens.<\/p><blockquote class=\"wp-block-quote is-layout-flow wp-block-quote-is-layout-flow\">\n<p><em>&laquo;&nbsp;Je pense pouvoir revenir avant les playoffs. Ce serait id&eacute;al de disputer quelques matchs avant d&rsquo;entrer dans le vif du sujet. Mais l&rsquo;essentiel reste un r&eacute;tablissement total&nbsp;&raquo;<\/em>, a confi&eacute; Brunson.<\/p>\n<\/blockquote><blockquote class=\"twitter-tweet\"><p lang=\"en\" dir=\"ltr\">Jalen Brunson says his recovery from ankle sprain is going well and he&rsquo;s been cleared for basketball activities in practice. He said &ldquo;realistically&rdquo; he&rsquo;s hoping to play before the postseason starts to get court time ahead of playoffs<\/p>&mdash; Ian Begley (@IanBegley) <a href=\"https:\/\/twitter.com\/IanBegley\/status\/1906448964338991428?ref_src=twsrc%5Etfw\" class=\"trk-cta-link\" data-cta-trk='{\"ctaType\":\"Link\",\"ctaSubType\":\"main\"}'>March 30, 2025<\/a><\/blockquote><script async src=\"https:\/\/platform.twitter.com\/widgets.js\" charset=\"utf-8\"><\/script><p>Avant cette blessure, les statistiques parlaient d&rsquo;elles-m&ecirc;mes : <strong>26,3 points, 3,0 rebonds et 7,4 passes d&eacute;cisives<\/strong>. Un niveau de jeu r&eacute;compens&eacute; par une deuxi&egrave;me s&eacute;lection au All-Star Game. Au-del&agrave; de l&rsquo;enjeu collectif, une motivation suppl&eacute;mentaire existe pour un retour rapide : l&rsquo;&eacute;ligibilit&eacute; aux distinctions de fin de saison. Avec <strong>61 matchs disput&eacute;s<\/strong>, l&rsquo;ancien de Villanova se rapproche du seuil des <strong>65 rencontres<\/strong> n&eacute;cessaires pour figurer dans une <strong>All-<a href=\"https:\/\/theplayoffs.news\/fr\/category\/nba\/\" target=\"_blank\" rel=\"noreferrer noopener\" class=\"trk-cta-link\" data-cta-trk='{\"ctaType\":\"Link\",\"ctaSubType\":\"main\"}'>NBA<\/a> Team.<\/strong><\/p><p><strong>Lire aussi :<\/strong><\/p><p><a href=\"https:\/\/theplayoffs.news\/fr\/actualite-nba\/quin-snyder-sur-zaccharie-risacher-il-joue-a-linstinct\/\" class=\"trk-cta-link\" data-cta-trk='{\"ctaType\":\"Link\",\"ctaSubType\":\"main\"}'>Quin Snyder sur Zaccharie Risacher : &laquo;&nbsp;il joue &agrave; l&rsquo;instinct&nbsp;&raquo;<\/a><\/p><p><a href=\"https:\/\/theplayoffs.news\/fr\/actualite-nba\/kevin-durant-blesse-a-la-cheville-gauche\/\" class=\"trk-cta-link\" data-cta-trk='{\"ctaType\":\"Link\",\"ctaSubType\":\"main\"}'>Kevin Durant bless&eacute; &agrave; la cheville gauche !<\/a><\/p><p>Tom Thibodeau a soulign&eacute; l&rsquo;importance de <strong>Brunson<\/strong> et les ajustements n&eacute;cessaires en son absence.<\/p><blockquote class=\"wp-block-quote is-layout-flow wp-block-quote-is-layout-flow\">\n<p><em>&laquo;&nbsp;Remplacer Jalen individuellement reste impossible. Ce d&eacute;fi doit &ecirc;tre relev&eacute; collectivement, et jusqu&rsquo;ici, le groupe a r&eacute;pondu pr&eacute;sent. Chaque absence cr&eacute;e une opportunit&eacute; pour un autre joueur. La d&eacute;fense et le rebond demeurent des secteurs cl&eacute;s sur lesquels l&rsquo;ensemble de l&rsquo;&eacute;quipe peut peser. En limitant les pertes de balle et en restant disciplin&eacute;s, les victoires continueront d&rsquo;arriver. L&rsquo;objectif reste inchang&eacute; : progresser jour apr&egrave;s jour. Et d&egrave;s son retour, Jalen apportera &eacute;norm&eacute;ment &agrave; l&rsquo;&eacute;quipe.&nbsp;&raquo;<\/em><\/p>\n<\/blockquote><p>Des propos forts du coach <strong>new-yorkais<\/strong>, particuli&egrave;rement attach&eacute; &agrave; son leader. Malgr&eacute; ce coup dur, <strong>New York<\/strong> a tenu bon, conservant la troisi&egrave;me place de la Conf&eacute;rence Est avec un bilan de 7 victoires et 5 d&eacute;faites sans son meneur. <strong>Jalen Brunson<\/strong> n&rsquo;a pas manqu&eacute; de saluer l&rsquo;effort collectif.<\/p><blockquote class=\"wp-block-quote is-layout-flow wp-block-quote-is-layout-flow\">\n<p><em>&laquo;&nbsp;Des soirs plus compliqu&eacute;s ont exist&eacute;, mais &agrave; chaque fois, le groupe a su r&eacute;pondre pr&eacute;sent d&egrave;s le lendemain. Tout repose sur cette capacit&eacute; &agrave; r&eacute;agir et &agrave; progresser. L&rsquo;adversit&eacute; fait partie du jeu, la cl&eacute; reste la mani&egrave;re dont elle est affront&eacute;e. L&rsquo;&eacute;quipe a avanc&eacute; dans la bonne direction et accompli un excellent travail.&nbsp;&raquo;<\/em><\/p>\n<\/blockquote><p>Encore huit rencontres au programme avant la fin de la saison r&eacute;guli&egrave;re, dont une r&eacute;ception des<strong> Sixers<\/strong> le 1er avril, suivie d&rsquo;un d&eacute;placement &agrave; <strong>Cleveland <\/strong>d&egrave;s le lendemain.<\/p><p><strong>Cr&eacute;dit photo :&nbsp;<\/strong>Gary A. Vasquez-Imagn Images<\/p><p><\/p>\n","protected":false},"excerpt":{"rendered":"","protected":false},"author":180310268,"featured_media":1486876,"comment_status":"closed","ping_status":"closed","sticky":false,"template":"","format":"standard","meta":{"inline_featured_image":false,"kia_subtitle":"","_mux_skip_reasons":[],"proofreadBy":0,"footnotes":""},"categories":[110,10],"tags":[3977,117,23,8012,6034,1559],"sport":[2783],"saison":[],"class_list":["post-1486874","post","type-post","status-publish","format-standard","has-post-thumbnail","hentry","category-actualite-nba","category-nba","tag-jalen-brunson","tag-los-angeles-lakers","tag-nba-tag","tag-new-york-knicks-2","tag-portland-trai-blazers","tag-tom-thibodeau","sport-nba"],"acf":[],"yoast_head":"<!-- This site is optimized with the Yoast SEO plugin v24.2 - https:\/\/yoast.com\/wordpress\/plugins\/seo\/ -->\n<title>Jalen Brunson de retour avant les Playoffs ?<\/title>\n<meta name=\"description\" content=\"Avant la victoire des Knicks face aux Blazers dimanche soir, Jalen Brunson s&rsquo;est exprim&eacute; sur un possible retour.\" \/>\n<meta name=\"robots\" content=\"index, follow, max-snippet:-1, max-image-preview:large, max-video-preview:-1\" \/>\n<link rel=\"canonical\" href=\"https:\/\/theplayoffs.news\/fr\/actualite-nba\/jalen-brunson-de-retour-avant-les-playoffs\/\" \/>\n<meta property=\"og:locale\" content=\"fr_FR\" \/>\n<meta property=\"og:type\" content=\"article\" \/>\n<meta property=\"og:title\" content=\"Jalen Brunson de retour avant les Playoffs ?\" \/>\n<meta property=\"og:description\" content=\"Avant la victoire des Knicks face aux Blazers dimanche soir, Jalen Brunson s&rsquo;est exprim&eacute; sur un possible retour.\" \/>\n<meta property=\"og:url\" content=\"https:\/\/theplayoffs.news\/fr\/actualite-nba\/jalen-brunson-de-retour-avant-les-playoffs\/\" \/>\n<meta property=\"og:site_name\" content=\"The Playoffs FR\" \/>\n<meta property=\"article:publisher\" content=\"https:\/\/www.facebook.com\/TheFreeAgentFR\/\" \/>\n<meta property=\"article:modified_time\" content=\"2025-03-31T11:05:15+02:00\" \/>\n<meta property=\"og:image\" content=\"https:\/\/theplayoffs.news\/fr\/wp-content\/uploads\/2025\/03\/USATSI_25601976.jpg\" \/>\n\t<meta property=\"og:image:width\" content=\"1920\" \/>\n\t<meta property=\"og:image:height\" content=\"1280\" \/>\n\t<meta property=\"og:image:type\" content=\"image\/jpeg\" \/>\n<meta name=\"author\" content=\"Elian Goethals\" \/>\n<meta name=\"twitter:card\" content=\"summary_large_image\" \/>\n<meta name=\"twitter:creator\" content=\"@x.com\/elidwight\" \/>\n<meta name=\"twitter:site\" content=\"@TheFreeAgentFR\" \/>\n<meta name=\"twitter:label1\" content=\"\u00c9crit par\" \/>\n\t<meta name=\"twitter:data1\" content=\"Elian Goethals\" \/>\n\t<meta name=\"twitter:label2\" content=\"Dur\u00e9e de lecture estim\u00e9e\" \/>\n\t<meta name=\"twitter:data2\" content=\"2 minutes\" \/>\n<script type=\"application\/ld+json\" class=\"yoast-schema-graph\">{\"@context\":\"https:\/\/schema.org\",\"@graph\":[{\"@type\":\"WebPage\",\"@id\":\"https:\/\/theplayoffs.news\/fr\/actualite-nba\/jalen-brunson-de-retour-avant-les-playoffs\/\",\"url\":\"https:\/\/theplayoffs.news\/fr\/actualite-nba\/jalen-brunson-de-retour-avant-les-playoffs\/\",\"name\":\"Jalen Brunson de retour avant les Playoffs ?\",\"isPartOf\":{\"@id\":\"https:\/\/theplayoffs.news\/fr\/#website\"},\"primaryImageOfPage\":{\"@id\":\"https:\/\/theplayoffs.news\/fr\/actualite-nba\/jalen-brunson-de-retour-avant-les-playoffs\/#primaryimage\"},\"image\":{\"@id\":\"https:\/\/theplayoffs.news\/fr\/actualite-nba\/jalen-brunson-de-retour-avant-les-playoffs\/#primaryimage\"},\"thumbnailUrl\":\"https:\/\/theplayoffs.news\/fr\/wp-content\/uploads\/2025\/03\/USATSI_25601976.jpg\",\"datePublished\":\"2025-03-31T09:05:05+00:00\",\"dateModified\":\"2025-03-31T09:05:15+00:00\",\"author\":{\"@id\":\"https:\/\/theplayoffs.news\/fr\/#\/schema\/person\/2bc470c6a49f4f6229a67af19c87a732\"},\"description\":\"Avant la victoire des Knicks face aux Blazers dimanche soir, Jalen Brunson s\u2019est exprim\u00e9 sur un possible retour.\",\"breadcrumb\":{\"@id\":\"https:\/\/theplayoffs.news\/fr\/actualite-nba\/jalen-brunson-de-retour-avant-les-playoffs\/#breadcrumb\"},\"inLanguage\":\"fr-FR\",\"potentialAction\":[{\"@type\":\"ReadAction\",\"target\":[\"https:\/\/theplayoffs.news\/fr\/actualite-nba\/jalen-brunson-de-retour-avant-les-playoffs\/\"]}]},{\"@type\":\"ImageObject\",\"inLanguage\":\"fr-FR\",\"@id\":\"https:\/\/theplayoffs.news\/fr\/actualite-nba\/jalen-brunson-de-retour-avant-les-playoffs\/#primaryimage\",\"url\":\"https:\/\/theplayoffs.news\/fr\/wp-content\/uploads\/2025\/03\/USATSI_25601976.jpg\",\"contentUrl\":\"https:\/\/theplayoffs.news\/fr\/wp-content\/uploads\/2025\/03\/USATSI_25601976.jpg\",\"width\":1920,\"height\":1280,\"caption\":\"Mar 6, 2025; Los Angeles, California, USA; New York Knicks guard Jalen Brunson (11) shoots against Los Angeles Lakers guard Gabe Vincent (7) during the second half at Crypto.com Arena. Mandatory Credit: Gary A. Vasquez-Imagn Images\"},{\"@type\":\"BreadcrumbList\",\"@id\":\"https:\/\/theplayoffs.news\/fr\/actualite-nba\/jalen-brunson-de-retour-avant-les-playoffs\/#breadcrumb\",\"itemListElement\":[{\"@type\":\"ListItem\",\"position\":1,\"name\":\"Accueil\",\"item\":\"https:\/\/theplayoffs.news\/fr\/\"},{\"@type\":\"ListItem\",\"position\":2,\"name\":\"Jalen Brunson de retour avant les Playoffs\u00a0?\"}]},{\"@type\":\"WebSite\",\"@id\":\"https:\/\/theplayoffs.news\/fr\/#website\",\"url\":\"https:\/\/theplayoffs.news\/fr\/\",\"name\":\"The Playoffs FR\",\"description\":\"NBA-NFL-NHL-MLB\",\"potentialAction\":[{\"@type\":\"SearchAction\",\"target\":{\"@type\":\"EntryPoint\",\"urlTemplate\":\"https:\/\/theplayoffs.news\/fr\/?s={search_term_string}\"},\"query-input\":{\"@type\":\"PropertyValueSpecification\",\"valueRequired\":true,\"valueName\":\"search_term_string\"}}],\"inLanguage\":\"fr-FR\"},{\"@type\":\"Person\",\"@id\":\"https:\/\/theplayoffs.news\/fr\/#\/schema\/person\/2bc470c6a49f4f6229a67af19c87a732\",\"name\":\"Elian Goethals\",\"image\":{\"@type\":\"ImageObject\",\"inLanguage\":\"fr-FR\",\"@id\":\"https:\/\/theplayoffs.news\/fr\/#\/schema\/person\/image\/\",\"url\":\"https:\/\/secure.gravatar.com\/avatar\/293e2e649a094756005b611f6122ac1a95e95d453dbfe74b9d434b39855927f6?s=96&d=mm&r=g\",\"contentUrl\":\"https:\/\/secure.gravatar.com\/avatar\/293e2e649a094756005b611f6122ac1a95e95d453dbfe74b9d434b39855927f6?s=96&d=mm&r=g\",\"caption\":\"Elian Goethals\"},\"description\":\"Je suis sp\u00e9cialis\u00e9 dans la r\u00e9daction d\\\\'articles NBA et je suis un grand fan de basket am\u00e9ricain depuis toujours. Cela fait 20 ans que je joue au basket, et mon exp\u00e9rience sur les terrains me permet d\\\\'avoir une analyse approfondie des matchs. J\u2019ai d\u2019abord fait partie d\u2019autres m\u00e9dias sportifs en tant que b\u00e9n\u00e9vole avant de rejoindre ThePlayoffs en janvier. Je termine \u00e9galement un master en \u00e9tudes internationales. Ce que je pr\u00e9f\u00e8re dans mon travail, c\u2019est de transformer ma passion en m\u00e9tier et de partager avec vous l\u2019information NBA. J\u2019essaie de produire un contenu de qualit\u00e9 en esp\u00e9rant qu\u2019il vous plaise !\",\"sameAs\":[\"https:\/\/www.linkedin.com\/in\/elian-goethals-729b71200\/\",\"https:\/\/x.com\/x.com\/elidwight\"],\"url\":\"https:\/\/theplayoffs.news\/fr\/author\/elian\/\"}]}<\/script>\n<!-- \/ Yoast SEO plugin. -->","yoast_head_json":{"title":"Jalen Brunson de retour avant les Playoffs ?","description":"Avant la victoire des Knicks face aux Blazers dimanche soir, Jalen Brunson s&rsquo;est exprim&eacute; sur un possible retour.","robots":{"index":"index","follow":"follow","max-snippet":"max-snippet:-1","max-image-preview":"max-image-preview:large","max-video-preview":"max-video-preview:-1"},"canonical":"https:\/\/theplayoffs.news\/fr\/actualite-nba\/jalen-brunson-de-retour-avant-les-playoffs\/","og_locale":"fr_FR","og_type":"article","og_title":"Jalen Brunson de retour avant les Playoffs ?","og_description":"Avant la victoire des Knicks face aux Blazers dimanche soir, Jalen Brunson s&rsquo;est exprim&eacute; sur un possible retour.","og_url":"https:\/\/theplayoffs.news\/fr\/actualite-nba\/jalen-brunson-de-retour-avant-les-playoffs\/","og_site_name":"The Playoffs FR","article_publisher":"https:\/\/www.facebook.com\/TheFreeAgentFR\/","article_modified_time":"2025-03-31T09:05:15+00:00","og_image":[{"width":1920,"height":1280,"url":"https:\/\/theplayoffs.news\/fr\/wp-content\/uploads\/2025\/03\/USATSI_25601976.jpg","type":"image\/jpeg"}],"author":"Elian Goethals","twitter_card":"summary_large_image","twitter_creator":"@x.com\/elidwight","twitter_site":"@TheFreeAgentFR","twitter_misc":{"\u00c9crit par":"Elian Goethals","Dur\u00e9e de lecture estim\u00e9e":"2 minutes"},"schema":{"@context":"https:\/\/schema.org","@graph":[{"@type":"WebPage","@id":"https:\/\/theplayoffs.news\/fr\/actualite-nba\/jalen-brunson-de-retour-avant-les-playoffs\/","url":"https:\/\/theplayoffs.news\/fr\/actualite-nba\/jalen-brunson-de-retour-avant-les-playoffs\/","name":"Jalen Brunson de retour avant les Playoffs ?","isPartOf":{"@id":"https:\/\/theplayoffs.news\/fr\/#website"},"primaryImageOfPage":{"@id":"https:\/\/theplayoffs.news\/fr\/actualite-nba\/jalen-brunson-de-retour-avant-les-playoffs\/#primaryimage"},"image":{"@id":"https:\/\/theplayoffs.news\/fr\/actualite-nba\/jalen-brunson-de-retour-avant-les-playoffs\/#primaryimage"},"thumbnailUrl":"https:\/\/theplayoffs.news\/fr\/wp-content\/uploads\/2025\/03\/USATSI_25601976.jpg","datePublished":"2025-03-31T09:05:05+00:00","dateModified":"2025-03-31T09:05:15+00:00","author":{"@id":"https:\/\/theplayoffs.news\/fr\/#\/schema\/person\/2bc470c6a49f4f6229a67af19c87a732"},"description":"Avant la victoire des Knicks face aux Blazers dimanche soir, Jalen Brunson s\u2019est exprim\u00e9 sur un possible retour.","breadcrumb":{"@id":"https:\/\/theplayoffs.news\/fr\/actualite-nba\/jalen-brunson-de-retour-avant-les-playoffs\/#breadcrumb"},"inLanguage":"fr-FR","potentialAction":[{"@type":"ReadAction","target":["https:\/\/theplayoffs.news\/fr\/actualite-nba\/jalen-brunson-de-retour-avant-les-playoffs\/"]}]},{"@type":"ImageObject","inLanguage":"fr-FR","@id":"https:\/\/theplayoffs.news\/fr\/actualite-nba\/jalen-brunson-de-retour-avant-les-playoffs\/#primaryimage","url":"https:\/\/theplayoffs.news\/fr\/wp-content\/uploads\/2025\/03\/USATSI_25601976.jpg","contentUrl":"https:\/\/theplayoffs.news\/fr\/wp-content\/uploads\/2025\/03\/USATSI_25601976.jpg","width":1920,"height":1280,"caption":"Mar 6, 2025; Los Angeles, California, USA; New York Knicks guard Jalen Brunson (11) shoots against Los Angeles Lakers guard Gabe Vincent (7) during the second half at Crypto.com Arena. Mandatory Credit: Gary A. Vasquez-Imagn Images"},{"@type":"BreadcrumbList","@id":"https:\/\/theplayoffs.news\/fr\/actualite-nba\/jalen-brunson-de-retour-avant-les-playoffs\/#breadcrumb","itemListElement":[{"@type":"ListItem","position":1,"name":"Accueil","item":"https:\/\/theplayoffs.news\/fr\/"},{"@type":"ListItem","position":2,"name":"Jalen Brunson de retour avant les Playoffs\u00a0?"}]},{"@type":"WebSite","@id":"https:\/\/theplayoffs.news\/fr\/#website","url":"https:\/\/theplayoffs.news\/fr\/","name":"The Playoffs FR","description":"NBA-NFL-NHL-MLB","potentialAction":[{"@type":"SearchAction","target":{"@type":"EntryPoint","urlTemplate":"https:\/\/theplayoffs.news\/fr\/?s={search_term_string}"},"query-input":{"@type":"PropertyValueSpecification","valueRequired":true,"valueName":"search_term_string"}}],"inLanguage":"fr-FR"},{"@type":"Person","@id":"https:\/\/theplayoffs.news\/fr\/#\/schema\/person\/2bc470c6a49f4f6229a67af19c87a732","name":"Elian Goethals","image":{"@type":"ImageObject","inLanguage":"fr-FR","@id":"https:\/\/theplayoffs.news\/fr\/#\/schema\/person\/image\/","url":"https:\/\/secure.gravatar.com\/avatar\/293e2e649a094756005b611f6122ac1a95e95d453dbfe74b9d434b39855927f6?s=96&d=mm&r=g","contentUrl":"https:\/\/secure.gravatar.com\/avatar\/293e2e649a094756005b611f6122ac1a95e95d453dbfe74b9d434b39855927f6?s=96&d=mm&r=g","caption":"Elian Goethals"},"description":"Je suis sp\u00e9cialis\u00e9 dans la r\u00e9daction d\\'articles NBA et je suis un grand fan de basket am\u00e9ricain depuis toujours. Cela fait 20 ans que je joue au basket, et mon exp\u00e9rience sur les terrains me permet d\\'avoir une analyse approfondie des matchs. J\u2019ai d\u2019abord fait partie d\u2019autres m\u00e9dias sportifs en tant que b\u00e9n\u00e9vole avant de rejoindre ThePlayoffs en janvier. Je termine \u00e9galement un master en \u00e9tudes internationales. Ce que je pr\u00e9f\u00e8re dans mon travail, c\u2019est de transformer ma passion en m\u00e9tier et de partager avec vous l\u2019information NBA. J\u2019essaie de produire un contenu de qualit\u00e9 en esp\u00e9rant qu\u2019il vous plaise !","sameAs":["https:\/\/www.linkedin.com\/in\/elian-goethals-729b71200\/","https:\/\/x.com\/x.com\/elidwight"],"url":"https:\/\/theplayoffs.news\/fr\/author\/elian\/"}]}},"_links":{"self":[{"href":"https:\/\/theplayoffs.news\/fr\/wp-json\/wp\/v2\/posts\/1486874","targetHints":{"allow":["GET"]}}],"collection":[{"href":"https:\/\/theplayoffs.news\/fr\/wp-json\/wp\/v2\/posts"}],"about":[{"href":"https:\/\/theplayoffs.news\/fr\/wp-json\/wp\/v2\/types\/post"}],"author":[{"embeddable":true,"href":"https:\/\/theplayoffs.news\/fr\/wp-json\/wp\/v2\/users\/180310268"}],"replies":[{"embeddable":true,"href":"https:\/\/theplayoffs.news\/fr\/wp-json\/wp\/v2\/comments?post=1486874"}],"version-history":[{"count":1,"href":"https:\/\/theplayoffs.news\/fr\/wp-json\/wp\/v2\/posts\/1486874\/revisions"}],"predecessor-version":[{"id":1486878,"href":"https:\/\/theplayoffs.news\/fr\/wp-json\/wp\/v2\/posts\/1486874\/revisions\/1486878"}],"wp:featuredmedia":[{"embeddable":true,"href":"https:\/\/theplayoffs.news\/fr\/wp-json\/wp\/v2\/media\/1486876"}],"wp:attachment":[{"href":"https:\/\/theplayoffs.news\/fr\/wp-json\/wp\/v2\/media?parent=1486874"}],"wp:term":[{"taxonomy":"category","embeddable":true,"href":"https:\/\/theplayoffs.news\/fr\/wp-json\/wp\/v2\/categories?post=1486874"},{"taxonomy":"post_tag","embeddable":true,"href":"https:\/\/theplayoffs.news\/fr\/wp-json\/wp\/v2\/tags?post=1486874"},{"taxonomy":"sport","embeddable":true,"href":"https:\/\/theplayoffs.news\/fr\/wp-json\/wp\/v2\/sport?post=1486874"},{"taxonomy":"saison","embeddable":true,"href":"https:\/\/theplayoffs.news\/fr\/wp-json\/wp\/v2\/saison?post=1486874"}],"curies":[{"name":"wp","href":"https:\/\/api.w.org\/{rel}","templated":true}]}}