{"id":1486858,"date":"2025-03-31T09:52:26","date_gmt":"2025-03-31T07:52:26","guid":{"rendered":"https:\/\/theplayoffs.news\/fr\/uncategorized\/\/"},"modified":"2025-03-31T09:52:34","modified_gmt":"2025-03-31T07:52:34","slug":"kevin-durant-blesse-a-la-cheville-gauche","status":"publish","type":"post","link":"https:\/\/theplayoffs.news\/fr\/actualite-nba\/kevin-durant-blesse-a-la-cheville-gauche\/","title":{"rendered":"Kevin Durant bless\u00e9 \u00e0 la cheville gauche !\u00a0"},"content":{"rendered":"<p><strong>Alors que les Suns se sont inclin&eacute;s face aux Rockets, une autre mauvaise nouvelle est venue ternir un peu plus la soir&eacute;e : la blessure de Kevin Durant.<\/strong><\/p><p>Contraint de rejoindre le vestiaire apr&egrave;s avoir atterri sur le pied de<strong> Jabari Smith Jr<\/strong>, l&rsquo;ancien MVP <a href=\"https:\/\/theplayoffs.news\/fr\/category\/nba\/\" target=\"_blank\" rel=\"noreferrer noopener\" class=\"trk-cta-link\" data-cta-trk='{\"ctaType\":\"Link\",\"ctaSubType\":\"main\"}'>NBA<\/a> s&rsquo;est tordu la cheville gauche &agrave; 6&rsquo;57&nbsp;&raquo; de la fin du troisi&egrave;me quart-temps. Troisi&egrave;me d&eacute;faite cons&eacute;cutive pour <strong>Phoenix,<\/strong> qui devra probablement se passer de sa star lors des trois prochains matchs de son road trip &agrave; l&rsquo;Est (Milwaukee, Boston et New York). Selon <strong>Mike Budenholzer<\/strong>, une IRM pr&eacute;vue ce lundi 31 mars apportera plus de pr&eacute;cisions sur la gravit&eacute; de la blessure.<\/p><blockquote class=\"twitter-tweet\"><p lang=\"en\" dir=\"ltr\">Kevin Durant left the game after injuring his ankle on this play. <a href=\"https:\/\/t.co\/OUJ3YmZO7I\" class=\"trk-cta-link\" data-cta-trk='{\"ctaType\":\"Link\",\"ctaSubType\":\"main\"}'>pic.twitter.com\/OUJ3YmZO7I<\/a><\/p>&mdash; NBA on ESPN (@ESPNNBA) <a href=\"https:\/\/twitter.com\/ESPNNBA\/status\/1906543970940809241?ref_src=twsrc%5Etfw\" class=\"trk-cta-link\" data-cta-trk='{\"ctaType\":\"Link\",\"ctaSubType\":\"main\"}'>March 31, 2025<\/a><\/blockquote><script async src=\"https:\/\/platform.twitter.com\/widgets.js\" charset=\"utf-8\"><\/script><p>En conf&eacute;rence de presse, le coach des<strong> Suns<\/strong> a point&eacute; du doigt les lacunes de son &eacute;quipe :<\/p><blockquote class=\"wp-block-quote is-layout-flow wp-block-quote-is-layout-flow\">\n<p><em>&laquo;&nbsp;Il faut &ecirc;tre bien meilleur en d&eacute;fense et afficher plus de d&eacute;termination en attaque. Il faut tout simplement mieux jouer.&nbsp;&raquo;<\/em><\/p>\n<\/blockquote><p><strong>Lire aussi:<\/strong>&nbsp;<\/p><p><a href=\"https:\/\/theplayoffs.news\/fr\/actualite-nba\/resultats-nba-du-31-mars-risacher-sur-un-nuage\/\" class=\"trk-cta-link\" data-cta-trk='{\"ctaType\":\"Link\",\"ctaSubType\":\"main\"}'>R&eacute;sultats NBA du 31 mars : Risacher sur un nuage !<\/a><\/p><p><a href=\"https:\/\/theplayoffs.news\/fr\/actualite-nba\/domantas-sabonis-restera-t-il-a-sacramento\/\" class=\"trk-cta-link\" data-cta-trk='{\"ctaType\":\"Link\",\"ctaSubType\":\"main\"}'>Domantas Sabonis restera-t-il &agrave; Sacramento ?<\/a><\/p><p>La tension est &eacute;galement mont&eacute;e d&rsquo;un cran sur le parquet avant la sortie de <strong>Kevin<\/strong> <strong>Durant<\/strong>. Un accrochage avec <strong>Dillon Brooks<\/strong> a conduit &agrave; une faute technique contre l&rsquo;ancien d&rsquo;OKC, tandis que <strong>le Canadien<\/strong> a &eacute;t&eacute; expuls&eacute; apr&egrave;s deux techniques.<\/p><p>Actuellement onzi&egrave;mes de la Conf&eacute;rence Ouest avec un bilan de 35 victoires pour 40 d&eacute;faites, les <strong>Suns<\/strong> restent en course pour le play-in, mais <strong>Sacramento <\/strong>(36-38), d&eacute;tenteur de la dixi&egrave;me place, conserve une l&eacute;g&egrave;re avance. Une absence prolong&eacute;e de<strong> Kevin Durant<\/strong> pourrait d&eacute;finitivement sceller le sort de <strong>Phoenix, <\/strong>condamn&eacute; &agrave; manquer la post-saison.<\/p><p><strong>Cr&eacute;dit photo :&nbsp;<\/strong>Rick Scuteri-Imagn Images<\/p>\n","protected":false},"excerpt":{"rendered":"","protected":false},"author":180310268,"featured_media":1486860,"comment_status":"closed","ping_status":"closed","sticky":false,"template":"","format":"standard","meta":{"inline_featured_image":false,"kia_subtitle":"","_mux_skip_reasons":[],"proofreadBy":0,"footnotes":""},"categories":[110,10],"tags":[139,6044,476,2721,23,804,698],"sport":[2783],"saison":[],"class_list":["post-1486858","post","type-post","status-publish","format-standard","has-post-thumbnail","hentry","category-actualite-nba","category-nba","tag-houston-rockets","tag-jabari-smith-jr","tag-kevin-durant","tag-mike-budenholzer","tag-nba-tag","tag-phoenix-suns","tag-sacramento-kings","sport-nba"],"acf":[],"yoast_head":"<!-- This site is optimized with the Yoast SEO plugin v24.2 - https:\/\/yoast.com\/wordpress\/plugins\/seo\/ -->\n<title>Kevin Durant bless&eacute; &agrave; la cheville gauche !<\/title>\n<meta name=\"description\" content=\"Alors que les Suns se sont inclin&eacute;s face aux Rockets, une autre mauvaise nouvelle est venue ternir la soir&eacute;e : la blessure de Kevin Durant.\" \/>\n<meta name=\"robots\" content=\"index, follow, max-snippet:-1, max-image-preview:large, max-video-preview:-1\" \/>\n<link rel=\"canonical\" href=\"https:\/\/theplayoffs.news\/fr\/actualite-nba\/kevin-durant-blesse-a-la-cheville-gauche\/\" \/>\n<meta property=\"og:locale\" content=\"fr_FR\" \/>\n<meta property=\"og:type\" content=\"article\" \/>\n<meta property=\"og:title\" content=\"Kevin Durant bless&eacute; &agrave; la cheville gauche !\" \/>\n<meta property=\"og:description\" content=\"Alors que les Suns se sont inclin&eacute;s face aux Rockets, une autre mauvaise nouvelle est venue ternir la soir&eacute;e : la blessure de Kevin Durant.\" \/>\n<meta property=\"og:url\" content=\"https:\/\/theplayoffs.news\/fr\/actualite-nba\/kevin-durant-blesse-a-la-cheville-gauche\/\" \/>\n<meta property=\"og:site_name\" content=\"The Playoffs FR\" \/>\n<meta property=\"article:publisher\" content=\"https:\/\/www.facebook.com\/TheFreeAgentFR\/\" \/>\n<meta property=\"article:modified_time\" content=\"2025-03-31T09:52:34+02:00\" \/>\n<meta property=\"og:image\" content=\"https:\/\/theplayoffs.news\/fr\/wp-content\/uploads\/2025\/03\/USATSI_25810979.jpg\" \/>\n\t<meta property=\"og:image:width\" content=\"1920\" \/>\n\t<meta property=\"og:image:height\" content=\"1280\" \/>\n\t<meta property=\"og:image:type\" content=\"image\/jpeg\" \/>\n<meta name=\"author\" content=\"Elian Goethals\" \/>\n<meta name=\"twitter:card\" content=\"summary_large_image\" \/>\n<meta name=\"twitter:creator\" content=\"@x.com\/elidwight\" \/>\n<meta name=\"twitter:site\" content=\"@TheFreeAgentFR\" \/>\n<meta name=\"twitter:label1\" content=\"\u00c9crit par\" \/>\n\t<meta name=\"twitter:data1\" content=\"Elian Goethals\" \/>\n\t<meta name=\"twitter:label2\" content=\"Dur\u00e9e de lecture estim\u00e9e\" \/>\n\t<meta name=\"twitter:data2\" content=\"2 minutes\" \/>\n<script type=\"application\/ld+json\" class=\"yoast-schema-graph\">{\"@context\":\"https:\/\/schema.org\",\"@graph\":[{\"@type\":\"WebPage\",\"@id\":\"https:\/\/theplayoffs.news\/fr\/actualite-nba\/kevin-durant-blesse-a-la-cheville-gauche\/\",\"url\":\"https:\/\/theplayoffs.news\/fr\/actualite-nba\/kevin-durant-blesse-a-la-cheville-gauche\/\",\"name\":\"Kevin Durant bless\u00e9 \u00e0 la cheville gauche !\",\"isPartOf\":{\"@id\":\"https:\/\/theplayoffs.news\/fr\/#website\"},\"primaryImageOfPage\":{\"@id\":\"https:\/\/theplayoffs.news\/fr\/actualite-nba\/kevin-durant-blesse-a-la-cheville-gauche\/#primaryimage\"},\"image\":{\"@id\":\"https:\/\/theplayoffs.news\/fr\/actualite-nba\/kevin-durant-blesse-a-la-cheville-gauche\/#primaryimage\"},\"thumbnailUrl\":\"https:\/\/theplayoffs.news\/fr\/wp-content\/uploads\/2025\/03\/USATSI_25810979.jpg\",\"datePublished\":\"2025-03-31T07:52:26+00:00\",\"dateModified\":\"2025-03-31T07:52:34+00:00\",\"author\":{\"@id\":\"https:\/\/theplayoffs.news\/fr\/#\/schema\/person\/2bc470c6a49f4f6229a67af19c87a732\"},\"description\":\"Alors que les Suns se sont inclin\u00e9s face aux Rockets, une autre mauvaise nouvelle est venue ternir la soir\u00e9e : la blessure de Kevin Durant.\",\"breadcrumb\":{\"@id\":\"https:\/\/theplayoffs.news\/fr\/actualite-nba\/kevin-durant-blesse-a-la-cheville-gauche\/#breadcrumb\"},\"inLanguage\":\"fr-FR\",\"potentialAction\":[{\"@type\":\"ReadAction\",\"target\":[\"https:\/\/theplayoffs.news\/fr\/actualite-nba\/kevin-durant-blesse-a-la-cheville-gauche\/\"]}]},{\"@type\":\"ImageObject\",\"inLanguage\":\"fr-FR\",\"@id\":\"https:\/\/theplayoffs.news\/fr\/actualite-nba\/kevin-durant-blesse-a-la-cheville-gauche\/#primaryimage\",\"url\":\"https:\/\/theplayoffs.news\/fr\/wp-content\/uploads\/2025\/03\/USATSI_25810979.jpg\",\"contentUrl\":\"https:\/\/theplayoffs.news\/fr\/wp-content\/uploads\/2025\/03\/USATSI_25810979.jpg\",\"width\":1920,\"height\":1280,\"caption\":\"Mar 30, 2025; Phoenix, Arizona, USA; Phoenix Suns forward Kevin Durant (35) reacts after fouling a Houston Rockets player in the first half at Footprint Center. Mandatory Credit: Rick Scuteri-Imagn Images\"},{\"@type\":\"BreadcrumbList\",\"@id\":\"https:\/\/theplayoffs.news\/fr\/actualite-nba\/kevin-durant-blesse-a-la-cheville-gauche\/#breadcrumb\",\"itemListElement\":[{\"@type\":\"ListItem\",\"position\":1,\"name\":\"Accueil\",\"item\":\"https:\/\/theplayoffs.news\/fr\/\"},{\"@type\":\"ListItem\",\"position\":2,\"name\":\"Kevin Durant bless\u00e9 \u00e0 la cheville gauche !\u00a0\"}]},{\"@type\":\"WebSite\",\"@id\":\"https:\/\/theplayoffs.news\/fr\/#website\",\"url\":\"https:\/\/theplayoffs.news\/fr\/\",\"name\":\"The Playoffs FR\",\"description\":\"NBA-NFL-NHL-MLB\",\"potentialAction\":[{\"@type\":\"SearchAction\",\"target\":{\"@type\":\"EntryPoint\",\"urlTemplate\":\"https:\/\/theplayoffs.news\/fr\/?s={search_term_string}\"},\"query-input\":{\"@type\":\"PropertyValueSpecification\",\"valueRequired\":true,\"valueName\":\"search_term_string\"}}],\"inLanguage\":\"fr-FR\"},{\"@type\":\"Person\",\"@id\":\"https:\/\/theplayoffs.news\/fr\/#\/schema\/person\/2bc470c6a49f4f6229a67af19c87a732\",\"name\":\"Elian Goethals\",\"image\":{\"@type\":\"ImageObject\",\"inLanguage\":\"fr-FR\",\"@id\":\"https:\/\/theplayoffs.news\/fr\/#\/schema\/person\/image\/\",\"url\":\"https:\/\/secure.gravatar.com\/avatar\/293e2e649a094756005b611f6122ac1a95e95d453dbfe74b9d434b39855927f6?s=96&d=mm&r=g\",\"contentUrl\":\"https:\/\/secure.gravatar.com\/avatar\/293e2e649a094756005b611f6122ac1a95e95d453dbfe74b9d434b39855927f6?s=96&d=mm&r=g\",\"caption\":\"Elian Goethals\"},\"description\":\"Je suis sp\u00e9cialis\u00e9 dans la r\u00e9daction d\\\\'articles NBA et je suis un grand fan de basket am\u00e9ricain depuis toujours. Cela fait 20 ans que je joue au basket, et mon exp\u00e9rience sur les terrains me permet d\\\\'avoir une analyse approfondie des matchs. J\u2019ai d\u2019abord fait partie d\u2019autres m\u00e9dias sportifs en tant que b\u00e9n\u00e9vole avant de rejoindre ThePlayoffs en janvier. Je termine \u00e9galement un master en \u00e9tudes internationales. Ce que je pr\u00e9f\u00e8re dans mon travail, c\u2019est de transformer ma passion en m\u00e9tier et de partager avec vous l\u2019information NBA. J\u2019essaie de produire un contenu de qualit\u00e9 en esp\u00e9rant qu\u2019il vous plaise !\",\"sameAs\":[\"https:\/\/www.linkedin.com\/in\/elian-goethals-729b71200\/\",\"https:\/\/x.com\/x.com\/elidwight\"],\"url\":\"https:\/\/theplayoffs.news\/fr\/author\/elian\/\"}]}<\/script>\n<!-- \/ Yoast SEO plugin. -->","yoast_head_json":{"title":"Kevin Durant bless&eacute; &agrave; la cheville gauche !","description":"Alors que les Suns se sont inclin&eacute;s face aux Rockets, une autre mauvaise nouvelle est venue ternir la soir&eacute;e : la blessure de Kevin Durant.","robots":{"index":"index","follow":"follow","max-snippet":"max-snippet:-1","max-image-preview":"max-image-preview:large","max-video-preview":"max-video-preview:-1"},"canonical":"https:\/\/theplayoffs.news\/fr\/actualite-nba\/kevin-durant-blesse-a-la-cheville-gauche\/","og_locale":"fr_FR","og_type":"article","og_title":"Kevin Durant bless&eacute; &agrave; la cheville gauche !","og_description":"Alors que les Suns se sont inclin&eacute;s face aux Rockets, une autre mauvaise nouvelle est venue ternir la soir&eacute;e : la blessure de Kevin Durant.","og_url":"https:\/\/theplayoffs.news\/fr\/actualite-nba\/kevin-durant-blesse-a-la-cheville-gauche\/","og_site_name":"The Playoffs FR","article_publisher":"https:\/\/www.facebook.com\/TheFreeAgentFR\/","article_modified_time":"2025-03-31T07:52:34+00:00","og_image":[{"width":1920,"height":1280,"url":"https:\/\/theplayoffs.news\/fr\/wp-content\/uploads\/2025\/03\/USATSI_25810979.jpg","type":"image\/jpeg"}],"author":"Elian Goethals","twitter_card":"summary_large_image","twitter_creator":"@x.com\/elidwight","twitter_site":"@TheFreeAgentFR","twitter_misc":{"\u00c9crit par":"Elian Goethals","Dur\u00e9e de lecture estim\u00e9e":"2 minutes"},"schema":{"@context":"https:\/\/schema.org","@graph":[{"@type":"WebPage","@id":"https:\/\/theplayoffs.news\/fr\/actualite-nba\/kevin-durant-blesse-a-la-cheville-gauche\/","url":"https:\/\/theplayoffs.news\/fr\/actualite-nba\/kevin-durant-blesse-a-la-cheville-gauche\/","name":"Kevin Durant bless\u00e9 \u00e0 la cheville gauche !","isPartOf":{"@id":"https:\/\/theplayoffs.news\/fr\/#website"},"primaryImageOfPage":{"@id":"https:\/\/theplayoffs.news\/fr\/actualite-nba\/kevin-durant-blesse-a-la-cheville-gauche\/#primaryimage"},"image":{"@id":"https:\/\/theplayoffs.news\/fr\/actualite-nba\/kevin-durant-blesse-a-la-cheville-gauche\/#primaryimage"},"thumbnailUrl":"https:\/\/theplayoffs.news\/fr\/wp-content\/uploads\/2025\/03\/USATSI_25810979.jpg","datePublished":"2025-03-31T07:52:26+00:00","dateModified":"2025-03-31T07:52:34+00:00","author":{"@id":"https:\/\/theplayoffs.news\/fr\/#\/schema\/person\/2bc470c6a49f4f6229a67af19c87a732"},"description":"Alors que les Suns se sont inclin\u00e9s face aux Rockets, une autre mauvaise nouvelle est venue ternir la soir\u00e9e : la blessure de Kevin Durant.","breadcrumb":{"@id":"https:\/\/theplayoffs.news\/fr\/actualite-nba\/kevin-durant-blesse-a-la-cheville-gauche\/#breadcrumb"},"inLanguage":"fr-FR","potentialAction":[{"@type":"ReadAction","target":["https:\/\/theplayoffs.news\/fr\/actualite-nba\/kevin-durant-blesse-a-la-cheville-gauche\/"]}]},{"@type":"ImageObject","inLanguage":"fr-FR","@id":"https:\/\/theplayoffs.news\/fr\/actualite-nba\/kevin-durant-blesse-a-la-cheville-gauche\/#primaryimage","url":"https:\/\/theplayoffs.news\/fr\/wp-content\/uploads\/2025\/03\/USATSI_25810979.jpg","contentUrl":"https:\/\/theplayoffs.news\/fr\/wp-content\/uploads\/2025\/03\/USATSI_25810979.jpg","width":1920,"height":1280,"caption":"Mar 30, 2025; Phoenix, Arizona, USA; Phoenix Suns forward Kevin Durant (35) reacts after fouling a Houston Rockets player in the first half at Footprint Center. Mandatory Credit: Rick Scuteri-Imagn Images"},{"@type":"BreadcrumbList","@id":"https:\/\/theplayoffs.news\/fr\/actualite-nba\/kevin-durant-blesse-a-la-cheville-gauche\/#breadcrumb","itemListElement":[{"@type":"ListItem","position":1,"name":"Accueil","item":"https:\/\/theplayoffs.news\/fr\/"},{"@type":"ListItem","position":2,"name":"Kevin Durant bless\u00e9 \u00e0 la cheville gauche !\u00a0"}]},{"@type":"WebSite","@id":"https:\/\/theplayoffs.news\/fr\/#website","url":"https:\/\/theplayoffs.news\/fr\/","name":"The Playoffs FR","description":"NBA-NFL-NHL-MLB","potentialAction":[{"@type":"SearchAction","target":{"@type":"EntryPoint","urlTemplate":"https:\/\/theplayoffs.news\/fr\/?s={search_term_string}"},"query-input":{"@type":"PropertyValueSpecification","valueRequired":true,"valueName":"search_term_string"}}],"inLanguage":"fr-FR"},{"@type":"Person","@id":"https:\/\/theplayoffs.news\/fr\/#\/schema\/person\/2bc470c6a49f4f6229a67af19c87a732","name":"Elian Goethals","image":{"@type":"ImageObject","inLanguage":"fr-FR","@id":"https:\/\/theplayoffs.news\/fr\/#\/schema\/person\/image\/","url":"https:\/\/secure.gravatar.com\/avatar\/293e2e649a094756005b611f6122ac1a95e95d453dbfe74b9d434b39855927f6?s=96&d=mm&r=g","contentUrl":"https:\/\/secure.gravatar.com\/avatar\/293e2e649a094756005b611f6122ac1a95e95d453dbfe74b9d434b39855927f6?s=96&d=mm&r=g","caption":"Elian Goethals"},"description":"Je suis sp\u00e9cialis\u00e9 dans la r\u00e9daction d\\'articles NBA et je suis un grand fan de basket am\u00e9ricain depuis toujours. Cela fait 20 ans que je joue au basket, et mon exp\u00e9rience sur les terrains me permet d\\'avoir une analyse approfondie des matchs. J\u2019ai d\u2019abord fait partie d\u2019autres m\u00e9dias sportifs en tant que b\u00e9n\u00e9vole avant de rejoindre ThePlayoffs en janvier. Je termine \u00e9galement un master en \u00e9tudes internationales. Ce que je pr\u00e9f\u00e8re dans mon travail, c\u2019est de transformer ma passion en m\u00e9tier et de partager avec vous l\u2019information NBA. J\u2019essaie de produire un contenu de qualit\u00e9 en esp\u00e9rant qu\u2019il vous plaise !","sameAs":["https:\/\/www.linkedin.com\/in\/elian-goethals-729b71200\/","https:\/\/x.com\/x.com\/elidwight"],"url":"https:\/\/theplayoffs.news\/fr\/author\/elian\/"}]}},"_links":{"self":[{"href":"https:\/\/theplayoffs.news\/fr\/wp-json\/wp\/v2\/posts\/1486858","targetHints":{"allow":["GET"]}}],"collection":[{"href":"https:\/\/theplayoffs.news\/fr\/wp-json\/wp\/v2\/posts"}],"about":[{"href":"https:\/\/theplayoffs.news\/fr\/wp-json\/wp\/v2\/types\/post"}],"author":[{"embeddable":true,"href":"https:\/\/theplayoffs.news\/fr\/wp-json\/wp\/v2\/users\/180310268"}],"replies":[{"embeddable":true,"href":"https:\/\/theplayoffs.news\/fr\/wp-json\/wp\/v2\/comments?post=1486858"}],"version-history":[{"count":1,"href":"https:\/\/theplayoffs.news\/fr\/wp-json\/wp\/v2\/posts\/1486858\/revisions"}],"predecessor-version":[{"id":1486861,"href":"https:\/\/theplayoffs.news\/fr\/wp-json\/wp\/v2\/posts\/1486858\/revisions\/1486861"}],"wp:featuredmedia":[{"embeddable":true,"href":"https:\/\/theplayoffs.news\/fr\/wp-json\/wp\/v2\/media\/1486860"}],"wp:attachment":[{"href":"https:\/\/theplayoffs.news\/fr\/wp-json\/wp\/v2\/media?parent=1486858"}],"wp:term":[{"taxonomy":"category","embeddable":true,"href":"https:\/\/theplayoffs.news\/fr\/wp-json\/wp\/v2\/categories?post=1486858"},{"taxonomy":"post_tag","embeddable":true,"href":"https:\/\/theplayoffs.news\/fr\/wp-json\/wp\/v2\/tags?post=1486858"},{"taxonomy":"sport","embeddable":true,"href":"https:\/\/theplayoffs.news\/fr\/wp-json\/wp\/v2\/sport?post=1486858"},{"taxonomy":"saison","embeddable":true,"href":"https:\/\/theplayoffs.news\/fr\/wp-json\/wp\/v2\/saison?post=1486858"}],"curies":[{"name":"wp","href":"https:\/\/api.w.org\/{rel}","templated":true}]}}