{"id":1486772,"date":"2025-03-29T12:52:16","date_gmt":"2025-03-29T11:52:16","guid":{"rendered":"https:\/\/theplayoffs.news\/fr\/uncategorized\/\/"},"modified":"2025-03-29T13:00:47","modified_gmt":"2025-03-29T12:00:47","slug":"anthony-davis-veut-se-battre-pour-les-playoffs","status":"publish","type":"post","link":"https:\/\/theplayoffs.news\/fr\/actualite-nba\/anthony-davis-veut-se-battre-pour-les-playoffs\/","title":{"rendered":"Anthony Davis veut se battre pour les playoffs"},"content":{"rendered":"<p>Anthony Davis revient de loin. Arriv&eacute; en f&eacute;vrier en provenance de Los Angeles, il s&rsquo;&eacute;tait bless&eacute; avec sa nouvelle franchise d&egrave;s son premier match, victime d&rsquo;une blessure aux ischio-jambiers survenue subitement.<\/p><blockquote class=\"wp-block-quote is-layout-flow wp-block-quote-is-layout-flow\">\n<p>&ldquo;Au d&eacute;but, j&rsquo;ai entendu un bruit sec. Mais j&rsquo;ai cru que &ccedil;a avait juste fait sauter mes hanches l&agrave; o&ugrave; elles &eacute;taient coinc&eacute;es ; je ne sais pas. C&rsquo;&eacute;tait mon premier match. Je ne pensais pas que c&rsquo;&eacute;tait vraiment grave. [&hellip;] Et puis je me suis r&eacute;veill&eacute; le lendemain, et ma jambe &eacute;tait gonfl&eacute;e. Je ne pouvais plus bouger&rdquo;, confie-t-il &agrave; <a href=\"https:\/\/andscape.com\/features\/a-super-tight-bond-anthony-davis-trying-to-make-playoff-push-with-dallas-mavericks\/\" target=\"_blank\" rel=\"noreferrer noopener\" class=\"trk-cta-link\" data-cta-trk='{\"ctaType\":\"Link\",\"ctaSubType\":\"main\"}'>Andscape<\/a>.&nbsp;<\/p>\n<\/blockquote><p>Cette blessure soudaine a surpris tout le monde, Davis le premier. Heureusement pour le nouvel ailier-fort texan, il a pu &eacute;viter l&rsquo;op&eacute;ration.&nbsp;<\/p><blockquote class=\"wp-block-quote is-layout-flow wp-block-quote-is-layout-flow\">\n<p>&ldquo;J&rsquo;ai pass&eacute; une IRM. J&rsquo;&eacute;tais dans une chambre d&rsquo;h&ocirc;tel avec ma famille, et puis mon entra&icirc;neur est arriv&eacute;. [&hellip;] J&rsquo;ai juste dit : &laquo; Quand est-ce que je dois me faire op&eacute;rer ? &raquo; On a discut&eacute;, on a parl&eacute; au m&eacute;decin de l&rsquo;&eacute;quipe et &agrave; d&rsquo;autres m&eacute;decins. On est tomb&eacute;s d&rsquo;accord pour ne pas le faire, car tous les m&eacute;decins &eacute;taient unanimes : c&rsquo;&eacute;tait une blessure non chirurgicale. Pas besoin de se faire op&eacute;rer si ce n&rsquo;est pas n&eacute;cessaire.&rdquo;&nbsp;<\/p>\n<\/blockquote><p>&Agrave; quelques matchs de la fin de la saison r&eacute;guli&egrave;re, l&rsquo;ancien des Lakers veut y croire.&nbsp;<\/p><h2 class=\"wp-block-heading\">Anthony Davis maintient que les Mavs ont une chance&nbsp;<\/h2><p>&Agrave; peine revenu sur les parquets NBA, Davis n&rsquo;oublie pas l&rsquo;objectif principal de Dallas cette saison : les playoffs. Finalistes l&rsquo;an pass&eacute;, les Mavs peuvent encore y acc&eacute;der par le biais du Play-In.<\/p><p>Pendant l&rsquo;absence d&rsquo;AD, Dallas a encha&icirc;n&eacute; jusqu&rsquo;&agrave; huit d&eacute;faites cons&eacute;cutives, notamment en raison de nombreuses blessures. Une situation frustrante pour l&rsquo;ancien des Lakers, qui l&rsquo;a pourtant pouss&eacute; &agrave; garder espoir.&nbsp;<\/p><blockquote class=\"wp-block-quote is-layout-flow wp-block-quote-is-layout-flow\">\n<p>&ldquo;On jouait avec six, sept, huit joueurs qui arrivaient apr&egrave;s 40, 42 minutes de match, &eacute;puis&eacute;s, fatigu&eacute;s, oblig&eacute;s d&rsquo;encha&icirc;ner les rencontres, de continuer &agrave; soulever des poids et &agrave; prendre des tirs. C&rsquo;&eacute;tait une source de motivation pour moi. Je savais que j&rsquo;allais revenir, rien que pour le nombre de matchs qu&rsquo;il nous restait. Et pas seulement &ccedil;a, mais aussi &agrave; cause de notre situation.&rdquo;&nbsp;<\/p>\n<\/blockquote><p>Apr&egrave;s avoir manqu&eacute; un mois et demi de comp&eacute;tition, Anthony Davis est revenu il y a quelques jours, avec deux victoires &agrave; la cl&eacute;. Un &eacute;lan victorieux qui le pousse &agrave; ne pas abandonner la qu&ecirc;te des playoffs.<\/p><blockquote class=\"wp-block-quote is-layout-flow wp-block-quote-is-layout-flow\">\n<p>&ldquo;Nous sommes &agrave; un demi-match de Phoenix. Mais nous avons une chance. Il reste huit matchs. Nous essayons de nous battre pour acc&eacute;der aux playoffs.&rdquo;&nbsp;<\/p>\n<\/blockquote><ul class=\"wp-block-list\">\n<li><strong>Lire aussi :<\/strong><\/li>\n<\/ul><p><a href=\"https:\/\/theplayoffs.news\/fr\/actualite-nba\/tidjane-salaun-brille-face-aux-raptors\/\" target=\"_blank\" rel=\"noreferrer noopener\" class=\"trk-cta-link\" data-cta-trk='{\"ctaType\":\"Link\",\"ctaSubType\":\"main\"}'>Tidjane Sala&uuml;n brille face aux Raptors<\/a><\/p><p><a href=\"https:\/\/theplayoffs.news\/fr\/actualite-nba\/rudy-gobert-precieux-dans-la-victoire-face-aux-suns\/\" target=\"_blank\" rel=\"noreferrer noopener\" class=\"trk-cta-link\" data-cta-trk='{\"ctaType\":\"Link\",\"ctaSubType\":\"main\"}'>Rudy Gobert pr&eacute;cieux dans la victoire face aux Suns<\/a><\/p><p>Actuellement 10&#7497; de la conf&eacute;rence Ouest, les Mavericks ont encore huit matchs &agrave; jouer et peuvent math&eacute;matiquement se qualifier directement en playoffs. Avec une victoire de plus que Phoenix, 11&#7497;, la priorit&eacute; d&rsquo;Anthony Davis et de ses co&eacute;quipiers est de garantir leur place pour le <a href=\"https:\/\/theplayoffs.news\/fr\/category\/nba\/\" target=\"_blank\" rel=\"noreferrer noopener\" class=\"trk-cta-link\" data-cta-trk='{\"ctaType\":\"Link\",\"ctaSubType\":\"main\"}'>NBA <\/a>Play-In.<\/p><p>Esp&eacute;rons que la franchise puisse garder tout le monde en bonne sant&eacute; pour y parvenir.<\/p><p>Cr&eacute;dit photo : Jeremy Reper-Imagn Images<\/p>\n","protected":false},"excerpt":{"rendered":"<p>Tout juste revenu de blessure, Anthony Davis est excit\u00e9 par la fin de saison de Dallas, avec un objectif en t\u00eate : les playoffs.<\/p>\n","protected":false},"author":180310250,"featured_media":1486773,"comment_status":"closed","ping_status":"closed","sticky":false,"template":"","format":"standard","meta":{"inline_featured_image":false,"kia_subtitle":"Tout juste revenu de blessure, Anthony Davis est excit\u00e9 par la fin de saison de Dallas, avec un objectif en t\u00eate : les playoffs.","_mux_skip_reasons":[],"proofreadBy":0,"footnotes":""},"categories":[110,10],"tags":[763,595,117,23],"sport":[2783],"saison":[7475],"class_list":["post-1486772","post","type-post","status-publish","format-standard","has-post-thumbnail","hentry","category-actualite-nba","category-nba","tag-anthony-davis","tag-dallas-mavericks","tag-los-angeles-lakers","tag-nba-tag","sport-nba","saison-7475"],"acf":[],"yoast_head":"<!-- This site is optimized with the Yoast SEO plugin v24.2 - https:\/\/yoast.com\/wordpress\/plugins\/seo\/ -->\n<title>Anthony Davis veut se battre pour les playoffs<\/title>\n<meta name=\"description\" content=\"Tout juste revenu de blessure, Anthony Davis est excit&eacute; par la fin de saison de Dallas, avec un objectif en t&ecirc;te : les playoffs.\" \/>\n<meta name=\"robots\" content=\"index, follow, max-snippet:-1, max-image-preview:large, max-video-preview:-1\" \/>\n<link rel=\"canonical\" href=\"https:\/\/theplayoffs.news\/fr\/actualite-nba\/anthony-davis-veut-se-battre-pour-les-playoffs\/\" \/>\n<meta property=\"og:locale\" content=\"fr_FR\" \/>\n<meta property=\"og:type\" content=\"article\" \/>\n<meta property=\"og:title\" content=\"Anthony Davis veut se battre pour les playoffs\" \/>\n<meta property=\"og:description\" content=\"Tout juste revenu de blessure, Anthony Davis est excit&eacute; par la fin de saison de Dallas, avec un objectif en t&ecirc;te : les playoffs.\" \/>\n<meta property=\"og:url\" content=\"https:\/\/theplayoffs.news\/fr\/actualite-nba\/anthony-davis-veut-se-battre-pour-les-playoffs\/\" \/>\n<meta property=\"og:site_name\" content=\"The Playoffs FR\" \/>\n<meta property=\"article:publisher\" content=\"https:\/\/www.facebook.com\/TheFreeAgentFR\/\" \/>\n<meta property=\"article:modified_time\" content=\"2025-03-29T13:00:47+01:00\" \/>\n<meta property=\"og:image\" content=\"https:\/\/theplayoffs.news\/fr\/wp-content\/uploads\/2025\/03\/USATSI_25784752.jpg\" \/>\n\t<meta property=\"og:image:width\" content=\"1920\" \/>\n\t<meta property=\"og:image:height\" content=\"1536\" \/>\n\t<meta property=\"og:image:type\" content=\"image\/jpeg\" \/>\n<meta name=\"author\" content=\"Jean Fabre-Jevanoff\" \/>\n<meta name=\"twitter:card\" content=\"summary_large_image\" \/>\n<meta name=\"twitter:creator\" content=\"@the_jfj_42\" \/>\n<meta name=\"twitter:site\" content=\"@TheFreeAgentFR\" \/>\n<meta name=\"twitter:label1\" content=\"\u00c9crit par\" \/>\n\t<meta name=\"twitter:data1\" content=\"Jean Fabre-Jevanoff\" \/>\n\t<meta name=\"twitter:label2\" content=\"Dur\u00e9e de lecture estim\u00e9e\" \/>\n\t<meta name=\"twitter:data2\" content=\"2 minutes\" \/>\n<script type=\"application\/ld+json\" class=\"yoast-schema-graph\">{\"@context\":\"https:\/\/schema.org\",\"@graph\":[{\"@type\":\"WebPage\",\"@id\":\"https:\/\/theplayoffs.news\/fr\/actualite-nba\/anthony-davis-veut-se-battre-pour-les-playoffs\/\",\"url\":\"https:\/\/theplayoffs.news\/fr\/actualite-nba\/anthony-davis-veut-se-battre-pour-les-playoffs\/\",\"name\":\"Anthony Davis veut se battre pour les playoffs\",\"isPartOf\":{\"@id\":\"https:\/\/theplayoffs.news\/fr\/#website\"},\"primaryImageOfPage\":{\"@id\":\"https:\/\/theplayoffs.news\/fr\/actualite-nba\/anthony-davis-veut-se-battre-pour-les-playoffs\/#primaryimage\"},\"image\":{\"@id\":\"https:\/\/theplayoffs.news\/fr\/actualite-nba\/anthony-davis-veut-se-battre-pour-les-playoffs\/#primaryimage\"},\"thumbnailUrl\":\"https:\/\/theplayoffs.news\/fr\/wp-content\/uploads\/2025\/03\/USATSI_25784752.jpg\",\"datePublished\":\"2025-03-29T11:52:16+00:00\",\"dateModified\":\"2025-03-29T12:00:47+00:00\",\"author\":{\"@id\":\"https:\/\/theplayoffs.news\/fr\/#\/schema\/person\/1ea25b88e79fe4fabd657430b0013d3d\"},\"description\":\"Tout juste revenu de blessure, Anthony Davis est excit\u00e9 par la fin de saison de Dallas, avec un objectif en t\u00eate : les playoffs.\",\"breadcrumb\":{\"@id\":\"https:\/\/theplayoffs.news\/fr\/actualite-nba\/anthony-davis-veut-se-battre-pour-les-playoffs\/#breadcrumb\"},\"inLanguage\":\"fr-FR\",\"potentialAction\":[{\"@type\":\"ReadAction\",\"target\":[\"https:\/\/theplayoffs.news\/fr\/actualite-nba\/anthony-davis-veut-se-battre-pour-les-playoffs\/\"]}]},{\"@type\":\"ImageObject\",\"inLanguage\":\"fr-FR\",\"@id\":\"https:\/\/theplayoffs.news\/fr\/actualite-nba\/anthony-davis-veut-se-battre-pour-les-playoffs\/#primaryimage\",\"url\":\"https:\/\/theplayoffs.news\/fr\/wp-content\/uploads\/2025\/03\/USATSI_25784752.jpg\",\"contentUrl\":\"https:\/\/theplayoffs.news\/fr\/wp-content\/uploads\/2025\/03\/USATSI_25784752.jpg\",\"width\":1920,\"height\":1536,\"caption\":\"Mar 27, 2025; Orlando, Florida, USA; Dallas Mavericks forward-center Anthony Davis (3) celebrates his three pointer against the Orlando Magic in the fourth quarter at Kia Center. Mandatory Credit: Jeremy Reper-Imagn Images\"},{\"@type\":\"BreadcrumbList\",\"@id\":\"https:\/\/theplayoffs.news\/fr\/actualite-nba\/anthony-davis-veut-se-battre-pour-les-playoffs\/#breadcrumb\",\"itemListElement\":[{\"@type\":\"ListItem\",\"position\":1,\"name\":\"Accueil\",\"item\":\"https:\/\/theplayoffs.news\/fr\/\"},{\"@type\":\"ListItem\",\"position\":2,\"name\":\"Anthony Davis veut se battre pour les playoffs\"}]},{\"@type\":\"WebSite\",\"@id\":\"https:\/\/theplayoffs.news\/fr\/#website\",\"url\":\"https:\/\/theplayoffs.news\/fr\/\",\"name\":\"The Playoffs FR\",\"description\":\"NBA-NFL-NHL-MLB\",\"potentialAction\":[{\"@type\":\"SearchAction\",\"target\":{\"@type\":\"EntryPoint\",\"urlTemplate\":\"https:\/\/theplayoffs.news\/fr\/?s={search_term_string}\"},\"query-input\":{\"@type\":\"PropertyValueSpecification\",\"valueRequired\":true,\"valueName\":\"search_term_string\"}}],\"inLanguage\":\"fr-FR\"},{\"@type\":\"Person\",\"@id\":\"https:\/\/theplayoffs.news\/fr\/#\/schema\/person\/1ea25b88e79fe4fabd657430b0013d3d\",\"name\":\"Jean Fabre-Jevanoff\",\"image\":{\"@type\":\"ImageObject\",\"inLanguage\":\"fr-FR\",\"@id\":\"https:\/\/theplayoffs.news\/fr\/#\/schema\/person\/image\/\",\"url\":\"https:\/\/secure.gravatar.com\/avatar\/18b28dab1159eebc6a17b9787eb8cbbe3242c3d0e8b53b89332f6dc1133aa361?s=96&d=mm&r=g\",\"contentUrl\":\"https:\/\/secure.gravatar.com\/avatar\/18b28dab1159eebc6a17b9787eb8cbbe3242c3d0e8b53b89332f6dc1133aa361?s=96&d=mm&r=g\",\"caption\":\"Jean Fabre-Jevanoff\"},\"description\":\"Journaliste polyvalent sur le football am\u00e9ricain, j\u2019\u00e9cris aussi des articles sur le basket. Commentateur sur Twitch et sur YouTube. Pass\u00e9 par Eurosport notamment. Un mix d\u2019Eminem et de OBJ, fan inconditionnel de Patrick Mahomes et Lebron James\",\"sameAs\":[\"https:\/\/www.instagram.com\/_juaniitooo_\",\"https:\/\/www.linkedin.com\/in\/jean-fabre-jevanoff-84bb9b1a9\/\",\"https:\/\/x.com\/the_jfj_42\"],\"url\":\"https:\/\/theplayoffs.news\/fr\/author\/jeanfj42gmail-com\/\"}]}<\/script>\n<!-- \/ Yoast SEO plugin. -->","yoast_head_json":{"title":"Anthony Davis veut se battre pour les playoffs","description":"Tout juste revenu de blessure, Anthony Davis est excit&eacute; par la fin de saison de Dallas, avec un objectif en t&ecirc;te : les playoffs.","robots":{"index":"index","follow":"follow","max-snippet":"max-snippet:-1","max-image-preview":"max-image-preview:large","max-video-preview":"max-video-preview:-1"},"canonical":"https:\/\/theplayoffs.news\/fr\/actualite-nba\/anthony-davis-veut-se-battre-pour-les-playoffs\/","og_locale":"fr_FR","og_type":"article","og_title":"Anthony Davis veut se battre pour les playoffs","og_description":"Tout juste revenu de blessure, Anthony Davis est excit&eacute; par la fin de saison de Dallas, avec un objectif en t&ecirc;te : les playoffs.","og_url":"https:\/\/theplayoffs.news\/fr\/actualite-nba\/anthony-davis-veut-se-battre-pour-les-playoffs\/","og_site_name":"The Playoffs FR","article_publisher":"https:\/\/www.facebook.com\/TheFreeAgentFR\/","article_modified_time":"2025-03-29T12:00:47+00:00","og_image":[{"width":1920,"height":1536,"url":"https:\/\/theplayoffs.news\/fr\/wp-content\/uploads\/2025\/03\/USATSI_25784752.jpg","type":"image\/jpeg"}],"author":"Jean Fabre-Jevanoff","twitter_card":"summary_large_image","twitter_creator":"@the_jfj_42","twitter_site":"@TheFreeAgentFR","twitter_misc":{"\u00c9crit par":"Jean Fabre-Jevanoff","Dur\u00e9e de lecture estim\u00e9e":"2 minutes"},"schema":{"@context":"https:\/\/schema.org","@graph":[{"@type":"WebPage","@id":"https:\/\/theplayoffs.news\/fr\/actualite-nba\/anthony-davis-veut-se-battre-pour-les-playoffs\/","url":"https:\/\/theplayoffs.news\/fr\/actualite-nba\/anthony-davis-veut-se-battre-pour-les-playoffs\/","name":"Anthony Davis veut se battre pour les playoffs","isPartOf":{"@id":"https:\/\/theplayoffs.news\/fr\/#website"},"primaryImageOfPage":{"@id":"https:\/\/theplayoffs.news\/fr\/actualite-nba\/anthony-davis-veut-se-battre-pour-les-playoffs\/#primaryimage"},"image":{"@id":"https:\/\/theplayoffs.news\/fr\/actualite-nba\/anthony-davis-veut-se-battre-pour-les-playoffs\/#primaryimage"},"thumbnailUrl":"https:\/\/theplayoffs.news\/fr\/wp-content\/uploads\/2025\/03\/USATSI_25784752.jpg","datePublished":"2025-03-29T11:52:16+00:00","dateModified":"2025-03-29T12:00:47+00:00","author":{"@id":"https:\/\/theplayoffs.news\/fr\/#\/schema\/person\/1ea25b88e79fe4fabd657430b0013d3d"},"description":"Tout juste revenu de blessure, Anthony Davis est excit\u00e9 par la fin de saison de Dallas, avec un objectif en t\u00eate : les playoffs.","breadcrumb":{"@id":"https:\/\/theplayoffs.news\/fr\/actualite-nba\/anthony-davis-veut-se-battre-pour-les-playoffs\/#breadcrumb"},"inLanguage":"fr-FR","potentialAction":[{"@type":"ReadAction","target":["https:\/\/theplayoffs.news\/fr\/actualite-nba\/anthony-davis-veut-se-battre-pour-les-playoffs\/"]}]},{"@type":"ImageObject","inLanguage":"fr-FR","@id":"https:\/\/theplayoffs.news\/fr\/actualite-nba\/anthony-davis-veut-se-battre-pour-les-playoffs\/#primaryimage","url":"https:\/\/theplayoffs.news\/fr\/wp-content\/uploads\/2025\/03\/USATSI_25784752.jpg","contentUrl":"https:\/\/theplayoffs.news\/fr\/wp-content\/uploads\/2025\/03\/USATSI_25784752.jpg","width":1920,"height":1536,"caption":"Mar 27, 2025; Orlando, Florida, USA; Dallas Mavericks forward-center Anthony Davis (3) celebrates his three pointer against the Orlando Magic in the fourth quarter at Kia Center. Mandatory Credit: Jeremy Reper-Imagn Images"},{"@type":"BreadcrumbList","@id":"https:\/\/theplayoffs.news\/fr\/actualite-nba\/anthony-davis-veut-se-battre-pour-les-playoffs\/#breadcrumb","itemListElement":[{"@type":"ListItem","position":1,"name":"Accueil","item":"https:\/\/theplayoffs.news\/fr\/"},{"@type":"ListItem","position":2,"name":"Anthony Davis veut se battre pour les playoffs"}]},{"@type":"WebSite","@id":"https:\/\/theplayoffs.news\/fr\/#website","url":"https:\/\/theplayoffs.news\/fr\/","name":"The Playoffs FR","description":"NBA-NFL-NHL-MLB","potentialAction":[{"@type":"SearchAction","target":{"@type":"EntryPoint","urlTemplate":"https:\/\/theplayoffs.news\/fr\/?s={search_term_string}"},"query-input":{"@type":"PropertyValueSpecification","valueRequired":true,"valueName":"search_term_string"}}],"inLanguage":"fr-FR"},{"@type":"Person","@id":"https:\/\/theplayoffs.news\/fr\/#\/schema\/person\/1ea25b88e79fe4fabd657430b0013d3d","name":"Jean Fabre-Jevanoff","image":{"@type":"ImageObject","inLanguage":"fr-FR","@id":"https:\/\/theplayoffs.news\/fr\/#\/schema\/person\/image\/","url":"https:\/\/secure.gravatar.com\/avatar\/18b28dab1159eebc6a17b9787eb8cbbe3242c3d0e8b53b89332f6dc1133aa361?s=96&d=mm&r=g","contentUrl":"https:\/\/secure.gravatar.com\/avatar\/18b28dab1159eebc6a17b9787eb8cbbe3242c3d0e8b53b89332f6dc1133aa361?s=96&d=mm&r=g","caption":"Jean Fabre-Jevanoff"},"description":"Journaliste polyvalent sur le football am\u00e9ricain, j\u2019\u00e9cris aussi des articles sur le basket. Commentateur sur Twitch et sur YouTube. Pass\u00e9 par Eurosport notamment. Un mix d\u2019Eminem et de OBJ, fan inconditionnel de Patrick Mahomes et Lebron James","sameAs":["https:\/\/www.instagram.com\/_juaniitooo_","https:\/\/www.linkedin.com\/in\/jean-fabre-jevanoff-84bb9b1a9\/","https:\/\/x.com\/the_jfj_42"],"url":"https:\/\/theplayoffs.news\/fr\/author\/jeanfj42gmail-com\/"}]}},"_links":{"self":[{"href":"https:\/\/theplayoffs.news\/fr\/wp-json\/wp\/v2\/posts\/1486772","targetHints":{"allow":["GET"]}}],"collection":[{"href":"https:\/\/theplayoffs.news\/fr\/wp-json\/wp\/v2\/posts"}],"about":[{"href":"https:\/\/theplayoffs.news\/fr\/wp-json\/wp\/v2\/types\/post"}],"author":[{"embeddable":true,"href":"https:\/\/theplayoffs.news\/fr\/wp-json\/wp\/v2\/users\/180310250"}],"replies":[{"embeddable":true,"href":"https:\/\/theplayoffs.news\/fr\/wp-json\/wp\/v2\/comments?post=1486772"}],"version-history":[{"count":6,"href":"https:\/\/theplayoffs.news\/fr\/wp-json\/wp\/v2\/posts\/1486772\/revisions"}],"predecessor-version":[{"id":1486781,"href":"https:\/\/theplayoffs.news\/fr\/wp-json\/wp\/v2\/posts\/1486772\/revisions\/1486781"}],"wp:featuredmedia":[{"embeddable":true,"href":"https:\/\/theplayoffs.news\/fr\/wp-json\/wp\/v2\/media\/1486773"}],"wp:attachment":[{"href":"https:\/\/theplayoffs.news\/fr\/wp-json\/wp\/v2\/media?parent=1486772"}],"wp:term":[{"taxonomy":"category","embeddable":true,"href":"https:\/\/theplayoffs.news\/fr\/wp-json\/wp\/v2\/categories?post=1486772"},{"taxonomy":"post_tag","embeddable":true,"href":"https:\/\/theplayoffs.news\/fr\/wp-json\/wp\/v2\/tags?post=1486772"},{"taxonomy":"sport","embeddable":true,"href":"https:\/\/theplayoffs.news\/fr\/wp-json\/wp\/v2\/sport?post=1486772"},{"taxonomy":"saison","embeddable":true,"href":"https:\/\/theplayoffs.news\/fr\/wp-json\/wp\/v2\/saison?post=1486772"}],"curies":[{"name":"wp","href":"https:\/\/api.w.org\/{rel}","templated":true}]}}