{"id":1486756,"date":"2025-03-29T10:01:25","date_gmt":"2025-03-29T09:01:25","guid":{"rendered":"https:\/\/theplayoffs.news\/fr\/uncategorized\/\/"},"modified":"2025-03-29T10:02:06","modified_gmt":"2025-03-29T09:02:06","slug":"jo-2028-le-lieu-des-competitions-du-flag-devoile","status":"publish","type":"post","link":"https:\/\/theplayoffs.news\/fr\/actualite-nfl\/jo-2028-le-lieu-des-competitions-du-flag-devoile\/","title":{"rendered":"JO 2028: Le lieu des comp\u00e9titions du Flag d\u00e9voil\u00e9"},"content":{"rendered":"<p>Ce sera l&rsquo;une des grandes nouveaut&eacute;s des prochains Jeux Olympiques de Los Angeles! Pour la premi&egrave;re fois de l&rsquo;histoire des Jeux Olympiques, le <a href=\"https:\/\/smartlink.ausha.co\/tailgate-podcast-nfl-the-playoffs\/tailgate-vive-le-flag-football-invites-lilou-delayen-et-scott-harrison\" class=\"trk-cta-link\" data-cta-trk='{\"ctaType\":\"Link\",\"ctaSubType\":\"main\"}'>flag football<\/a> fera son apparition au programme des comp&eacute;titions avec une comp&eacute;tition masculine et une f&eacute;minine qui regroupera pendant plusieurs jours les meilleurs joueurs de la plan&egrave;te afin de d&eacute;cerner le premier titre olympique de l&rsquo;histoire. Une comp&eacute;tition qui avait besoin d&rsquo;un lieu pour que la comp&eacute;tition se d&eacute;roule.<\/p><blockquote class=\"twitter-tweet\"><p lang=\"en\" dir=\"ltr\">Get ready to cheer on every snap, pass and down from the Stadium in Exposition Park. &#128681;&#127944;<br><br>With our latest Games Plan, it&rsquo;s official*. Flag Football will make its Olympic debut right here at the Stadium in Exposition Park. We can't wait to watch all the Flag Football athletes&hellip; <a href=\"https:\/\/t.co\/BABJwb2gHx\" class=\"trk-cta-link\" data-cta-trk='{\"ctaType\":\"Link\",\"ctaSubType\":\"main\"}'>pic.twitter.com\/BABJwb2gHx<\/a><\/p>&mdash; LA28 (@LA28) <a href=\"https:\/\/twitter.com\/LA28\/status\/1905707406900011456?ref_src=twsrc%5Etfw\" class=\"trk-cta-link\" data-cta-trk='{\"ctaType\":\"Link\",\"ctaSubType\":\"main\"}'>March 28, 2025<\/a><\/blockquote><script async src=\"https:\/\/platform.twitter.com\/widgets.js\" charset=\"utf-8\"><\/script><p>La logique aurait voulu que les comp&eacute;titions du flag football se d&eacute;roulent au SoFi Stadium, antre habituelle des Los Angeles Rams et Chargers. Mais l&rsquo;&eacute;crin est d&eacute;j&agrave; r&eacute;serv&eacute; pour d&rsquo;autres comp&eacute;titions pendant la p&eacute;riode olympique. Le comit&eacute; d&rsquo;organisation &agrave; donc d&eacute;cid&eacute; de faire jouer les matchs de flag au Stadium in Exposition Park, un lieu lui aussi bien connu par les amoureux de culture et de sport dans la ville de Los Angeles.<\/p><p>En effet, Exposition Park est un quartier du sud de la ville de Los Angeles qui est notamment c&eacute;l&egrave;bre sportivement pour accueillir le Los Angeles Memorial Coliseum. Ce Coliseum est un haut lieu du sport am&eacute;ricain puisqu&rsquo;il a d&eacute;j&agrave; accueilli deux fois les Jeux Olympiques mais aussi le tout premier Super Bowl de l&rsquo;histoire. En 2028, le Coliseum sera de nouveau utilis&eacute; pour les comp&eacute;titions d&rsquo;athl&eacute;tisme ainsi que pour la c&eacute;r&eacute;monie d&rsquo;ouverture. <\/p><p>Les comp&eacute;titeurs qui s&rsquo;affronteront dans le tournoi de flag football auront donc l&rsquo;occasion d&rsquo;&eacute;voluer &agrave; quelques encablures de ce c&eacute;l&egrave;bre stade. Esp&eacute;rons &agrave; pr&eacute;sent que nos &eacute;quipes de France auront l&rsquo;opportunit&eacute; de vivre ce r&ecirc;ve am&eacute;ricain. Un r&ecirc;ve qui commencera &agrave; prendre forme lors des <a href=\"https:\/\/theplayoffs.news\/fr\/d1-elite\/flag-football-la-france-recevra-les-championnats-deurope-2025\/\" class=\"trk-cta-link\" data-cta-trk='{\"ctaType\":\"Link\",\"ctaSubType\":\"main\"}'>prochains championnats d&rsquo;Europe en France fin septembre.<\/a> <\/p><p>Cr&eacute;dit photo: &copy; Kirby Lee-Imagn Images<\/p>\n","protected":false},"excerpt":{"rendered":"<p>J0 2028 &#8211; Le lieu des comp\u00e9titions de flag football pour la comp\u00e9tition olympique a \u00e9t\u00e9 d\u00e9voil\u00e9<\/p>\n","protected":false},"author":180309964,"featured_media":1486758,"comment_status":"closed","ping_status":"closed","sticky":false,"template":"","format":"standard","meta":{"inline_featured_image":false,"kia_subtitle":"J0 2028 - Le lieu des comp\u00e9titions de flag football pour la comp\u00e9tition olympique a \u00e9t\u00e9 d\u00e9voil\u00e9","_mux_skip_reasons":[],"proofreadBy":0,"footnotes":""},"categories":[118,40],"tags":[4533,6555],"sport":[2785],"saison":[7475],"class_list":["post-1486756","post","type-post","status-publish","format-standard","has-post-thumbnail","hentry","category-actualite-nfl","category-nfl","tag-flag-football","tag-jo-2028","sport-nfl","saison-7475"],"acf":[],"yoast_head":"<!-- This site is optimized with the Yoast SEO plugin v24.2 - https:\/\/yoast.com\/wordpress\/plugins\/seo\/ -->\n<title>JO 2028: Le lieu des comp&eacute;titions du Flag d&eacute;voil&eacute; - The Playoffs FR<\/title>\n<meta name=\"robots\" content=\"index, follow, max-snippet:-1, max-image-preview:large, max-video-preview:-1\" \/>\n<link rel=\"canonical\" href=\"https:\/\/theplayoffs.news\/fr\/actualite-nfl\/jo-2028-le-lieu-des-competitions-du-flag-devoile\/\" \/>\n<meta property=\"og:locale\" content=\"fr_FR\" \/>\n<meta property=\"og:type\" content=\"article\" \/>\n<meta property=\"og:title\" content=\"JO 2028: Le lieu des comp&eacute;titions du Flag d&eacute;voil&eacute; - The Playoffs FR\" \/>\n<meta property=\"og:description\" content=\"J0 2028 - Le lieu des comp&eacute;titions de flag football pour la comp&eacute;tition olympique a &eacute;t&eacute; d&eacute;voil&eacute;\" \/>\n<meta property=\"og:url\" content=\"https:\/\/theplayoffs.news\/fr\/actualite-nfl\/jo-2028-le-lieu-des-competitions-du-flag-devoile\/\" \/>\n<meta property=\"og:site_name\" content=\"The Playoffs FR\" \/>\n<meta property=\"article:publisher\" content=\"https:\/\/www.facebook.com\/TheFreeAgentFR\/\" \/>\n<meta property=\"article:modified_time\" content=\"2025-03-29T10:02:06+01:00\" \/>\n<meta property=\"og:image\" content=\"https:\/\/theplayoffs.news\/fr\/wp-content\/uploads\/2025\/03\/USATSI_10810942.jpg\" \/>\n\t<meta property=\"og:image:width\" content=\"1920\" \/>\n\t<meta property=\"og:image:height\" content=\"1300\" \/>\n\t<meta property=\"og:image:type\" content=\"image\/jpeg\" \/>\n<meta name=\"author\" content=\"Flavien Jumeau\" \/>\n<meta name=\"twitter:card\" content=\"summary_large_image\" \/>\n<meta name=\"twitter:creator\" content=\"@TheFreeAgentFR\" \/>\n<meta name=\"twitter:site\" content=\"@TheFreeAgentFR\" \/>\n<meta name=\"twitter:label1\" content=\"\u00c9crit par\" \/>\n\t<meta name=\"twitter:data1\" content=\"Flavien Jumeau\" \/>\n\t<meta name=\"twitter:label2\" content=\"Dur\u00e9e de lecture estim\u00e9e\" \/>\n\t<meta name=\"twitter:data2\" content=\"2 minutes\" \/>\n<script type=\"application\/ld+json\" class=\"yoast-schema-graph\">{\"@context\":\"https:\/\/schema.org\",\"@graph\":[{\"@type\":\"WebPage\",\"@id\":\"https:\/\/theplayoffs.news\/fr\/actualite-nfl\/jo-2028-le-lieu-des-competitions-du-flag-devoile\/\",\"url\":\"https:\/\/theplayoffs.news\/fr\/actualite-nfl\/jo-2028-le-lieu-des-competitions-du-flag-devoile\/\",\"name\":\"JO 2028: Le lieu des comp\u00e9titions du Flag d\u00e9voil\u00e9 - The Playoffs FR\",\"isPartOf\":{\"@id\":\"https:\/\/theplayoffs.news\/fr\/#website\"},\"primaryImageOfPage\":{\"@id\":\"https:\/\/theplayoffs.news\/fr\/actualite-nfl\/jo-2028-le-lieu-des-competitions-du-flag-devoile\/#primaryimage\"},\"image\":{\"@id\":\"https:\/\/theplayoffs.news\/fr\/actualite-nfl\/jo-2028-le-lieu-des-competitions-du-flag-devoile\/#primaryimage\"},\"thumbnailUrl\":\"https:\/\/theplayoffs.news\/fr\/wp-content\/uploads\/2025\/03\/USATSI_10810942.jpg\",\"datePublished\":\"2025-03-29T09:01:25+00:00\",\"dateModified\":\"2025-03-29T09:02:06+00:00\",\"author\":{\"@id\":\"https:\/\/theplayoffs.news\/fr\/#\/schema\/person\/def63bc6746dc5957469b75feb99e66d\"},\"breadcrumb\":{\"@id\":\"https:\/\/theplayoffs.news\/fr\/actualite-nfl\/jo-2028-le-lieu-des-competitions-du-flag-devoile\/#breadcrumb\"},\"inLanguage\":\"fr-FR\",\"potentialAction\":[{\"@type\":\"ReadAction\",\"target\":[\"https:\/\/theplayoffs.news\/fr\/actualite-nfl\/jo-2028-le-lieu-des-competitions-du-flag-devoile\/\"]}]},{\"@type\":\"ImageObject\",\"inLanguage\":\"fr-FR\",\"@id\":\"https:\/\/theplayoffs.news\/fr\/actualite-nfl\/jo-2028-le-lieu-des-competitions-du-flag-devoile\/#primaryimage\",\"url\":\"https:\/\/theplayoffs.news\/fr\/wp-content\/uploads\/2025\/03\/USATSI_10810942.jpg\",\"contentUrl\":\"https:\/\/theplayoffs.news\/fr\/wp-content\/uploads\/2025\/03\/USATSI_10810942.jpg\",\"width\":1920,\"height\":1300,\"caption\":\"Apr 25, 2018; Los Angeles, CA, USA; General overall view of the entrance to Exposition Park and Banc of California Stadium. The stadium is the home of the Los Angeles FC of the MLS and is the first open-air stadium built in the City of Los Angeles since 1962. It is constructed on the site of the former Los Angeles Memorial Sports Arena at Exposition Park next to the Los Angeles Memorial Coliseum. Mandatory Credit: Kirby Lee-USA TODAY Sports\"},{\"@type\":\"BreadcrumbList\",\"@id\":\"https:\/\/theplayoffs.news\/fr\/actualite-nfl\/jo-2028-le-lieu-des-competitions-du-flag-devoile\/#breadcrumb\",\"itemListElement\":[{\"@type\":\"ListItem\",\"position\":1,\"name\":\"Accueil\",\"item\":\"https:\/\/theplayoffs.news\/fr\/\"},{\"@type\":\"ListItem\",\"position\":2,\"name\":\"JO 2028: Le lieu des comp\u00e9titions du Flag d\u00e9voil\u00e9\"}]},{\"@type\":\"WebSite\",\"@id\":\"https:\/\/theplayoffs.news\/fr\/#website\",\"url\":\"https:\/\/theplayoffs.news\/fr\/\",\"name\":\"The Playoffs FR\",\"description\":\"NBA-NFL-NHL-MLB\",\"potentialAction\":[{\"@type\":\"SearchAction\",\"target\":{\"@type\":\"EntryPoint\",\"urlTemplate\":\"https:\/\/theplayoffs.news\/fr\/?s={search_term_string}\"},\"query-input\":{\"@type\":\"PropertyValueSpecification\",\"valueRequired\":true,\"valueName\":\"search_term_string\"}}],\"inLanguage\":\"fr-FR\"},{\"@type\":\"Person\",\"@id\":\"https:\/\/theplayoffs.news\/fr\/#\/schema\/person\/def63bc6746dc5957469b75feb99e66d\",\"name\":\"Flavien Jumeau\",\"image\":{\"@type\":\"ImageObject\",\"inLanguage\":\"fr-FR\",\"@id\":\"https:\/\/theplayoffs.news\/fr\/#\/schema\/person\/image\/\",\"url\":\"https:\/\/secure.gravatar.com\/avatar\/e7fa8ba5a4b7e4ce35fe152f083f352db28ad0acce692004ed88a7a7d78893f7?s=96&d=mm&r=g\",\"contentUrl\":\"https:\/\/secure.gravatar.com\/avatar\/e7fa8ba5a4b7e4ce35fe152f083f352db28ad0acce692004ed88a7a7d78893f7?s=96&d=mm&r=g\",\"caption\":\"Flavien Jumeau\"},\"description\":\"Amoureux du sport (et de vraiment tous les sports) depuis mon plus jeune \u00e2ge, j\u2019ai longtemps h\u00e9site entre le snooker et le curling. Finalement c\u2019est le foot US que j\u2019ai d\u00e9cid\u00e9 de choisir! Responsable foot US sur TPO et animateur du podcast Tailgate j\u2019ai pour mission de vous faire d\u00e9couvrir ce sport passionnant si ce n\u2019est pas encore fait et de vous donner les derni\u00e8res actus. Le tout dans la bonne humeur et avec toujours un jeu de mots ou deux savamment distill\u00e9s! Fan des Saints, pour moi Drew Brees est le vrai GOAT!\",\"url\":\"https:\/\/theplayoffs.news\/fr\/author\/flavien-jumeaugmail-com\/\"}]}<\/script>\n<!-- \/ Yoast SEO plugin. -->","yoast_head_json":{"title":"JO 2028: Le lieu des comp&eacute;titions du Flag d&eacute;voil&eacute; - The Playoffs FR","robots":{"index":"index","follow":"follow","max-snippet":"max-snippet:-1","max-image-preview":"max-image-preview:large","max-video-preview":"max-video-preview:-1"},"canonical":"https:\/\/theplayoffs.news\/fr\/actualite-nfl\/jo-2028-le-lieu-des-competitions-du-flag-devoile\/","og_locale":"fr_FR","og_type":"article","og_title":"JO 2028: Le lieu des comp&eacute;titions du Flag d&eacute;voil&eacute; - The Playoffs FR","og_description":"J0 2028 - Le lieu des comp&eacute;titions de flag football pour la comp&eacute;tition olympique a &eacute;t&eacute; d&eacute;voil&eacute;","og_url":"https:\/\/theplayoffs.news\/fr\/actualite-nfl\/jo-2028-le-lieu-des-competitions-du-flag-devoile\/","og_site_name":"The Playoffs FR","article_publisher":"https:\/\/www.facebook.com\/TheFreeAgentFR\/","article_modified_time":"2025-03-29T09:02:06+00:00","og_image":[{"width":1920,"height":1300,"url":"https:\/\/theplayoffs.news\/fr\/wp-content\/uploads\/2025\/03\/USATSI_10810942.jpg","type":"image\/jpeg"}],"author":"Flavien Jumeau","twitter_card":"summary_large_image","twitter_creator":"@TheFreeAgentFR","twitter_site":"@TheFreeAgentFR","twitter_misc":{"\u00c9crit par":"Flavien Jumeau","Dur\u00e9e de lecture estim\u00e9e":"2 minutes"},"schema":{"@context":"https:\/\/schema.org","@graph":[{"@type":"WebPage","@id":"https:\/\/theplayoffs.news\/fr\/actualite-nfl\/jo-2028-le-lieu-des-competitions-du-flag-devoile\/","url":"https:\/\/theplayoffs.news\/fr\/actualite-nfl\/jo-2028-le-lieu-des-competitions-du-flag-devoile\/","name":"JO 2028: Le lieu des comp\u00e9titions du Flag d\u00e9voil\u00e9 - The Playoffs FR","isPartOf":{"@id":"https:\/\/theplayoffs.news\/fr\/#website"},"primaryImageOfPage":{"@id":"https:\/\/theplayoffs.news\/fr\/actualite-nfl\/jo-2028-le-lieu-des-competitions-du-flag-devoile\/#primaryimage"},"image":{"@id":"https:\/\/theplayoffs.news\/fr\/actualite-nfl\/jo-2028-le-lieu-des-competitions-du-flag-devoile\/#primaryimage"},"thumbnailUrl":"https:\/\/theplayoffs.news\/fr\/wp-content\/uploads\/2025\/03\/USATSI_10810942.jpg","datePublished":"2025-03-29T09:01:25+00:00","dateModified":"2025-03-29T09:02:06+00:00","author":{"@id":"https:\/\/theplayoffs.news\/fr\/#\/schema\/person\/def63bc6746dc5957469b75feb99e66d"},"breadcrumb":{"@id":"https:\/\/theplayoffs.news\/fr\/actualite-nfl\/jo-2028-le-lieu-des-competitions-du-flag-devoile\/#breadcrumb"},"inLanguage":"fr-FR","potentialAction":[{"@type":"ReadAction","target":["https:\/\/theplayoffs.news\/fr\/actualite-nfl\/jo-2028-le-lieu-des-competitions-du-flag-devoile\/"]}]},{"@type":"ImageObject","inLanguage":"fr-FR","@id":"https:\/\/theplayoffs.news\/fr\/actualite-nfl\/jo-2028-le-lieu-des-competitions-du-flag-devoile\/#primaryimage","url":"https:\/\/theplayoffs.news\/fr\/wp-content\/uploads\/2025\/03\/USATSI_10810942.jpg","contentUrl":"https:\/\/theplayoffs.news\/fr\/wp-content\/uploads\/2025\/03\/USATSI_10810942.jpg","width":1920,"height":1300,"caption":"Apr 25, 2018; Los Angeles, CA, USA; General overall view of the entrance to Exposition Park and Banc of California Stadium. The stadium is the home of the Los Angeles FC of the MLS and is the first open-air stadium built in the City of Los Angeles since 1962. It is constructed on the site of the former Los Angeles Memorial Sports Arena at Exposition Park next to the Los Angeles Memorial Coliseum. Mandatory Credit: Kirby Lee-USA TODAY Sports"},{"@type":"BreadcrumbList","@id":"https:\/\/theplayoffs.news\/fr\/actualite-nfl\/jo-2028-le-lieu-des-competitions-du-flag-devoile\/#breadcrumb","itemListElement":[{"@type":"ListItem","position":1,"name":"Accueil","item":"https:\/\/theplayoffs.news\/fr\/"},{"@type":"ListItem","position":2,"name":"JO 2028: Le lieu des comp\u00e9titions du Flag d\u00e9voil\u00e9"}]},{"@type":"WebSite","@id":"https:\/\/theplayoffs.news\/fr\/#website","url":"https:\/\/theplayoffs.news\/fr\/","name":"The Playoffs FR","description":"NBA-NFL-NHL-MLB","potentialAction":[{"@type":"SearchAction","target":{"@type":"EntryPoint","urlTemplate":"https:\/\/theplayoffs.news\/fr\/?s={search_term_string}"},"query-input":{"@type":"PropertyValueSpecification","valueRequired":true,"valueName":"search_term_string"}}],"inLanguage":"fr-FR"},{"@type":"Person","@id":"https:\/\/theplayoffs.news\/fr\/#\/schema\/person\/def63bc6746dc5957469b75feb99e66d","name":"Flavien Jumeau","image":{"@type":"ImageObject","inLanguage":"fr-FR","@id":"https:\/\/theplayoffs.news\/fr\/#\/schema\/person\/image\/","url":"https:\/\/secure.gravatar.com\/avatar\/e7fa8ba5a4b7e4ce35fe152f083f352db28ad0acce692004ed88a7a7d78893f7?s=96&d=mm&r=g","contentUrl":"https:\/\/secure.gravatar.com\/avatar\/e7fa8ba5a4b7e4ce35fe152f083f352db28ad0acce692004ed88a7a7d78893f7?s=96&d=mm&r=g","caption":"Flavien Jumeau"},"description":"Amoureux du sport (et de vraiment tous les sports) depuis mon plus jeune \u00e2ge, j\u2019ai longtemps h\u00e9site entre le snooker et le curling. Finalement c\u2019est le foot US que j\u2019ai d\u00e9cid\u00e9 de choisir! Responsable foot US sur TPO et animateur du podcast Tailgate j\u2019ai pour mission de vous faire d\u00e9couvrir ce sport passionnant si ce n\u2019est pas encore fait et de vous donner les derni\u00e8res actus. Le tout dans la bonne humeur et avec toujours un jeu de mots ou deux savamment distill\u00e9s! Fan des Saints, pour moi Drew Brees est le vrai GOAT!","url":"https:\/\/theplayoffs.news\/fr\/author\/flavien-jumeaugmail-com\/"}]}},"_links":{"self":[{"href":"https:\/\/theplayoffs.news\/fr\/wp-json\/wp\/v2\/posts\/1486756","targetHints":{"allow":["GET"]}}],"collection":[{"href":"https:\/\/theplayoffs.news\/fr\/wp-json\/wp\/v2\/posts"}],"about":[{"href":"https:\/\/theplayoffs.news\/fr\/wp-json\/wp\/v2\/types\/post"}],"author":[{"embeddable":true,"href":"https:\/\/theplayoffs.news\/fr\/wp-json\/wp\/v2\/users\/180309964"}],"replies":[{"embeddable":true,"href":"https:\/\/theplayoffs.news\/fr\/wp-json\/wp\/v2\/comments?post=1486756"}],"version-history":[{"count":1,"href":"https:\/\/theplayoffs.news\/fr\/wp-json\/wp\/v2\/posts\/1486756\/revisions"}],"predecessor-version":[{"id":1486759,"href":"https:\/\/theplayoffs.news\/fr\/wp-json\/wp\/v2\/posts\/1486756\/revisions\/1486759"}],"wp:featuredmedia":[{"embeddable":true,"href":"https:\/\/theplayoffs.news\/fr\/wp-json\/wp\/v2\/media\/1486758"}],"wp:attachment":[{"href":"https:\/\/theplayoffs.news\/fr\/wp-json\/wp\/v2\/media?parent=1486756"}],"wp:term":[{"taxonomy":"category","embeddable":true,"href":"https:\/\/theplayoffs.news\/fr\/wp-json\/wp\/v2\/categories?post=1486756"},{"taxonomy":"post_tag","embeddable":true,"href":"https:\/\/theplayoffs.news\/fr\/wp-json\/wp\/v2\/tags?post=1486756"},{"taxonomy":"sport","embeddable":true,"href":"https:\/\/theplayoffs.news\/fr\/wp-json\/wp\/v2\/sport?post=1486756"},{"taxonomy":"saison","embeddable":true,"href":"https:\/\/theplayoffs.news\/fr\/wp-json\/wp\/v2\/saison?post=1486756"}],"curies":[{"name":"wp","href":"https:\/\/api.w.org\/{rel}","templated":true}]}}