{"id":1486664,"date":"2025-03-28T10:30:02","date_gmt":"2025-03-28T09:30:02","guid":{"rendered":"https:\/\/theplayoffs.news\/fr\/uncategorized\/\/"},"modified":"2025-03-28T10:30:09","modified_gmt":"2025-03-28T09:30:09","slug":"victor-wembanyama-espererait-jouer-leurobasket-2025","status":"publish","type":"post","link":"https:\/\/theplayoffs.news\/fr\/equipe-de-france\/victor-wembanyama-espererait-jouer-leurobasket-2025\/","title":{"rendered":"Victor Wembanyama esp\u00e8rerait jouer l&rsquo;EuroBasket 2025"},"content":{"rendered":"<p>Victime d&rsquo;une thrombose veineuse profonde &agrave; l&rsquo;&eacute;paule droite, d&eacute;cel&eacute;e lors du All-Star weekend, Victor Wembanyama a &eacute;t&eacute; op&eacute;r&eacute;. &Agrave; cinq mois du d&eacute;but de l&rsquo;EuroBasket, Fr&eacute;d&eacute;ric Fauthoux, s&eacute;lectionneur de l&rsquo;&eacute;quipe de France de basket, a r&eacute;v&eacute;l&eacute; que le joueur des Spurs esp&egrave;re&nbsp;&ecirc;tre&nbsp;op&eacute;rationnel cet &eacute;t&eacute; pour y participer.&nbsp;<\/p><h2 class=\"wp-block-heading\">Victor Wembanyama pr&ecirc;t &agrave; rev&ecirc;tir le maillot bleu ?<\/h2><p>Absent des parquets NBA depuis f&eacute;vrier, Victor Wembanyama sait que sa saison avec San Antonio est termin&eacute;e. Le Fran&ccedil;ais n&rsquo;a disput&eacute; que 46 matchs cette saison, affichant des moyennes de 24,3 points, 11 rebonds et 3,8 contres.&nbsp;<\/p><blockquote class=\"wp-block-quote is-layout-flow wp-block-quote-is-layout-flow\">\n<p>&laquo; On a eu Victor avant son op&eacute;ration, il est motiv&eacute; pour faire partie de l&rsquo;&eacute;quipe. On verra au fur et &agrave; mesure de son &eacute;volution physique, on prendra la d&eacute;cision quand ce sera le bon moment. Jusque-l&agrave;, on sera dans le flou. Mais il se sent bien, tout se passe bien dans sa r&eacute;&eacute;ducation &raquo;, a d&eacute;clar&eacute; Fr&eacute;d&eacute;ric Fauthoux &agrave; <a href=\"https:\/\/www.lequipe.fr\/Basket\/Actualites\/Victor-wembanyama-est-motive-pour-faire-partie-de-l-equipe-pour-l-euro-2025-selon-frederic-fauthoux\/1549891\" target=\"_blank\" rel=\"noreferrer noopener\" class=\"trk-cta-link\" data-cta-trk='{\"ctaType\":\"Link\",\"ctaSubType\":\"main\"}'>L&rsquo;&Eacute;quipe<\/a>.&nbsp;<\/p>\n<\/blockquote><p>&Agrave; en croire les paroles du s&eacute;lectionneur, un retour pour la comp&eacute;tition internationale serait donc possible pour le pivot. Avant de d&eacute;marrer l&rsquo;Euro, r&eacute;parti sur quatre pays (Lettonie, Chypre, Finlande, Pologne), la France devrait jouer cinq &agrave; six matchs amicaux. Ces matchs pourraient alors servir de tests pour Victor Wembanyama. Puis, la s&eacute;lection rejoindra Katowice (Pologne) pour la phase de groupes.<\/p><ul class=\"wp-block-list\">\n<li><strong>Lire aussi :<\/strong><\/li>\n<\/ul><p><a href=\"https:\/\/theplayoffs.news\/fr\/equipe-de-france\/eurobasket-2025-les-bleus-avec-la-slovenie-et-israel-dans-le-groupe-d\/\" target=\"_blank\" rel=\"noreferrer noopener\" class=\"trk-cta-link\" data-cta-trk='{\"ctaType\":\"Link\",\"ctaSubType\":\"main\"}'>EuroBasket 2025 : Les Bleus avec la Slov&eacute;nie et Isra&euml;l dans le Groupe D<\/a><\/p><p><a href=\"https:\/\/theplayoffs.news\/fr\/actualite-nba\/resultats-nba-josh-giddey-du-logo\/\" target=\"_blank\" rel=\"noreferrer noopener\" class=\"trk-cta-link\" data-cta-trk='{\"ctaType\":\"Link\",\"ctaSubType\":\"main\"}'>R&eacute;sultats NBA du 28 mars : Josh Giddey du logo, les Pacers pulv&eacute;risent Washington !<\/a><\/p><p>Les hommes de Fr&eacute;d&eacute;ric Fauthoux affronteront la Slov&eacute;nie de Luka Don&#269;i&#263;, ainsi que la Pologne, l&rsquo;Islande, la Belgique et Isra&euml;l, pour tenter de d&eacute;crocher un ticket pour la phase finale &agrave; Riga (Lettonie).&nbsp;Membre du groupe D, la France pourrait affronter l&rsquo;un des favoris du tournoi en huiti&egrave;mes de finale (Espagne, Gr&egrave;ce, Italie).&nbsp;<\/p><p>Rappelons que, malgr&eacute; la volont&eacute; de Victor Wembanyama, le Fran&ccedil;ais devra obtenir l&rsquo;accord de sa franchise, comme chaque joueur <a href=\"https:\/\/theplayoffs.news\/fr\/category\/nba\/\" target=\"_blank\" rel=\"noreferrer noopener\" class=\"trk-cta-link\" data-cta-trk='{\"ctaType\":\"Link\",\"ctaSubType\":\"main\"}'>NBA<\/a>, pour participer &agrave; cet EuroBasket.<\/p><p>Cr&eacute;dit photo : Daniel Dunn-Imagn Images<\/p>\n","protected":false},"excerpt":{"rendered":"<p>En convalescence apr\u00e8s son op\u00e9ration \u00e0 l\u2019\u00e9paule, Victor Wembanyama pourrait \u00eatre pr\u00eat cet \u00e9t\u00e9 pour disputer l\u2019EuroBasket. C\u2019est en tout cas ce qu\u2019esp\u00e8re Fr\u00e9d\u00e9ric Fauthoux, s\u00e9lectionneur des Bleus.<\/p>\n","protected":false},"author":180310250,"featured_media":1486665,"comment_status":"closed","ping_status":"closed","sticky":false,"template":"","format":"standard","meta":{"inline_featured_image":false,"kia_subtitle":"En convalescence apr\u00e8s son op\u00e9ration \u00e0 l\u2019\u00e9paule, Victor Wembanyama pourrait \u00eatre pr\u00eat cet \u00e9t\u00e9 pour disputer l\u2019EuroBasket. C\u2019est en tout cas ce qu\u2019esp\u00e8re Fr\u00e9d\u00e9ric Fauthoux, s\u00e9lectionneur des Bleus.","_mux_skip_reasons":[],"proofreadBy":0,"footnotes":""},"categories":[8226,8232],"tags":[2774,8227],"sport":[2783],"saison":[7475],"class_list":["post-1486664","post","type-post","status-publish","format-standard","has-post-thumbnail","hentry","category-equipe-de-france","category-eurobasket","tag-equipe-de-france-de-basket","tag-eurobasket-2025","sport-nba","saison-7475"],"acf":[],"yoast_head":"<!-- This site is optimized with the Yoast SEO plugin v24.2 - https:\/\/yoast.com\/wordpress\/plugins\/seo\/ -->\n<title>Victor Wembanyama esp&egrave;rerait jouer l&#039;EuroBasket 2025<\/title>\n<meta name=\"description\" content=\"En convalescence apr&egrave;s son op&eacute;ration &agrave; l&rsquo;&eacute;paule, Victor Wembanyama pourrait &ecirc;tre pr&ecirc;t cet &eacute;t&eacute; pour disputer l&rsquo;EuroBasket.\" \/>\n<meta name=\"robots\" content=\"index, follow, max-snippet:-1, max-image-preview:large, max-video-preview:-1\" \/>\n<link rel=\"canonical\" href=\"https:\/\/theplayoffs.news\/fr\/equipe-de-france\/victor-wembanyama-espererait-jouer-leurobasket-2025\/\" \/>\n<meta property=\"og:locale\" content=\"fr_FR\" \/>\n<meta property=\"og:type\" content=\"article\" \/>\n<meta property=\"og:title\" content=\"Victor Wembanyama esp&egrave;rerait jouer l&#039;EuroBasket 2025\" \/>\n<meta property=\"og:description\" content=\"En convalescence apr&egrave;s son op&eacute;ration &agrave; l&rsquo;&eacute;paule, Victor Wembanyama pourrait &ecirc;tre pr&ecirc;t cet &eacute;t&eacute; pour disputer l&rsquo;EuroBasket.\" \/>\n<meta property=\"og:url\" content=\"https:\/\/theplayoffs.news\/fr\/equipe-de-france\/victor-wembanyama-espererait-jouer-leurobasket-2025\/\" \/>\n<meta property=\"og:site_name\" content=\"The Playoffs FR\" \/>\n<meta property=\"article:publisher\" content=\"https:\/\/www.facebook.com\/TheFreeAgentFR\/\" \/>\n<meta property=\"article:modified_time\" content=\"2025-03-28T10:30:09+01:00\" \/>\n<meta property=\"og:image\" content=\"https:\/\/theplayoffs.news\/fr\/wp-content\/uploads\/2025\/03\/USATSI_25637205.jpg\" \/>\n\t<meta property=\"og:image:width\" content=\"1920\" \/>\n\t<meta property=\"og:image:height\" content=\"1280\" \/>\n\t<meta property=\"og:image:type\" content=\"image\/jpeg\" \/>\n<meta name=\"author\" content=\"Jean Fabre-Jevanoff\" \/>\n<meta name=\"twitter:card\" content=\"summary_large_image\" \/>\n<meta name=\"twitter:creator\" content=\"@the_jfj_42\" \/>\n<meta name=\"twitter:site\" content=\"@TheFreeAgentFR\" \/>\n<meta name=\"twitter:label1\" content=\"\u00c9crit par\" \/>\n\t<meta name=\"twitter:data1\" content=\"Jean Fabre-Jevanoff\" \/>\n\t<meta name=\"twitter:label2\" content=\"Dur\u00e9e de lecture estim\u00e9e\" \/>\n\t<meta name=\"twitter:data2\" content=\"2 minutes\" \/>\n<script type=\"application\/ld+json\" class=\"yoast-schema-graph\">{\"@context\":\"https:\/\/schema.org\",\"@graph\":[{\"@type\":\"WebPage\",\"@id\":\"https:\/\/theplayoffs.news\/fr\/equipe-de-france\/victor-wembanyama-espererait-jouer-leurobasket-2025\/\",\"url\":\"https:\/\/theplayoffs.news\/fr\/equipe-de-france\/victor-wembanyama-espererait-jouer-leurobasket-2025\/\",\"name\":\"Victor Wembanyama esp\u00e8rerait jouer l\\\\'EuroBasket 2025\",\"isPartOf\":{\"@id\":\"https:\/\/theplayoffs.news\/fr\/#website\"},\"primaryImageOfPage\":{\"@id\":\"https:\/\/theplayoffs.news\/fr\/equipe-de-france\/victor-wembanyama-espererait-jouer-leurobasket-2025\/#primaryimage\"},\"image\":{\"@id\":\"https:\/\/theplayoffs.news\/fr\/equipe-de-france\/victor-wembanyama-espererait-jouer-leurobasket-2025\/#primaryimage\"},\"thumbnailUrl\":\"https:\/\/theplayoffs.news\/fr\/wp-content\/uploads\/2025\/03\/USATSI_25637205.jpg\",\"datePublished\":\"2025-03-28T09:30:02+00:00\",\"dateModified\":\"2025-03-28T09:30:09+00:00\",\"author\":{\"@id\":\"https:\/\/theplayoffs.news\/fr\/#\/schema\/person\/1ea25b88e79fe4fabd657430b0013d3d\"},\"description\":\"En convalescence apr\u00e8s son op\u00e9ration \u00e0 l\u2019\u00e9paule, Victor Wembanyama pourrait \u00eatre pr\u00eat cet \u00e9t\u00e9 pour disputer l\u2019EuroBasket.\",\"breadcrumb\":{\"@id\":\"https:\/\/theplayoffs.news\/fr\/equipe-de-france\/victor-wembanyama-espererait-jouer-leurobasket-2025\/#breadcrumb\"},\"inLanguage\":\"fr-FR\",\"potentialAction\":[{\"@type\":\"ReadAction\",\"target\":[\"https:\/\/theplayoffs.news\/fr\/equipe-de-france\/victor-wembanyama-espererait-jouer-leurobasket-2025\/\"]}]},{\"@type\":\"ImageObject\",\"inLanguage\":\"fr-FR\",\"@id\":\"https:\/\/theplayoffs.news\/fr\/equipe-de-france\/victor-wembanyama-espererait-jouer-leurobasket-2025\/#primaryimage\",\"url\":\"https:\/\/theplayoffs.news\/fr\/wp-content\/uploads\/2025\/03\/USATSI_25637205.jpg\",\"contentUrl\":\"https:\/\/theplayoffs.news\/fr\/wp-content\/uploads\/2025\/03\/USATSI_25637205.jpg\",\"width\":1920,\"height\":1280,\"caption\":\"Mar 10, 2025; San Antonio, Texas, USA; San Antonio Spurs forward Jeremy Sochan (10) and center Victor Wembanyama (1) look on in the second half against the Dallas Mavericks at Frost Bank Center. Mandatory Credit: Daniel Dunn-Imagn Images\"},{\"@type\":\"BreadcrumbList\",\"@id\":\"https:\/\/theplayoffs.news\/fr\/equipe-de-france\/victor-wembanyama-espererait-jouer-leurobasket-2025\/#breadcrumb\",\"itemListElement\":[{\"@type\":\"ListItem\",\"position\":1,\"name\":\"Accueil\",\"item\":\"https:\/\/theplayoffs.news\/fr\/\"},{\"@type\":\"ListItem\",\"position\":2,\"name\":\"Victor Wembanyama esp\u00e8rerait jouer l&rsquo;EuroBasket 2025\"}]},{\"@type\":\"WebSite\",\"@id\":\"https:\/\/theplayoffs.news\/fr\/#website\",\"url\":\"https:\/\/theplayoffs.news\/fr\/\",\"name\":\"The Playoffs FR\",\"description\":\"NBA-NFL-NHL-MLB\",\"potentialAction\":[{\"@type\":\"SearchAction\",\"target\":{\"@type\":\"EntryPoint\",\"urlTemplate\":\"https:\/\/theplayoffs.news\/fr\/?s={search_term_string}\"},\"query-input\":{\"@type\":\"PropertyValueSpecification\",\"valueRequired\":true,\"valueName\":\"search_term_string\"}}],\"inLanguage\":\"fr-FR\"},{\"@type\":\"Person\",\"@id\":\"https:\/\/theplayoffs.news\/fr\/#\/schema\/person\/1ea25b88e79fe4fabd657430b0013d3d\",\"name\":\"Jean Fabre-Jevanoff\",\"image\":{\"@type\":\"ImageObject\",\"inLanguage\":\"fr-FR\",\"@id\":\"https:\/\/theplayoffs.news\/fr\/#\/schema\/person\/image\/\",\"url\":\"https:\/\/secure.gravatar.com\/avatar\/18b28dab1159eebc6a17b9787eb8cbbe3242c3d0e8b53b89332f6dc1133aa361?s=96&d=mm&r=g\",\"contentUrl\":\"https:\/\/secure.gravatar.com\/avatar\/18b28dab1159eebc6a17b9787eb8cbbe3242c3d0e8b53b89332f6dc1133aa361?s=96&d=mm&r=g\",\"caption\":\"Jean Fabre-Jevanoff\"},\"description\":\"Journaliste polyvalent sur le football am\u00e9ricain, j\u2019\u00e9cris aussi des articles sur le basket. Commentateur sur Twitch et sur YouTube. Pass\u00e9 par Eurosport notamment. Un mix d\u2019Eminem et de OBJ, fan inconditionnel de Patrick Mahomes et Lebron James\",\"sameAs\":[\"https:\/\/www.instagram.com\/_juaniitooo_\",\"https:\/\/www.linkedin.com\/in\/jean-fabre-jevanoff-84bb9b1a9\/\",\"https:\/\/x.com\/the_jfj_42\"],\"url\":\"https:\/\/theplayoffs.news\/fr\/author\/jeanfj42gmail-com\/\"}]}<\/script>\n<!-- \/ Yoast SEO plugin. -->","yoast_head_json":{"title":"Victor Wembanyama esp&egrave;rerait jouer l&#039;EuroBasket 2025","description":"En convalescence apr&egrave;s son op&eacute;ration &agrave; l&rsquo;&eacute;paule, Victor Wembanyama pourrait &ecirc;tre pr&ecirc;t cet &eacute;t&eacute; pour disputer l&rsquo;EuroBasket.","robots":{"index":"index","follow":"follow","max-snippet":"max-snippet:-1","max-image-preview":"max-image-preview:large","max-video-preview":"max-video-preview:-1"},"canonical":"https:\/\/theplayoffs.news\/fr\/equipe-de-france\/victor-wembanyama-espererait-jouer-leurobasket-2025\/","og_locale":"fr_FR","og_type":"article","og_title":"Victor Wembanyama esp&egrave;rerait jouer l&#039;EuroBasket 2025","og_description":"En convalescence apr&egrave;s son op&eacute;ration &agrave; l&rsquo;&eacute;paule, Victor Wembanyama pourrait &ecirc;tre pr&ecirc;t cet &eacute;t&eacute; pour disputer l&rsquo;EuroBasket.","og_url":"https:\/\/theplayoffs.news\/fr\/equipe-de-france\/victor-wembanyama-espererait-jouer-leurobasket-2025\/","og_site_name":"The Playoffs FR","article_publisher":"https:\/\/www.facebook.com\/TheFreeAgentFR\/","article_modified_time":"2025-03-28T09:30:09+00:00","og_image":[{"width":1920,"height":1280,"url":"https:\/\/theplayoffs.news\/fr\/wp-content\/uploads\/2025\/03\/USATSI_25637205.jpg","type":"image\/jpeg"}],"author":"Jean Fabre-Jevanoff","twitter_card":"summary_large_image","twitter_creator":"@the_jfj_42","twitter_site":"@TheFreeAgentFR","twitter_misc":{"\u00c9crit par":"Jean Fabre-Jevanoff","Dur\u00e9e de lecture estim\u00e9e":"2 minutes"},"schema":{"@context":"https:\/\/schema.org","@graph":[{"@type":"WebPage","@id":"https:\/\/theplayoffs.news\/fr\/equipe-de-france\/victor-wembanyama-espererait-jouer-leurobasket-2025\/","url":"https:\/\/theplayoffs.news\/fr\/equipe-de-france\/victor-wembanyama-espererait-jouer-leurobasket-2025\/","name":"Victor Wembanyama esp\u00e8rerait jouer l\\'EuroBasket 2025","isPartOf":{"@id":"https:\/\/theplayoffs.news\/fr\/#website"},"primaryImageOfPage":{"@id":"https:\/\/theplayoffs.news\/fr\/equipe-de-france\/victor-wembanyama-espererait-jouer-leurobasket-2025\/#primaryimage"},"image":{"@id":"https:\/\/theplayoffs.news\/fr\/equipe-de-france\/victor-wembanyama-espererait-jouer-leurobasket-2025\/#primaryimage"},"thumbnailUrl":"https:\/\/theplayoffs.news\/fr\/wp-content\/uploads\/2025\/03\/USATSI_25637205.jpg","datePublished":"2025-03-28T09:30:02+00:00","dateModified":"2025-03-28T09:30:09+00:00","author":{"@id":"https:\/\/theplayoffs.news\/fr\/#\/schema\/person\/1ea25b88e79fe4fabd657430b0013d3d"},"description":"En convalescence apr\u00e8s son op\u00e9ration \u00e0 l\u2019\u00e9paule, Victor Wembanyama pourrait \u00eatre pr\u00eat cet \u00e9t\u00e9 pour disputer l\u2019EuroBasket.","breadcrumb":{"@id":"https:\/\/theplayoffs.news\/fr\/equipe-de-france\/victor-wembanyama-espererait-jouer-leurobasket-2025\/#breadcrumb"},"inLanguage":"fr-FR","potentialAction":[{"@type":"ReadAction","target":["https:\/\/theplayoffs.news\/fr\/equipe-de-france\/victor-wembanyama-espererait-jouer-leurobasket-2025\/"]}]},{"@type":"ImageObject","inLanguage":"fr-FR","@id":"https:\/\/theplayoffs.news\/fr\/equipe-de-france\/victor-wembanyama-espererait-jouer-leurobasket-2025\/#primaryimage","url":"https:\/\/theplayoffs.news\/fr\/wp-content\/uploads\/2025\/03\/USATSI_25637205.jpg","contentUrl":"https:\/\/theplayoffs.news\/fr\/wp-content\/uploads\/2025\/03\/USATSI_25637205.jpg","width":1920,"height":1280,"caption":"Mar 10, 2025; San Antonio, Texas, USA; San Antonio Spurs forward Jeremy Sochan (10) and center Victor Wembanyama (1) look on in the second half against the Dallas Mavericks at Frost Bank Center. Mandatory Credit: Daniel Dunn-Imagn Images"},{"@type":"BreadcrumbList","@id":"https:\/\/theplayoffs.news\/fr\/equipe-de-france\/victor-wembanyama-espererait-jouer-leurobasket-2025\/#breadcrumb","itemListElement":[{"@type":"ListItem","position":1,"name":"Accueil","item":"https:\/\/theplayoffs.news\/fr\/"},{"@type":"ListItem","position":2,"name":"Victor Wembanyama esp\u00e8rerait jouer l&rsquo;EuroBasket 2025"}]},{"@type":"WebSite","@id":"https:\/\/theplayoffs.news\/fr\/#website","url":"https:\/\/theplayoffs.news\/fr\/","name":"The Playoffs FR","description":"NBA-NFL-NHL-MLB","potentialAction":[{"@type":"SearchAction","target":{"@type":"EntryPoint","urlTemplate":"https:\/\/theplayoffs.news\/fr\/?s={search_term_string}"},"query-input":{"@type":"PropertyValueSpecification","valueRequired":true,"valueName":"search_term_string"}}],"inLanguage":"fr-FR"},{"@type":"Person","@id":"https:\/\/theplayoffs.news\/fr\/#\/schema\/person\/1ea25b88e79fe4fabd657430b0013d3d","name":"Jean Fabre-Jevanoff","image":{"@type":"ImageObject","inLanguage":"fr-FR","@id":"https:\/\/theplayoffs.news\/fr\/#\/schema\/person\/image\/","url":"https:\/\/secure.gravatar.com\/avatar\/18b28dab1159eebc6a17b9787eb8cbbe3242c3d0e8b53b89332f6dc1133aa361?s=96&d=mm&r=g","contentUrl":"https:\/\/secure.gravatar.com\/avatar\/18b28dab1159eebc6a17b9787eb8cbbe3242c3d0e8b53b89332f6dc1133aa361?s=96&d=mm&r=g","caption":"Jean Fabre-Jevanoff"},"description":"Journaliste polyvalent sur le football am\u00e9ricain, j\u2019\u00e9cris aussi des articles sur le basket. Commentateur sur Twitch et sur YouTube. Pass\u00e9 par Eurosport notamment. Un mix d\u2019Eminem et de OBJ, fan inconditionnel de Patrick Mahomes et Lebron James","sameAs":["https:\/\/www.instagram.com\/_juaniitooo_","https:\/\/www.linkedin.com\/in\/jean-fabre-jevanoff-84bb9b1a9\/","https:\/\/x.com\/the_jfj_42"],"url":"https:\/\/theplayoffs.news\/fr\/author\/jeanfj42gmail-com\/"}]}},"_links":{"self":[{"href":"https:\/\/theplayoffs.news\/fr\/wp-json\/wp\/v2\/posts\/1486664","targetHints":{"allow":["GET"]}}],"collection":[{"href":"https:\/\/theplayoffs.news\/fr\/wp-json\/wp\/v2\/posts"}],"about":[{"href":"https:\/\/theplayoffs.news\/fr\/wp-json\/wp\/v2\/types\/post"}],"author":[{"embeddable":true,"href":"https:\/\/theplayoffs.news\/fr\/wp-json\/wp\/v2\/users\/180310250"}],"replies":[{"embeddable":true,"href":"https:\/\/theplayoffs.news\/fr\/wp-json\/wp\/v2\/comments?post=1486664"}],"version-history":[{"count":1,"href":"https:\/\/theplayoffs.news\/fr\/wp-json\/wp\/v2\/posts\/1486664\/revisions"}],"predecessor-version":[{"id":1486669,"href":"https:\/\/theplayoffs.news\/fr\/wp-json\/wp\/v2\/posts\/1486664\/revisions\/1486669"}],"wp:featuredmedia":[{"embeddable":true,"href":"https:\/\/theplayoffs.news\/fr\/wp-json\/wp\/v2\/media\/1486665"}],"wp:attachment":[{"href":"https:\/\/theplayoffs.news\/fr\/wp-json\/wp\/v2\/media?parent=1486664"}],"wp:term":[{"taxonomy":"category","embeddable":true,"href":"https:\/\/theplayoffs.news\/fr\/wp-json\/wp\/v2\/categories?post=1486664"},{"taxonomy":"post_tag","embeddable":true,"href":"https:\/\/theplayoffs.news\/fr\/wp-json\/wp\/v2\/tags?post=1486664"},{"taxonomy":"sport","embeddable":true,"href":"https:\/\/theplayoffs.news\/fr\/wp-json\/wp\/v2\/sport?post=1486664"},{"taxonomy":"saison","embeddable":true,"href":"https:\/\/theplayoffs.news\/fr\/wp-json\/wp\/v2\/saison?post=1486664"}],"curies":[{"name":"wp","href":"https:\/\/api.w.org\/{rel}","templated":true}]}}