{"id":1486663,"date":"2025-03-28T10:26:27","date_gmt":"2025-03-28T09:26:27","guid":{"rendered":"https:\/\/theplayoffs.news\/fr\/uncategorized\/\/"},"modified":"2025-03-28T10:26:35","modified_gmt":"2025-03-28T09:26:35","slug":"cooper-flagg-historique-propulse-duke-vers-lelite-eight","status":"publish","type":"post","link":"https:\/\/theplayoffs.news\/fr\/basketball\/cooper-flagg-historique-propulse-duke-vers-lelite-eight\/","title":{"rendered":"Cooper Flagg, historique, propulse Duke vers l&rsquo;Elite Eight"},"content":{"rendered":"<p><strong>Lors de la victoire de Duke face &agrave; Arizona, Cooper Flagg a inscrit 30 points, d&eacute;livr&eacute; 7 passes d&eacute;cisives, capt&eacute; 6 rebonds et r&eacute;ussi 3 contres, devenant ainsi le premier joueur de ce si&egrave;cle en NCAA Division I &agrave; r&eacute;aliser une telle ligne de statistiques en temps r&eacute;glementaire lors d&rsquo;un match universitaire.<\/strong><\/p><p>L&rsquo;ailier de Duke a marqu&eacute; l&rsquo;histoire et permis &agrave; son &eacute;quipe d&rsquo;atteindre<strong> l&rsquo;Elite Eight<\/strong> de la March Madness. Apr&egrave;s la rencontre, son entra&icirc;neur, <strong>Jon Scheyer,<\/strong> a tenu &agrave; r&eacute;agir face &agrave; l&rsquo;exploit incroyable de <strong>Cooper Flagg.<\/strong><\/p><blockquote class=\"wp-block-quote is-layout-flow wp-block-quote-is-layout-flow\">\n<p>&laquo; C&rsquo;est l&rsquo;une des meilleures performances que j&rsquo;ai pu observer en March Madness. &raquo;<\/p>\n<\/blockquote><blockquote class=\"twitter-tweet\"><p lang=\"en\" dir=\"ltr\">Cooper Flagg tonight for <a href=\"https:\/\/twitter.com\/DukeMBB?ref_src=twsrc%5Etfw\" class=\"trk-cta-link\" data-cta-trk='{\"ctaType\":\"Link\",\"ctaSubType\":\"main\"}'>@DukeMBB<\/a>:<br><br>30 points<br>7 assists<br>6 rebounds<br>3 blocks<br>3 threes made<br><br>No other Division I player this century has reached all of those numbers in any regulation game (NCAA Tournament or otherwise). <a href=\"https:\/\/t.co\/4DMFKtmzwW\" class=\"trk-cta-link\" data-cta-trk='{\"ctaType\":\"Link\",\"ctaSubType\":\"main\"}'>pic.twitter.com\/4DMFKtmzwW<\/a><\/p>&mdash; OptaSTATS (@OptaSTATS) <a href=\"https:\/\/twitter.com\/OptaSTATS\/status\/1905481350422917227?ref_src=twsrc%5Etfw\" class=\"trk-cta-link\" data-cta-trk='{\"ctaType\":\"Link\",\"ctaSubType\":\"main\"}'>March 28, 2025<\/a><\/blockquote><script async src=\"https:\/\/platform.twitter.com\/widgets.js\" charset=\"utf-8\"><\/script><p><strong>Lire aussi :&nbsp;<\/strong><\/p><p><a href=\"https:\/\/theplayoffs.news\/fr\/actualite-nba\/resultats-nba-josh-giddey-du-logo\/\" class=\"trk-cta-link\" data-cta-trk='{\"ctaType\":\"Link\",\"ctaSubType\":\"main\"}'>R&eacute;sultats NBA du 28 mars : Josh Giddey du logo !<\/a><\/p><p><a href=\"https:\/\/theplayoffs.news\/fr\/actualite-nba\/le-psg-bientot-en-nba\/\" class=\"trk-cta-link\" data-cta-trk='{\"ctaType\":\"Link\",\"ctaSubType\":\"main\"}'>Le PSG bient&ocirc;t en NBA ?<\/a><\/p><p>Des mots simples, mais r&eacute;sumant parfaitement la rencontre sign&eacute;e par le probable futur premier choix de la draft 2025. Flagg a tout accompli lors de ce match pour dominer les <strong>Wildcats <\/strong>: un tir du logo en fin de premi&egrave;re mi-temps, des contres, des passes spectaculaires&hellip; Pourtant, <strong>Caleb Love <\/strong>(35 points), son adversaire du soir, n&rsquo;a pas d&eacute;m&eacute;rit&eacute; et a tout tent&eacute; pour permettre &agrave; <strong>Arizona<\/strong> de l&rsquo;emporter.<\/p><p>Pour sa prochaine rencontre, <strong>Duke<\/strong> affrontera<strong> Alabama<\/strong>, r&eacute;cemment victorieux de <strong>BYU<\/strong> gr&acirc;ce &agrave; un <strong>Mark Sears <\/strong>en feu derri&egrave;re l&rsquo;arc, avec un impressionnant 10 sur 16. <strong>Cooper Flagg <\/strong>est en mission et semble d&eacute;termin&eacute; &agrave; &eacute;crire une nouvelle page de l&rsquo;histoire de son universit&eacute; avant de rejoindre la grande ligue.<\/p><p><strong>Cr&eacute;dit photo :&nbsp;<\/strong>Robert Deutsch-Imagn Images<\/p>\n","protected":false},"excerpt":{"rendered":"","protected":false},"author":180310268,"featured_media":1486666,"comment_status":"closed","ping_status":"closed","sticky":false,"template":"","format":"standard","meta":{"inline_featured_image":false,"kia_subtitle":"","_mux_skip_reasons":[],"proofreadBy":0,"footnotes":""},"categories":[903,121],"tags":[7511,8236,1357,2986],"sport":[2787],"saison":[],"class_list":["post-1486663","post","type-post","status-publish","format-standard","has-post-thumbnail","hentry","category-basketball","category-ncaa","tag-cooper-flagg","tag-elite-eight","tag-march-madness","tag-ncaa-basketball","sport-ncaab"],"acf":[],"yoast_head":"<!-- This site is optimized with the Yoast SEO plugin v24.2 - https:\/\/yoast.com\/wordpress\/plugins\/seo\/ -->\n<title>Cooper Flagg, historique, propulse Duke vers l&#039;Elite Eight<\/title>\n<meta name=\"description\" content=\"Cooper Flagg a marqu&eacute; l&#039;histoire de la NCAA Division I avec une ligne de statistiques impressionnante et a qualifi&eacute; Duke pour l&#039;Elite Eight.\" \/>\n<meta name=\"robots\" content=\"index, follow, max-snippet:-1, max-image-preview:large, max-video-preview:-1\" \/>\n<link rel=\"canonical\" href=\"https:\/\/theplayoffs.news\/fr\/basketball\/cooper-flagg-historique-propulse-duke-vers-lelite-eight\/\" \/>\n<meta property=\"og:locale\" content=\"fr_FR\" \/>\n<meta property=\"og:type\" content=\"article\" \/>\n<meta property=\"og:title\" content=\"Cooper Flagg, historique, propulse Duke vers l&#039;Elite Eight\" \/>\n<meta property=\"og:description\" content=\"Cooper Flagg a marqu&eacute; l&#039;histoire de la NCAA Division I avec une ligne de statistiques impressionnante et a qualifi&eacute; Duke pour l&#039;Elite Eight.\" \/>\n<meta property=\"og:url\" content=\"https:\/\/theplayoffs.news\/fr\/basketball\/cooper-flagg-historique-propulse-duke-vers-lelite-eight\/\" \/>\n<meta property=\"og:site_name\" content=\"The Playoffs FR\" \/>\n<meta property=\"article:publisher\" content=\"https:\/\/www.facebook.com\/TheFreeAgentFR\/\" \/>\n<meta property=\"article:modified_time\" content=\"2025-03-28T10:26:35+01:00\" \/>\n<meta property=\"og:image\" content=\"https:\/\/theplayoffs.news\/fr\/wp-content\/uploads\/2025\/03\/USATSI_25785785.jpg\" \/>\n\t<meta property=\"og:image:width\" content=\"1920\" \/>\n\t<meta property=\"og:image:height\" content=\"1280\" \/>\n\t<meta property=\"og:image:type\" content=\"image\/jpeg\" \/>\n<meta name=\"author\" content=\"Elian Goethals\" \/>\n<meta name=\"twitter:card\" content=\"summary_large_image\" \/>\n<meta name=\"twitter:creator\" content=\"@x.com\/elidwight\" \/>\n<meta name=\"twitter:site\" content=\"@TheFreeAgentFR\" \/>\n<meta name=\"twitter:label1\" content=\"\u00c9crit par\" \/>\n\t<meta name=\"twitter:data1\" content=\"Elian Goethals\" \/>\n\t<meta name=\"twitter:label2\" content=\"Dur\u00e9e de lecture estim\u00e9e\" \/>\n\t<meta name=\"twitter:data2\" content=\"2 minutes\" \/>\n<script type=\"application\/ld+json\" class=\"yoast-schema-graph\">{\"@context\":\"https:\/\/schema.org\",\"@graph\":[{\"@type\":\"WebPage\",\"@id\":\"https:\/\/theplayoffs.news\/fr\/basketball\/cooper-flagg-historique-propulse-duke-vers-lelite-eight\/\",\"url\":\"https:\/\/theplayoffs.news\/fr\/basketball\/cooper-flagg-historique-propulse-duke-vers-lelite-eight\/\",\"name\":\"Cooper Flagg, historique, propulse Duke vers l\\\\'Elite Eight\",\"isPartOf\":{\"@id\":\"https:\/\/theplayoffs.news\/fr\/#website\"},\"primaryImageOfPage\":{\"@id\":\"https:\/\/theplayoffs.news\/fr\/basketball\/cooper-flagg-historique-propulse-duke-vers-lelite-eight\/#primaryimage\"},\"image\":{\"@id\":\"https:\/\/theplayoffs.news\/fr\/basketball\/cooper-flagg-historique-propulse-duke-vers-lelite-eight\/#primaryimage\"},\"thumbnailUrl\":\"https:\/\/theplayoffs.news\/fr\/wp-content\/uploads\/2025\/03\/USATSI_25785785.jpg\",\"datePublished\":\"2025-03-28T09:26:27+00:00\",\"dateModified\":\"2025-03-28T09:26:35+00:00\",\"author\":{\"@id\":\"https:\/\/theplayoffs.news\/fr\/#\/schema\/person\/2bc470c6a49f4f6229a67af19c87a732\"},\"description\":\"Cooper Flagg a marqu\u00e9 l\\\\'histoire de la NCAA Division I avec une ligne de statistiques impressionnante et a qualifi\u00e9 Duke pour l\\\\'Elite Eight.\",\"breadcrumb\":{\"@id\":\"https:\/\/theplayoffs.news\/fr\/basketball\/cooper-flagg-historique-propulse-duke-vers-lelite-eight\/#breadcrumb\"},\"inLanguage\":\"fr-FR\",\"potentialAction\":[{\"@type\":\"ReadAction\",\"target\":[\"https:\/\/theplayoffs.news\/fr\/basketball\/cooper-flagg-historique-propulse-duke-vers-lelite-eight\/\"]}]},{\"@type\":\"ImageObject\",\"inLanguage\":\"fr-FR\",\"@id\":\"https:\/\/theplayoffs.news\/fr\/basketball\/cooper-flagg-historique-propulse-duke-vers-lelite-eight\/#primaryimage\",\"url\":\"https:\/\/theplayoffs.news\/fr\/wp-content\/uploads\/2025\/03\/USATSI_25785785.jpg\",\"contentUrl\":\"https:\/\/theplayoffs.news\/fr\/wp-content\/uploads\/2025\/03\/USATSI_25785785.jpg\",\"width\":1920,\"height\":1280,\"caption\":\"Mar 27, 2025; Newark, NJ, USA; Duke Blue Devils forward Cooper Flagg (2) reacts after making a last second shot to end the first half against the Arizona Wildcats during an East Regional semifinal of the 2025 NCAA tournament at Prudential Center. Mandatory Credit: Robert Deutsch-Imagn Images\"},{\"@type\":\"BreadcrumbList\",\"@id\":\"https:\/\/theplayoffs.news\/fr\/basketball\/cooper-flagg-historique-propulse-duke-vers-lelite-eight\/#breadcrumb\",\"itemListElement\":[{\"@type\":\"ListItem\",\"position\":1,\"name\":\"Accueil\",\"item\":\"https:\/\/theplayoffs.news\/fr\/\"},{\"@type\":\"ListItem\",\"position\":2,\"name\":\"Cooper Flagg, historique, propulse Duke vers l&rsquo;Elite Eight\"}]},{\"@type\":\"WebSite\",\"@id\":\"https:\/\/theplayoffs.news\/fr\/#website\",\"url\":\"https:\/\/theplayoffs.news\/fr\/\",\"name\":\"The Playoffs FR\",\"description\":\"NBA-NFL-NHL-MLB\",\"potentialAction\":[{\"@type\":\"SearchAction\",\"target\":{\"@type\":\"EntryPoint\",\"urlTemplate\":\"https:\/\/theplayoffs.news\/fr\/?s={search_term_string}\"},\"query-input\":{\"@type\":\"PropertyValueSpecification\",\"valueRequired\":true,\"valueName\":\"search_term_string\"}}],\"inLanguage\":\"fr-FR\"},{\"@type\":\"Person\",\"@id\":\"https:\/\/theplayoffs.news\/fr\/#\/schema\/person\/2bc470c6a49f4f6229a67af19c87a732\",\"name\":\"Elian Goethals\",\"image\":{\"@type\":\"ImageObject\",\"inLanguage\":\"fr-FR\",\"@id\":\"https:\/\/theplayoffs.news\/fr\/#\/schema\/person\/image\/\",\"url\":\"https:\/\/secure.gravatar.com\/avatar\/293e2e649a094756005b611f6122ac1a95e95d453dbfe74b9d434b39855927f6?s=96&d=mm&r=g\",\"contentUrl\":\"https:\/\/secure.gravatar.com\/avatar\/293e2e649a094756005b611f6122ac1a95e95d453dbfe74b9d434b39855927f6?s=96&d=mm&r=g\",\"caption\":\"Elian Goethals\"},\"description\":\"Je suis sp\u00e9cialis\u00e9 dans la r\u00e9daction d\\\\'articles NBA et je suis un grand fan de basket am\u00e9ricain depuis toujours. Cela fait 20 ans que je joue au basket, et mon exp\u00e9rience sur les terrains me permet d\\\\'avoir une analyse approfondie des matchs. J\u2019ai d\u2019abord fait partie d\u2019autres m\u00e9dias sportifs en tant que b\u00e9n\u00e9vole avant de rejoindre ThePlayoffs en janvier. Je termine \u00e9galement un master en \u00e9tudes internationales. Ce que je pr\u00e9f\u00e8re dans mon travail, c\u2019est de transformer ma passion en m\u00e9tier et de partager avec vous l\u2019information NBA. J\u2019essaie de produire un contenu de qualit\u00e9 en esp\u00e9rant qu\u2019il vous plaise !\",\"sameAs\":[\"https:\/\/www.linkedin.com\/in\/elian-goethals-729b71200\/\",\"https:\/\/x.com\/x.com\/elidwight\"],\"url\":\"https:\/\/theplayoffs.news\/fr\/author\/elian\/\"}]}<\/script>\n<!-- \/ Yoast SEO plugin. -->","yoast_head_json":{"title":"Cooper Flagg, historique, propulse Duke vers l&#039;Elite Eight","description":"Cooper Flagg a marqu&eacute; l&#039;histoire de la NCAA Division I avec une ligne de statistiques impressionnante et a qualifi&eacute; Duke pour l&#039;Elite Eight.","robots":{"index":"index","follow":"follow","max-snippet":"max-snippet:-1","max-image-preview":"max-image-preview:large","max-video-preview":"max-video-preview:-1"},"canonical":"https:\/\/theplayoffs.news\/fr\/basketball\/cooper-flagg-historique-propulse-duke-vers-lelite-eight\/","og_locale":"fr_FR","og_type":"article","og_title":"Cooper Flagg, historique, propulse Duke vers l&#039;Elite Eight","og_description":"Cooper Flagg a marqu&eacute; l&#039;histoire de la NCAA Division I avec une ligne de statistiques impressionnante et a qualifi&eacute; Duke pour l&#039;Elite Eight.","og_url":"https:\/\/theplayoffs.news\/fr\/basketball\/cooper-flagg-historique-propulse-duke-vers-lelite-eight\/","og_site_name":"The Playoffs FR","article_publisher":"https:\/\/www.facebook.com\/TheFreeAgentFR\/","article_modified_time":"2025-03-28T09:26:35+00:00","og_image":[{"width":1920,"height":1280,"url":"https:\/\/theplayoffs.news\/fr\/wp-content\/uploads\/2025\/03\/USATSI_25785785.jpg","type":"image\/jpeg"}],"author":"Elian Goethals","twitter_card":"summary_large_image","twitter_creator":"@x.com\/elidwight","twitter_site":"@TheFreeAgentFR","twitter_misc":{"\u00c9crit par":"Elian Goethals","Dur\u00e9e de lecture estim\u00e9e":"2 minutes"},"schema":{"@context":"https:\/\/schema.org","@graph":[{"@type":"WebPage","@id":"https:\/\/theplayoffs.news\/fr\/basketball\/cooper-flagg-historique-propulse-duke-vers-lelite-eight\/","url":"https:\/\/theplayoffs.news\/fr\/basketball\/cooper-flagg-historique-propulse-duke-vers-lelite-eight\/","name":"Cooper Flagg, historique, propulse Duke vers l\\'Elite Eight","isPartOf":{"@id":"https:\/\/theplayoffs.news\/fr\/#website"},"primaryImageOfPage":{"@id":"https:\/\/theplayoffs.news\/fr\/basketball\/cooper-flagg-historique-propulse-duke-vers-lelite-eight\/#primaryimage"},"image":{"@id":"https:\/\/theplayoffs.news\/fr\/basketball\/cooper-flagg-historique-propulse-duke-vers-lelite-eight\/#primaryimage"},"thumbnailUrl":"https:\/\/theplayoffs.news\/fr\/wp-content\/uploads\/2025\/03\/USATSI_25785785.jpg","datePublished":"2025-03-28T09:26:27+00:00","dateModified":"2025-03-28T09:26:35+00:00","author":{"@id":"https:\/\/theplayoffs.news\/fr\/#\/schema\/person\/2bc470c6a49f4f6229a67af19c87a732"},"description":"Cooper Flagg a marqu\u00e9 l\\'histoire de la NCAA Division I avec une ligne de statistiques impressionnante et a qualifi\u00e9 Duke pour l\\'Elite Eight.","breadcrumb":{"@id":"https:\/\/theplayoffs.news\/fr\/basketball\/cooper-flagg-historique-propulse-duke-vers-lelite-eight\/#breadcrumb"},"inLanguage":"fr-FR","potentialAction":[{"@type":"ReadAction","target":["https:\/\/theplayoffs.news\/fr\/basketball\/cooper-flagg-historique-propulse-duke-vers-lelite-eight\/"]}]},{"@type":"ImageObject","inLanguage":"fr-FR","@id":"https:\/\/theplayoffs.news\/fr\/basketball\/cooper-flagg-historique-propulse-duke-vers-lelite-eight\/#primaryimage","url":"https:\/\/theplayoffs.news\/fr\/wp-content\/uploads\/2025\/03\/USATSI_25785785.jpg","contentUrl":"https:\/\/theplayoffs.news\/fr\/wp-content\/uploads\/2025\/03\/USATSI_25785785.jpg","width":1920,"height":1280,"caption":"Mar 27, 2025; Newark, NJ, USA; Duke Blue Devils forward Cooper Flagg (2) reacts after making a last second shot to end the first half against the Arizona Wildcats during an East Regional semifinal of the 2025 NCAA tournament at Prudential Center. Mandatory Credit: Robert Deutsch-Imagn Images"},{"@type":"BreadcrumbList","@id":"https:\/\/theplayoffs.news\/fr\/basketball\/cooper-flagg-historique-propulse-duke-vers-lelite-eight\/#breadcrumb","itemListElement":[{"@type":"ListItem","position":1,"name":"Accueil","item":"https:\/\/theplayoffs.news\/fr\/"},{"@type":"ListItem","position":2,"name":"Cooper Flagg, historique, propulse Duke vers l&rsquo;Elite Eight"}]},{"@type":"WebSite","@id":"https:\/\/theplayoffs.news\/fr\/#website","url":"https:\/\/theplayoffs.news\/fr\/","name":"The Playoffs FR","description":"NBA-NFL-NHL-MLB","potentialAction":[{"@type":"SearchAction","target":{"@type":"EntryPoint","urlTemplate":"https:\/\/theplayoffs.news\/fr\/?s={search_term_string}"},"query-input":{"@type":"PropertyValueSpecification","valueRequired":true,"valueName":"search_term_string"}}],"inLanguage":"fr-FR"},{"@type":"Person","@id":"https:\/\/theplayoffs.news\/fr\/#\/schema\/person\/2bc470c6a49f4f6229a67af19c87a732","name":"Elian Goethals","image":{"@type":"ImageObject","inLanguage":"fr-FR","@id":"https:\/\/theplayoffs.news\/fr\/#\/schema\/person\/image\/","url":"https:\/\/secure.gravatar.com\/avatar\/293e2e649a094756005b611f6122ac1a95e95d453dbfe74b9d434b39855927f6?s=96&d=mm&r=g","contentUrl":"https:\/\/secure.gravatar.com\/avatar\/293e2e649a094756005b611f6122ac1a95e95d453dbfe74b9d434b39855927f6?s=96&d=mm&r=g","caption":"Elian Goethals"},"description":"Je suis sp\u00e9cialis\u00e9 dans la r\u00e9daction d\\'articles NBA et je suis un grand fan de basket am\u00e9ricain depuis toujours. Cela fait 20 ans que je joue au basket, et mon exp\u00e9rience sur les terrains me permet d\\'avoir une analyse approfondie des matchs. J\u2019ai d\u2019abord fait partie d\u2019autres m\u00e9dias sportifs en tant que b\u00e9n\u00e9vole avant de rejoindre ThePlayoffs en janvier. Je termine \u00e9galement un master en \u00e9tudes internationales. Ce que je pr\u00e9f\u00e8re dans mon travail, c\u2019est de transformer ma passion en m\u00e9tier et de partager avec vous l\u2019information NBA. J\u2019essaie de produire un contenu de qualit\u00e9 en esp\u00e9rant qu\u2019il vous plaise !","sameAs":["https:\/\/www.linkedin.com\/in\/elian-goethals-729b71200\/","https:\/\/x.com\/x.com\/elidwight"],"url":"https:\/\/theplayoffs.news\/fr\/author\/elian\/"}]}},"_links":{"self":[{"href":"https:\/\/theplayoffs.news\/fr\/wp-json\/wp\/v2\/posts\/1486663","targetHints":{"allow":["GET"]}}],"collection":[{"href":"https:\/\/theplayoffs.news\/fr\/wp-json\/wp\/v2\/posts"}],"about":[{"href":"https:\/\/theplayoffs.news\/fr\/wp-json\/wp\/v2\/types\/post"}],"author":[{"embeddable":true,"href":"https:\/\/theplayoffs.news\/fr\/wp-json\/wp\/v2\/users\/180310268"}],"replies":[{"embeddable":true,"href":"https:\/\/theplayoffs.news\/fr\/wp-json\/wp\/v2\/comments?post=1486663"}],"version-history":[{"count":1,"href":"https:\/\/theplayoffs.news\/fr\/wp-json\/wp\/v2\/posts\/1486663\/revisions"}],"predecessor-version":[{"id":1486667,"href":"https:\/\/theplayoffs.news\/fr\/wp-json\/wp\/v2\/posts\/1486663\/revisions\/1486667"}],"wp:featuredmedia":[{"embeddable":true,"href":"https:\/\/theplayoffs.news\/fr\/wp-json\/wp\/v2\/media\/1486666"}],"wp:attachment":[{"href":"https:\/\/theplayoffs.news\/fr\/wp-json\/wp\/v2\/media?parent=1486663"}],"wp:term":[{"taxonomy":"category","embeddable":true,"href":"https:\/\/theplayoffs.news\/fr\/wp-json\/wp\/v2\/categories?post=1486663"},{"taxonomy":"post_tag","embeddable":true,"href":"https:\/\/theplayoffs.news\/fr\/wp-json\/wp\/v2\/tags?post=1486663"},{"taxonomy":"sport","embeddable":true,"href":"https:\/\/theplayoffs.news\/fr\/wp-json\/wp\/v2\/sport?post=1486663"},{"taxonomy":"saison","embeddable":true,"href":"https:\/\/theplayoffs.news\/fr\/wp-json\/wp\/v2\/saison?post=1486663"}],"curies":[{"name":"wp","href":"https:\/\/api.w.org\/{rel}","templated":true}]}}