{"id":1486465,"date":"2025-03-26T15:29:40","date_gmt":"2025-03-26T14:29:40","guid":{"rendered":"https:\/\/theplayoffs.news\/fr\/uncategorized\/\/"},"modified":"2025-03-26T15:29:47","modified_gmt":"2025-03-26T14:29:47","slug":"cam-ward-se-juge-incomparable-aux-autres-qb-de-la-draft-2025","status":"publish","type":"post","link":"https:\/\/theplayoffs.news\/fr\/draft\/cam-ward-se-juge-incomparable-aux-autres-qb-de-la-draft-2025\/","title":{"rendered":"Cam Ward se juge incomparable aux autres QB de la draft 2025"},"content":{"rendered":"<p>&Agrave; moins d&rsquo;un mois de la draft (du 24 au 26 avril &agrave; Green Bay), Cam Ward, potentiel futur premier choix, effectuait son Pro Day ce lundi. Apr&egrave;s avoir encha&icirc;n&eacute; les passes sur le terrain de son universit&eacute; de Miami, le jeune quarterback a r&eacute;pondu &agrave; quelques questions et n&rsquo;a pas m&acirc;ch&eacute; ses mots.&nbsp;<\/p><h2 class=\"wp-block-heading\">&laquo; Aucun QB de cette classe ne peut faire ce que je fais sur le terrain &raquo;<\/h2><p>Apr&egrave;s avoir <a href=\"https:\/\/theplayoffs.news\/fr\/actualite-nfl\/cam-ward-si-vous-ne-me-draftez-pas-je-vais-vous-le-faire-regretter\/\" target=\"_blank\" rel=\"noreferrer noopener\" class=\"trk-cta-link\" data-cta-trk='{\"ctaType\":\"Link\",\"ctaSubType\":\"main\"}'>d&eacute;clar&eacute; en f&eacute;<\/a><a href=\"https:\/\/theplayoffs.news\/fr\/actualite-nfl\/draft-nfl-cam-ward-confiant-pour-etre-choisi-en-numero-1-apres-son-pro-day\/\" target=\"_blank\" rel=\"noreferrer noopener\" class=\"trk-cta-link\" data-cta-trk='{\"ctaType\":\"Link\",\"ctaSubType\":\"main\"}'>vrier dernier<\/a> : &laquo; Si vous ne me draftez pas, c&rsquo;est uniquement de votre faute. L&rsquo;&eacute;quipe qui ne m&rsquo;a pas draft&eacute; devra jouer contre moi pendant toute ma carri&egrave;re, et je leur ferai regretter leur choix ! &raquo;, Cam Ward a une nouvelle fois affich&eacute; sa grande confiance en lui.&nbsp;<\/p><blockquote class=\"wp-block-quote is-layout-flow wp-block-quote-is-layout-flow\">\n<p>&laquo; Aucun QB de cette classe ne peut faire ce que je fais sur le terrain&hellip; Ils n&rsquo;ont pas eu &agrave; progresser comme moi. &raquo;, a-t-il cette fois-ci affirm&eacute; au micro de <a href=\"https:\/\/x.com\/CameronWolfe\/status\/1904886769994047880\" target=\"_blank\" rel=\"noreferrer noopener\" class=\"trk-cta-link\" data-cta-trk='{\"ctaType\":\"Link\",\"ctaSubType\":\"main\"}'>NFL Network<\/a>.&nbsp;<\/p>\n<\/blockquote><p>Une d&eacute;claration adress&eacute;e &agrave; tous les quarterbacks de cette draft, mais surtout &agrave; Shedeur Sanders, son potentiel concurrent. L&rsquo;ancien de Miami se serait montr&eacute; tr&egrave;s performant ce lundi sur le terrain, sous les yeux de plusieurs membres des Tennessee Titans.<\/p><ul class=\"wp-block-list\">\n<li><strong>Lire aussi :<\/strong><\/li>\n<\/ul><p><a href=\"https:\/\/theplayoffs.news\/fr\/actualite-nfl\/draft-nfl-cam-ward-confiant-pour-etre-choisi-en-numero-1-apres-son-pro-day\/\" target=\"_blank\" rel=\"noreferrer noopener\" class=\"trk-cta-link\" data-cta-trk='{\"ctaType\":\"Link\",\"ctaSubType\":\"main\"}'>Draft NFL : Cam Ward confiant pour &ecirc;tre choisi en num&eacute;ro 1 apr&egrave;s son Pro Day<\/a><\/p><p><a href=\"https:\/\/theplayoffs.news\/fr\/actualite-nfl\/le-dilemme-du-quarterback-chez-les-pittsburgh-steelers-la-draft-nfl-2025-est-elle-la-solution-pour-mike-tomlin-et-son-equipe\/\" target=\"_blank\" rel=\"noreferrer noopener\" class=\"trk-cta-link\" data-cta-trk='{\"ctaType\":\"Link\",\"ctaSubType\":\"main\"}'>Le dilemme du quarterback chez les Pittsburgh Steelers : la Draft NFL 2025 est-elle la solution pour Mike Tomlin et son &eacute;quipe ?<\/a><\/p><p>La franchise bas&eacute;e &agrave; Nashville a h&eacute;rit&eacute; du premier choix et pourrait l&rsquo;utiliser pour le s&eacute;lectionner. Dans le cas contraire, Ward pourrait se retrouver du c&ocirc;t&eacute; des Browns ou des Giants.&nbsp;Shedeur Sanders passera, quant &agrave; lui, son Pro Day le 4 avril prochain. <\/p><p>Une chose est s&ucirc;re : &agrave; un mois de la draft, le message est pass&eacute;.<\/p><p>Cr&eacute;dit photo : Lucas Boland-Imagn Images<\/p>\n","protected":false},"excerpt":{"rendered":"<p>Apr\u00e8s avoir pass\u00e9 son Pro Day ce lundi, Cam Ward a une nouvelle fois affirm\u00e9 qu\u2019il \u00e9tait le meilleur quarterback disponible.<\/p>\n","protected":false},"author":180310250,"featured_media":1486466,"comment_status":"closed","ping_status":"closed","sticky":false,"template":"","format":"standard","meta":{"inline_featured_image":false,"kia_subtitle":"Apr\u00e8s avoir pass\u00e9 son Pro Day ce lundi, Cam Ward a une nouvelle fois affirm\u00e9 qu\u2019il \u00e9tait le meilleur quarterback disponible.","_mux_skip_reasons":[],"proofreadBy":0,"footnotes":""},"categories":[82,40],"tags":[8076,79,8049,7205],"sport":[2785],"saison":[],"class_list":["post-1486465","post","type-post","status-publish","format-standard","has-post-thumbnail","hentry","category-draft","category-nfl","tag-cam-ward","tag-nfl","tag-nfl-draft-2025","tag-shedeur-sanders","sport-nfl"],"acf":[],"yoast_head":"<!-- This site is optimized with the Yoast SEO plugin v24.2 - https:\/\/yoast.com\/wordpress\/plugins\/seo\/ -->\n<title>Cam Ward se juge incomparable aux autres QB de la draft 2025<\/title>\n<meta name=\"description\" content=\"Apr&egrave;s avoir pass&eacute; son Pro Day ce lundi, Cam Ward a une nouvelle fois affirm&eacute; qu&rsquo;il &eacute;tait le meilleur quarterback disponible.\" \/>\n<meta name=\"robots\" content=\"index, follow, max-snippet:-1, max-image-preview:large, max-video-preview:-1\" \/>\n<link rel=\"canonical\" href=\"https:\/\/theplayoffs.news\/fr\/draft\/cam-ward-se-juge-incomparable-aux-autres-qb-de-la-draft-2025\/\" \/>\n<meta property=\"og:locale\" content=\"fr_FR\" \/>\n<meta property=\"og:type\" content=\"article\" \/>\n<meta property=\"og:title\" content=\"Cam Ward se juge incomparable aux autres QB de la draft 2025\" \/>\n<meta property=\"og:description\" content=\"Apr&egrave;s avoir pass&eacute; son Pro Day ce lundi, Cam Ward a une nouvelle fois affirm&eacute; qu&rsquo;il &eacute;tait le meilleur quarterback disponible.\" \/>\n<meta property=\"og:url\" content=\"https:\/\/theplayoffs.news\/fr\/draft\/cam-ward-se-juge-incomparable-aux-autres-qb-de-la-draft-2025\/\" \/>\n<meta property=\"og:site_name\" content=\"The Playoffs FR\" \/>\n<meta property=\"article:publisher\" content=\"https:\/\/www.facebook.com\/TheFreeAgentFR\/\" \/>\n<meta property=\"article:modified_time\" content=\"2025-03-26T15:29:47+01:00\" \/>\n<meta property=\"og:image\" content=\"https:\/\/theplayoffs.news\/fr\/wp-content\/uploads\/2025\/03\/USATSI_25501470.jpg\" \/>\n\t<meta property=\"og:image:width\" content=\"1920\" \/>\n\t<meta property=\"og:image:height\" content=\"1280\" \/>\n\t<meta property=\"og:image:type\" content=\"image\/jpeg\" \/>\n<meta name=\"author\" content=\"Jean Fabre-Jevanoff\" \/>\n<meta name=\"twitter:card\" content=\"summary_large_image\" \/>\n<meta name=\"twitter:creator\" content=\"@the_jfj_42\" \/>\n<meta name=\"twitter:site\" content=\"@TheFreeAgentFR\" \/>\n<meta name=\"twitter:label1\" content=\"\u00c9crit par\" \/>\n\t<meta name=\"twitter:data1\" content=\"Jean Fabre-Jevanoff\" \/>\n\t<meta name=\"twitter:label2\" content=\"Dur\u00e9e de lecture estim\u00e9e\" \/>\n\t<meta name=\"twitter:data2\" content=\"2 minutes\" \/>\n<script type=\"application\/ld+json\" class=\"yoast-schema-graph\">{\"@context\":\"https:\/\/schema.org\",\"@graph\":[{\"@type\":\"WebPage\",\"@id\":\"https:\/\/theplayoffs.news\/fr\/draft\/cam-ward-se-juge-incomparable-aux-autres-qb-de-la-draft-2025\/\",\"url\":\"https:\/\/theplayoffs.news\/fr\/draft\/cam-ward-se-juge-incomparable-aux-autres-qb-de-la-draft-2025\/\",\"name\":\"Cam Ward se juge incomparable aux autres QB de la draft 2025\",\"isPartOf\":{\"@id\":\"https:\/\/theplayoffs.news\/fr\/#website\"},\"primaryImageOfPage\":{\"@id\":\"https:\/\/theplayoffs.news\/fr\/draft\/cam-ward-se-juge-incomparable-aux-autres-qb-de-la-draft-2025\/#primaryimage\"},\"image\":{\"@id\":\"https:\/\/theplayoffs.news\/fr\/draft\/cam-ward-se-juge-incomparable-aux-autres-qb-de-la-draft-2025\/#primaryimage\"},\"thumbnailUrl\":\"https:\/\/theplayoffs.news\/fr\/wp-content\/uploads\/2025\/03\/USATSI_25501470.jpg\",\"datePublished\":\"2025-03-26T14:29:40+00:00\",\"dateModified\":\"2025-03-26T14:29:47+00:00\",\"author\":{\"@id\":\"https:\/\/theplayoffs.news\/fr\/#\/schema\/person\/1ea25b88e79fe4fabd657430b0013d3d\"},\"description\":\"Apr\u00e8s avoir pass\u00e9 son Pro Day ce lundi, Cam Ward a une nouvelle fois affirm\u00e9 qu\u2019il \u00e9tait le meilleur quarterback disponible.\",\"breadcrumb\":{\"@id\":\"https:\/\/theplayoffs.news\/fr\/draft\/cam-ward-se-juge-incomparable-aux-autres-qb-de-la-draft-2025\/#breadcrumb\"},\"inLanguage\":\"fr-FR\",\"potentialAction\":[{\"@type\":\"ReadAction\",\"target\":[\"https:\/\/theplayoffs.news\/fr\/draft\/cam-ward-se-juge-incomparable-aux-autres-qb-de-la-draft-2025\/\"]}]},{\"@type\":\"ImageObject\",\"inLanguage\":\"fr-FR\",\"@id\":\"https:\/\/theplayoffs.news\/fr\/draft\/cam-ward-se-juge-incomparable-aux-autres-qb-de-la-draft-2025\/#primaryimage\",\"url\":\"https:\/\/theplayoffs.news\/fr\/wp-content\/uploads\/2025\/03\/USATSI_25501470.jpg\",\"contentUrl\":\"https:\/\/theplayoffs.news\/fr\/wp-content\/uploads\/2025\/03\/USATSI_25501470.jpg\",\"width\":1920,\"height\":1280,\"caption\":\"Dec 14, 2024; New York, NY, USA; Miami Hurricanes quarterback Cam Ward speaks on stage during a press conference before the 2024 Heisman Trophy Presentation. Mandatory Credit: Lucas Boland-Imagn Images\"},{\"@type\":\"BreadcrumbList\",\"@id\":\"https:\/\/theplayoffs.news\/fr\/draft\/cam-ward-se-juge-incomparable-aux-autres-qb-de-la-draft-2025\/#breadcrumb\",\"itemListElement\":[{\"@type\":\"ListItem\",\"position\":1,\"name\":\"Accueil\",\"item\":\"https:\/\/theplayoffs.news\/fr\/\"},{\"@type\":\"ListItem\",\"position\":2,\"name\":\"Cam Ward se juge incomparable aux autres QB de la draft 2025\"}]},{\"@type\":\"WebSite\",\"@id\":\"https:\/\/theplayoffs.news\/fr\/#website\",\"url\":\"https:\/\/theplayoffs.news\/fr\/\",\"name\":\"The Playoffs FR\",\"description\":\"NBA-NFL-NHL-MLB\",\"potentialAction\":[{\"@type\":\"SearchAction\",\"target\":{\"@type\":\"EntryPoint\",\"urlTemplate\":\"https:\/\/theplayoffs.news\/fr\/?s={search_term_string}\"},\"query-input\":{\"@type\":\"PropertyValueSpecification\",\"valueRequired\":true,\"valueName\":\"search_term_string\"}}],\"inLanguage\":\"fr-FR\"},{\"@type\":\"Person\",\"@id\":\"https:\/\/theplayoffs.news\/fr\/#\/schema\/person\/1ea25b88e79fe4fabd657430b0013d3d\",\"name\":\"Jean Fabre-Jevanoff\",\"image\":{\"@type\":\"ImageObject\",\"inLanguage\":\"fr-FR\",\"@id\":\"https:\/\/theplayoffs.news\/fr\/#\/schema\/person\/image\/\",\"url\":\"https:\/\/secure.gravatar.com\/avatar\/18b28dab1159eebc6a17b9787eb8cbbe3242c3d0e8b53b89332f6dc1133aa361?s=96&d=mm&r=g\",\"contentUrl\":\"https:\/\/secure.gravatar.com\/avatar\/18b28dab1159eebc6a17b9787eb8cbbe3242c3d0e8b53b89332f6dc1133aa361?s=96&d=mm&r=g\",\"caption\":\"Jean Fabre-Jevanoff\"},\"description\":\"Journaliste polyvalent sur le football am\u00e9ricain, j\u2019\u00e9cris aussi des articles sur le basket. Commentateur sur Twitch et sur YouTube. Pass\u00e9 par Eurosport notamment. Un mix d\u2019Eminem et de OBJ, fan inconditionnel de Patrick Mahomes et Lebron James\",\"sameAs\":[\"https:\/\/www.instagram.com\/_juaniitooo_\",\"https:\/\/www.linkedin.com\/in\/jean-fabre-jevanoff-84bb9b1a9\/\",\"https:\/\/x.com\/the_jfj_42\"],\"url\":\"https:\/\/theplayoffs.news\/fr\/author\/jeanfj42gmail-com\/\"}]}<\/script>\n<!-- \/ Yoast SEO plugin. -->","yoast_head_json":{"title":"Cam Ward se juge incomparable aux autres QB de la draft 2025","description":"Apr&egrave;s avoir pass&eacute; son Pro Day ce lundi, Cam Ward a une nouvelle fois affirm&eacute; qu&rsquo;il &eacute;tait le meilleur quarterback disponible.","robots":{"index":"index","follow":"follow","max-snippet":"max-snippet:-1","max-image-preview":"max-image-preview:large","max-video-preview":"max-video-preview:-1"},"canonical":"https:\/\/theplayoffs.news\/fr\/draft\/cam-ward-se-juge-incomparable-aux-autres-qb-de-la-draft-2025\/","og_locale":"fr_FR","og_type":"article","og_title":"Cam Ward se juge incomparable aux autres QB de la draft 2025","og_description":"Apr&egrave;s avoir pass&eacute; son Pro Day ce lundi, Cam Ward a une nouvelle fois affirm&eacute; qu&rsquo;il &eacute;tait le meilleur quarterback disponible.","og_url":"https:\/\/theplayoffs.news\/fr\/draft\/cam-ward-se-juge-incomparable-aux-autres-qb-de-la-draft-2025\/","og_site_name":"The Playoffs FR","article_publisher":"https:\/\/www.facebook.com\/TheFreeAgentFR\/","article_modified_time":"2025-03-26T14:29:47+00:00","og_image":[{"width":1920,"height":1280,"url":"https:\/\/theplayoffs.news\/fr\/wp-content\/uploads\/2025\/03\/USATSI_25501470.jpg","type":"image\/jpeg"}],"author":"Jean Fabre-Jevanoff","twitter_card":"summary_large_image","twitter_creator":"@the_jfj_42","twitter_site":"@TheFreeAgentFR","twitter_misc":{"\u00c9crit par":"Jean Fabre-Jevanoff","Dur\u00e9e de lecture estim\u00e9e":"2 minutes"},"schema":{"@context":"https:\/\/schema.org","@graph":[{"@type":"WebPage","@id":"https:\/\/theplayoffs.news\/fr\/draft\/cam-ward-se-juge-incomparable-aux-autres-qb-de-la-draft-2025\/","url":"https:\/\/theplayoffs.news\/fr\/draft\/cam-ward-se-juge-incomparable-aux-autres-qb-de-la-draft-2025\/","name":"Cam Ward se juge incomparable aux autres QB de la draft 2025","isPartOf":{"@id":"https:\/\/theplayoffs.news\/fr\/#website"},"primaryImageOfPage":{"@id":"https:\/\/theplayoffs.news\/fr\/draft\/cam-ward-se-juge-incomparable-aux-autres-qb-de-la-draft-2025\/#primaryimage"},"image":{"@id":"https:\/\/theplayoffs.news\/fr\/draft\/cam-ward-se-juge-incomparable-aux-autres-qb-de-la-draft-2025\/#primaryimage"},"thumbnailUrl":"https:\/\/theplayoffs.news\/fr\/wp-content\/uploads\/2025\/03\/USATSI_25501470.jpg","datePublished":"2025-03-26T14:29:40+00:00","dateModified":"2025-03-26T14:29:47+00:00","author":{"@id":"https:\/\/theplayoffs.news\/fr\/#\/schema\/person\/1ea25b88e79fe4fabd657430b0013d3d"},"description":"Apr\u00e8s avoir pass\u00e9 son Pro Day ce lundi, Cam Ward a une nouvelle fois affirm\u00e9 qu\u2019il \u00e9tait le meilleur quarterback disponible.","breadcrumb":{"@id":"https:\/\/theplayoffs.news\/fr\/draft\/cam-ward-se-juge-incomparable-aux-autres-qb-de-la-draft-2025\/#breadcrumb"},"inLanguage":"fr-FR","potentialAction":[{"@type":"ReadAction","target":["https:\/\/theplayoffs.news\/fr\/draft\/cam-ward-se-juge-incomparable-aux-autres-qb-de-la-draft-2025\/"]}]},{"@type":"ImageObject","inLanguage":"fr-FR","@id":"https:\/\/theplayoffs.news\/fr\/draft\/cam-ward-se-juge-incomparable-aux-autres-qb-de-la-draft-2025\/#primaryimage","url":"https:\/\/theplayoffs.news\/fr\/wp-content\/uploads\/2025\/03\/USATSI_25501470.jpg","contentUrl":"https:\/\/theplayoffs.news\/fr\/wp-content\/uploads\/2025\/03\/USATSI_25501470.jpg","width":1920,"height":1280,"caption":"Dec 14, 2024; New York, NY, USA; Miami Hurricanes quarterback Cam Ward speaks on stage during a press conference before the 2024 Heisman Trophy Presentation. Mandatory Credit: Lucas Boland-Imagn Images"},{"@type":"BreadcrumbList","@id":"https:\/\/theplayoffs.news\/fr\/draft\/cam-ward-se-juge-incomparable-aux-autres-qb-de-la-draft-2025\/#breadcrumb","itemListElement":[{"@type":"ListItem","position":1,"name":"Accueil","item":"https:\/\/theplayoffs.news\/fr\/"},{"@type":"ListItem","position":2,"name":"Cam Ward se juge incomparable aux autres QB de la draft 2025"}]},{"@type":"WebSite","@id":"https:\/\/theplayoffs.news\/fr\/#website","url":"https:\/\/theplayoffs.news\/fr\/","name":"The Playoffs FR","description":"NBA-NFL-NHL-MLB","potentialAction":[{"@type":"SearchAction","target":{"@type":"EntryPoint","urlTemplate":"https:\/\/theplayoffs.news\/fr\/?s={search_term_string}"},"query-input":{"@type":"PropertyValueSpecification","valueRequired":true,"valueName":"search_term_string"}}],"inLanguage":"fr-FR"},{"@type":"Person","@id":"https:\/\/theplayoffs.news\/fr\/#\/schema\/person\/1ea25b88e79fe4fabd657430b0013d3d","name":"Jean Fabre-Jevanoff","image":{"@type":"ImageObject","inLanguage":"fr-FR","@id":"https:\/\/theplayoffs.news\/fr\/#\/schema\/person\/image\/","url":"https:\/\/secure.gravatar.com\/avatar\/18b28dab1159eebc6a17b9787eb8cbbe3242c3d0e8b53b89332f6dc1133aa361?s=96&d=mm&r=g","contentUrl":"https:\/\/secure.gravatar.com\/avatar\/18b28dab1159eebc6a17b9787eb8cbbe3242c3d0e8b53b89332f6dc1133aa361?s=96&d=mm&r=g","caption":"Jean Fabre-Jevanoff"},"description":"Journaliste polyvalent sur le football am\u00e9ricain, j\u2019\u00e9cris aussi des articles sur le basket. Commentateur sur Twitch et sur YouTube. Pass\u00e9 par Eurosport notamment. Un mix d\u2019Eminem et de OBJ, fan inconditionnel de Patrick Mahomes et Lebron James","sameAs":["https:\/\/www.instagram.com\/_juaniitooo_","https:\/\/www.linkedin.com\/in\/jean-fabre-jevanoff-84bb9b1a9\/","https:\/\/x.com\/the_jfj_42"],"url":"https:\/\/theplayoffs.news\/fr\/author\/jeanfj42gmail-com\/"}]}},"_links":{"self":[{"href":"https:\/\/theplayoffs.news\/fr\/wp-json\/wp\/v2\/posts\/1486465","targetHints":{"allow":["GET"]}}],"collection":[{"href":"https:\/\/theplayoffs.news\/fr\/wp-json\/wp\/v2\/posts"}],"about":[{"href":"https:\/\/theplayoffs.news\/fr\/wp-json\/wp\/v2\/types\/post"}],"author":[{"embeddable":true,"href":"https:\/\/theplayoffs.news\/fr\/wp-json\/wp\/v2\/users\/180310250"}],"replies":[{"embeddable":true,"href":"https:\/\/theplayoffs.news\/fr\/wp-json\/wp\/v2\/comments?post=1486465"}],"version-history":[{"count":2,"href":"https:\/\/theplayoffs.news\/fr\/wp-json\/wp\/v2\/posts\/1486465\/revisions"}],"predecessor-version":[{"id":1486468,"href":"https:\/\/theplayoffs.news\/fr\/wp-json\/wp\/v2\/posts\/1486465\/revisions\/1486468"}],"wp:featuredmedia":[{"embeddable":true,"href":"https:\/\/theplayoffs.news\/fr\/wp-json\/wp\/v2\/media\/1486466"}],"wp:attachment":[{"href":"https:\/\/theplayoffs.news\/fr\/wp-json\/wp\/v2\/media?parent=1486465"}],"wp:term":[{"taxonomy":"category","embeddable":true,"href":"https:\/\/theplayoffs.news\/fr\/wp-json\/wp\/v2\/categories?post=1486465"},{"taxonomy":"post_tag","embeddable":true,"href":"https:\/\/theplayoffs.news\/fr\/wp-json\/wp\/v2\/tags?post=1486465"},{"taxonomy":"sport","embeddable":true,"href":"https:\/\/theplayoffs.news\/fr\/wp-json\/wp\/v2\/sport?post=1486465"},{"taxonomy":"saison","embeddable":true,"href":"https:\/\/theplayoffs.news\/fr\/wp-json\/wp\/v2\/saison?post=1486465"}],"curies":[{"name":"wp","href":"https:\/\/api.w.org\/{rel}","templated":true}]}}