{"id":1486297,"date":"2025-03-25T13:05:16","date_gmt":"2025-03-25T12:05:16","guid":{"rendered":"https:\/\/theplayoffs.news\/fr\/uncategorized\/\/"},"modified":"2025-03-25T13:06:44","modified_gmt":"2025-03-25T12:06:44","slug":"wilfried-pene-le-jour-de-gloire-est-arrive","status":"publish","type":"post","link":"https:\/\/theplayoffs.news\/fr\/draft\/wilfried-pene-le-jour-de-gloire-est-arrive\/","title":{"rendered":"Wilfried Pene, le jour de gloire est arriv\u00e9"},"content":{"rendered":"<p>Le 9 janvier dernier, Wilfried Pene, defensive lineman des Virginia Tech Hokies, annon&ccedil;ait sa candidature pour la Draft NFL 2025. Apr&egrave;s plusieurs semaines de pr&eacute;paration, le moment est venu pour le Fran&ccedil;ais de montrer aux scouts des diff&eacute;rentes franchises de quoi il est capable.<\/p><figure class=\"wp-block-embed is-type-rich is-provider-twitter wp-block-embed-twitter\"><div class=\"wp-block-embed__wrapper\">\n<blockquote class=\"twitter-tweet\" data-width=\"500\" data-dnt=\"true\"><p lang=\"fr\" dir=\"ltr\">DL Wilfried Pene &#127467;&#127479; annonce qu'il se pr&eacute;sente &agrave; la draft <a href=\"https:\/\/twitter.com\/hashtag\/NFL?src=hash&amp;ref_src=twsrc%5Etfw\" class=\"trk-cta-link\" data-cta-trk='{\"ctaType\":\"Link\",\"ctaSubType\":\"main\"}'>#NFL<\/a> 2025 !<br><br>75 plaquages, 5 sacks en carri&egrave;re &agrave; Virginia Tech.<br><br>Bonne chance chez les pros <a href=\"https:\/\/twitter.com\/PeneWilfried?ref_src=twsrc%5Etfw\" class=\"trk-cta-link\" data-cta-trk='{\"ctaType\":\"Link\",\"ctaSubType\":\"main\"}'>@PeneWilfried<\/a> ! <a href=\"https:\/\/t.co\/M1ywvzObcN\" class=\"trk-cta-link\" data-cta-trk='{\"ctaType\":\"Link\",\"ctaSubType\":\"main\"}'>pic.twitter.com\/M1ywvzObcN<\/a><\/p>&mdash; TBP College Football (@thebluepennant) <a href=\"https:\/\/twitter.com\/thebluepennant\/status\/1877313843694653550?ref_src=twsrc%5Etfw\" class=\"trk-cta-link\" data-cta-trk='{\"ctaType\":\"Link\",\"ctaSubType\":\"main\"}'>January 9, 2025<\/a><\/blockquote><script async src=\"https:\/\/platform.twitter.com\/widgets.js\" charset=\"utf-8\"><\/script>\n<\/div><\/figure><h2 class=\"wp-block-heading\">L&rsquo;heure de Wilfried Pene a sonn&eacute;<\/h2><p>L&rsquo;ancien joueur des Spartiates d&rsquo;Amiens r&eacute;alisera son Pro Day ce mercredi sur le campus de Virginia Tech. Wilfried Pene devra effectuer une s&eacute;rie d&rsquo;exercices combinant vitesse, explosivit&eacute;, agilit&eacute; et puissance, entre autres.<\/p><figure class=\"wp-block-embed is-type-rich is-provider-twitter wp-block-embed-twitter\"><div class=\"wp-block-embed__wrapper\">\n<blockquote class=\"twitter-tweet\" data-width=\"500\" data-dnt=\"true\"><p lang=\"en\" dir=\"ltr\">WATCH OUT FOR THE FRENCHMAN &#128548;&#127467;&#127479;<a href=\"https:\/\/twitter.com\/hashtag\/ThisIsHome?src=hash&amp;ref_src=twsrc%5Etfw\" class=\"trk-cta-link\" data-cta-trk='{\"ctaType\":\"Link\",\"ctaSubType\":\"main\"}'>#ThisIsHome<\/a> | &#128250; on <a href=\"https:\/\/twitter.com\/espn?ref_src=twsrc%5Etfw\" class=\"trk-cta-link\" data-cta-trk='{\"ctaType\":\"Link\",\"ctaSubType\":\"main\"}'>@espn<\/a> | <a href=\"https:\/\/twitter.com\/PeneWilfried?ref_src=twsrc%5Etfw\" class=\"trk-cta-link\" data-cta-trk='{\"ctaType\":\"Link\",\"ctaSubType\":\"main\"}'>@PeneWilfried<\/a> <a href=\"https:\/\/t.co\/9HZaMAsy2M\" class=\"trk-cta-link\" data-cta-trk='{\"ctaType\":\"Link\",\"ctaSubType\":\"main\"}'>pic.twitter.com\/9HZaMAsy2M<\/a><\/p>&mdash; Virginia Tech Football (@HokiesFB) <a href=\"https:\/\/twitter.com\/HokiesFB\/status\/1875380474346102988?ref_src=twsrc%5Etfw\" class=\"trk-cta-link\" data-cta-trk='{\"ctaType\":\"Link\",\"ctaSubType\":\"main\"}'>January 4, 2025<\/a><\/blockquote><script async src=\"https:\/\/platform.twitter.com\/widgets.js\" charset=\"utf-8\"><\/script>\n<\/div><\/figure><p>Le D-Line a sign&eacute; 33 plaquages et 3,5 sacks cette saison, soit sa meilleure performance en NCAA. <a href=\"https:\/\/www.espn.com\/college-football\/player\/gamelog\/_\/id\/4608753\/wilfried-pene\" target=\"_blank\" rel=\"noreferrer noopener\" class=\"trk-cta-link\" data-cta-trk='{\"ctaType\":\"Link\",\"ctaSubType\":\"main\"}'>Les Hokies ont termin&eacute; 8&#7497; de l&rsquo;ACC<\/a> (Atlantic Coast Conference), la conf&eacute;rence d&rsquo;un certain Cam Ward, qui, lui, a termin&eacute; troisi&egrave;me avec Miami.&nbsp;<\/p><ul class=\"wp-block-list\">\n<li><strong>Lire aussi :<\/strong><\/li>\n<\/ul><p><a href=\"https:\/\/theplayoffs.news\/fr\/actualite-nfl\/draft-nfl-cam-ward-confiant-pour-etre-choisi-en-numero-1-apres-son-pro-day\/\" target=\"_blank\" rel=\"noreferrer noopener\" class=\"trk-cta-link\" data-cta-trk='{\"ctaType\":\"Link\",\"ctaSubType\":\"main\"}'>Draft NFL : Cam Ward confiant pour &ecirc;tre choisi en num&eacute;ro 1 apr&egrave;s son Pro Day<\/a><\/p><p><a href=\"https:\/\/theplayoffs.news\/fr\/actualite-nfl\/eliot-wolf-patriots-nous-allons-choisir-le-meilleur-joueur-disponible-a-la-draft\/\" target=\"_blank\" rel=\"noreferrer noopener\" class=\"trk-cta-link\" data-cta-trk='{\"ctaType\":\"Link\",\"ctaSubType\":\"main\"}'>Eliot Wolf (Patriots): &laquo;&nbsp;Nous allons choisir le meilleur joueur disponible &agrave; la draft&nbsp;&raquo;<\/a><\/p><p>Dans une Draft riche en joueurs d&eacute;fensifs talentueux, le Fran&ccedil;ais devra prouver qu&rsquo;il m&eacute;rite sa chance en NFL. Arriv&eacute; tr&egrave;s jeune aux &Eacute;tats-Unis pour accomplir son r&ecirc;ve, il pourra puiser dans son parcours une motivation suppl&eacute;mentaire.&nbsp;<\/p><p>Ce 26 mars 2025 pourrait devenir une date historique en cas de bonnes performances de Wilfried Pene.&nbsp;La NFL nous offrira peut-&ecirc;tre un magnifique cadeau en permettant &agrave; notre Fran&ccedil;ais d&rsquo;&ecirc;tre draft&eacute; fin avril.&nbsp;<\/p><p>Cr&eacute;dit photo : Reinhold Matay-USA TODAY Sports<\/p>\n","protected":false},"excerpt":{"rendered":"<p>Seul repr\u00e9sentant fran\u00e7ais issu du parcours universitaire pour la Draft NFL 2025, Wilfried Pene passera son Pro Day ce mercredi \u00e0 Virginia Tech, son ancienne universit\u00e9.<\/p>\n","protected":false},"author":180310250,"featured_media":1486302,"comment_status":"closed","ping_status":"closed","sticky":false,"template":"","format":"standard","meta":{"inline_featured_image":false,"kia_subtitle":"Seul repr\u00e9sentant fran\u00e7ais issu du parcours universitaire pour la Draft NFL 2025, Wilfried Pene passera son Pro Day ce mercredi \u00e0 Virginia Tech, son ancienne universit\u00e9.","_mux_skip_reasons":[],"proofreadBy":0,"footnotes":""},"categories":[82,40],"tags":[79,8049,1454,5623],"sport":[2785],"saison":[7475],"class_list":["post-1486297","post","type-post","status-publish","format-standard","has-post-thumbnail","hentry","category-draft","category-nfl","tag-nfl","tag-nfl-draft-2025","tag-virginia-tech","tag-wilfried-pene","sport-nfl","saison-7475"],"acf":[],"yoast_head":"<!-- This site is optimized with the Yoast SEO plugin v24.2 - https:\/\/yoast.com\/wordpress\/plugins\/seo\/ -->\n<title>Wilfried Pene, le jour de gloire est arriv&eacute;<\/title>\n<meta name=\"description\" content=\"Seul repr&eacute;sentant fran&ccedil;ais issu du parcours universitaire pour la Draft NFL, Wilfried Pene passera son Pro Day ce mercredi &agrave; Virginia Tech.\" \/>\n<meta name=\"robots\" content=\"index, follow, max-snippet:-1, max-image-preview:large, max-video-preview:-1\" \/>\n<link rel=\"canonical\" href=\"https:\/\/theplayoffs.news\/fr\/draft\/wilfried-pene-le-jour-de-gloire-est-arrive\/\" \/>\n<meta property=\"og:locale\" content=\"fr_FR\" \/>\n<meta property=\"og:type\" content=\"article\" \/>\n<meta property=\"og:title\" content=\"Wilfried Pene, le jour de gloire est arriv&eacute;\" \/>\n<meta property=\"og:description\" content=\"Seul repr&eacute;sentant fran&ccedil;ais issu du parcours universitaire pour la Draft NFL, Wilfried Pene passera son Pro Day ce mercredi &agrave; Virginia Tech.\" \/>\n<meta property=\"og:url\" content=\"https:\/\/theplayoffs.news\/fr\/draft\/wilfried-pene-le-jour-de-gloire-est-arrive\/\" \/>\n<meta property=\"og:site_name\" content=\"The Playoffs FR\" \/>\n<meta property=\"article:publisher\" content=\"https:\/\/www.facebook.com\/TheFreeAgentFR\/\" \/>\n<meta property=\"article:modified_time\" content=\"2025-03-25T13:06:44+01:00\" \/>\n<meta property=\"og:image\" content=\"https:\/\/theplayoffs.news\/fr\/wp-content\/uploads\/2025\/03\/USATSI_17072578.jpg\" \/>\n\t<meta property=\"og:image:width\" content=\"1920\" \/>\n\t<meta property=\"og:image:height\" content=\"1290\" \/>\n\t<meta property=\"og:image:type\" content=\"image\/jpeg\" \/>\n<meta name=\"author\" content=\"Jean Fabre-Jevanoff\" \/>\n<meta name=\"twitter:card\" content=\"summary_large_image\" \/>\n<meta name=\"twitter:creator\" content=\"@the_jfj_42\" \/>\n<meta name=\"twitter:site\" content=\"@TheFreeAgentFR\" \/>\n<meta name=\"twitter:label1\" content=\"\u00c9crit par\" \/>\n\t<meta name=\"twitter:data1\" content=\"Jean Fabre-Jevanoff\" \/>\n\t<meta name=\"twitter:label2\" content=\"Dur\u00e9e de lecture estim\u00e9e\" \/>\n\t<meta name=\"twitter:data2\" content=\"2 minutes\" \/>\n<script type=\"application\/ld+json\" class=\"yoast-schema-graph\">{\"@context\":\"https:\/\/schema.org\",\"@graph\":[{\"@type\":\"WebPage\",\"@id\":\"https:\/\/theplayoffs.news\/fr\/draft\/wilfried-pene-le-jour-de-gloire-est-arrive\/\",\"url\":\"https:\/\/theplayoffs.news\/fr\/draft\/wilfried-pene-le-jour-de-gloire-est-arrive\/\",\"name\":\"Wilfried Pene, le jour de gloire est arriv\u00e9\",\"isPartOf\":{\"@id\":\"https:\/\/theplayoffs.news\/fr\/#website\"},\"primaryImageOfPage\":{\"@id\":\"https:\/\/theplayoffs.news\/fr\/draft\/wilfried-pene-le-jour-de-gloire-est-arrive\/#primaryimage\"},\"image\":{\"@id\":\"https:\/\/theplayoffs.news\/fr\/draft\/wilfried-pene-le-jour-de-gloire-est-arrive\/#primaryimage\"},\"thumbnailUrl\":\"https:\/\/theplayoffs.news\/fr\/wp-content\/uploads\/2025\/03\/USATSI_17072578.jpg\",\"datePublished\":\"2025-03-25T12:05:16+00:00\",\"dateModified\":\"2025-03-25T12:06:44+00:00\",\"author\":{\"@id\":\"https:\/\/theplayoffs.news\/fr\/#\/schema\/person\/1ea25b88e79fe4fabd657430b0013d3d\"},\"description\":\"Seul repr\u00e9sentant fran\u00e7ais issu du parcours universitaire pour la Draft NFL, Wilfried Pene passera son Pro Day ce mercredi \u00e0 Virginia Tech.\",\"breadcrumb\":{\"@id\":\"https:\/\/theplayoffs.news\/fr\/draft\/wilfried-pene-le-jour-de-gloire-est-arrive\/#breadcrumb\"},\"inLanguage\":\"fr-FR\",\"potentialAction\":[{\"@type\":\"ReadAction\",\"target\":[\"https:\/\/theplayoffs.news\/fr\/draft\/wilfried-pene-le-jour-de-gloire-est-arrive\/\"]}]},{\"@type\":\"ImageObject\",\"inLanguage\":\"fr-FR\",\"@id\":\"https:\/\/theplayoffs.news\/fr\/draft\/wilfried-pene-le-jour-de-gloire-est-arrive\/#primaryimage\",\"url\":\"https:\/\/theplayoffs.news\/fr\/wp-content\/uploads\/2025\/03\/USATSI_17072578.jpg\",\"contentUrl\":\"https:\/\/theplayoffs.news\/fr\/wp-content\/uploads\/2025\/03\/USATSI_17072578.jpg\",\"width\":1920,\"height\":1290,\"caption\":\"Oct 16, 2021; Blacksburg, Virginia, USA; Virginia Tech Hokies tight end Wilfried Pene (91) walks on the field before the game against the Pittsburgh Panthers at Lane Stadium. Mandatory Credit: Reinhold Matay-USA TODAY Sports\"},{\"@type\":\"BreadcrumbList\",\"@id\":\"https:\/\/theplayoffs.news\/fr\/draft\/wilfried-pene-le-jour-de-gloire-est-arrive\/#breadcrumb\",\"itemListElement\":[{\"@type\":\"ListItem\",\"position\":1,\"name\":\"Accueil\",\"item\":\"https:\/\/theplayoffs.news\/fr\/\"},{\"@type\":\"ListItem\",\"position\":2,\"name\":\"Wilfried Pene, le jour de gloire est arriv\u00e9\"}]},{\"@type\":\"WebSite\",\"@id\":\"https:\/\/theplayoffs.news\/fr\/#website\",\"url\":\"https:\/\/theplayoffs.news\/fr\/\",\"name\":\"The Playoffs FR\",\"description\":\"NBA-NFL-NHL-MLB\",\"potentialAction\":[{\"@type\":\"SearchAction\",\"target\":{\"@type\":\"EntryPoint\",\"urlTemplate\":\"https:\/\/theplayoffs.news\/fr\/?s={search_term_string}\"},\"query-input\":{\"@type\":\"PropertyValueSpecification\",\"valueRequired\":true,\"valueName\":\"search_term_string\"}}],\"inLanguage\":\"fr-FR\"},{\"@type\":\"Person\",\"@id\":\"https:\/\/theplayoffs.news\/fr\/#\/schema\/person\/1ea25b88e79fe4fabd657430b0013d3d\",\"name\":\"Jean Fabre-Jevanoff\",\"image\":{\"@type\":\"ImageObject\",\"inLanguage\":\"fr-FR\",\"@id\":\"https:\/\/theplayoffs.news\/fr\/#\/schema\/person\/image\/\",\"url\":\"https:\/\/secure.gravatar.com\/avatar\/18b28dab1159eebc6a17b9787eb8cbbe3242c3d0e8b53b89332f6dc1133aa361?s=96&d=mm&r=g\",\"contentUrl\":\"https:\/\/secure.gravatar.com\/avatar\/18b28dab1159eebc6a17b9787eb8cbbe3242c3d0e8b53b89332f6dc1133aa361?s=96&d=mm&r=g\",\"caption\":\"Jean Fabre-Jevanoff\"},\"description\":\"Journaliste polyvalent sur le football am\u00e9ricain, j\u2019\u00e9cris aussi des articles sur le basket. Commentateur sur Twitch et sur YouTube. Pass\u00e9 par Eurosport notamment. Un mix d\u2019Eminem et de OBJ, fan inconditionnel de Patrick Mahomes et Lebron James\",\"sameAs\":[\"https:\/\/www.instagram.com\/_juaniitooo_\",\"https:\/\/www.linkedin.com\/in\/jean-fabre-jevanoff-84bb9b1a9\/\",\"https:\/\/x.com\/the_jfj_42\"],\"url\":\"https:\/\/theplayoffs.news\/fr\/author\/jeanfj42gmail-com\/\"}]}<\/script>\n<!-- \/ Yoast SEO plugin. -->","yoast_head_json":{"title":"Wilfried Pene, le jour de gloire est arriv&eacute;","description":"Seul repr&eacute;sentant fran&ccedil;ais issu du parcours universitaire pour la Draft NFL, Wilfried Pene passera son Pro Day ce mercredi &agrave; Virginia Tech.","robots":{"index":"index","follow":"follow","max-snippet":"max-snippet:-1","max-image-preview":"max-image-preview:large","max-video-preview":"max-video-preview:-1"},"canonical":"https:\/\/theplayoffs.news\/fr\/draft\/wilfried-pene-le-jour-de-gloire-est-arrive\/","og_locale":"fr_FR","og_type":"article","og_title":"Wilfried Pene, le jour de gloire est arriv&eacute;","og_description":"Seul repr&eacute;sentant fran&ccedil;ais issu du parcours universitaire pour la Draft NFL, Wilfried Pene passera son Pro Day ce mercredi &agrave; Virginia Tech.","og_url":"https:\/\/theplayoffs.news\/fr\/draft\/wilfried-pene-le-jour-de-gloire-est-arrive\/","og_site_name":"The Playoffs FR","article_publisher":"https:\/\/www.facebook.com\/TheFreeAgentFR\/","article_modified_time":"2025-03-25T12:06:44+00:00","og_image":[{"width":1920,"height":1290,"url":"https:\/\/theplayoffs.news\/fr\/wp-content\/uploads\/2025\/03\/USATSI_17072578.jpg","type":"image\/jpeg"}],"author":"Jean Fabre-Jevanoff","twitter_card":"summary_large_image","twitter_creator":"@the_jfj_42","twitter_site":"@TheFreeAgentFR","twitter_misc":{"\u00c9crit par":"Jean Fabre-Jevanoff","Dur\u00e9e de lecture estim\u00e9e":"2 minutes"},"schema":{"@context":"https:\/\/schema.org","@graph":[{"@type":"WebPage","@id":"https:\/\/theplayoffs.news\/fr\/draft\/wilfried-pene-le-jour-de-gloire-est-arrive\/","url":"https:\/\/theplayoffs.news\/fr\/draft\/wilfried-pene-le-jour-de-gloire-est-arrive\/","name":"Wilfried Pene, le jour de gloire est arriv\u00e9","isPartOf":{"@id":"https:\/\/theplayoffs.news\/fr\/#website"},"primaryImageOfPage":{"@id":"https:\/\/theplayoffs.news\/fr\/draft\/wilfried-pene-le-jour-de-gloire-est-arrive\/#primaryimage"},"image":{"@id":"https:\/\/theplayoffs.news\/fr\/draft\/wilfried-pene-le-jour-de-gloire-est-arrive\/#primaryimage"},"thumbnailUrl":"https:\/\/theplayoffs.news\/fr\/wp-content\/uploads\/2025\/03\/USATSI_17072578.jpg","datePublished":"2025-03-25T12:05:16+00:00","dateModified":"2025-03-25T12:06:44+00:00","author":{"@id":"https:\/\/theplayoffs.news\/fr\/#\/schema\/person\/1ea25b88e79fe4fabd657430b0013d3d"},"description":"Seul repr\u00e9sentant fran\u00e7ais issu du parcours universitaire pour la Draft NFL, Wilfried Pene passera son Pro Day ce mercredi \u00e0 Virginia Tech.","breadcrumb":{"@id":"https:\/\/theplayoffs.news\/fr\/draft\/wilfried-pene-le-jour-de-gloire-est-arrive\/#breadcrumb"},"inLanguage":"fr-FR","potentialAction":[{"@type":"ReadAction","target":["https:\/\/theplayoffs.news\/fr\/draft\/wilfried-pene-le-jour-de-gloire-est-arrive\/"]}]},{"@type":"ImageObject","inLanguage":"fr-FR","@id":"https:\/\/theplayoffs.news\/fr\/draft\/wilfried-pene-le-jour-de-gloire-est-arrive\/#primaryimage","url":"https:\/\/theplayoffs.news\/fr\/wp-content\/uploads\/2025\/03\/USATSI_17072578.jpg","contentUrl":"https:\/\/theplayoffs.news\/fr\/wp-content\/uploads\/2025\/03\/USATSI_17072578.jpg","width":1920,"height":1290,"caption":"Oct 16, 2021; Blacksburg, Virginia, USA; Virginia Tech Hokies tight end Wilfried Pene (91) walks on the field before the game against the Pittsburgh Panthers at Lane Stadium. Mandatory Credit: Reinhold Matay-USA TODAY Sports"},{"@type":"BreadcrumbList","@id":"https:\/\/theplayoffs.news\/fr\/draft\/wilfried-pene-le-jour-de-gloire-est-arrive\/#breadcrumb","itemListElement":[{"@type":"ListItem","position":1,"name":"Accueil","item":"https:\/\/theplayoffs.news\/fr\/"},{"@type":"ListItem","position":2,"name":"Wilfried Pene, le jour de gloire est arriv\u00e9"}]},{"@type":"WebSite","@id":"https:\/\/theplayoffs.news\/fr\/#website","url":"https:\/\/theplayoffs.news\/fr\/","name":"The Playoffs FR","description":"NBA-NFL-NHL-MLB","potentialAction":[{"@type":"SearchAction","target":{"@type":"EntryPoint","urlTemplate":"https:\/\/theplayoffs.news\/fr\/?s={search_term_string}"},"query-input":{"@type":"PropertyValueSpecification","valueRequired":true,"valueName":"search_term_string"}}],"inLanguage":"fr-FR"},{"@type":"Person","@id":"https:\/\/theplayoffs.news\/fr\/#\/schema\/person\/1ea25b88e79fe4fabd657430b0013d3d","name":"Jean Fabre-Jevanoff","image":{"@type":"ImageObject","inLanguage":"fr-FR","@id":"https:\/\/theplayoffs.news\/fr\/#\/schema\/person\/image\/","url":"https:\/\/secure.gravatar.com\/avatar\/18b28dab1159eebc6a17b9787eb8cbbe3242c3d0e8b53b89332f6dc1133aa361?s=96&d=mm&r=g","contentUrl":"https:\/\/secure.gravatar.com\/avatar\/18b28dab1159eebc6a17b9787eb8cbbe3242c3d0e8b53b89332f6dc1133aa361?s=96&d=mm&r=g","caption":"Jean Fabre-Jevanoff"},"description":"Journaliste polyvalent sur le football am\u00e9ricain, j\u2019\u00e9cris aussi des articles sur le basket. Commentateur sur Twitch et sur YouTube. Pass\u00e9 par Eurosport notamment. Un mix d\u2019Eminem et de OBJ, fan inconditionnel de Patrick Mahomes et Lebron James","sameAs":["https:\/\/www.instagram.com\/_juaniitooo_","https:\/\/www.linkedin.com\/in\/jean-fabre-jevanoff-84bb9b1a9\/","https:\/\/x.com\/the_jfj_42"],"url":"https:\/\/theplayoffs.news\/fr\/author\/jeanfj42gmail-com\/"}]}},"_links":{"self":[{"href":"https:\/\/theplayoffs.news\/fr\/wp-json\/wp\/v2\/posts\/1486297","targetHints":{"allow":["GET"]}}],"collection":[{"href":"https:\/\/theplayoffs.news\/fr\/wp-json\/wp\/v2\/posts"}],"about":[{"href":"https:\/\/theplayoffs.news\/fr\/wp-json\/wp\/v2\/types\/post"}],"author":[{"embeddable":true,"href":"https:\/\/theplayoffs.news\/fr\/wp-json\/wp\/v2\/users\/180310250"}],"replies":[{"embeddable":true,"href":"https:\/\/theplayoffs.news\/fr\/wp-json\/wp\/v2\/comments?post=1486297"}],"version-history":[{"count":3,"href":"https:\/\/theplayoffs.news\/fr\/wp-json\/wp\/v2\/posts\/1486297\/revisions"}],"predecessor-version":[{"id":1486301,"href":"https:\/\/theplayoffs.news\/fr\/wp-json\/wp\/v2\/posts\/1486297\/revisions\/1486301"}],"wp:featuredmedia":[{"embeddable":true,"href":"https:\/\/theplayoffs.news\/fr\/wp-json\/wp\/v2\/media\/1486302"}],"wp:attachment":[{"href":"https:\/\/theplayoffs.news\/fr\/wp-json\/wp\/v2\/media?parent=1486297"}],"wp:term":[{"taxonomy":"category","embeddable":true,"href":"https:\/\/theplayoffs.news\/fr\/wp-json\/wp\/v2\/categories?post=1486297"},{"taxonomy":"post_tag","embeddable":true,"href":"https:\/\/theplayoffs.news\/fr\/wp-json\/wp\/v2\/tags?post=1486297"},{"taxonomy":"sport","embeddable":true,"href":"https:\/\/theplayoffs.news\/fr\/wp-json\/wp\/v2\/sport?post=1486297"},{"taxonomy":"saison","embeddable":true,"href":"https:\/\/theplayoffs.news\/fr\/wp-json\/wp\/v2\/saison?post=1486297"}],"curies":[{"name":"wp","href":"https:\/\/api.w.org\/{rel}","templated":true}]}}