{"id":1486193,"date":"2025-03-24T19:10:48","date_gmt":"2025-03-24T18:10:48","guid":{"rendered":"https:\/\/theplayoffs.news\/fr\/uncategorized\/\/"},"modified":"2025-03-24T19:10:54","modified_gmt":"2025-03-24T18:10:54","slug":"anthony-davis-enfin-de-retour-en-nba","status":"publish","type":"post","link":"https:\/\/theplayoffs.news\/fr\/actualite-nba\/anthony-davis-enfin-de-retour-en-nba\/","title":{"rendered":"Anthony Davis enfin de retour en NBA ?"},"content":{"rendered":"<p>La saison est longue pour les Dallas Mavericks. Apr&egrave;s avoir &eacute;chang&eacute; leur superstar Luka Doncic dans un transfert retentissant, les choses ont rapidement tourn&eacute; au vinaigre pour eux. Ils ont acquis l&rsquo;ancienne star des Los Angeles Lakers, Anthony Davis, dans l&rsquo;espoir d&rsquo;encha&icirc;ner les victoires. <\/p><p>Malheureusement, Davis s&rsquo;est bless&eacute; lors de son premier match sous le maillot des Mavs, le 8 f&eacute;vrier, et est depuis rest&eacute; &eacute;loign&eacute; des terrains. Mais bonne nouvelle pour les Texans : une mise &agrave; jour positive concernant l&rsquo;&eacute;tat de sant&eacute; d&rsquo;Anthony Davis a &eacute;t&eacute; communiqu&eacute;e.<\/p><h2 class=\"wp-block-heading\">Anthony Davis jouera-t-il ce soir ?<\/h2><p>L&rsquo;insider NBA Marc Stein avait initialement rapport&eacute; qu&rsquo;Anthony Davis &eacute;tait dans la derni&egrave;re phase de sa r&eacute;&eacute;ducation et qu&rsquo;il pourrait faire son retour lors du prochain road trip de l&rsquo;&eacute;quipe, qui comprend quatre matchs &agrave; l&rsquo;ext&eacute;rieur. <\/p><p>Cependant, il vient de rectifier cette information en pr&eacute;cisant que Davis pourrait finalement revenir d&egrave;s ce lundi contre les Nets. Le rapport officiel des blessures de la <a href=\"https:\/\/theplayoffs.news\/fr\/category\/nba\/\" target=\"_blank\" rel=\"noreferrer noopener\" class=\"trk-cta-link\" data-cta-trk='{\"ctaType\":\"Link\",\"ctaSubType\":\"main\"}'>NBA<\/a> a d&rsquo;ailleurs modifi&eacute; le statut de l&rsquo;ailier fort, passant de<a href=\"https:\/\/official.nba.com\/nba-injury-report-2024-25-season\/\" target=\"_blank\" rel=\"noreferrer noopener\" class=\"trk-cta-link\" data-cta-trk='{\"ctaType\":\"Link\",\"ctaSubType\":\"main\"}'> &laquo;&nbsp;douteux&nbsp;&raquo; &agrave; &laquo;&nbsp;questionnable&nbsp;&raquo;<\/a>.<\/p><figure class=\"wp-block-embed is-type-rich is-provider-twitter wp-block-embed-twitter\"><div class=\"wp-block-embed__wrapper\">\n<blockquote class=\"twitter-tweet\" data-width=\"500\" data-dnt=\"true\"><p lang=\"en\" dir=\"ltr\">Anthony Davis has missed the past 18 games with a left adductor strain and was initially targeting Tuesday at Madison Square Garden for his return, but the comeback game could be moved up to tonight at Brooklyn with Dallas now moving Davis' status from doubtful to questionable. <a href=\"https:\/\/t.co\/k2GThMPcNA\" class=\"trk-cta-link\" data-cta-trk='{\"ctaType\":\"Link\",\"ctaSubType\":\"main\"}'>https:\/\/t.co\/k2GThMPcNA<\/a><\/p>&mdash; Marc Stein (@TheSteinLine) <a href=\"https:\/\/twitter.com\/TheSteinLine\/status\/1904196465951375690?ref_src=twsrc%5Etfw\" class=\"trk-cta-link\" data-cta-trk='{\"ctaType\":\"Link\",\"ctaSubType\":\"main\"}'>March 24, 2025<\/a><\/blockquote><script async src=\"https:\/\/platform.twitter.com\/widgets.js\" charset=\"utf-8\"><\/script>\n<\/div><\/figure><ul class=\"wp-block-list\">\n<li><strong>Lire aussi :<\/strong><\/li>\n<\/ul><p><a href=\"https:\/\/theplayoffs.news\/fr\/actualite-nba\/dyson-daniels-a-la-table-de-chris-paul\/\" target=\"_blank\" rel=\"noreferrer noopener\" class=\"trk-cta-link\" data-cta-trk='{\"ctaType\":\"Link\",\"ctaSubType\":\"main\"}'>Dyson Daniels &agrave; la table de Chris Paul<\/a><\/p><p><a href=\"https:\/\/theplayoffs.news\/fr\/actualite-nba\/tyronn-lue-clippers-on-a-jamais-aussi-bien-defendu-quen-ce-moment\/\" target=\"_blank\" rel=\"noreferrer noopener\" class=\"trk-cta-link\" data-cta-trk='{\"ctaType\":\"Link\",\"ctaSubType\":\"main\"}'>Tyronn Lue (Clippers) : &laquo;&nbsp;On a jamais aussi bien d&eacute;fendu qu&rsquo;en ce moment&nbsp;&raquo;<\/a><\/p><p>Outre Davis, Brandon Williams est annonc&eacute; incertain contre les Nets en raison de douleurs lombaires. En revanche, Dante Exum, Daniel Gafford, Kyrie Irving, Dereck Lively II, Caleb Martin et Olivier-Maxence Prosper ont &eacute;t&eacute; d&eacute;clar&eacute;s forfaits pour la rencontre.<\/p><p>Cr&eacute;dit photo : Jerome Miron-Imagn Images<\/p>\n","protected":false},"excerpt":{"rendered":"<p>Bless\u00e9 depuis f\u00e9vrier, Anthony Davis est sur la voie d&rsquo;un retour et pourrait m\u00eame r\u00e9appara\u00eetre sur les parquets ce lundi face \u00e0 Brooklyn.<\/p>\n","protected":false},"author":180310250,"featured_media":1486194,"comment_status":"closed","ping_status":"closed","sticky":false,"template":"","format":"standard","meta":{"inline_featured_image":false,"kia_subtitle":"Bless\u00e9 depuis f\u00e9vrier, Anthony Davis est sur la voie d'un retour et pourrait m\u00eame r\u00e9appara\u00eetre sur les parquets ce lundi face \u00e0 Brooklyn.","_mux_skip_reasons":[],"proofreadBy":0,"footnotes":""},"categories":[110,10],"tags":[763,595,117,23],"sport":[2783],"saison":[7475],"class_list":["post-1486193","post","type-post","status-publish","format-standard","has-post-thumbnail","hentry","category-actualite-nba","category-nba","tag-anthony-davis","tag-dallas-mavericks","tag-los-angeles-lakers","tag-nba-tag","sport-nba","saison-7475"],"acf":[],"yoast_head":"<!-- This site is optimized with the Yoast SEO plugin v24.2 - https:\/\/yoast.com\/wordpress\/plugins\/seo\/ -->\n<title>Anthony Davis enfin de retour en NBA ?<\/title>\n<meta name=\"description\" content=\"Bless&eacute; depuis f&eacute;vrier, Anthony Davis est sur la voie d&#039;un retour et pourrait m&ecirc;me r&eacute;appara&icirc;tre sur les parquets ce lundi face &agrave; Brooklyn.\" \/>\n<meta name=\"robots\" content=\"index, follow, max-snippet:-1, max-image-preview:large, max-video-preview:-1\" \/>\n<link rel=\"canonical\" href=\"https:\/\/theplayoffs.news\/fr\/actualite-nba\/anthony-davis-enfin-de-retour-en-nba\/\" \/>\n<meta property=\"og:locale\" content=\"fr_FR\" \/>\n<meta property=\"og:type\" content=\"article\" \/>\n<meta property=\"og:title\" content=\"Anthony Davis enfin de retour en NBA ?\" \/>\n<meta property=\"og:description\" content=\"Bless&eacute; depuis f&eacute;vrier, Anthony Davis est sur la voie d&#039;un retour et pourrait m&ecirc;me r&eacute;appara&icirc;tre sur les parquets ce lundi face &agrave; Brooklyn.\" \/>\n<meta property=\"og:url\" content=\"https:\/\/theplayoffs.news\/fr\/actualite-nba\/anthony-davis-enfin-de-retour-en-nba\/\" \/>\n<meta property=\"og:site_name\" content=\"The Playoffs FR\" \/>\n<meta property=\"article:publisher\" content=\"https:\/\/www.facebook.com\/TheFreeAgentFR\/\" \/>\n<meta property=\"article:modified_time\" content=\"2025-03-24T19:10:54+01:00\" \/>\n<meta property=\"og:image\" content=\"https:\/\/theplayoffs.news\/fr\/wp-content\/uploads\/2025\/03\/USATSI_25733692.jpg\" \/>\n\t<meta property=\"og:image:width\" content=\"1920\" \/>\n\t<meta property=\"og:image:height\" content=\"1280\" \/>\n\t<meta property=\"og:image:type\" content=\"image\/jpeg\" \/>\n<meta name=\"author\" content=\"Jean Fabre-Jevanoff\" \/>\n<meta name=\"twitter:card\" content=\"summary_large_image\" \/>\n<meta name=\"twitter:creator\" content=\"@the_jfj_42\" \/>\n<meta name=\"twitter:site\" content=\"@TheFreeAgentFR\" \/>\n<meta name=\"twitter:label1\" content=\"\u00c9crit par\" \/>\n\t<meta name=\"twitter:data1\" content=\"Jean Fabre-Jevanoff\" \/>\n\t<meta name=\"twitter:label2\" content=\"Dur\u00e9e de lecture estim\u00e9e\" \/>\n\t<meta name=\"twitter:data2\" content=\"2 minutes\" \/>\n<script type=\"application\/ld+json\" class=\"yoast-schema-graph\">{\"@context\":\"https:\/\/schema.org\",\"@graph\":[{\"@type\":\"WebPage\",\"@id\":\"https:\/\/theplayoffs.news\/fr\/actualite-nba\/anthony-davis-enfin-de-retour-en-nba\/\",\"url\":\"https:\/\/theplayoffs.news\/fr\/actualite-nba\/anthony-davis-enfin-de-retour-en-nba\/\",\"name\":\"Anthony Davis enfin de retour en NBA ?\",\"isPartOf\":{\"@id\":\"https:\/\/theplayoffs.news\/fr\/#website\"},\"primaryImageOfPage\":{\"@id\":\"https:\/\/theplayoffs.news\/fr\/actualite-nba\/anthony-davis-enfin-de-retour-en-nba\/#primaryimage\"},\"image\":{\"@id\":\"https:\/\/theplayoffs.news\/fr\/actualite-nba\/anthony-davis-enfin-de-retour-en-nba\/#primaryimage\"},\"thumbnailUrl\":\"https:\/\/theplayoffs.news\/fr\/wp-content\/uploads\/2025\/03\/USATSI_25733692.jpg\",\"datePublished\":\"2025-03-24T18:10:48+00:00\",\"dateModified\":\"2025-03-24T18:10:54+00:00\",\"author\":{\"@id\":\"https:\/\/theplayoffs.news\/fr\/#\/schema\/person\/1ea25b88e79fe4fabd657430b0013d3d\"},\"description\":\"Bless\u00e9 depuis f\u00e9vrier, Anthony Davis est sur la voie d\\\\'un retour et pourrait m\u00eame r\u00e9appara\u00eetre sur les parquets ce lundi face \u00e0 Brooklyn.\",\"breadcrumb\":{\"@id\":\"https:\/\/theplayoffs.news\/fr\/actualite-nba\/anthony-davis-enfin-de-retour-en-nba\/#breadcrumb\"},\"inLanguage\":\"fr-FR\",\"potentialAction\":[{\"@type\":\"ReadAction\",\"target\":[\"https:\/\/theplayoffs.news\/fr\/actualite-nba\/anthony-davis-enfin-de-retour-en-nba\/\"]}]},{\"@type\":\"ImageObject\",\"inLanguage\":\"fr-FR\",\"@id\":\"https:\/\/theplayoffs.news\/fr\/actualite-nba\/anthony-davis-enfin-de-retour-en-nba\/#primaryimage\",\"url\":\"https:\/\/theplayoffs.news\/fr\/wp-content\/uploads\/2025\/03\/USATSI_25733692.jpg\",\"contentUrl\":\"https:\/\/theplayoffs.news\/fr\/wp-content\/uploads\/2025\/03\/USATSI_25733692.jpg\",\"width\":1920,\"height\":1280,\"caption\":\"Mar 21, 2025; Dallas, Texas, USA; Dallas Mavericks forward Anthony Davis (3) watches team warm ups before the game between the Dallas Mavericks and the Detroit Pistons at the American Airlines Center. Mandatory Credit: Jerome Miron-Imagn Images\"},{\"@type\":\"BreadcrumbList\",\"@id\":\"https:\/\/theplayoffs.news\/fr\/actualite-nba\/anthony-davis-enfin-de-retour-en-nba\/#breadcrumb\",\"itemListElement\":[{\"@type\":\"ListItem\",\"position\":1,\"name\":\"Accueil\",\"item\":\"https:\/\/theplayoffs.news\/fr\/\"},{\"@type\":\"ListItem\",\"position\":2,\"name\":\"Anthony Davis enfin de retour en NBA ?\"}]},{\"@type\":\"WebSite\",\"@id\":\"https:\/\/theplayoffs.news\/fr\/#website\",\"url\":\"https:\/\/theplayoffs.news\/fr\/\",\"name\":\"The Playoffs FR\",\"description\":\"NBA-NFL-NHL-MLB\",\"potentialAction\":[{\"@type\":\"SearchAction\",\"target\":{\"@type\":\"EntryPoint\",\"urlTemplate\":\"https:\/\/theplayoffs.news\/fr\/?s={search_term_string}\"},\"query-input\":{\"@type\":\"PropertyValueSpecification\",\"valueRequired\":true,\"valueName\":\"search_term_string\"}}],\"inLanguage\":\"fr-FR\"},{\"@type\":\"Person\",\"@id\":\"https:\/\/theplayoffs.news\/fr\/#\/schema\/person\/1ea25b88e79fe4fabd657430b0013d3d\",\"name\":\"Jean Fabre-Jevanoff\",\"image\":{\"@type\":\"ImageObject\",\"inLanguage\":\"fr-FR\",\"@id\":\"https:\/\/theplayoffs.news\/fr\/#\/schema\/person\/image\/\",\"url\":\"https:\/\/secure.gravatar.com\/avatar\/18b28dab1159eebc6a17b9787eb8cbbe3242c3d0e8b53b89332f6dc1133aa361?s=96&d=mm&r=g\",\"contentUrl\":\"https:\/\/secure.gravatar.com\/avatar\/18b28dab1159eebc6a17b9787eb8cbbe3242c3d0e8b53b89332f6dc1133aa361?s=96&d=mm&r=g\",\"caption\":\"Jean Fabre-Jevanoff\"},\"description\":\"Journaliste polyvalent sur le football am\u00e9ricain, j\u2019\u00e9cris aussi des articles sur le basket. Commentateur sur Twitch et sur YouTube. Pass\u00e9 par Eurosport notamment. Un mix d\u2019Eminem et de OBJ, fan inconditionnel de Patrick Mahomes et Lebron James\",\"sameAs\":[\"https:\/\/www.instagram.com\/_juaniitooo_\",\"https:\/\/www.linkedin.com\/in\/jean-fabre-jevanoff-84bb9b1a9\/\",\"https:\/\/x.com\/the_jfj_42\"],\"url\":\"https:\/\/theplayoffs.news\/fr\/author\/jeanfj42gmail-com\/\"}]}<\/script>\n<!-- \/ Yoast SEO plugin. -->","yoast_head_json":{"title":"Anthony Davis enfin de retour en NBA ?","description":"Bless&eacute; depuis f&eacute;vrier, Anthony Davis est sur la voie d&#039;un retour et pourrait m&ecirc;me r&eacute;appara&icirc;tre sur les parquets ce lundi face &agrave; Brooklyn.","robots":{"index":"index","follow":"follow","max-snippet":"max-snippet:-1","max-image-preview":"max-image-preview:large","max-video-preview":"max-video-preview:-1"},"canonical":"https:\/\/theplayoffs.news\/fr\/actualite-nba\/anthony-davis-enfin-de-retour-en-nba\/","og_locale":"fr_FR","og_type":"article","og_title":"Anthony Davis enfin de retour en NBA ?","og_description":"Bless&eacute; depuis f&eacute;vrier, Anthony Davis est sur la voie d&#039;un retour et pourrait m&ecirc;me r&eacute;appara&icirc;tre sur les parquets ce lundi face &agrave; Brooklyn.","og_url":"https:\/\/theplayoffs.news\/fr\/actualite-nba\/anthony-davis-enfin-de-retour-en-nba\/","og_site_name":"The Playoffs FR","article_publisher":"https:\/\/www.facebook.com\/TheFreeAgentFR\/","article_modified_time":"2025-03-24T18:10:54+00:00","og_image":[{"width":1920,"height":1280,"url":"https:\/\/theplayoffs.news\/fr\/wp-content\/uploads\/2025\/03\/USATSI_25733692.jpg","type":"image\/jpeg"}],"author":"Jean Fabre-Jevanoff","twitter_card":"summary_large_image","twitter_creator":"@the_jfj_42","twitter_site":"@TheFreeAgentFR","twitter_misc":{"\u00c9crit par":"Jean Fabre-Jevanoff","Dur\u00e9e de lecture estim\u00e9e":"2 minutes"},"schema":{"@context":"https:\/\/schema.org","@graph":[{"@type":"WebPage","@id":"https:\/\/theplayoffs.news\/fr\/actualite-nba\/anthony-davis-enfin-de-retour-en-nba\/","url":"https:\/\/theplayoffs.news\/fr\/actualite-nba\/anthony-davis-enfin-de-retour-en-nba\/","name":"Anthony Davis enfin de retour en NBA ?","isPartOf":{"@id":"https:\/\/theplayoffs.news\/fr\/#website"},"primaryImageOfPage":{"@id":"https:\/\/theplayoffs.news\/fr\/actualite-nba\/anthony-davis-enfin-de-retour-en-nba\/#primaryimage"},"image":{"@id":"https:\/\/theplayoffs.news\/fr\/actualite-nba\/anthony-davis-enfin-de-retour-en-nba\/#primaryimage"},"thumbnailUrl":"https:\/\/theplayoffs.news\/fr\/wp-content\/uploads\/2025\/03\/USATSI_25733692.jpg","datePublished":"2025-03-24T18:10:48+00:00","dateModified":"2025-03-24T18:10:54+00:00","author":{"@id":"https:\/\/theplayoffs.news\/fr\/#\/schema\/person\/1ea25b88e79fe4fabd657430b0013d3d"},"description":"Bless\u00e9 depuis f\u00e9vrier, Anthony Davis est sur la voie d\\'un retour et pourrait m\u00eame r\u00e9appara\u00eetre sur les parquets ce lundi face \u00e0 Brooklyn.","breadcrumb":{"@id":"https:\/\/theplayoffs.news\/fr\/actualite-nba\/anthony-davis-enfin-de-retour-en-nba\/#breadcrumb"},"inLanguage":"fr-FR","potentialAction":[{"@type":"ReadAction","target":["https:\/\/theplayoffs.news\/fr\/actualite-nba\/anthony-davis-enfin-de-retour-en-nba\/"]}]},{"@type":"ImageObject","inLanguage":"fr-FR","@id":"https:\/\/theplayoffs.news\/fr\/actualite-nba\/anthony-davis-enfin-de-retour-en-nba\/#primaryimage","url":"https:\/\/theplayoffs.news\/fr\/wp-content\/uploads\/2025\/03\/USATSI_25733692.jpg","contentUrl":"https:\/\/theplayoffs.news\/fr\/wp-content\/uploads\/2025\/03\/USATSI_25733692.jpg","width":1920,"height":1280,"caption":"Mar 21, 2025; Dallas, Texas, USA; Dallas Mavericks forward Anthony Davis (3) watches team warm ups before the game between the Dallas Mavericks and the Detroit Pistons at the American Airlines Center. Mandatory Credit: Jerome Miron-Imagn Images"},{"@type":"BreadcrumbList","@id":"https:\/\/theplayoffs.news\/fr\/actualite-nba\/anthony-davis-enfin-de-retour-en-nba\/#breadcrumb","itemListElement":[{"@type":"ListItem","position":1,"name":"Accueil","item":"https:\/\/theplayoffs.news\/fr\/"},{"@type":"ListItem","position":2,"name":"Anthony Davis enfin de retour en NBA ?"}]},{"@type":"WebSite","@id":"https:\/\/theplayoffs.news\/fr\/#website","url":"https:\/\/theplayoffs.news\/fr\/","name":"The Playoffs FR","description":"NBA-NFL-NHL-MLB","potentialAction":[{"@type":"SearchAction","target":{"@type":"EntryPoint","urlTemplate":"https:\/\/theplayoffs.news\/fr\/?s={search_term_string}"},"query-input":{"@type":"PropertyValueSpecification","valueRequired":true,"valueName":"search_term_string"}}],"inLanguage":"fr-FR"},{"@type":"Person","@id":"https:\/\/theplayoffs.news\/fr\/#\/schema\/person\/1ea25b88e79fe4fabd657430b0013d3d","name":"Jean Fabre-Jevanoff","image":{"@type":"ImageObject","inLanguage":"fr-FR","@id":"https:\/\/theplayoffs.news\/fr\/#\/schema\/person\/image\/","url":"https:\/\/secure.gravatar.com\/avatar\/18b28dab1159eebc6a17b9787eb8cbbe3242c3d0e8b53b89332f6dc1133aa361?s=96&d=mm&r=g","contentUrl":"https:\/\/secure.gravatar.com\/avatar\/18b28dab1159eebc6a17b9787eb8cbbe3242c3d0e8b53b89332f6dc1133aa361?s=96&d=mm&r=g","caption":"Jean Fabre-Jevanoff"},"description":"Journaliste polyvalent sur le football am\u00e9ricain, j\u2019\u00e9cris aussi des articles sur le basket. Commentateur sur Twitch et sur YouTube. Pass\u00e9 par Eurosport notamment. Un mix d\u2019Eminem et de OBJ, fan inconditionnel de Patrick Mahomes et Lebron James","sameAs":["https:\/\/www.instagram.com\/_juaniitooo_","https:\/\/www.linkedin.com\/in\/jean-fabre-jevanoff-84bb9b1a9\/","https:\/\/x.com\/the_jfj_42"],"url":"https:\/\/theplayoffs.news\/fr\/author\/jeanfj42gmail-com\/"}]}},"_links":{"self":[{"href":"https:\/\/theplayoffs.news\/fr\/wp-json\/wp\/v2\/posts\/1486193","targetHints":{"allow":["GET"]}}],"collection":[{"href":"https:\/\/theplayoffs.news\/fr\/wp-json\/wp\/v2\/posts"}],"about":[{"href":"https:\/\/theplayoffs.news\/fr\/wp-json\/wp\/v2\/types\/post"}],"author":[{"embeddable":true,"href":"https:\/\/theplayoffs.news\/fr\/wp-json\/wp\/v2\/users\/180310250"}],"replies":[{"embeddable":true,"href":"https:\/\/theplayoffs.news\/fr\/wp-json\/wp\/v2\/comments?post=1486193"}],"version-history":[{"count":1,"href":"https:\/\/theplayoffs.news\/fr\/wp-json\/wp\/v2\/posts\/1486193\/revisions"}],"predecessor-version":[{"id":1486196,"href":"https:\/\/theplayoffs.news\/fr\/wp-json\/wp\/v2\/posts\/1486193\/revisions\/1486196"}],"wp:featuredmedia":[{"embeddable":true,"href":"https:\/\/theplayoffs.news\/fr\/wp-json\/wp\/v2\/media\/1486194"}],"wp:attachment":[{"href":"https:\/\/theplayoffs.news\/fr\/wp-json\/wp\/v2\/media?parent=1486193"}],"wp:term":[{"taxonomy":"category","embeddable":true,"href":"https:\/\/theplayoffs.news\/fr\/wp-json\/wp\/v2\/categories?post=1486193"},{"taxonomy":"post_tag","embeddable":true,"href":"https:\/\/theplayoffs.news\/fr\/wp-json\/wp\/v2\/tags?post=1486193"},{"taxonomy":"sport","embeddable":true,"href":"https:\/\/theplayoffs.news\/fr\/wp-json\/wp\/v2\/sport?post=1486193"},{"taxonomy":"saison","embeddable":true,"href":"https:\/\/theplayoffs.news\/fr\/wp-json\/wp\/v2\/saison?post=1486193"}],"curies":[{"name":"wp","href":"https:\/\/api.w.org\/{rel}","templated":true}]}}