{"id":1486063,"date":"2025-03-24T07:27:00","date_gmt":"2025-03-24T06:27:00","guid":{"rendered":"https:\/\/theplayoffs.news\/fr\/uncategorized\/\/"},"modified":"2025-03-24T07:29:07","modified_gmt":"2025-03-24T06:29:07","slug":"victor-wembanyama-pourrait-rentrer-dans-lhistoire-de-la-nba-malgre-une-saison-presque-a-moitie-manquee","status":"publish","type":"post","link":"https:\/\/theplayoffs.news\/fr\/actualite-nba\/victor-wembanyama-pourrait-rentrer-dans-lhistoire-de-la-nba-malgre-une-saison-presque-a-moitie-manquee\/","title":{"rendered":"Victor Wembanyama pourrait rentrer dans l\u2019histoire de la NBA malgr\u00e9 une saison presque \u00e0 moiti\u00e9 manqu\u00e9e !"},"content":{"rendered":"<p>Lorsque les San Antonio Spurs ont s&eacute;lectionn&eacute; Wembanyama en premi&egrave;re position de la Draft NBA, les attentes &eacute;taient immenses. <\/p><p>Consid&eacute;r&eacute; comme le prospect le plus talentueux et le plus m&eacute;diatis&eacute; depuis LeBron James, il a rapidement montr&eacute;, d&egrave;s ses premiers matchs en NBA, toute l&rsquo;&eacute;tendue de son talent. Gr&acirc;ce &agrave; sa d&eacute;fense, son tir ext&eacute;rieur, sa ma&icirc;trise du ballon et son QI basket, il est vite apparu comme un joueur g&eacute;n&eacute;rationnel. <\/p><p>Les Spurs semblaient avoir mis la main sur une nouvelle superstar, quelques ann&eacute;es seulement apr&egrave;s la retraite de la l&eacute;gende Tim Duncan.<\/p><h2 class=\"wp-block-heading\"><strong>Comment Wemby se d&eacute;brouillait-il lors de sa deuxi&egrave;me saison ?<\/strong><\/h2><p>Lors de la saison 2024-25, Wemby &eacute;tait en bonne voie pour remporter son premier titre de <strong>D&eacute;fenseur de l&rsquo;ann&eacute;e (DPOY)<\/strong>, avec des moyennes impressionnantes de <strong>3,8 contres et 1,1 interception par match<\/strong>. Beaucoup pensent qu&rsquo;il s&rsquo;est fait &laquo; voler &raquo; le troph&eacute;e l&rsquo;an dernier, la NBA l&rsquo;ayant attribu&eacute; &agrave; Rudy Gobert. Au vu de son impact d&eacute;fensif, Wembanyama pourrait bien remporter 4 ou 5 titres de DPOY &ndash; voire plus &ndash; au cours de sa carri&egrave;re.<\/p><p>Il a &eacute;galement progress&eacute; au tir cette saison, passant de 46,5 % de r&eacute;ussite en tant que rookie &agrave; <strong>47,6 %<\/strong>, et ses points par match ont bondi de <strong>21,4 &agrave; 24,3 points<\/strong>, ce qui lui a valu une <strong>premi&egrave;re s&eacute;lection au All-Star Game<\/strong>. Cependant, peu apr&egrave;s sa participation au match des &eacute;toiles, on a appris que <a href=\"https:\/\/theplayoffs.news\/fr\/actualite-nba\/victor-wembanyama-forfait-pour-le-reste-de-la-saison\/\" target=\"_blank\" rel=\"noreferrer noopener\" class=\"trk-cta-link\" data-cta-trk='{\"ctaType\":\"Link\",\"ctaSubType\":\"main\"}'>Wemby ne jouerait plus de la saison<\/a>, en raison d&rsquo;un <strong>caillot sanguin d&eacute;tect&eacute; dans l&rsquo;&eacute;paule droite<\/strong>.<\/p><h2 class=\"wp-block-heading\"><strong>Les Spurs tournent la page&hellip; mais Wemby reste dominant<\/strong><\/h2><p>Pourtant, m&ecirc;me s&rsquo;il n&rsquo;a pas jou&eacute; depuis le All-Star Break, <strong>Wembanyama continue de dominer sur le papier<\/strong>. Voici pourquoi.<\/p><h3 class=\"wp-block-heading\"><strong>Wemby domine toujours les statistiques majeures des Spurs&hellip; malgr&eacute; son absence<\/strong><\/h3><p>Victor Wembanyama n&rsquo;a pas jou&eacute; depuis plusieurs semaines, mais il <strong>reste le leader des Spurs dans trois cat&eacute;gories majeures : les points, les rebonds et les contres<\/strong>, avec <strong>plus de 150 unit&eacute;s d&rsquo;avance dans chaque domaine<\/strong>. &Ecirc;tre leader d&rsquo;une seule cat&eacute;gorie est d&eacute;j&agrave; un exploit ; &ecirc;tre en t&ecirc;te dans trois est exceptionnel.<\/p><p>Wemby affiche une moyenne de <strong>24,3 points, 3,8 contres et 11,0 rebonds par match<\/strong>, en seulement <strong>46 rencontres disput&eacute;es<\/strong> cette saison. Sa simple pr&eacute;sence sur le terrain rend les Spurs bien meilleurs des deux c&ocirc;t&eacute;s du jeu. <\/p><p>Il est en passe de devenir <strong>le <a href=\"https:\/\/x.com\/NBAcrazystats\/status\/1903193641146826768?ref_src=twsrc%5Etfw%7Ctwcamp%5Etweetembed%7Ctwterm%5E1903193641146826768%7Ctwgr%5E654dc34c7d91a38ad71bd80c0c3e75fd8df974dc%7Ctwcon%5Es1_c10&amp;ref_url=https%3A%2F%2Ftheplayoffs.news%2Fen%2Fvictor-wembanyama-eyes-nba-history-even-after-missing-nearly-half-the-season%2F\" target=\"_blank\" rel=\"noreferrer noopener nofollow\" class=\"trk-cta-link\" data-cta-trk='{\"ctaType\":\"Link\",\"ctaSubType\":\"main\"}'>premier joueur de l&rsquo;histoire de la NBA<\/a> &agrave; mener son &eacute;quipe dans trois statistiques majeures tout en ayant manqu&eacute; plus de 40 % des matchs<\/strong>.<\/p><figure class=\"wp-block-embed is-type-rich is-provider-twitter wp-block-embed-twitter\"><div class=\"wp-block-embed__wrapper\">\n<blockquote class=\"twitter-tweet\" data-width=\"500\" data-dnt=\"true\"><p lang=\"en\" dir=\"ltr\">Despite being out since the All-Star break, Victor Wembanyama still leads the Spurs in total points, rebounds, and blocks (by 150+ each). <a href=\"https:\/\/t.co\/tjwifrLheN\" class=\"trk-cta-link\" data-cta-trk='{\"ctaType\":\"Link\",\"ctaSubType\":\"main\"}'>pic.twitter.com\/tjwifrLheN<\/a><\/p>&mdash; Crazy Stats (@NBAcrazystats) <a href=\"https:\/\/twitter.com\/NBAcrazystats\/status\/1903193641146826768?ref_src=twsrc%5Etfw\" class=\"trk-cta-link\" data-cta-trk='{\"ctaType\":\"Link\",\"ctaSubType\":\"main\"}'>March 21, 2025<\/a><\/blockquote><script async src=\"https:\/\/platform.twitter.com\/widgets.js\" charset=\"utf-8\"><\/script>\n<\/div><\/figure><p><strong>&Agrave; lire aussi : Cette statistique d&eacute;fensive folle de Victor Wembanyama montre &agrave; quel point il est unique<\/strong><\/p><p>Pour l&rsquo;instant, <strong>aucune mise &agrave; jour m&eacute;dicale<\/strong> n&rsquo;a &eacute;t&eacute; communiqu&eacute;e, et il est probable qu&rsquo;on ne le revoie pas avant la saison prochaine. Mais sur les 46 matchs qu&rsquo;il a jou&eacute;s, on a eu un aper&ccedil;u <strong>concret de son potentiel et de l&rsquo;avenir prometteur qui l&rsquo;attend<\/strong>.<\/p><p><\/p><p><em>Credit Photo: Ed Szczepanski-Imagn Images<\/em><\/p>\n","protected":false},"excerpt":{"rendered":"<p>Victor Wembanyama n\u2019a pas disput\u00e9 un seul match depuis le All-Star Break et a \u00e9t\u00e9 officiellement \u00e9cart\u00e9 pour le reste de la saison.<\/p>\n","protected":false},"author":180309799,"featured_media":1486064,"comment_status":"closed","ping_status":"closed","sticky":false,"template":"","format":"standard","meta":{"inline_featured_image":false,"kia_subtitle":"Victor Wembanyama n\u2019a pas disput\u00e9 un seul match depuis le All-Star Break et a \u00e9t\u00e9 officiellement \u00e9cart\u00e9 pour le reste de la saison.","_mux_skip_reasons":[],"proofreadBy":0,"footnotes":""},"categories":[110,10],"tags":[836,1194],"sport":[],"saison":[],"class_list":["post-1486063","post","type-post","status-publish","format-standard","has-post-thumbnail","hentry","category-actualite-nba","category-nba","tag-spurs","tag-victor-wembanyama"],"acf":[],"yoast_head":"<!-- This site is optimized with the Yoast SEO plugin v24.2 - https:\/\/yoast.com\/wordpress\/plugins\/seo\/ -->\n<title>Victor Wembanyama pourrait rentrer dans l&rsquo;histoire de la NBA malgr&eacute; une saison presque &agrave; moiti&eacute; manqu&eacute;e ! - The Playoffs FR<\/title>\n<meta name=\"robots\" content=\"index, follow, max-snippet:-1, max-image-preview:large, max-video-preview:-1\" \/>\n<link rel=\"canonical\" href=\"https:\/\/theplayoffs.news\/fr\/actualite-nba\/victor-wembanyama-pourrait-rentrer-dans-lhistoire-de-la-nba-malgre-une-saison-presque-a-moitie-manquee\/\" \/>\n<meta property=\"og:locale\" content=\"fr_FR\" \/>\n<meta property=\"og:type\" content=\"article\" \/>\n<meta property=\"og:title\" content=\"Victor Wembanyama pourrait rentrer dans l&rsquo;histoire de la NBA malgr&eacute; une saison presque &agrave; moiti&eacute; manqu&eacute;e ! - The Playoffs FR\" \/>\n<meta property=\"og:description\" content=\"Victor Wembanyama n&rsquo;a pas disput&eacute; un seul match depuis le All-Star Break et a &eacute;t&eacute; officiellement &eacute;cart&eacute; pour le reste de la saison.\" \/>\n<meta property=\"og:url\" content=\"https:\/\/theplayoffs.news\/fr\/actualite-nba\/victor-wembanyama-pourrait-rentrer-dans-lhistoire-de-la-nba-malgre-une-saison-presque-a-moitie-manquee\/\" \/>\n<meta property=\"og:site_name\" content=\"The Playoffs FR\" \/>\n<meta property=\"article:publisher\" content=\"https:\/\/www.facebook.com\/TheFreeAgentFR\/\" \/>\n<meta property=\"article:modified_time\" content=\"2025-03-24T07:29:07+01:00\" \/>\n<meta property=\"og:image\" content=\"https:\/\/theplayoffs.news\/fr\/wp-content\/uploads\/2025\/03\/USATSI_25612217.jpg\" \/>\n\t<meta property=\"og:image:width\" content=\"1920\" \/>\n\t<meta property=\"og:image:height\" content=\"1281\" \/>\n\t<meta property=\"og:image:type\" content=\"image\/jpeg\" \/>\n<meta name=\"author\" content=\"La r\u00e9daction\" \/>\n<meta name=\"twitter:card\" content=\"summary_large_image\" \/>\n<meta name=\"twitter:creator\" content=\"@TheFreeAgentFR\" \/>\n<meta name=\"twitter:site\" content=\"@TheFreeAgentFR\" \/>\n<meta name=\"twitter:label1\" content=\"\u00c9crit par\" \/>\n\t<meta name=\"twitter:data1\" content=\"La r\u00e9daction\" \/>\n\t<meta name=\"twitter:label2\" content=\"Dur\u00e9e de lecture estim\u00e9e\" \/>\n\t<meta name=\"twitter:data2\" content=\"3 minutes\" \/>\n<script type=\"application\/ld+json\" class=\"yoast-schema-graph\">{\"@context\":\"https:\/\/schema.org\",\"@graph\":[{\"@type\":\"WebPage\",\"@id\":\"https:\/\/theplayoffs.news\/fr\/actualite-nba\/victor-wembanyama-pourrait-rentrer-dans-lhistoire-de-la-nba-malgre-une-saison-presque-a-moitie-manquee\/\",\"url\":\"https:\/\/theplayoffs.news\/fr\/actualite-nba\/victor-wembanyama-pourrait-rentrer-dans-lhistoire-de-la-nba-malgre-une-saison-presque-a-moitie-manquee\/\",\"name\":\"Victor Wembanyama pourrait rentrer dans l\u2019histoire de la NBA malgr\u00e9 une saison presque \u00e0 moiti\u00e9 manqu\u00e9e ! - The Playoffs FR\",\"isPartOf\":{\"@id\":\"https:\/\/theplayoffs.news\/fr\/#website\"},\"primaryImageOfPage\":{\"@id\":\"https:\/\/theplayoffs.news\/fr\/actualite-nba\/victor-wembanyama-pourrait-rentrer-dans-lhistoire-de-la-nba-malgre-une-saison-presque-a-moitie-manquee\/#primaryimage\"},\"image\":{\"@id\":\"https:\/\/theplayoffs.news\/fr\/actualite-nba\/victor-wembanyama-pourrait-rentrer-dans-lhistoire-de-la-nba-malgre-une-saison-presque-a-moitie-manquee\/#primaryimage\"},\"thumbnailUrl\":\"https:\/\/theplayoffs.news\/fr\/wp-content\/uploads\/2025\/03\/USATSI_25612217.jpg\",\"datePublished\":\"2025-03-24T06:27:00+00:00\",\"dateModified\":\"2025-03-24T06:29:07+00:00\",\"author\":{\"@id\":\"https:\/\/theplayoffs.news\/fr\/#\/schema\/person\/bb40426f4e478f9bd8cdbfeb4f2f9784\"},\"breadcrumb\":{\"@id\":\"https:\/\/theplayoffs.news\/fr\/actualite-nba\/victor-wembanyama-pourrait-rentrer-dans-lhistoire-de-la-nba-malgre-une-saison-presque-a-moitie-manquee\/#breadcrumb\"},\"inLanguage\":\"fr-FR\",\"potentialAction\":[{\"@type\":\"ReadAction\",\"target\":[\"https:\/\/theplayoffs.news\/fr\/actualite-nba\/victor-wembanyama-pourrait-rentrer-dans-lhistoire-de-la-nba-malgre-une-saison-presque-a-moitie-manquee\/\"]}]},{\"@type\":\"ImageObject\",\"inLanguage\":\"fr-FR\",\"@id\":\"https:\/\/theplayoffs.news\/fr\/actualite-nba\/victor-wembanyama-pourrait-rentrer-dans-lhistoire-de-la-nba-malgre-une-saison-presque-a-moitie-manquee\/#primaryimage\",\"url\":\"https:\/\/theplayoffs.news\/fr\/wp-content\/uploads\/2025\/03\/USATSI_25612217.jpg\",\"contentUrl\":\"https:\/\/theplayoffs.news\/fr\/wp-content\/uploads\/2025\/03\/USATSI_25612217.jpg\",\"width\":1920,\"height\":1281,\"caption\":\"Mar 7, 2025; Sacramento, California, USA; San Antonio Spurs center Victor Wembanyama (1) looks on from the bench during the fourth quarter of the game against the Sacramento Kings at Golden 1 Center. Mandatory Credit: Ed Szczepanski-Imagn Images\"},{\"@type\":\"BreadcrumbList\",\"@id\":\"https:\/\/theplayoffs.news\/fr\/actualite-nba\/victor-wembanyama-pourrait-rentrer-dans-lhistoire-de-la-nba-malgre-une-saison-presque-a-moitie-manquee\/#breadcrumb\",\"itemListElement\":[{\"@type\":\"ListItem\",\"position\":1,\"name\":\"Accueil\",\"item\":\"https:\/\/theplayoffs.news\/fr\/\"},{\"@type\":\"ListItem\",\"position\":2,\"name\":\"Victor Wembanyama pourrait rentrer dans l\u2019histoire de la NBA malgr\u00e9 une saison presque \u00e0 moiti\u00e9 manqu\u00e9e !\"}]},{\"@type\":\"WebSite\",\"@id\":\"https:\/\/theplayoffs.news\/fr\/#website\",\"url\":\"https:\/\/theplayoffs.news\/fr\/\",\"name\":\"The Playoffs FR\",\"description\":\"NBA-NFL-NHL-MLB\",\"potentialAction\":[{\"@type\":\"SearchAction\",\"target\":{\"@type\":\"EntryPoint\",\"urlTemplate\":\"https:\/\/theplayoffs.news\/fr\/?s={search_term_string}\"},\"query-input\":{\"@type\":\"PropertyValueSpecification\",\"valueRequired\":true,\"valueName\":\"search_term_string\"}}],\"inLanguage\":\"fr-FR\"},{\"@type\":\"Person\",\"@id\":\"https:\/\/theplayoffs.news\/fr\/#\/schema\/person\/bb40426f4e478f9bd8cdbfeb4f2f9784\",\"name\":\"La r\u00e9daction\",\"image\":{\"@type\":\"ImageObject\",\"inLanguage\":\"fr-FR\",\"@id\":\"https:\/\/theplayoffs.news\/fr\/#\/schema\/person\/image\/\",\"url\":\"https:\/\/secure.gravatar.com\/avatar\/7e69b41460ab2c17d61c8c364b6a0ee006f957a70191383ef42be1f4733d6515?s=96&d=mm&r=g\",\"contentUrl\":\"https:\/\/secure.gravatar.com\/avatar\/7e69b41460ab2c17d61c8c364b6a0ee006f957a70191383ef42be1f4733d6515?s=96&d=mm&r=g\",\"caption\":\"La r\u00e9daction\"},\"description\":\"On dit qu\\\\'il faut un village pour s\\\\'occuper d\\\\'un enfant. Et bien c\\\\'est exactement ce dont il s\\\\'agit ici pour The Playoffs. La r\u00e9daction, ce sont vos r\u00e9dacteurs pr\u00e9f\u00e9r\u00e9s qui collaborent sur ces articles que vous lisez au quotidien.\u00a0\",\"url\":\"https:\/\/theplayoffs.news\/fr\/author\/freeagentfr\/\"}]}<\/script>\n<!-- \/ Yoast SEO plugin. -->","yoast_head_json":{"title":"Victor Wembanyama pourrait rentrer dans l&rsquo;histoire de la NBA malgr&eacute; une saison presque &agrave; moiti&eacute; manqu&eacute;e ! - The Playoffs FR","robots":{"index":"index","follow":"follow","max-snippet":"max-snippet:-1","max-image-preview":"max-image-preview:large","max-video-preview":"max-video-preview:-1"},"canonical":"https:\/\/theplayoffs.news\/fr\/actualite-nba\/victor-wembanyama-pourrait-rentrer-dans-lhistoire-de-la-nba-malgre-une-saison-presque-a-moitie-manquee\/","og_locale":"fr_FR","og_type":"article","og_title":"Victor Wembanyama pourrait rentrer dans l&rsquo;histoire de la NBA malgr&eacute; une saison presque &agrave; moiti&eacute; manqu&eacute;e ! - The Playoffs FR","og_description":"Victor Wembanyama n&rsquo;a pas disput&eacute; un seul match depuis le All-Star Break et a &eacute;t&eacute; officiellement &eacute;cart&eacute; pour le reste de la saison.","og_url":"https:\/\/theplayoffs.news\/fr\/actualite-nba\/victor-wembanyama-pourrait-rentrer-dans-lhistoire-de-la-nba-malgre-une-saison-presque-a-moitie-manquee\/","og_site_name":"The Playoffs FR","article_publisher":"https:\/\/www.facebook.com\/TheFreeAgentFR\/","article_modified_time":"2025-03-24T06:29:07+00:00","og_image":[{"width":1920,"height":1281,"url":"https:\/\/theplayoffs.news\/fr\/wp-content\/uploads\/2025\/03\/USATSI_25612217.jpg","type":"image\/jpeg"}],"author":"La r\u00e9daction","twitter_card":"summary_large_image","twitter_creator":"@TheFreeAgentFR","twitter_site":"@TheFreeAgentFR","twitter_misc":{"\u00c9crit par":"La r\u00e9daction","Dur\u00e9e de lecture estim\u00e9e":"3 minutes"},"schema":{"@context":"https:\/\/schema.org","@graph":[{"@type":"WebPage","@id":"https:\/\/theplayoffs.news\/fr\/actualite-nba\/victor-wembanyama-pourrait-rentrer-dans-lhistoire-de-la-nba-malgre-une-saison-presque-a-moitie-manquee\/","url":"https:\/\/theplayoffs.news\/fr\/actualite-nba\/victor-wembanyama-pourrait-rentrer-dans-lhistoire-de-la-nba-malgre-une-saison-presque-a-moitie-manquee\/","name":"Victor Wembanyama pourrait rentrer dans l\u2019histoire de la NBA malgr\u00e9 une saison presque \u00e0 moiti\u00e9 manqu\u00e9e ! - The Playoffs FR","isPartOf":{"@id":"https:\/\/theplayoffs.news\/fr\/#website"},"primaryImageOfPage":{"@id":"https:\/\/theplayoffs.news\/fr\/actualite-nba\/victor-wembanyama-pourrait-rentrer-dans-lhistoire-de-la-nba-malgre-une-saison-presque-a-moitie-manquee\/#primaryimage"},"image":{"@id":"https:\/\/theplayoffs.news\/fr\/actualite-nba\/victor-wembanyama-pourrait-rentrer-dans-lhistoire-de-la-nba-malgre-une-saison-presque-a-moitie-manquee\/#primaryimage"},"thumbnailUrl":"https:\/\/theplayoffs.news\/fr\/wp-content\/uploads\/2025\/03\/USATSI_25612217.jpg","datePublished":"2025-03-24T06:27:00+00:00","dateModified":"2025-03-24T06:29:07+00:00","author":{"@id":"https:\/\/theplayoffs.news\/fr\/#\/schema\/person\/bb40426f4e478f9bd8cdbfeb4f2f9784"},"breadcrumb":{"@id":"https:\/\/theplayoffs.news\/fr\/actualite-nba\/victor-wembanyama-pourrait-rentrer-dans-lhistoire-de-la-nba-malgre-une-saison-presque-a-moitie-manquee\/#breadcrumb"},"inLanguage":"fr-FR","potentialAction":[{"@type":"ReadAction","target":["https:\/\/theplayoffs.news\/fr\/actualite-nba\/victor-wembanyama-pourrait-rentrer-dans-lhistoire-de-la-nba-malgre-une-saison-presque-a-moitie-manquee\/"]}]},{"@type":"ImageObject","inLanguage":"fr-FR","@id":"https:\/\/theplayoffs.news\/fr\/actualite-nba\/victor-wembanyama-pourrait-rentrer-dans-lhistoire-de-la-nba-malgre-une-saison-presque-a-moitie-manquee\/#primaryimage","url":"https:\/\/theplayoffs.news\/fr\/wp-content\/uploads\/2025\/03\/USATSI_25612217.jpg","contentUrl":"https:\/\/theplayoffs.news\/fr\/wp-content\/uploads\/2025\/03\/USATSI_25612217.jpg","width":1920,"height":1281,"caption":"Mar 7, 2025; Sacramento, California, USA; San Antonio Spurs center Victor Wembanyama (1) looks on from the bench during the fourth quarter of the game against the Sacramento Kings at Golden 1 Center. Mandatory Credit: Ed Szczepanski-Imagn Images"},{"@type":"BreadcrumbList","@id":"https:\/\/theplayoffs.news\/fr\/actualite-nba\/victor-wembanyama-pourrait-rentrer-dans-lhistoire-de-la-nba-malgre-une-saison-presque-a-moitie-manquee\/#breadcrumb","itemListElement":[{"@type":"ListItem","position":1,"name":"Accueil","item":"https:\/\/theplayoffs.news\/fr\/"},{"@type":"ListItem","position":2,"name":"Victor Wembanyama pourrait rentrer dans l\u2019histoire de la NBA malgr\u00e9 une saison presque \u00e0 moiti\u00e9 manqu\u00e9e !"}]},{"@type":"WebSite","@id":"https:\/\/theplayoffs.news\/fr\/#website","url":"https:\/\/theplayoffs.news\/fr\/","name":"The Playoffs FR","description":"NBA-NFL-NHL-MLB","potentialAction":[{"@type":"SearchAction","target":{"@type":"EntryPoint","urlTemplate":"https:\/\/theplayoffs.news\/fr\/?s={search_term_string}"},"query-input":{"@type":"PropertyValueSpecification","valueRequired":true,"valueName":"search_term_string"}}],"inLanguage":"fr-FR"},{"@type":"Person","@id":"https:\/\/theplayoffs.news\/fr\/#\/schema\/person\/bb40426f4e478f9bd8cdbfeb4f2f9784","name":"La r\u00e9daction","image":{"@type":"ImageObject","inLanguage":"fr-FR","@id":"https:\/\/theplayoffs.news\/fr\/#\/schema\/person\/image\/","url":"https:\/\/secure.gravatar.com\/avatar\/7e69b41460ab2c17d61c8c364b6a0ee006f957a70191383ef42be1f4733d6515?s=96&d=mm&r=g","contentUrl":"https:\/\/secure.gravatar.com\/avatar\/7e69b41460ab2c17d61c8c364b6a0ee006f957a70191383ef42be1f4733d6515?s=96&d=mm&r=g","caption":"La r\u00e9daction"},"description":"On dit qu\\'il faut un village pour s\\'occuper d\\'un enfant. Et bien c\\'est exactement ce dont il s\\'agit ici pour The Playoffs. La r\u00e9daction, ce sont vos r\u00e9dacteurs pr\u00e9f\u00e9r\u00e9s qui collaborent sur ces articles que vous lisez au quotidien.\u00a0","url":"https:\/\/theplayoffs.news\/fr\/author\/freeagentfr\/"}]}},"_links":{"self":[{"href":"https:\/\/theplayoffs.news\/fr\/wp-json\/wp\/v2\/posts\/1486063","targetHints":{"allow":["GET"]}}],"collection":[{"href":"https:\/\/theplayoffs.news\/fr\/wp-json\/wp\/v2\/posts"}],"about":[{"href":"https:\/\/theplayoffs.news\/fr\/wp-json\/wp\/v2\/types\/post"}],"author":[{"embeddable":true,"href":"https:\/\/theplayoffs.news\/fr\/wp-json\/wp\/v2\/users\/180309799"}],"replies":[{"embeddable":true,"href":"https:\/\/theplayoffs.news\/fr\/wp-json\/wp\/v2\/comments?post=1486063"}],"version-history":[{"count":1,"href":"https:\/\/theplayoffs.news\/fr\/wp-json\/wp\/v2\/posts\/1486063\/revisions"}],"predecessor-version":[{"id":1486065,"href":"https:\/\/theplayoffs.news\/fr\/wp-json\/wp\/v2\/posts\/1486063\/revisions\/1486065"}],"wp:featuredmedia":[{"embeddable":true,"href":"https:\/\/theplayoffs.news\/fr\/wp-json\/wp\/v2\/media\/1486064"}],"wp:attachment":[{"href":"https:\/\/theplayoffs.news\/fr\/wp-json\/wp\/v2\/media?parent=1486063"}],"wp:term":[{"taxonomy":"category","embeddable":true,"href":"https:\/\/theplayoffs.news\/fr\/wp-json\/wp\/v2\/categories?post=1486063"},{"taxonomy":"post_tag","embeddable":true,"href":"https:\/\/theplayoffs.news\/fr\/wp-json\/wp\/v2\/tags?post=1486063"},{"taxonomy":"sport","embeddable":true,"href":"https:\/\/theplayoffs.news\/fr\/wp-json\/wp\/v2\/sport?post=1486063"},{"taxonomy":"saison","embeddable":true,"href":"https:\/\/theplayoffs.news\/fr\/wp-json\/wp\/v2\/saison?post=1486063"}],"curies":[{"name":"wp","href":"https:\/\/api.w.org\/{rel}","templated":true}]}}